{"id":197994,"date":"2017-03-22T16:43:08","date_gmt":"2017-03-22T15:43:08","guid":{"rendered":"http:\/\/www.cinevox.be\/?p=97994"},"modified":"2017-05-16T19:47:47","modified_gmt":"2017-05-16T17:47:47","slug":"belle-selection-belge-prestigieux-festival-de-documentaires-visions-reel","status":"publish","type":"post","link":"https:\/\/welovecinema.be\/fr\/belle-selection-belge-prestigieux-festival-de-documentaires-visions-reel\/","title":{"rendered":"Belle s\u00e9lection belge pour le prestigieux Festival de documentaires Visions du R\u00e9el"},"content":{"rendered":"<div class=\"box col2 main masonry-brick\">\n<div class=\"content\">\n<p><span style=\"color: #333333;\">La 48\u00e8me \u00e9dition de Visions du r\u00e9el, Festival International de Cin\u00e9ma de Nyon, aura lieu du 21 au 29 avril 2017. Il s&rsquo;agit de l&rsquo;un des plus prestigieux festivals de documentaires au monde, et une s\u00e9lection en son sein constitue une belle reconnaissance pour un film documentaire, quel que soit son format. Quatre films belges francophones (deux longs, un moyen et un court m\u00e9trages) y prendront part cette ann\u00e9e.<\/span><\/p>\n<p>&nbsp;<\/p>\n<\/div>\n<\/div>\n<p><!--more--><\/p>\n<div class=\"box col1 share masonry-brick\"><\/div>\n<hr \/>\n<p>Montr\u00e9 en premi\u00e8re mondiale, le dernier documentaire de Pierre-Yves Vandeweerd (<em>Les Tourmentes, Territoire Perdu, Le Cercle des Noy\u00e9s<\/em>), <i><b>Les Eternels<\/b><\/i>, concourra dans la tr\u00e8s s\u00e9lect\u00a0Comp\u00e9tition internationale longs m\u00e9trages.<\/p>\n<p>&nbsp;<\/p>\n<p><i>On appelle \u00e9ternels ceux qui souffrent de la m\u00e9lancolie d\u2019\u00e9ternit\u00e9. Convaincus que la mort ne peut avoir raison de leurs vies, ils se croient condamn\u00e9s \u00e0 errer dans l\u2019attente du jour o\u00f9 ils seront lib\u00e9r\u00e9s de leur existence. Dans l\u2019asile psychiatrique de Saint-Alban, en Loz\u00e8re, les patients souffrant de cette forme de m\u00e9lancolie \u00e9taient enferm\u00e9s, jusqu\u2019il y a quelques ann\u00e9es, dans un espace appel\u00e9 le carr\u00e9 des \u00e9ternels. La plupart d\u2019entre eux \u00e9taient des Arm\u00e9niens. En Arm\u00e9nie, la croyance veut qu\u2019au moment o\u00f9 J\u00e9sus portait sa croix, le portier de Pons Pilate lui aurait ordonn\u00e9 de se h\u00e2ter. Et J\u00e9sus de lui r\u00e9pondre: \u00ab Je m\u2019en vais mais toi tu attendras jusqu\u2019\u00e0 ce que je revienne \u00bb. Depuis lors, on dit que cet homme erre dans les montagnes d\u2019Arm\u00e9nie, qu\u2019il est le dernier homme.<\/i><\/p>\n<p>&nbsp;<\/p>\n<p>Le film a \u00e9t\u00e9 produit par Cobra Films et soutenu par le Centre du Cin\u00e9ma et de l\u2019Audiovisuel de la F\u00e9d\u00e9ration Wallonie Bruxelles<\/p>\n<p>&nbsp;<\/p>\n<p>&nbsp;<\/p>\n<p><iframe loading=\"lazy\" title=\"Trailer &quot;Les Eternels&quot; de Pierre-Yves Vandeweerd\" width=\"618\" height=\"348\" src=\"https:\/\/www.youtube.com\/embed\/qJU8G234hzA?feature=oembed\" frameborder=\"0\" allow=\"accelerometer; autoplay; clipboard-write; encrypted-media; gyroscope; picture-in-picture; web-share\" referrerpolicy=\"strict-origin-when-cross-origin\" allowfullscreen><\/iframe><\/p>\n<p>&nbsp;<\/p>\n<hr \/>\n<p>&nbsp;<\/p>\n<p>En Comp\u00e9tition internationale, mais moyens m\u00e9trages, on d\u00e9couvrira <b><i>Qui es-tu octobre? <\/i><\/b>r\u00e9alis\u00e9 par Julie Jaroszewski et produit par La Baleine noire asbl, en premi\u00e8re mondiale \u00e9galement.<\/p>\n<p>&nbsp;<\/p>\n<p><i>Au Burkina Faso, \u00e0 27 ans d\u2019intervalle, deux Octobre se contemplent. Le premier, en 1987, vit l\u2019assassinat du p\u00e8re de la r\u00e9volution d\u00e9mocratique et populaire, Thomas Sankara. Le second, en octobre 2014, voit le peuple destituer par la rue son successeur, Blaise Compaor\u00e9. Dans les quartiers populaires de Ouagadougou, la petite et la grande histoire se rejoignent dans la case des femmes o\u00f9 vit le jeune Mika. Trois g\u00e9n\u00e9rations tissent la fable de l\u2019endurance d\u2019un peuple sur le chemin d\u2019une qu\u00eate de justice, de v\u00e9rit\u00e9 et d\u2019int\u00e9grit\u00e9.<\/i><\/p>\n<p><iframe loading=\"lazy\" title=\"&quot;Qui-es tu octobre ?&quot; bande-annonce\" src=\"https:\/\/player.vimeo.com\/video\/210743706?dnt=1&amp;app_id=122963\" width=\"618\" height=\"348\" frameborder=\"0\" allow=\"autoplay; fullscreen; picture-in-picture; clipboard-write; encrypted-media\"><\/iframe><\/p>\n<p>&nbsp;<\/p>\n<hr \/>\n<p>Le court m\u00e9trage <b><i>Makenzy<\/i><\/b> de la jeune r\u00e9alisatrice Paloma Sermon-Da\u00ef sera quant \u00e0 lui pr\u00e9sent\u00e9 en premi\u00e8re mondiale dans la section Premiers pas.<br \/>\n<i><br \/>\nC\u2019est un d\u00e9but de vacances de printemps morose pour Makenzie, il erre sans but et observe les habitants de son village. Sa journ\u00e9e prend une tournure plus joviale lors d\u2019une promenade avec sa soeur en pleine nature. La nuit tombe en musique, les deux enfants rigolent jusqu\u2019\u00e0 l\u2019essoufflement en oubliant la r\u00e9alit\u00e9 de leur quotidien et la fin des vacances qui approche.<\/i><\/p>\n<p>&nbsp;<\/p>\n<p>Le film a \u00e9t\u00e9 produit par les Ateliers de Productions Audiovisuelles (A.P.A.C.H.) et soutenu par le Centre du Cin\u00e9ma et de l\u2019Audiovisuel de la F\u00e9d\u00e9ration Wallonie Bruxelles.<\/p>\n<p>&nbsp;<\/p>\n<p><iframe loading=\"lazy\" title=\"Trailer I Makenzy I Paloma Sermon-Da\u00ef I  2016\" src=\"https:\/\/player.vimeo.com\/video\/206540971?dnt=1&amp;app_id=122963\" width=\"618\" height=\"348\" frameborder=\"0\" allow=\"autoplay; fullscreen; picture-in-picture; clipboard-write; encrypted-media\"><\/iframe><\/p>\n<p>&nbsp;<\/p>\n<hr \/>\n<p>&nbsp;<\/p>\n<p>Enfin, le dernier film de J\u00e9r\u00f4me le Maire, <b><i>Burning out<\/i><\/b>, dans le ventre de l\u2019h\u00f4pital, continue son parcours en festival: apr\u00e8s l\u2019IDFA et le FIPA, le documentaire sera pr\u00e9sent\u00e9 dans la section Grand Angle. Vous pourrez \u00e9galement le d\u00e9couvrir la semaine prochaine au Festival Millenium \u00e0 Bruxelles.<\/p>\n<p>&nbsp;<\/p>\n<p><i>Pendant 2 ans, le r\u00e9alisateur belge J\u00e9r\u00f4me le Maire a suivi les membres de l\u2019unit\u00e9 chirurgicale dans l\u2019un des plus grands h\u00f4pitaux de Paris. Ce bloc op\u00e9ratoire ultra performant fonctionne \u00e0 la chaine: 14 salles en ligne ayant pour objectif de pratiquer chacune quotidiennement huit \u00e0 dix interventions. L\u2019organisation du travail, bien qu\u2019extr\u00eamement sophistiqu\u00e9e, est devenue pathog\u00e8ne. Le personnel m\u00e9dical et param\u00e9dical courbe l\u2019\u00e9chine. Stress chronique, burn-out, et risques psychosociaux gangr\u00e8nent l\u2019h\u00f4pital. Chirurgiens, anesth\u00e9sistes, infirmiers et aides soignants, mais aussi cadres, gestionnaires, et directeurs sont pris dans une course effr\u00e9n\u00e9e qui semble sans fin. Consciente de ce probl\u00e8me, l\u2019administration a command\u00e9 un audit sur l\u2019organisation du travail afin de tenter de d\u00e9samorcer le d\u00e9but d\u2019incendie. Burning Out est une plong\u00e9e au c\u0153ur du travail et de ses exc\u00e8s, quand il y a surchauffe et que l\u2019embrasement menace. Il veut comprendre l\u2019incendie contemporain qui affecte l\u2019h\u00f4pital, ce miroir trouble de notre soci\u00e9t\u00e9.<\/i><\/p>\n<p>&nbsp;<\/p>\n<p>Le film a \u00e9t\u00e9 produit par AT DOC et soutenu par le Centre du Cin\u00e9ma et de l\u2019Audiovisuel de la F\u00e9d\u00e9ration Wallonie Bruxelles.<\/p>\n<p>&nbsp;<\/p>\n<p><iframe loading=\"lazy\" title=\"Trailer | Burning Out | J\u00e9r\u00f4me le Maire\" width=\"618\" height=\"348\" src=\"https:\/\/www.youtube.com\/embed\/HBPoc4Aa9P8?feature=oembed\" frameborder=\"0\" allow=\"accelerometer; autoplay; clipboard-write; encrypted-media; gyroscope; picture-in-picture; web-share\" referrerpolicy=\"strict-origin-when-cross-origin\" allowfullscreen><\/iframe><\/p>\n<p>&nbsp;<\/p>\n<hr \/>\n<p>&nbsp;<\/p>\n<p>Egalement s\u00e9lectionn\u00e9 en Comp\u00e9tition Internationale, le moyen m\u00e9trage\u00a0flamand <em><a href=\"https:\/\/www.visionsdureel.ch\/film\/the-ruins-of-europe\">The Ruins of Europe<\/a><\/em> de Ira A. Goriainova, produit par Peter Kruger (le r\u00e9alisateur de N, the Madness of Reasons), mais aussi les courts m\u00e9trages flamands\u00a0<span class=\"s1\"><a href=\"https:\/\/www.visionsdureel.ch\/film\/girls-and-honey\"><i>Girls and Honey<\/i><\/a> van Pieter-Jan De Pue, mais aussi <em><a href=\"https:\/\/www.visionsdureel.ch\/film\/you-make-a-better-window-than-you-do-a-door\">You Make A Better Window Than You Do\u00a0A Door<\/a><\/em> de Farah Kassem, le long flamand <em><a href=\"https:\/\/www.visionsdureel.ch\/film\/i-know-you-are-there\">I Know You Are There<\/a><\/em> de Thom Vander Beken dans la section Regard Neuf, et enfin le court flamand <em><a href=\"https:\/\/www.visionsdureel.ch\/film\/and-i-roam-in-search-of-brothers\">And I Roam In Search<\/a><\/em> of Brothers de Hannah Bailliu dans la section Premiers Pas.\u00a0<\/span><\/p>\n<p>&nbsp;<\/p>\n<p><b>La 48\u00e8me \u00e9dition de Visions du r\u00e9el, Festival International de Cin\u00e9ma de Nyon, aura lieu du 21 au 29 avril 2017.<\/b><\/p>\n","protected":false},"excerpt":{"rendered":"<p>La 48\u00e8me \u00e9dition de Visions du r\u00e9el, Festival International de Cin\u00e9ma de Nyon, aura lieu du 21 au 29 avril 2017. Il s&rsquo;agit de l&rsquo;un des plus prestigieux festivals de documentaires au monde, et une s\u00e9lection en son sein constitue une belle reconnaissance pour un film documentaire, quel que soit son format. Quatre films belges &hellip;<\/p>\n","protected":false},"author":343,"featured_media":197996,"comment_status":"closed","ping_status":"closed","sticky":false,"template":"","format":"standard","meta":{"ngg_post_thumbnail":0,"footnotes":""},"categories":[12,7],"tags":[1932,1933],"class_list":["post-197994","post","type-post","status-publish","format-standard","has-post-thumbnail","","category-awards","category-actualites","tag-marta-bergman","tag-seule-a-mon-mariage"],"yoast_head":"<!-- This site is optimized with the Yoast SEO plugin v20.4 - https:\/\/yoast.com\/wordpress\/plugins\/seo\/ -->\n<title>Belle s\u00e9lection belge pour le prestigieux Festival de documentaires Visions du R\u00e9el - We Love Cinema<\/title>\n<meta name=\"robots\" content=\"index, follow, max-snippet:-1, max-image-preview:large, max-video-preview:-1\" \/>\n<link rel=\"canonical\" href=\"https:\/\/welovecinema.be\/fr\/belle-selection-belge-prestigieux-festival-de-documentaires-visions-reel\/\" \/>\n<meta property=\"og:locale\" content=\"fr_FR\" \/>\n<meta property=\"og:type\" content=\"article\" \/>\n<meta property=\"og:title\" content=\"Belle s\u00e9lection belge pour le prestigieux Festival de documentaires Visions du R\u00e9el - We Love Cinema\" \/>\n<meta property=\"og:description\" content=\"La 48\u00e8me \u00e9dition de Visions du r\u00e9el, Festival International de Cin\u00e9ma de Nyon, aura lieu du 21 au 29 avril 2017. Il s&rsquo;agit de l&rsquo;un des plus prestigieux festivals de documentaires au monde, et une s\u00e9lection en son sein constitue une belle reconnaissance pour un film documentaire, quel que soit son format. Quatre films belges &hellip;\" \/>\n<meta property=\"og:url\" content=\"https:\/\/welovecinema.be\/fr\/belle-selection-belge-prestigieux-festival-de-documentaires-visions-reel\/\" \/>\n<meta property=\"og:site_name\" content=\"We Love Cinema\" \/>\n<meta property=\"article:publisher\" content=\"https:\/\/www.facebook.com\/welovecinema.be\" \/>\n<meta property=\"article:published_time\" content=\"2017-03-22T15:43:08+00:00\" \/>\n<meta property=\"article:modified_time\" content=\"2017-05-16T17:47:47+00:00\" \/>\n<meta property=\"og:image\" content=\"https:\/\/welovecinema.be\/wp-content\/uploads\/sites\/2\/2017\/03\/VisionsDuReel.jpg\" \/>\n\t<meta property=\"og:image:width\" content=\"810\" \/>\n\t<meta property=\"og:image:height\" content=\"405\" \/>\n\t<meta property=\"og:image:type\" content=\"image\/jpeg\" \/>\n<meta name=\"author\" content=\"Aurore Engelen\" \/>\n<meta name=\"twitter:card\" content=\"summary_large_image\" \/>\n<meta name=\"twitter:label1\" content=\"\u00c9crit par\" \/>\n\t<meta name=\"twitter:data1\" content=\"Aurore Engelen\" \/>\n\t<meta name=\"twitter:label2\" content=\"Dur\u00e9e de lecture estim\u00e9e\" \/>\n\t<meta name=\"twitter:data2\" content=\"5 minutes\" \/>\n<script type=\"application\/ld+json\" class=\"yoast-schema-graph\">{\"@context\":\"https:\/\/schema.org\",\"@graph\":[{\"@type\":\"Article\",\"@id\":\"https:\/\/welovecinema.be\/fr\/belle-selection-belge-prestigieux-festival-de-documentaires-visions-reel\/#article\",\"isPartOf\":{\"@id\":\"https:\/\/welovecinema.be\/fr\/belle-selection-belge-prestigieux-festival-de-documentaires-visions-reel\/\"},\"author\":{\"name\":\"Aurore Engelen\",\"@id\":\"https:\/\/welovecinema.be\/nl\/#\/schema\/person\/8084b68c6b176142d073695c654dc7cf\"},\"headline\":\"Belle s\u00e9lection belge pour le prestigieux Festival de documentaires Visions du R\u00e9el\",\"datePublished\":\"2017-03-22T15:43:08+00:00\",\"dateModified\":\"2017-05-16T17:47:47+00:00\",\"mainEntityOfPage\":{\"@id\":\"https:\/\/welovecinema.be\/fr\/belle-selection-belge-prestigieux-festival-de-documentaires-visions-reel\/\"},\"wordCount\":982,\"publisher\":{\"@id\":\"https:\/\/welovecinema.be\/nl\/#organization\"},\"keywords\":[\"Marta Bergman\",\"Seule \u00e0 mon mariage\"],\"articleSection\":[\"Evenements\",\"News\"],\"inLanguage\":\"fr-FR\"},{\"@type\":\"WebPage\",\"@id\":\"https:\/\/welovecinema.be\/fr\/belle-selection-belge-prestigieux-festival-de-documentaires-visions-reel\/\",\"url\":\"https:\/\/welovecinema.be\/fr\/belle-selection-belge-prestigieux-festival-de-documentaires-visions-reel\/\",\"name\":\"Belle s\u00e9lection belge pour le prestigieux Festival de documentaires Visions du R\u00e9el - We Love Cinema\",\"isPartOf\":{\"@id\":\"https:\/\/welovecinema.be\/nl\/#website\"},\"datePublished\":\"2017-03-22T15:43:08+00:00\",\"dateModified\":\"2017-05-16T17:47:47+00:00\",\"breadcrumb\":{\"@id\":\"https:\/\/welovecinema.be\/fr\/belle-selection-belge-prestigieux-festival-de-documentaires-visions-reel\/#breadcrumb\"},\"inLanguage\":\"fr-FR\",\"potentialAction\":[{\"@type\":\"ReadAction\",\"target\":[\"https:\/\/welovecinema.be\/fr\/belle-selection-belge-prestigieux-festival-de-documentaires-visions-reel\/\"]}]},{\"@type\":\"BreadcrumbList\",\"@id\":\"https:\/\/welovecinema.be\/fr\/belle-selection-belge-prestigieux-festival-de-documentaires-visions-reel\/#breadcrumb\",\"itemListElement\":[{\"@type\":\"ListItem\",\"position\":1,\"name\":\"Accueil\",\"item\":\"https:\/\/welovecinema.be\/fr\/\"},{\"@type\":\"ListItem\",\"position\":2,\"name\":\"Belle s\u00e9lection belge pour le prestigieux Festival de documentaires Visions du R\u00e9el\"}]},{\"@type\":\"WebSite\",\"@id\":\"https:\/\/welovecinema.be\/nl\/#website\",\"url\":\"https:\/\/welovecinema.be\/nl\/\",\"name\":\"We Love Cinema\",\"description\":\"Toute l\u2019information du cin\u00e9ma en Belgique\",\"publisher\":{\"@id\":\"https:\/\/welovecinema.be\/nl\/#organization\"},\"potentialAction\":[{\"@type\":\"SearchAction\",\"target\":{\"@type\":\"EntryPoint\",\"urlTemplate\":\"https:\/\/welovecinema.be\/nl\/?s={search_term_string}\"},\"query-input\":\"required name=search_term_string\"}],\"inLanguage\":\"fr-FR\"},{\"@type\":\"Organization\",\"@id\":\"https:\/\/welovecinema.be\/nl\/#organization\",\"name\":\"We Love Cinema\",\"url\":\"https:\/\/welovecinema.be\/nl\/\",\"logo\":{\"@type\":\"ImageObject\",\"inLanguage\":\"fr-FR\",\"@id\":\"https:\/\/welovecinema.be\/nl\/#\/schema\/logo\/image\/\",\"url\":\"https:\/\/welovecinema.be\/wp-content\/uploads\/sites\/2\/2023\/03\/Logo-We-Love-Cinema305x128.jpg\",\"contentUrl\":\"https:\/\/welovecinema.be\/wp-content\/uploads\/sites\/2\/2023\/03\/Logo-We-Love-Cinema305x128.jpg\",\"width\":305,\"height\":128,\"caption\":\"We Love Cinema\"},\"image\":{\"@id\":\"https:\/\/welovecinema.be\/nl\/#\/schema\/logo\/image\/\"},\"sameAs\":[\"https:\/\/www.facebook.com\/welovecinema.be\",\"https:\/\/www.youtube.com\/channel\/UCX5LYGVhnKvYauW4Nta4HJA\",\"https:\/\/www.instagram.com\/welovecinema.be\/\"]},{\"@type\":\"Person\",\"@id\":\"https:\/\/welovecinema.be\/nl\/#\/schema\/person\/8084b68c6b176142d073695c654dc7cf\",\"name\":\"Aurore Engelen\",\"url\":\"https:\/\/welovecinema.be\/fr\/author\/aurore-engelen\/\"}]}<\/script>\n<!-- \/ Yoast SEO plugin. -->","yoast_head_json":{"title":"Belle s\u00e9lection belge pour le prestigieux Festival de documentaires Visions du R\u00e9el - We Love Cinema","robots":{"index":"index","follow":"follow","max-snippet":"max-snippet:-1","max-image-preview":"max-image-preview:large","max-video-preview":"max-video-preview:-1"},"canonical":"https:\/\/welovecinema.be\/fr\/belle-selection-belge-prestigieux-festival-de-documentaires-visions-reel\/","og_locale":"fr_FR","og_type":"article","og_title":"Belle s\u00e9lection belge pour le prestigieux Festival de documentaires Visions du R\u00e9el - We Love Cinema","og_description":"La 48\u00e8me \u00e9dition de Visions du r\u00e9el, Festival International de Cin\u00e9ma de Nyon, aura lieu du 21 au 29 avril 2017. Il s&rsquo;agit de l&rsquo;un des plus prestigieux festivals de documentaires au monde, et une s\u00e9lection en son sein constitue une belle reconnaissance pour un film documentaire, quel que soit son format. Quatre films belges &hellip;","og_url":"https:\/\/welovecinema.be\/fr\/belle-selection-belge-prestigieux-festival-de-documentaires-visions-reel\/","og_site_name":"We Love Cinema","article_publisher":"https:\/\/www.facebook.com\/welovecinema.be","article_published_time":"2017-03-22T15:43:08+00:00","article_modified_time":"2017-05-16T17:47:47+00:00","og_image":[{"width":810,"height":405,"url":"https:\/\/welovecinema.be\/wp-content\/uploads\/sites\/2\/2017\/03\/VisionsDuReel.jpg","type":"image\/jpeg"}],"author":"Aurore Engelen","twitter_card":"summary_large_image","twitter_misc":{"\u00c9crit par":"Aurore Engelen","Dur\u00e9e de lecture estim\u00e9e":"5 minutes"},"schema":{"@context":"https:\/\/schema.org","@graph":[{"@type":"Article","@id":"https:\/\/welovecinema.be\/fr\/belle-selection-belge-prestigieux-festival-de-documentaires-visions-reel\/#article","isPartOf":{"@id":"https:\/\/welovecinema.be\/fr\/belle-selection-belge-prestigieux-festival-de-documentaires-visions-reel\/"},"author":{"name":"Aurore Engelen","@id":"https:\/\/welovecinema.be\/nl\/#\/schema\/person\/8084b68c6b176142d073695c654dc7cf"},"headline":"Belle s\u00e9lection belge pour le prestigieux Festival de documentaires Visions du R\u00e9el","datePublished":"2017-03-22T15:43:08+00:00","dateModified":"2017-05-16T17:47:47+00:00","mainEntityOfPage":{"@id":"https:\/\/welovecinema.be\/fr\/belle-selection-belge-prestigieux-festival-de-documentaires-visions-reel\/"},"wordCount":982,"publisher":{"@id":"https:\/\/welovecinema.be\/nl\/#organization"},"keywords":["Marta Bergman","Seule \u00e0 mon mariage"],"articleSection":["Evenements","News"],"inLanguage":"fr-FR"},{"@type":"WebPage","@id":"https:\/\/welovecinema.be\/fr\/belle-selection-belge-prestigieux-festival-de-documentaires-visions-reel\/","url":"https:\/\/welovecinema.be\/fr\/belle-selection-belge-prestigieux-festival-de-documentaires-visions-reel\/","name":"Belle s\u00e9lection belge pour le prestigieux Festival de documentaires Visions du R\u00e9el - We Love Cinema","isPartOf":{"@id":"https:\/\/welovecinema.be\/nl\/#website"},"datePublished":"2017-03-22T15:43:08+00:00","dateModified":"2017-05-16T17:47:47+00:00","breadcrumb":{"@id":"https:\/\/welovecinema.be\/fr\/belle-selection-belge-prestigieux-festival-de-documentaires-visions-reel\/#breadcrumb"},"inLanguage":"fr-FR","potentialAction":[{"@type":"ReadAction","target":["https:\/\/welovecinema.be\/fr\/belle-selection-belge-prestigieux-festival-de-documentaires-visions-reel\/"]}]},{"@type":"BreadcrumbList","@id":"https:\/\/welovecinema.be\/fr\/belle-selection-belge-prestigieux-festival-de-documentaires-visions-reel\/#breadcrumb","itemListElement":[{"@type":"ListItem","position":1,"name":"Accueil","item":"https:\/\/welovecinema.be\/fr\/"},{"@type":"ListItem","position":2,"name":"Belle s\u00e9lection belge pour le prestigieux Festival de documentaires Visions du R\u00e9el"}]},{"@type":"WebSite","@id":"https:\/\/welovecinema.be\/nl\/#website","url":"https:\/\/welovecinema.be\/nl\/","name":"We Love Cinema","description":"Toute l\u2019information du cin\u00e9ma en Belgique","publisher":{"@id":"https:\/\/welovecinema.be\/nl\/#organization"},"potentialAction":[{"@type":"SearchAction","target":{"@type":"EntryPoint","urlTemplate":"https:\/\/welovecinema.be\/nl\/?s={search_term_string}"},"query-input":"required name=search_term_string"}],"inLanguage":"fr-FR"},{"@type":"Organization","@id":"https:\/\/welovecinema.be\/nl\/#organization","name":"We Love Cinema","url":"https:\/\/welovecinema.be\/nl\/","logo":{"@type":"ImageObject","inLanguage":"fr-FR","@id":"https:\/\/welovecinema.be\/nl\/#\/schema\/logo\/image\/","url":"https:\/\/welovecinema.be\/wp-content\/uploads\/sites\/2\/2023\/03\/Logo-We-Love-Cinema305x128.jpg","contentUrl":"https:\/\/welovecinema.be\/wp-content\/uploads\/sites\/2\/2023\/03\/Logo-We-Love-Cinema305x128.jpg","width":305,"height":128,"caption":"We Love Cinema"},"image":{"@id":"https:\/\/welovecinema.be\/nl\/#\/schema\/logo\/image\/"},"sameAs":["https:\/\/www.facebook.com\/welovecinema.be","https:\/\/www.youtube.com\/channel\/UCX5LYGVhnKvYauW4Nta4HJA","https:\/\/www.instagram.com\/welovecinema.be\/"]},{"@type":"Person","@id":"https:\/\/welovecinema.be\/nl\/#\/schema\/person\/8084b68c6b176142d073695c654dc7cf","name":"Aurore Engelen","url":"https:\/\/welovecinema.be\/fr\/author\/aurore-engelen\/"}]}},"_links":{"self":[{"href":"https:\/\/welovecinema.be\/fr\/wp-json\/wp\/v2\/posts\/197994","targetHints":{"allow":["GET"]}}],"collection":[{"href":"https:\/\/welovecinema.be\/fr\/wp-json\/wp\/v2\/posts"}],"about":[{"href":"https:\/\/welovecinema.be\/fr\/wp-json\/wp\/v2\/types\/post"}],"author":[{"embeddable":true,"href":"https:\/\/welovecinema.be\/fr\/wp-json\/wp\/v2\/users\/343"}],"replies":[{"embeddable":true,"href":"https:\/\/welovecinema.be\/fr\/wp-json\/wp\/v2\/comments?post=197994"}],"version-history":[{"count":0,"href":"https:\/\/welovecinema.be\/fr\/wp-json\/wp\/v2\/posts\/197994\/revisions"}],"wp:featuredmedia":[{"embeddable":true,"href":"https:\/\/welovecinema.be\/fr\/wp-json\/wp\/v2\/media\/197996"}],"wp:attachment":[{"href":"https:\/\/welovecinema.be\/fr\/wp-json\/wp\/v2\/media?parent=197994"}],"wp:term":[{"taxonomy":"category","embeddable":true,"href":"https:\/\/welovecinema.be\/fr\/wp-json\/wp\/v2\/categories?post=197994"},{"taxonomy":"post_tag","embeddable":true,"href":"https:\/\/welovecinema.be\/fr\/wp-json\/wp\/v2\/tags?post=197994"}],"curies":[{"name":"wp","href":"https:\/\/api.w.org\/{rel}","templated":true}]}}