{"id":197400,"date":"2017-03-07T10:38:13","date_gmt":"2017-03-07T09:38:13","guid":{"rendered":"http:\/\/www.cinevox.be\/?p=97400"},"modified":"2017-03-07T11:02:37","modified_gmt":"2017-03-07T10:02:37","slug":"noces-plebiscite-public-francais-sort-demain-belgique","status":"publish","type":"post","link":"https:\/\/welovecinema.be\/fr\/noces-plebiscite-public-francais-sort-demain-belgique\/","title":{"rendered":"\u00ab\u00a0Noces\u00a0\u00bb, pl\u00e9biscit\u00e9 par le public fran\u00e7ais, sort demain en Belgique!"},"content":{"rendered":"<p>Jeudi dernier a eu lieu \u00e0 l&rsquo;UGC De Brouck\u00e8re, dans la belle et majestueuse salle du Grand Eldorado l&rsquo;avant-premi\u00e8re de <span style=\"color: #000000;\"><strong><em>Noces<\/em><\/strong><\/span>, le nouveau film de <strong>Stephan Streker<\/strong>. Devant une salle comble, dont de nombreux lecteurs de Cinevox, le r\u00e9alisateur et ses com\u00e9diens, <strong>Lina El Arabi, S\u00e9bastien Houbani<\/strong> et <strong>Babak Karimi<\/strong> sont revenus sur leur exp\u00e9rience, \u00a0et leur joie de pr\u00e9senter ce film.<\/p>\n<p><!--more--><\/p>\n<p>&nbsp;<\/p>\n<p>&nbsp;<\/p>\n<p>&nbsp;<\/p>\n<hr \/>\n<p>&nbsp;<\/p>\n<p><em>Noces<\/em> est un drame d\u00e9vastateur, le sacrifice sur l&rsquo;autel de deux cultures apparemment irr\u00e9conciliables d&rsquo;une h\u00e9ro\u00efne flamboyante, incarn\u00e9e avec toute l&rsquo;\u00e9nergie de sa jeunesse et sa gr\u00e2ce par Lina El Arabi, jeune actrice d\u00e9butante qui devrait faire parler d&rsquo;elle, \u00e9paul\u00e9e par un casting impeccable, au premier rang desquels le bouleversant S\u00e9bastien Houbani, qui incarne son fr\u00e8re, Amir, tiraill\u00e9 entre deux loyaut\u00e9s, deux amours plus forts que lui. <em>Noces<\/em> secoue, bouleverse et interroge.<\/p>\n<p>&nbsp;<\/p>\n<p>Sorti il y a deux semaines en France, le film y a \u00e9t\u00e9 largement salu\u00e9 par la critique (voir <a href=\"http:\/\/www.cinevox.be\/noces-medias-francais\">notre article \u00e0 ce sujet<\/a>), mais aussi par le public. Non seulement celui-ci a r\u00e9pondu pr\u00e9sent dans les salles (plus de 50.000 spectateurs en 1 semaine), mais il a en plus manifest\u00e9 sa satisfaction, ce que d\u00e9montre le barom\u00e8tre\u00a0\u00ab\u00a0L&rsquo;\u00e9cho du public\u00a0\u00bb, qui<span class=\"s1\">\u00a0recueille l&rsquo;avis de plus de 1000 spectateurs \u00e0 la sortie des salles depuis 1997.\u00a0<\/span><span class=\"s1\">Les r\u00e9sultats de ces sondages, r\u00e9serv\u00e9s aux professionnels du cin\u00e9ma, consacrent le film <em>Noces<\/em><i>\u00a0<\/i>comme deuxi\u00e8me film pr\u00e9f\u00e9r\u00e9 du public fran\u00e7ais apr\u00e8s le bouleversant <em>Lion<\/em>, avec une note de satisfaction de 8,9\/10\u00a0!<\/span><\/p>\n<p>&nbsp;<\/p>\n<p>L&rsquo;accueil en Belgique s&rsquo;annonce \u00e9galement tr\u00e8s positif. La presse suit largement le film, en t\u00e9moigne la couverture du Focus Vif, qui parle d&rsquo;un \u00ab\u00a0drame abord\u00e9 avec subtilit\u00e9 et panache\u00a0\u00bb, Moustique qui salue \u00ab\u00a0Du vrai cin\u00e9ma pour un film vrai, une r\u00e9ussite\u00a0rare\u00a0\u00bb, ou encore le JT de la RTBF (\u00ab\u00a0Ce qui fait la force de <a class=\"profileLink\" href=\"https:\/\/www.facebook.com\/noceslefilm\/\" data-hovercard=\"\/ajax\/hovercard\/page.php?id=1607906952835635\" data-hovercard-prefer-more-content-show=\"1\">Noces<\/a>, c&rsquo;est qu&rsquo;aucun protagoniste n&rsquo;est jug\u00e9, chacun apporte sa part de v\u00e9rit\u00e9.\u00a0\u00bb)<\/p>\n<p>&nbsp;<\/p>\n<p><img loading=\"lazy\" decoding=\"async\" class=\" wp-image-97409 aligncenter\" src=\"http:\/\/www.cinevox.be\/wp-content\/uploads\/sites\/2\/2017\/03\/NocesFocusVif-438x600.jpg\" alt=\"\" width=\"221\" height=\"303\" \/><\/p>\n<p>&nbsp;<\/p>\n<hr \/>\n<p>&nbsp;<\/p>\n<p>Voici en attendant la sortie du film quelques photos souvenirs de l&rsquo;avant-premi\u00e8re de jeudi dernier, \u00e0 laquelle pr\u00e8s d&rsquo;une centaine d&rsquo;entre vous ont pu assister!<\/p>\n<p>&nbsp;<\/p>\n<figure id=\"attachment_97402\" aria-describedby=\"caption-attachment-97402\" style=\"width: 640px\" class=\"wp-caption alignnone\"><img loading=\"lazy\" decoding=\"async\" class=\"wp-image-97402 size-large\" src=\"http:\/\/www.cinevox.be\/wp-content\/uploads\/sites\/2\/2017\/03\/16992156_1463684440339398_740871744181036313_o-800x506.jpeg\" width=\"640\" height=\"405\" \/><figcaption id=\"caption-attachment-97402\" class=\"wp-caption-text\">Le somptueux d\u00e9cor du Grand Eldorado<\/figcaption><\/figure>\n<figure id=\"attachment_97401\" aria-describedby=\"caption-attachment-97401\" style=\"width: 640px\" class=\"wp-caption alignnone\"><img loading=\"lazy\" decoding=\"async\" class=\"wp-image-97401 size-large\" src=\"http:\/\/www.cinevox.be\/wp-content\/uploads\/sites\/2\/2017\/03\/16904643_1463687893672386_4513504522740600582_o-800x534.jpeg\" width=\"640\" height=\"427\" \/><figcaption id=\"caption-attachment-97401\" class=\"wp-caption-text\">S\u00e9bastien Houbani, jour le r\u00f4le du fr\u00e8re, Amir<\/figcaption><\/figure>\n<figure id=\"attachment_97404\" aria-describedby=\"caption-attachment-97404\" style=\"width: 640px\" class=\"wp-caption alignnone\"><img loading=\"lazy\" decoding=\"async\" class=\"wp-image-97404 size-large\" src=\"http:\/\/www.cinevox.be\/wp-content\/uploads\/sites\/2\/2017\/03\/17017191_1463686057005903_353315997358457850_o-800x534.jpeg\" width=\"640\" height=\"427\" \/><figcaption id=\"caption-attachment-97404\" class=\"wp-caption-text\">Lina El Arabi, magistrale Zahira, dont c&rsquo;est le premier r\u00f4le au cin\u00e9ma.<\/figcaption><\/figure>\n<figure id=\"attachment_97406\" aria-describedby=\"caption-attachment-97406\" style=\"width: 640px\" class=\"wp-caption alignnone\"><img loading=\"lazy\" decoding=\"async\" class=\"wp-image-97406 size-large\" src=\"http:\/\/www.cinevox.be\/wp-content\/uploads\/sites\/2\/2017\/03\/17038482_1463689580338884_8995210710478233012_o-800x534.jpeg\" width=\"640\" height=\"427\" \/><figcaption id=\"caption-attachment-97406\" class=\"wp-caption-text\">L&rsquo;\u00e9quipe du soir au grand complet: Micha\u00ebl Goldberg (producteur, Daylight), Babak Karimi, Stephan Streker, Lina El Arabi, S\u00e9bastien Houbani et Boris Van Gils (producteur, Formosa)<\/figcaption><\/figure>\n<figure id=\"attachment_97405\" aria-describedby=\"caption-attachment-97405\" style=\"width: 640px\" class=\"wp-caption alignnone\"><img loading=\"lazy\" decoding=\"async\" class=\"wp-image-97405 size-large\" src=\"http:\/\/www.cinevox.be\/wp-content\/uploads\/sites\/2\/2017\/03\/17017220_1463684327006076_5019056150905458010_o-800x534.jpeg\" width=\"640\" height=\"427\" \/><figcaption id=\"caption-attachment-97405\" class=\"wp-caption-text\">Babak Karimi, qui joue le r\u00f4le du p\u00e8re, entour\u00e9 de ses deux enfants \u00e0 l&rsquo;\u00e9cran<\/figcaption><\/figure>\n<p>&nbsp;<\/p>\n<p>&nbsp;<\/p>\n<p>&nbsp;<\/p>\n","protected":false},"excerpt":{"rendered":"<p>Jeudi dernier a eu lieu \u00e0 l&rsquo;UGC De Brouck\u00e8re, dans la belle et majestueuse salle du Grand Eldorado l&rsquo;avant-premi\u00e8re de Noces, le nouveau film de Stephan Streker. Devant une salle comble, dont de nombreux lecteurs de Cinevox, le r\u00e9alisateur et ses com\u00e9diens, Lina El Arabi, S\u00e9bastien Houbani et Babak Karimi sont revenus sur leur exp\u00e9rience, &hellip;<\/p>\n","protected":false},"author":343,"featured_media":197408,"comment_status":"closed","ping_status":"closed","sticky":false,"template":"","format":"standard","meta":{"ngg_post_thumbnail":0,"footnotes":""},"categories":[10,7],"tags":[1914,889],"class_list":["post-197400","post","type-post","status-publish","format-standard","has-post-thumbnail","","category-a-l-affiche","category-actualites","tag-harry-cleven","tag-stephan-streker"],"yoast_head":"<!-- This site is optimized with the Yoast SEO plugin v20.4 - https:\/\/yoast.com\/wordpress\/plugins\/seo\/ -->\n<title>&quot;Noces&quot;, pl\u00e9biscit\u00e9 par le public fran\u00e7ais, sort demain en Belgique! - We Love Cinema<\/title>\n<meta name=\"robots\" content=\"index, follow, max-snippet:-1, max-image-preview:large, max-video-preview:-1\" \/>\n<link rel=\"canonical\" href=\"https:\/\/welovecinema.be\/fr\/noces-plebiscite-public-francais-sort-demain-belgique\/\" \/>\n<meta property=\"og:locale\" content=\"fr_FR\" \/>\n<meta property=\"og:type\" content=\"article\" \/>\n<meta property=\"og:title\" content=\"&quot;Noces&quot;, pl\u00e9biscit\u00e9 par le public fran\u00e7ais, sort demain en Belgique! - We Love Cinema\" \/>\n<meta property=\"og:description\" content=\"Jeudi dernier a eu lieu \u00e0 l&rsquo;UGC De Brouck\u00e8re, dans la belle et majestueuse salle du Grand Eldorado l&rsquo;avant-premi\u00e8re de Noces, le nouveau film de Stephan Streker. Devant une salle comble, dont de nombreux lecteurs de Cinevox, le r\u00e9alisateur et ses com\u00e9diens, Lina El Arabi, S\u00e9bastien Houbani et Babak Karimi sont revenus sur leur exp\u00e9rience, &hellip;\" \/>\n<meta property=\"og:url\" content=\"https:\/\/welovecinema.be\/fr\/noces-plebiscite-public-francais-sort-demain-belgique\/\" \/>\n<meta property=\"og:site_name\" content=\"We Love Cinema\" \/>\n<meta property=\"article:publisher\" content=\"https:\/\/www.facebook.com\/welovecinema.be\" \/>\n<meta property=\"article:published_time\" content=\"2017-03-07T09:38:13+00:00\" \/>\n<meta property=\"article:modified_time\" content=\"2017-03-07T10:02:37+00:00\" \/>\n<meta property=\"og:image\" content=\"https:\/\/welovecinema.be\/wp-content\/uploads\/sites\/2\/2017\/03\/17038555_1463689057005603_990409461484834148_o.jpeg\" \/>\n\t<meta property=\"og:image:width\" content=\"1400\" \/>\n\t<meta property=\"og:image:height\" content=\"957\" \/>\n\t<meta property=\"og:image:type\" content=\"image\/jpeg\" \/>\n<meta name=\"author\" content=\"Aurore Engelen\" \/>\n<meta name=\"twitter:card\" content=\"summary_large_image\" \/>\n<meta name=\"twitter:label1\" content=\"\u00c9crit par\" \/>\n\t<meta name=\"twitter:data1\" content=\"Aurore Engelen\" \/>\n\t<meta name=\"twitter:label2\" content=\"Dur\u00e9e de lecture estim\u00e9e\" \/>\n\t<meta name=\"twitter:data2\" content=\"2 minutes\" \/>\n<script type=\"application\/ld+json\" class=\"yoast-schema-graph\">{\"@context\":\"https:\/\/schema.org\",\"@graph\":[{\"@type\":\"Article\",\"@id\":\"https:\/\/welovecinema.be\/fr\/noces-plebiscite-public-francais-sort-demain-belgique\/#article\",\"isPartOf\":{\"@id\":\"https:\/\/welovecinema.be\/fr\/noces-plebiscite-public-francais-sort-demain-belgique\/\"},\"author\":{\"name\":\"Aurore Engelen\",\"@id\":\"https:\/\/welovecinema.be\/nl\/#\/schema\/person\/8084b68c6b176142d073695c654dc7cf\"},\"headline\":\"\u00ab\u00a0Noces\u00a0\u00bb, pl\u00e9biscit\u00e9 par le public fran\u00e7ais, sort demain en Belgique!\",\"datePublished\":\"2017-03-07T09:38:13+00:00\",\"dateModified\":\"2017-03-07T10:02:37+00:00\",\"mainEntityOfPage\":{\"@id\":\"https:\/\/welovecinema.be\/fr\/noces-plebiscite-public-francais-sort-demain-belgique\/\"},\"wordCount\":518,\"publisher\":{\"@id\":\"https:\/\/welovecinema.be\/nl\/#organization\"},\"keywords\":[\"Harry Cleven\",\"Stephan Streker\"],\"articleSection\":[\"A l'affiche\",\"News\"],\"inLanguage\":\"fr-FR\"},{\"@type\":\"WebPage\",\"@id\":\"https:\/\/welovecinema.be\/fr\/noces-plebiscite-public-francais-sort-demain-belgique\/\",\"url\":\"https:\/\/welovecinema.be\/fr\/noces-plebiscite-public-francais-sort-demain-belgique\/\",\"name\":\"\\\"Noces\\\", pl\u00e9biscit\u00e9 par le public fran\u00e7ais, sort demain en Belgique! - We Love Cinema\",\"isPartOf\":{\"@id\":\"https:\/\/welovecinema.be\/nl\/#website\"},\"datePublished\":\"2017-03-07T09:38:13+00:00\",\"dateModified\":\"2017-03-07T10:02:37+00:00\",\"breadcrumb\":{\"@id\":\"https:\/\/welovecinema.be\/fr\/noces-plebiscite-public-francais-sort-demain-belgique\/#breadcrumb\"},\"inLanguage\":\"fr-FR\",\"potentialAction\":[{\"@type\":\"ReadAction\",\"target\":[\"https:\/\/welovecinema.be\/fr\/noces-plebiscite-public-francais-sort-demain-belgique\/\"]}]},{\"@type\":\"BreadcrumbList\",\"@id\":\"https:\/\/welovecinema.be\/fr\/noces-plebiscite-public-francais-sort-demain-belgique\/#breadcrumb\",\"itemListElement\":[{\"@type\":\"ListItem\",\"position\":1,\"name\":\"Accueil\",\"item\":\"https:\/\/welovecinema.be\/fr\/\"},{\"@type\":\"ListItem\",\"position\":2,\"name\":\"\u00ab\u00a0Noces\u00a0\u00bb, pl\u00e9biscit\u00e9 par le public fran\u00e7ais, sort demain en Belgique!\"}]},{\"@type\":\"WebSite\",\"@id\":\"https:\/\/welovecinema.be\/nl\/#website\",\"url\":\"https:\/\/welovecinema.be\/nl\/\",\"name\":\"We Love Cinema\",\"description\":\"Toute l\u2019information du cin\u00e9ma en Belgique\",\"publisher\":{\"@id\":\"https:\/\/welovecinema.be\/nl\/#organization\"},\"potentialAction\":[{\"@type\":\"SearchAction\",\"target\":{\"@type\":\"EntryPoint\",\"urlTemplate\":\"https:\/\/welovecinema.be\/nl\/?s={search_term_string}\"},\"query-input\":\"required name=search_term_string\"}],\"inLanguage\":\"fr-FR\"},{\"@type\":\"Organization\",\"@id\":\"https:\/\/welovecinema.be\/nl\/#organization\",\"name\":\"We Love Cinema\",\"url\":\"https:\/\/welovecinema.be\/nl\/\",\"logo\":{\"@type\":\"ImageObject\",\"inLanguage\":\"fr-FR\",\"@id\":\"https:\/\/welovecinema.be\/nl\/#\/schema\/logo\/image\/\",\"url\":\"https:\/\/welovecinema.be\/wp-content\/uploads\/sites\/2\/2023\/03\/Logo-We-Love-Cinema305x128.jpg\",\"contentUrl\":\"https:\/\/welovecinema.be\/wp-content\/uploads\/sites\/2\/2023\/03\/Logo-We-Love-Cinema305x128.jpg\",\"width\":305,\"height\":128,\"caption\":\"We Love Cinema\"},\"image\":{\"@id\":\"https:\/\/welovecinema.be\/nl\/#\/schema\/logo\/image\/\"},\"sameAs\":[\"https:\/\/www.facebook.com\/welovecinema.be\",\"https:\/\/www.youtube.com\/channel\/UCX5LYGVhnKvYauW4Nta4HJA\",\"https:\/\/www.instagram.com\/welovecinema.be\/\"]},{\"@type\":\"Person\",\"@id\":\"https:\/\/welovecinema.be\/nl\/#\/schema\/person\/8084b68c6b176142d073695c654dc7cf\",\"name\":\"Aurore Engelen\",\"url\":\"https:\/\/welovecinema.be\/fr\/author\/aurore-engelen\/\"}]}<\/script>\n<!-- \/ Yoast SEO plugin. -->","yoast_head_json":{"title":"\"Noces\", pl\u00e9biscit\u00e9 par le public fran\u00e7ais, sort demain en Belgique! - We Love Cinema","robots":{"index":"index","follow":"follow","max-snippet":"max-snippet:-1","max-image-preview":"max-image-preview:large","max-video-preview":"max-video-preview:-1"},"canonical":"https:\/\/welovecinema.be\/fr\/noces-plebiscite-public-francais-sort-demain-belgique\/","og_locale":"fr_FR","og_type":"article","og_title":"\"Noces\", pl\u00e9biscit\u00e9 par le public fran\u00e7ais, sort demain en Belgique! - We Love Cinema","og_description":"Jeudi dernier a eu lieu \u00e0 l&rsquo;UGC De Brouck\u00e8re, dans la belle et majestueuse salle du Grand Eldorado l&rsquo;avant-premi\u00e8re de Noces, le nouveau film de Stephan Streker. Devant une salle comble, dont de nombreux lecteurs de Cinevox, le r\u00e9alisateur et ses com\u00e9diens, Lina El Arabi, S\u00e9bastien Houbani et Babak Karimi sont revenus sur leur exp\u00e9rience, &hellip;","og_url":"https:\/\/welovecinema.be\/fr\/noces-plebiscite-public-francais-sort-demain-belgique\/","og_site_name":"We Love Cinema","article_publisher":"https:\/\/www.facebook.com\/welovecinema.be","article_published_time":"2017-03-07T09:38:13+00:00","article_modified_time":"2017-03-07T10:02:37+00:00","og_image":[{"width":1400,"height":957,"url":"https:\/\/welovecinema.be\/wp-content\/uploads\/sites\/2\/2017\/03\/17038555_1463689057005603_990409461484834148_o.jpeg","type":"image\/jpeg"}],"author":"Aurore Engelen","twitter_card":"summary_large_image","twitter_misc":{"\u00c9crit par":"Aurore Engelen","Dur\u00e9e de lecture estim\u00e9e":"2 minutes"},"schema":{"@context":"https:\/\/schema.org","@graph":[{"@type":"Article","@id":"https:\/\/welovecinema.be\/fr\/noces-plebiscite-public-francais-sort-demain-belgique\/#article","isPartOf":{"@id":"https:\/\/welovecinema.be\/fr\/noces-plebiscite-public-francais-sort-demain-belgique\/"},"author":{"name":"Aurore Engelen","@id":"https:\/\/welovecinema.be\/nl\/#\/schema\/person\/8084b68c6b176142d073695c654dc7cf"},"headline":"\u00ab\u00a0Noces\u00a0\u00bb, pl\u00e9biscit\u00e9 par le public fran\u00e7ais, sort demain en Belgique!","datePublished":"2017-03-07T09:38:13+00:00","dateModified":"2017-03-07T10:02:37+00:00","mainEntityOfPage":{"@id":"https:\/\/welovecinema.be\/fr\/noces-plebiscite-public-francais-sort-demain-belgique\/"},"wordCount":518,"publisher":{"@id":"https:\/\/welovecinema.be\/nl\/#organization"},"keywords":["Harry Cleven","Stephan Streker"],"articleSection":["A l'affiche","News"],"inLanguage":"fr-FR"},{"@type":"WebPage","@id":"https:\/\/welovecinema.be\/fr\/noces-plebiscite-public-francais-sort-demain-belgique\/","url":"https:\/\/welovecinema.be\/fr\/noces-plebiscite-public-francais-sort-demain-belgique\/","name":"\"Noces\", pl\u00e9biscit\u00e9 par le public fran\u00e7ais, sort demain en Belgique! - We Love Cinema","isPartOf":{"@id":"https:\/\/welovecinema.be\/nl\/#website"},"datePublished":"2017-03-07T09:38:13+00:00","dateModified":"2017-03-07T10:02:37+00:00","breadcrumb":{"@id":"https:\/\/welovecinema.be\/fr\/noces-plebiscite-public-francais-sort-demain-belgique\/#breadcrumb"},"inLanguage":"fr-FR","potentialAction":[{"@type":"ReadAction","target":["https:\/\/welovecinema.be\/fr\/noces-plebiscite-public-francais-sort-demain-belgique\/"]}]},{"@type":"BreadcrumbList","@id":"https:\/\/welovecinema.be\/fr\/noces-plebiscite-public-francais-sort-demain-belgique\/#breadcrumb","itemListElement":[{"@type":"ListItem","position":1,"name":"Accueil","item":"https:\/\/welovecinema.be\/fr\/"},{"@type":"ListItem","position":2,"name":"\u00ab\u00a0Noces\u00a0\u00bb, pl\u00e9biscit\u00e9 par le public fran\u00e7ais, sort demain en Belgique!"}]},{"@type":"WebSite","@id":"https:\/\/welovecinema.be\/nl\/#website","url":"https:\/\/welovecinema.be\/nl\/","name":"We Love Cinema","description":"Toute l\u2019information du cin\u00e9ma en Belgique","publisher":{"@id":"https:\/\/welovecinema.be\/nl\/#organization"},"potentialAction":[{"@type":"SearchAction","target":{"@type":"EntryPoint","urlTemplate":"https:\/\/welovecinema.be\/nl\/?s={search_term_string}"},"query-input":"required name=search_term_string"}],"inLanguage":"fr-FR"},{"@type":"Organization","@id":"https:\/\/welovecinema.be\/nl\/#organization","name":"We Love Cinema","url":"https:\/\/welovecinema.be\/nl\/","logo":{"@type":"ImageObject","inLanguage":"fr-FR","@id":"https:\/\/welovecinema.be\/nl\/#\/schema\/logo\/image\/","url":"https:\/\/welovecinema.be\/wp-content\/uploads\/sites\/2\/2023\/03\/Logo-We-Love-Cinema305x128.jpg","contentUrl":"https:\/\/welovecinema.be\/wp-content\/uploads\/sites\/2\/2023\/03\/Logo-We-Love-Cinema305x128.jpg","width":305,"height":128,"caption":"We Love Cinema"},"image":{"@id":"https:\/\/welovecinema.be\/nl\/#\/schema\/logo\/image\/"},"sameAs":["https:\/\/www.facebook.com\/welovecinema.be","https:\/\/www.youtube.com\/channel\/UCX5LYGVhnKvYauW4Nta4HJA","https:\/\/www.instagram.com\/welovecinema.be\/"]},{"@type":"Person","@id":"https:\/\/welovecinema.be\/nl\/#\/schema\/person\/8084b68c6b176142d073695c654dc7cf","name":"Aurore Engelen","url":"https:\/\/welovecinema.be\/fr\/author\/aurore-engelen\/"}]}},"_links":{"self":[{"href":"https:\/\/welovecinema.be\/fr\/wp-json\/wp\/v2\/posts\/197400","targetHints":{"allow":["GET"]}}],"collection":[{"href":"https:\/\/welovecinema.be\/fr\/wp-json\/wp\/v2\/posts"}],"about":[{"href":"https:\/\/welovecinema.be\/fr\/wp-json\/wp\/v2\/types\/post"}],"author":[{"embeddable":true,"href":"https:\/\/welovecinema.be\/fr\/wp-json\/wp\/v2\/users\/343"}],"replies":[{"embeddable":true,"href":"https:\/\/welovecinema.be\/fr\/wp-json\/wp\/v2\/comments?post=197400"}],"version-history":[{"count":0,"href":"https:\/\/welovecinema.be\/fr\/wp-json\/wp\/v2\/posts\/197400\/revisions"}],"wp:featuredmedia":[{"embeddable":true,"href":"https:\/\/welovecinema.be\/fr\/wp-json\/wp\/v2\/media\/197408"}],"wp:attachment":[{"href":"https:\/\/welovecinema.be\/fr\/wp-json\/wp\/v2\/media?parent=197400"}],"wp:term":[{"taxonomy":"category","embeddable":true,"href":"https:\/\/welovecinema.be\/fr\/wp-json\/wp\/v2\/categories?post=197400"},{"taxonomy":"post_tag","embeddable":true,"href":"https:\/\/welovecinema.be\/fr\/wp-json\/wp\/v2\/tags?post=197400"}],"curies":[{"name":"wp","href":"https:\/\/api.w.org\/{rel}","templated":true}]}}