{"id":197358,"date":"2017-03-07T14:45:06","date_gmt":"2017-03-07T13:45:06","guid":{"rendered":"http:\/\/www.cinevox.be\/?p=97358"},"modified":"2017-03-07T14:48:21","modified_gmt":"2017-03-07T13:48:21","slug":"court-special-journee-femmes","status":"publish","type":"post","link":"https:\/\/welovecinema.be\/fr\/court-special-journee-femmes\/","title":{"rendered":"\u00ab\u00a0Tout Court\u00a0\u00bb sp\u00e9cial Journ\u00e9e des femmes"},"content":{"rendered":"<p>En cette veille de Journ\u00e9e internationale des droits des femmes, <strong>\u00ab\u00a0Tout Court\u00a0\u00bb<\/strong>, l&rsquo;\u00e9mission de La Trois consacr\u00e9e aux courts m\u00e9trages met en avant trois destins singuliers, trois destins de femmes: Marianne, la jeune femme de 19 ans plac\u00e9e par sa famille dans une maison pour jeunes filles afin d&rsquo;y abriter son secret; Bea, la m\u00e8re sans emploi des <em>Dauphines<\/em>, et ses filles, qui cherchent leur place; et Sarah, la jeune fille amoureuse qui fuit pour devenir adulte.<\/p>\n<p><!--more--><\/p>\n<p>&nbsp;<\/p>\n<hr \/>\n<p><em><strong>Un grand silence<\/strong><\/em> de Julie Gourdain<\/p>\n<p><em>Marianne a 19 ans en 1968. Elle est plac\u00e9e au sein d&rsquo;une maison pour jeunes filles, loin de sa famille et de ses proches. Dans cette maison, Marianne rencontre d&rsquo;autres jeunes filles, dont le secret a fait basculer le parcours.\u00a0<\/em><\/p>\n<p>&nbsp;<\/p>\n<p><em>Un Grand Silence<\/em>\u00a0a notamment re\u00e7u le grand prix Unifrance lors du Festival de Cannes 2016, le\u00a0Prix du Public au Festival des Enfants Terribles Huy et le grand prix du jury lors du festival international du film d\u2019Aubagne. Il est \u00e9galement en comp\u00e9tition pour la c\u00e9r\u00e9monie des C\u00e9sar 2017.<\/p>\n<p>&nbsp;<\/p>\n<p><iframe loading=\"lazy\" title=\"Un Grand Silence, de Julie GOURDAIN - EXTRAIT 1\" src=\"https:\/\/player.vimeo.com\/video\/194803949?dnt=1&amp;app_id=122963\" width=\"618\" height=\"348\" frameborder=\"0\" allow=\"autoplay; fullscreen; picture-in-picture; clipboard-write; encrypted-media\"><\/iframe><\/p>\n<p>&nbsp;<\/p>\n<hr \/>\n<p>&nbsp;<\/p>\n<p><em><strong>Les Dauphines<\/strong><\/em>\u00a0de Juliette Klinke<\/p>\n<p>&nbsp;<\/p>\n<div class=\"clip_details iris_divider--dark iris_divider-top iris_divider-top--m iris_divider-bot iris_divider-bot--m\">\n<div class=\"iris_grid-content\">\n<div class=\"clip_details-description description-wrapper iris_desc\">\n<div class=\"iris_desc-content description-content\" dir=\"auto\">\n<p><span style=\"color: #333333;\"><em>B\u00e9a, sans emploi, sous-loue son appartement pour finir les fin de mois. Ce weekend elle emm\u00e8ne ses deux filles \u00e0 un concours de miss auquel la plus jeune participe. B\u00e9a va alors projeter son besoin de r\u00e9ussite sur sa fille \u00e0 travers ce concours.<\/em><\/span><\/p>\n<p>&nbsp;<\/p>\n<p><em>Les Dauphines<\/em>, d\u00e9couvert au Festival International du Film de Locarno, a notamment re\u00e7u le Prix Arte au Festival International du Film Francophone de Namur.<\/p>\n<p>&nbsp;<\/p>\n<\/div>\n<p><iframe loading=\"lazy\" title=\"LES DAUPHINES de Juliette Klinke\" width=\"618\" height=\"348\" src=\"https:\/\/www.youtube.com\/embed\/tW-0AS_F6xo?feature=oembed\" frameborder=\"0\" allow=\"accelerometer; autoplay; clipboard-write; encrypted-media; gyroscope; picture-in-picture; web-share\" referrerpolicy=\"strict-origin-when-cross-origin\" allowfullscreen><\/iframe><\/p>\n<div class=\"iris_desc-content description-content\" dir=\"auto\">\n<p>&nbsp;<\/p>\n<\/div>\n<\/div>\n<hr \/>\n<div class=\"clip_details-description description-wrapper iris_desc\">\n<p>&nbsp;<\/p>\n<p><em><strong>Rena\u00eetre<\/strong><\/em> de Jean-Fran\u00e7ois Ravagnan<\/p>\n<\/div>\n<div class=\"vc_row wpb_row vc_row-fluid\">\n<div class=\"wpb_column vc_column_container vc_col-sm-9\">\n<div class=\"vc_column-inner \">\n<div class=\"wpb_wrapper\">\n<div class=\"wpb_tabs wpb_content_element\" data-interval=\"0\">\n<div class=\"wpb_wrapper wpb_tour_tabs_wrapper ui-tabs vc_clearfix ui-widget ui-widget-content ui-corner-all\">\n<div id=\"tab-1423313075-1-53\" class=\"wpb_tab ui-tabs-panel wpb_ui-tabs-hide vc_clearfix ui-widget-content ui-corner-bottom\">\n<div class=\"wpb_text_column wpb_content_element \">\n<div class=\"wpb_wrapper\">\n<p>&nbsp;<\/p>\n<p><span style=\"color: #333333;\"><em>Sarah, jeune femme d\u2019origine maghr\u00e9bine vivant en Belgique, apprend que Malik, l\u2019homme qu\u2019elle aime, s\u2019appr\u00eate \u00e0 se marier avec une autre femme en Tunisie. Seule, mentant \u00e0 ses proches, Sarah traverse la M\u00e9diterran\u00e9e pour le revoir une derni\u00e8re fois. M\u00eame si elle sait que le mariage de Malik est in\u00e9vitable, Sarah est d\u00e9termin\u00e9e \u00e0 vivre jusqu\u2019au bout l\u2019amour qu\u2019ils se sont port\u00e9.<\/em><\/span><\/p>\n<p>&nbsp;<\/p>\n<\/div>\n<p><em>Rena\u00eetre<\/em>, d\u00e9couvert lui aussi \u00e0 Locarno, a notamment remport\u00e9 le Prix Forum Court au Festival International du Film Francophone de Namur.<\/p>\n<p>&nbsp;<\/p>\n<\/div>\n<p><iframe loading=\"lazy\" title=\"Rena\u00eetre \/ Bande-annonce\" src=\"https:\/\/player.vimeo.com\/video\/133978858?dnt=1&amp;app_id=122963\" width=\"618\" height=\"348\" frameborder=\"0\" allow=\"autoplay; fullscreen; picture-in-picture; clipboard-write; encrypted-media\"><\/iframe><\/p>\n<\/div>\n<\/div>\n<\/div>\n<\/div>\n<\/div>\n<\/div>\n<\/div>\n<div class=\"vc_row wpb_row vc_row-fluid\"><\/div>\n<div class=\"vc_row wpb_row vc_row-fluid\"><\/div>\n<div class=\"vc_row wpb_row vc_row-fluid\"><\/div>\n<\/div>\n<hr \/>\n<\/div>\n<div class=\"iris_comment-wrapper iris_grid-content\"><\/div>\n<div class=\"iris_comment-wrapper iris_grid-content\">\n<div class=\"vc_row wpb_row vc_row-fluid\">\n<div class=\"wpb_column vc_column_container vc_col-sm-9\">\n<div class=\"vc_column-inner \">\n<div class=\"wpb_wrapper\">\n<div class=\"wpb_tabs wpb_content_element\" data-interval=\"0\">\n<div class=\"wpb_wrapper wpb_tour_tabs_wrapper ui-tabs vc_clearfix ui-widget ui-widget-content ui-corner-all\">\n<div id=\"tab-1423313075-1-53\" class=\"wpb_tab ui-tabs-panel wpb_ui-tabs-hide vc_clearfix ui-widget-content ui-corner-bottom\">\n<div class=\"wpb_text_column wpb_content_element \">\n<p><span style=\"color: #333333;\"><em><strong>On r\u00e9capitule?<\/strong>\u00a0<\/em><\/span><\/p>\n<ul>\n<li><span style=\"color: #333333;\"><strong><em>Un grand silence<\/em><\/strong> de Julie Gourdain \u00e0 22h50<\/span><\/li>\n<li><span style=\"color: #333333;\"><em><strong>Les Dauphines<\/strong><\/em> de Juliette Klinke \u00e0 23h20<\/span><\/li>\n<li><span style=\"color: #333333;\"><em><strong>Rena\u00eetre<\/strong><\/em> de Jean-Fran\u00e7ois Ravagnan \u00e0 23h35<\/span><\/li>\n<\/ul>\n<\/div>\n<\/div>\n<\/div>\n<\/div>\n<\/div>\n<\/div>\n<\/div>\n<\/div>\n<\/div>\n","protected":false},"excerpt":{"rendered":"<p>En cette veille de Journ\u00e9e internationale des droits des femmes, \u00ab\u00a0Tout Court\u00a0\u00bb, l&rsquo;\u00e9mission de La Trois consacr\u00e9e aux courts m\u00e9trages met en avant trois destins singuliers, trois destins de femmes: Marianne, la jeune femme de 19 ans plac\u00e9e par sa famille dans une maison pour jeunes filles afin d&rsquo;y abriter son secret; Bea, la m\u00e8re &hellip;<\/p>\n","protected":false},"author":343,"featured_media":197440,"comment_status":"closed","ping_status":"closed","sticky":false,"template":"","format":"standard","meta":{"ngg_post_thumbnail":0,"footnotes":""},"categories":[7,14],"tags":[],"class_list":["post-197358","post","type-post","status-publish","format-standard","has-post-thumbnail","","category-actualites","category-home-cinema"],"yoast_head":"<!-- This site is optimized with the Yoast SEO plugin v20.4 - https:\/\/yoast.com\/wordpress\/plugins\/seo\/ -->\n<title>&quot;Tout Court&quot; sp\u00e9cial Journ\u00e9e des femmes - We Love Cinema<\/title>\n<meta name=\"robots\" content=\"index, follow, max-snippet:-1, max-image-preview:large, max-video-preview:-1\" \/>\n<link rel=\"canonical\" href=\"https:\/\/welovecinema.be\/fr\/court-special-journee-femmes\/\" \/>\n<meta property=\"og:locale\" content=\"fr_FR\" \/>\n<meta property=\"og:type\" content=\"article\" \/>\n<meta property=\"og:title\" content=\"&quot;Tout Court&quot; sp\u00e9cial Journ\u00e9e des femmes - We Love Cinema\" \/>\n<meta property=\"og:description\" content=\"En cette veille de Journ\u00e9e internationale des droits des femmes, \u00ab\u00a0Tout Court\u00a0\u00bb, l&rsquo;\u00e9mission de La Trois consacr\u00e9e aux courts m\u00e9trages met en avant trois destins singuliers, trois destins de femmes: Marianne, la jeune femme de 19 ans plac\u00e9e par sa famille dans une maison pour jeunes filles afin d&rsquo;y abriter son secret; Bea, la m\u00e8re &hellip;\" \/>\n<meta property=\"og:url\" content=\"https:\/\/welovecinema.be\/fr\/court-special-journee-femmes\/\" \/>\n<meta property=\"og:site_name\" content=\"We Love Cinema\" \/>\n<meta property=\"article:publisher\" content=\"https:\/\/www.facebook.com\/welovecinema.be\" \/>\n<meta property=\"article:published_time\" content=\"2017-03-07T13:45:06+00:00\" \/>\n<meta property=\"article:modified_time\" content=\"2017-03-07T13:48:21+00:00\" \/>\n<meta property=\"og:image\" content=\"https:\/\/welovecinema.be\/wp-content\/uploads\/sites\/2\/2017\/03\/ToutCourt.jpg\" \/>\n\t<meta property=\"og:image:width\" content=\"398\" \/>\n\t<meta property=\"og:image:height\" content=\"253\" \/>\n\t<meta property=\"og:image:type\" content=\"image\/jpeg\" \/>\n<meta name=\"author\" content=\"Aurore Engelen\" \/>\n<meta name=\"twitter:card\" content=\"summary_large_image\" \/>\n<meta name=\"twitter:label1\" content=\"\u00c9crit par\" \/>\n\t<meta name=\"twitter:data1\" content=\"Aurore Engelen\" \/>\n\t<meta name=\"twitter:label2\" content=\"Dur\u00e9e de lecture estim\u00e9e\" \/>\n\t<meta name=\"twitter:data2\" content=\"2 minutes\" \/>\n<script type=\"application\/ld+json\" class=\"yoast-schema-graph\">{\"@context\":\"https:\/\/schema.org\",\"@graph\":[{\"@type\":\"Article\",\"@id\":\"https:\/\/welovecinema.be\/fr\/court-special-journee-femmes\/#article\",\"isPartOf\":{\"@id\":\"https:\/\/welovecinema.be\/fr\/court-special-journee-femmes\/\"},\"author\":{\"name\":\"Aurore Engelen\",\"@id\":\"https:\/\/welovecinema.be\/nl\/#\/schema\/person\/8084b68c6b176142d073695c654dc7cf\"},\"headline\":\"\u00ab\u00a0Tout Court\u00a0\u00bb sp\u00e9cial Journ\u00e9e des femmes\",\"datePublished\":\"2017-03-07T13:45:06+00:00\",\"dateModified\":\"2017-03-07T13:48:21+00:00\",\"mainEntityOfPage\":{\"@id\":\"https:\/\/welovecinema.be\/fr\/court-special-journee-femmes\/\"},\"wordCount\":424,\"publisher\":{\"@id\":\"https:\/\/welovecinema.be\/nl\/#organization\"},\"articleSection\":[\"News\",\"Plateau t\u00e9l\u00e9\"],\"inLanguage\":\"fr-FR\"},{\"@type\":\"WebPage\",\"@id\":\"https:\/\/welovecinema.be\/fr\/court-special-journee-femmes\/\",\"url\":\"https:\/\/welovecinema.be\/fr\/court-special-journee-femmes\/\",\"name\":\"\\\"Tout Court\\\" sp\u00e9cial Journ\u00e9e des femmes - We Love Cinema\",\"isPartOf\":{\"@id\":\"https:\/\/welovecinema.be\/nl\/#website\"},\"datePublished\":\"2017-03-07T13:45:06+00:00\",\"dateModified\":\"2017-03-07T13:48:21+00:00\",\"breadcrumb\":{\"@id\":\"https:\/\/welovecinema.be\/fr\/court-special-journee-femmes\/#breadcrumb\"},\"inLanguage\":\"fr-FR\",\"potentialAction\":[{\"@type\":\"ReadAction\",\"target\":[\"https:\/\/welovecinema.be\/fr\/court-special-journee-femmes\/\"]}]},{\"@type\":\"BreadcrumbList\",\"@id\":\"https:\/\/welovecinema.be\/fr\/court-special-journee-femmes\/#breadcrumb\",\"itemListElement\":[{\"@type\":\"ListItem\",\"position\":1,\"name\":\"Accueil\",\"item\":\"https:\/\/welovecinema.be\/fr\/\"},{\"@type\":\"ListItem\",\"position\":2,\"name\":\"\u00ab\u00a0Tout Court\u00a0\u00bb sp\u00e9cial Journ\u00e9e des femmes\"}]},{\"@type\":\"WebSite\",\"@id\":\"https:\/\/welovecinema.be\/nl\/#website\",\"url\":\"https:\/\/welovecinema.be\/nl\/\",\"name\":\"We Love Cinema\",\"description\":\"Toute l\u2019information du cin\u00e9ma en Belgique\",\"publisher\":{\"@id\":\"https:\/\/welovecinema.be\/nl\/#organization\"},\"potentialAction\":[{\"@type\":\"SearchAction\",\"target\":{\"@type\":\"EntryPoint\",\"urlTemplate\":\"https:\/\/welovecinema.be\/nl\/?s={search_term_string}\"},\"query-input\":\"required name=search_term_string\"}],\"inLanguage\":\"fr-FR\"},{\"@type\":\"Organization\",\"@id\":\"https:\/\/welovecinema.be\/nl\/#organization\",\"name\":\"We Love Cinema\",\"url\":\"https:\/\/welovecinema.be\/nl\/\",\"logo\":{\"@type\":\"ImageObject\",\"inLanguage\":\"fr-FR\",\"@id\":\"https:\/\/welovecinema.be\/nl\/#\/schema\/logo\/image\/\",\"url\":\"https:\/\/welovecinema.be\/wp-content\/uploads\/sites\/2\/2023\/03\/Logo-We-Love-Cinema305x128.jpg\",\"contentUrl\":\"https:\/\/welovecinema.be\/wp-content\/uploads\/sites\/2\/2023\/03\/Logo-We-Love-Cinema305x128.jpg\",\"width\":305,\"height\":128,\"caption\":\"We Love Cinema\"},\"image\":{\"@id\":\"https:\/\/welovecinema.be\/nl\/#\/schema\/logo\/image\/\"},\"sameAs\":[\"https:\/\/www.facebook.com\/welovecinema.be\",\"https:\/\/www.youtube.com\/channel\/UCX5LYGVhnKvYauW4Nta4HJA\",\"https:\/\/www.instagram.com\/welovecinema.be\/\"]},{\"@type\":\"Person\",\"@id\":\"https:\/\/welovecinema.be\/nl\/#\/schema\/person\/8084b68c6b176142d073695c654dc7cf\",\"name\":\"Aurore Engelen\",\"url\":\"https:\/\/welovecinema.be\/fr\/author\/aurore-engelen\/\"}]}<\/script>\n<!-- \/ Yoast SEO plugin. -->","yoast_head_json":{"title":"\"Tout Court\" sp\u00e9cial Journ\u00e9e des femmes - We Love Cinema","robots":{"index":"index","follow":"follow","max-snippet":"max-snippet:-1","max-image-preview":"max-image-preview:large","max-video-preview":"max-video-preview:-1"},"canonical":"https:\/\/welovecinema.be\/fr\/court-special-journee-femmes\/","og_locale":"fr_FR","og_type":"article","og_title":"\"Tout Court\" sp\u00e9cial Journ\u00e9e des femmes - We Love Cinema","og_description":"En cette veille de Journ\u00e9e internationale des droits des femmes, \u00ab\u00a0Tout Court\u00a0\u00bb, l&rsquo;\u00e9mission de La Trois consacr\u00e9e aux courts m\u00e9trages met en avant trois destins singuliers, trois destins de femmes: Marianne, la jeune femme de 19 ans plac\u00e9e par sa famille dans une maison pour jeunes filles afin d&rsquo;y abriter son secret; Bea, la m\u00e8re &hellip;","og_url":"https:\/\/welovecinema.be\/fr\/court-special-journee-femmes\/","og_site_name":"We Love Cinema","article_publisher":"https:\/\/www.facebook.com\/welovecinema.be","article_published_time":"2017-03-07T13:45:06+00:00","article_modified_time":"2017-03-07T13:48:21+00:00","og_image":[{"width":398,"height":253,"url":"https:\/\/welovecinema.be\/wp-content\/uploads\/sites\/2\/2017\/03\/ToutCourt.jpg","type":"image\/jpeg"}],"author":"Aurore Engelen","twitter_card":"summary_large_image","twitter_misc":{"\u00c9crit par":"Aurore Engelen","Dur\u00e9e de lecture estim\u00e9e":"2 minutes"},"schema":{"@context":"https:\/\/schema.org","@graph":[{"@type":"Article","@id":"https:\/\/welovecinema.be\/fr\/court-special-journee-femmes\/#article","isPartOf":{"@id":"https:\/\/welovecinema.be\/fr\/court-special-journee-femmes\/"},"author":{"name":"Aurore Engelen","@id":"https:\/\/welovecinema.be\/nl\/#\/schema\/person\/8084b68c6b176142d073695c654dc7cf"},"headline":"\u00ab\u00a0Tout Court\u00a0\u00bb sp\u00e9cial Journ\u00e9e des femmes","datePublished":"2017-03-07T13:45:06+00:00","dateModified":"2017-03-07T13:48:21+00:00","mainEntityOfPage":{"@id":"https:\/\/welovecinema.be\/fr\/court-special-journee-femmes\/"},"wordCount":424,"publisher":{"@id":"https:\/\/welovecinema.be\/nl\/#organization"},"articleSection":["News","Plateau t\u00e9l\u00e9"],"inLanguage":"fr-FR"},{"@type":"WebPage","@id":"https:\/\/welovecinema.be\/fr\/court-special-journee-femmes\/","url":"https:\/\/welovecinema.be\/fr\/court-special-journee-femmes\/","name":"\"Tout Court\" sp\u00e9cial Journ\u00e9e des femmes - We Love Cinema","isPartOf":{"@id":"https:\/\/welovecinema.be\/nl\/#website"},"datePublished":"2017-03-07T13:45:06+00:00","dateModified":"2017-03-07T13:48:21+00:00","breadcrumb":{"@id":"https:\/\/welovecinema.be\/fr\/court-special-journee-femmes\/#breadcrumb"},"inLanguage":"fr-FR","potentialAction":[{"@type":"ReadAction","target":["https:\/\/welovecinema.be\/fr\/court-special-journee-femmes\/"]}]},{"@type":"BreadcrumbList","@id":"https:\/\/welovecinema.be\/fr\/court-special-journee-femmes\/#breadcrumb","itemListElement":[{"@type":"ListItem","position":1,"name":"Accueil","item":"https:\/\/welovecinema.be\/fr\/"},{"@type":"ListItem","position":2,"name":"\u00ab\u00a0Tout Court\u00a0\u00bb sp\u00e9cial Journ\u00e9e des femmes"}]},{"@type":"WebSite","@id":"https:\/\/welovecinema.be\/nl\/#website","url":"https:\/\/welovecinema.be\/nl\/","name":"We Love Cinema","description":"Toute l\u2019information du cin\u00e9ma en Belgique","publisher":{"@id":"https:\/\/welovecinema.be\/nl\/#organization"},"potentialAction":[{"@type":"SearchAction","target":{"@type":"EntryPoint","urlTemplate":"https:\/\/welovecinema.be\/nl\/?s={search_term_string}"},"query-input":"required name=search_term_string"}],"inLanguage":"fr-FR"},{"@type":"Organization","@id":"https:\/\/welovecinema.be\/nl\/#organization","name":"We Love Cinema","url":"https:\/\/welovecinema.be\/nl\/","logo":{"@type":"ImageObject","inLanguage":"fr-FR","@id":"https:\/\/welovecinema.be\/nl\/#\/schema\/logo\/image\/","url":"https:\/\/welovecinema.be\/wp-content\/uploads\/sites\/2\/2023\/03\/Logo-We-Love-Cinema305x128.jpg","contentUrl":"https:\/\/welovecinema.be\/wp-content\/uploads\/sites\/2\/2023\/03\/Logo-We-Love-Cinema305x128.jpg","width":305,"height":128,"caption":"We Love Cinema"},"image":{"@id":"https:\/\/welovecinema.be\/nl\/#\/schema\/logo\/image\/"},"sameAs":["https:\/\/www.facebook.com\/welovecinema.be","https:\/\/www.youtube.com\/channel\/UCX5LYGVhnKvYauW4Nta4HJA","https:\/\/www.instagram.com\/welovecinema.be\/"]},{"@type":"Person","@id":"https:\/\/welovecinema.be\/nl\/#\/schema\/person\/8084b68c6b176142d073695c654dc7cf","name":"Aurore Engelen","url":"https:\/\/welovecinema.be\/fr\/author\/aurore-engelen\/"}]}},"_links":{"self":[{"href":"https:\/\/welovecinema.be\/fr\/wp-json\/wp\/v2\/posts\/197358","targetHints":{"allow":["GET"]}}],"collection":[{"href":"https:\/\/welovecinema.be\/fr\/wp-json\/wp\/v2\/posts"}],"about":[{"href":"https:\/\/welovecinema.be\/fr\/wp-json\/wp\/v2\/types\/post"}],"author":[{"embeddable":true,"href":"https:\/\/welovecinema.be\/fr\/wp-json\/wp\/v2\/users\/343"}],"replies":[{"embeddable":true,"href":"https:\/\/welovecinema.be\/fr\/wp-json\/wp\/v2\/comments?post=197358"}],"version-history":[{"count":0,"href":"https:\/\/welovecinema.be\/fr\/wp-json\/wp\/v2\/posts\/197358\/revisions"}],"wp:featuredmedia":[{"embeddable":true,"href":"https:\/\/welovecinema.be\/fr\/wp-json\/wp\/v2\/media\/197440"}],"wp:attachment":[{"href":"https:\/\/welovecinema.be\/fr\/wp-json\/wp\/v2\/media?parent=197358"}],"wp:term":[{"taxonomy":"category","embeddable":true,"href":"https:\/\/welovecinema.be\/fr\/wp-json\/wp\/v2\/categories?post=197358"},{"taxonomy":"post_tag","embeddable":true,"href":"https:\/\/welovecinema.be\/fr\/wp-json\/wp\/v2\/tags?post=197358"}],"curies":[{"name":"wp","href":"https:\/\/api.w.org\/{rel}","templated":true}]}}