{"id":197349,"date":"2017-03-06T10:18:06","date_gmt":"2017-03-06T09:18:06","guid":{"rendered":"http:\/\/www.cinevox.be\/?p=97349"},"modified":"2017-05-16T19:47:52","modified_gmt":"2017-05-16T17:47:52","slug":"caravane-court-3eme","status":"publish","type":"post","link":"https:\/\/welovecinema.be\/fr\/caravane-court-3eme\/","title":{"rendered":"La Caravane du Court, 3\u00e8me!"},"content":{"rendered":"<p class=\" text-justify\">Pour \u00a0\u00a0sa 3\u00e8me\u00a0ann\u00e9e, La Caravane du court, organis\u00e9e par le FIFF Namur, le Bureau d\u2019accueil des tournages CLAP! et les Provinces de Namur, \u00a0Li\u00e8ge \u00a0et Luxembourg, fera probablement halte dans votre r\u00e9gion. Au programme de cette caravane, une projection de 5 courts m\u00e9trages belges, en pr\u00e9sence des r\u00e9alisateurs.<\/p>\n<p class=\" text-justify\"><!--more--><\/p>\n<p class=\" text-justify\">\n<p class=\" text-justify\">\n<p>&nbsp;<br \/>\n&nbsp;<br \/>\n&nbsp;<\/p>\n<p class=\" text-justify\">Cette caravane, itin\u00e9rante par nature, sillonne les r\u00e9gions de Namur, Li\u00e8ge et Luxembourg, trois semaines durant. Chaque \u00ab\u00a0\u00e9tape\u00a0\u00bb a sa sp\u00e9cificit\u00e9 et son programme, ses films et ses invit\u00e9s. Si l&rsquo;\u00e9v\u00e8nement se d\u00e9cline avec un large succ\u00e8s cette ann\u00e9e aupr\u00e8s du public scolaire, il \u00e9tait aussi l&rsquo;occasion exceptionnelle de rencontrer pr\u00e8s de chez vous des r\u00e9alisateurs en devenir, qui \u00e0 n&rsquo;en pas douter feront le cin\u00e9ma belge de demain.<\/p>\n<p>&nbsp;<\/p>\n<p class=\" text-justify\">Du 13 au 17 mars, la Caravane fait \u00e9tape en <strong>Province de Namur<\/strong> (Namur, Gembloux, Nismes, Rochefort, Tamines, <a href=\"http:\/\/www.fiff.be\/fr\/La-caravane-du-court\/En-Province-de-Namur\">d\u00e9tails des lieux et horaires ici<\/a>). Les films au programme sont <strong><em>Complices<\/em><\/strong> de Mathieu Mortelmans, <em><strong>Angelika<\/strong><\/em> de L\u00e9opold Legrand, <strong><em>Kwek!<\/em><\/strong> de Martin Colas, <em><strong>Jolis M\u00f4mes<\/strong><\/em> de Thomas Xhignesse, et <em><strong>Maxime et Marie<\/strong><\/em> de Nickita Trocki.<\/p>\n<p>&nbsp;<\/p>\n<p class=\" text-justify\">En voici un aper\u00e7u:<\/p>\n<p>&nbsp;<br \/>\n<iframe loading=\"lazy\" title=\"La Caravane du Court en Province de Namur - EXTRAITS\" width=\"618\" height=\"348\" src=\"https:\/\/www.youtube.com\/embed\/e8s2k7WWF9s?feature=oembed\" frameborder=\"0\" allow=\"accelerometer; autoplay; clipboard-write; encrypted-media; gyroscope; picture-in-picture; web-share\" referrerpolicy=\"strict-origin-when-cross-origin\" allowfullscreen><\/iframe><\/p>\n<p>&nbsp;<\/p>\n<hr \/>\n<p>&nbsp;<\/p>\n<p>Elle fait ensuite \u00e9tape en <strong>Province du Luxembourg<\/strong> du 20 au 23 mars (Habay-la-Vieille, Marche, \u00a0Bouillon, Virton, <a href=\"http:\/\/www.fiff.be\/fr\/La-caravane-du-court\/En-Province-de-Luxembourg\">d\u00e9tail des horaires et lieux ici<\/a>). Les films au programme sont <strong>#Burning<\/strong> de Nathalie Andr\u00e9, <strong>Steven Goes to the Park<\/strong> de Claudia Cortes Espejo, <strong>Cure<\/strong> d&rsquo;Alice Khol, <strong>Lulu<\/strong>\u00a0de Michiel Blanchart et Louise Dendra\u00ebn, <strong>XY<\/strong>\u00a0de Justine Gramme.<\/p>\n<p>&nbsp;<\/p>\n<p>En voici \u00e9galement un aper\u00e7u:<\/p>\n<p>&nbsp;<br \/>\n<iframe loading=\"lazy\" title=\"La Caravane du Court en Province de Luxembourg - EXTRAITS\" width=\"618\" height=\"348\" src=\"https:\/\/www.youtube.com\/embed\/WrXID1KI9Nc?feature=oembed\" frameborder=\"0\" allow=\"accelerometer; autoplay; clipboard-write; encrypted-media; gyroscope; picture-in-picture; web-share\" referrerpolicy=\"strict-origin-when-cross-origin\" allowfullscreen><\/iframe><\/p>\n<p>&nbsp;<\/p>\n<hr \/>\n<p>&nbsp;<\/p>\n<p>Enfin, la Caravane fera \u00e9tape en <strong>Province de Li\u00e8ge<\/strong> du 27 au 30 mars (Malm\u00e9dy, Verviers, Jupille, Li\u00e8ge, <em>d\u00e9tails des lieux et horaires ici<\/em>). Vous pourrez y d\u00e9couvrir les films suivants: <em><strong>Les Dauphines<\/strong> <\/em>de Juliette Klinke, <em><strong>Crazy Sheep<\/strong><\/em>\u00a0de Mathias Desmarres, <em><strong>Pornography<\/strong><\/em> d&rsquo;Eric Ledune, <em><strong>La Saison du Silence<\/strong><\/em> de Tizian B\u00fcchi et <em><strong>Ice Scream<\/strong><\/em> de Vincent Smitz.<\/p>\n<p>&nbsp;<\/p>\n<p>En voici les derniers extraits:<\/p>\n<p>&nbsp;<br \/>\n<iframe loading=\"lazy\" title=\"La Caravane du Court en Province de Li\u00e8ge - EXTRAITS\" width=\"618\" height=\"348\" src=\"https:\/\/www.youtube.com\/embed\/QIGV6q6hh2Y?feature=oembed\" frameborder=\"0\" allow=\"accelerometer; autoplay; clipboard-write; encrypted-media; gyroscope; picture-in-picture; web-share\" referrerpolicy=\"strict-origin-when-cross-origin\" allowfullscreen><\/iframe><\/p>\n<p>&nbsp;<\/p>\n<p><strong>Rendez-vous sur les routes du 13 au 30 mars prochains!<\/strong><\/p>\n","protected":false},"excerpt":{"rendered":"<p>Pour \u00a0\u00a0sa 3\u00e8me\u00a0ann\u00e9e, La Caravane du court, organis\u00e9e par le FIFF Namur, le Bureau d\u2019accueil des tournages CLAP! et les Provinces de Namur, \u00a0Li\u00e8ge \u00a0et Luxembourg, fera probablement halte dans votre r\u00e9gion. Au programme de cette caravane, une projection de 5 courts m\u00e9trages belges, en pr\u00e9sence des r\u00e9alisateurs.<\/p>\n","protected":false},"author":343,"featured_media":197351,"comment_status":"closed","ping_status":"closed","sticky":false,"template":"","format":"standard","meta":{"ngg_post_thumbnail":0,"footnotes":""},"categories":[12,7],"tags":[1919],"class_list":["post-197349","post","type-post","status-publish","format-standard","has-post-thumbnail","","category-awards","category-actualites","tag-philippe-van-leeuw"],"yoast_head":"<!-- This site is optimized with the Yoast SEO plugin v20.4 - https:\/\/yoast.com\/wordpress\/plugins\/seo\/ -->\n<title>La Caravane du Court, 3\u00e8me! - We Love Cinema<\/title>\n<meta name=\"robots\" content=\"index, follow, max-snippet:-1, max-image-preview:large, max-video-preview:-1\" \/>\n<link rel=\"canonical\" href=\"https:\/\/welovecinema.be\/fr\/caravane-court-3eme\/\" \/>\n<meta property=\"og:locale\" content=\"fr_FR\" \/>\n<meta property=\"og:type\" content=\"article\" \/>\n<meta property=\"og:title\" content=\"La Caravane du Court, 3\u00e8me! - We Love Cinema\" \/>\n<meta property=\"og:description\" content=\"Pour \u00a0\u00a0sa 3\u00e8me\u00a0ann\u00e9e, La Caravane du court, organis\u00e9e par le FIFF Namur, le Bureau d\u2019accueil des tournages CLAP! et les Provinces de Namur, \u00a0Li\u00e8ge \u00a0et Luxembourg, fera probablement halte dans votre r\u00e9gion. Au programme de cette caravane, une projection de 5 courts m\u00e9trages belges, en pr\u00e9sence des r\u00e9alisateurs.\" \/>\n<meta property=\"og:url\" content=\"https:\/\/welovecinema.be\/fr\/caravane-court-3eme\/\" \/>\n<meta property=\"og:site_name\" content=\"We Love Cinema\" \/>\n<meta property=\"article:publisher\" content=\"https:\/\/www.facebook.com\/welovecinema.be\" \/>\n<meta property=\"article:published_time\" content=\"2017-03-06T09:18:06+00:00\" \/>\n<meta property=\"article:modified_time\" content=\"2017-05-16T17:47:52+00:00\" \/>\n<meta property=\"og:image\" content=\"https:\/\/welovecinema.be\/wp-content\/uploads\/sites\/2\/2017\/03\/Caravane.jpeg\" \/>\n\t<meta property=\"og:image:width\" content=\"720\" \/>\n\t<meta property=\"og:image:height\" content=\"406\" \/>\n\t<meta property=\"og:image:type\" content=\"image\/jpeg\" \/>\n<meta name=\"author\" content=\"Aurore Engelen\" \/>\n<meta name=\"twitter:card\" content=\"summary_large_image\" \/>\n<meta name=\"twitter:label1\" content=\"\u00c9crit par\" \/>\n\t<meta name=\"twitter:data1\" content=\"Aurore Engelen\" \/>\n\t<meta name=\"twitter:label2\" content=\"Dur\u00e9e de lecture estim\u00e9e\" \/>\n\t<meta name=\"twitter:data2\" content=\"2 minutes\" \/>\n<script type=\"application\/ld+json\" class=\"yoast-schema-graph\">{\"@context\":\"https:\/\/schema.org\",\"@graph\":[{\"@type\":\"Article\",\"@id\":\"https:\/\/welovecinema.be\/fr\/caravane-court-3eme\/#article\",\"isPartOf\":{\"@id\":\"https:\/\/welovecinema.be\/fr\/caravane-court-3eme\/\"},\"author\":{\"name\":\"Aurore Engelen\",\"@id\":\"https:\/\/welovecinema.be\/nl\/#\/schema\/person\/8084b68c6b176142d073695c654dc7cf\"},\"headline\":\"La Caravane du Court, 3\u00e8me!\",\"datePublished\":\"2017-03-06T09:18:06+00:00\",\"dateModified\":\"2017-05-16T17:47:52+00:00\",\"mainEntityOfPage\":{\"@id\":\"https:\/\/welovecinema.be\/fr\/caravane-court-3eme\/\"},\"wordCount\":386,\"publisher\":{\"@id\":\"https:\/\/welovecinema.be\/nl\/#organization\"},\"keywords\":[\"Philippe Van Leeuw\"],\"articleSection\":[\"Evenements\",\"News\"],\"inLanguage\":\"fr-FR\"},{\"@type\":\"WebPage\",\"@id\":\"https:\/\/welovecinema.be\/fr\/caravane-court-3eme\/\",\"url\":\"https:\/\/welovecinema.be\/fr\/caravane-court-3eme\/\",\"name\":\"La Caravane du Court, 3\u00e8me! - We Love Cinema\",\"isPartOf\":{\"@id\":\"https:\/\/welovecinema.be\/nl\/#website\"},\"datePublished\":\"2017-03-06T09:18:06+00:00\",\"dateModified\":\"2017-05-16T17:47:52+00:00\",\"breadcrumb\":{\"@id\":\"https:\/\/welovecinema.be\/fr\/caravane-court-3eme\/#breadcrumb\"},\"inLanguage\":\"fr-FR\",\"potentialAction\":[{\"@type\":\"ReadAction\",\"target\":[\"https:\/\/welovecinema.be\/fr\/caravane-court-3eme\/\"]}]},{\"@type\":\"BreadcrumbList\",\"@id\":\"https:\/\/welovecinema.be\/fr\/caravane-court-3eme\/#breadcrumb\",\"itemListElement\":[{\"@type\":\"ListItem\",\"position\":1,\"name\":\"Accueil\",\"item\":\"https:\/\/welovecinema.be\/fr\/\"},{\"@type\":\"ListItem\",\"position\":2,\"name\":\"La Caravane du Court, 3\u00e8me!\"}]},{\"@type\":\"WebSite\",\"@id\":\"https:\/\/welovecinema.be\/nl\/#website\",\"url\":\"https:\/\/welovecinema.be\/nl\/\",\"name\":\"We Love Cinema\",\"description\":\"Toute l\u2019information du cin\u00e9ma en Belgique\",\"publisher\":{\"@id\":\"https:\/\/welovecinema.be\/nl\/#organization\"},\"potentialAction\":[{\"@type\":\"SearchAction\",\"target\":{\"@type\":\"EntryPoint\",\"urlTemplate\":\"https:\/\/welovecinema.be\/nl\/?s={search_term_string}\"},\"query-input\":\"required name=search_term_string\"}],\"inLanguage\":\"fr-FR\"},{\"@type\":\"Organization\",\"@id\":\"https:\/\/welovecinema.be\/nl\/#organization\",\"name\":\"We Love Cinema\",\"url\":\"https:\/\/welovecinema.be\/nl\/\",\"logo\":{\"@type\":\"ImageObject\",\"inLanguage\":\"fr-FR\",\"@id\":\"https:\/\/welovecinema.be\/nl\/#\/schema\/logo\/image\/\",\"url\":\"https:\/\/welovecinema.be\/wp-content\/uploads\/sites\/2\/2023\/03\/Logo-We-Love-Cinema305x128.jpg\",\"contentUrl\":\"https:\/\/welovecinema.be\/wp-content\/uploads\/sites\/2\/2023\/03\/Logo-We-Love-Cinema305x128.jpg\",\"width\":305,\"height\":128,\"caption\":\"We Love Cinema\"},\"image\":{\"@id\":\"https:\/\/welovecinema.be\/nl\/#\/schema\/logo\/image\/\"},\"sameAs\":[\"https:\/\/www.facebook.com\/welovecinema.be\",\"https:\/\/www.youtube.com\/channel\/UCX5LYGVhnKvYauW4Nta4HJA\",\"https:\/\/www.instagram.com\/welovecinema.be\/\"]},{\"@type\":\"Person\",\"@id\":\"https:\/\/welovecinema.be\/nl\/#\/schema\/person\/8084b68c6b176142d073695c654dc7cf\",\"name\":\"Aurore Engelen\",\"url\":\"https:\/\/welovecinema.be\/fr\/author\/aurore-engelen\/\"}]}<\/script>\n<!-- \/ Yoast SEO plugin. -->","yoast_head_json":{"title":"La Caravane du Court, 3\u00e8me! - We Love Cinema","robots":{"index":"index","follow":"follow","max-snippet":"max-snippet:-1","max-image-preview":"max-image-preview:large","max-video-preview":"max-video-preview:-1"},"canonical":"https:\/\/welovecinema.be\/fr\/caravane-court-3eme\/","og_locale":"fr_FR","og_type":"article","og_title":"La Caravane du Court, 3\u00e8me! - We Love Cinema","og_description":"Pour \u00a0\u00a0sa 3\u00e8me\u00a0ann\u00e9e, La Caravane du court, organis\u00e9e par le FIFF Namur, le Bureau d\u2019accueil des tournages CLAP! et les Provinces de Namur, \u00a0Li\u00e8ge \u00a0et Luxembourg, fera probablement halte dans votre r\u00e9gion. Au programme de cette caravane, une projection de 5 courts m\u00e9trages belges, en pr\u00e9sence des r\u00e9alisateurs.","og_url":"https:\/\/welovecinema.be\/fr\/caravane-court-3eme\/","og_site_name":"We Love Cinema","article_publisher":"https:\/\/www.facebook.com\/welovecinema.be","article_published_time":"2017-03-06T09:18:06+00:00","article_modified_time":"2017-05-16T17:47:52+00:00","og_image":[{"width":720,"height":406,"url":"https:\/\/welovecinema.be\/wp-content\/uploads\/sites\/2\/2017\/03\/Caravane.jpeg","type":"image\/jpeg"}],"author":"Aurore Engelen","twitter_card":"summary_large_image","twitter_misc":{"\u00c9crit par":"Aurore Engelen","Dur\u00e9e de lecture estim\u00e9e":"2 minutes"},"schema":{"@context":"https:\/\/schema.org","@graph":[{"@type":"Article","@id":"https:\/\/welovecinema.be\/fr\/caravane-court-3eme\/#article","isPartOf":{"@id":"https:\/\/welovecinema.be\/fr\/caravane-court-3eme\/"},"author":{"name":"Aurore Engelen","@id":"https:\/\/welovecinema.be\/nl\/#\/schema\/person\/8084b68c6b176142d073695c654dc7cf"},"headline":"La Caravane du Court, 3\u00e8me!","datePublished":"2017-03-06T09:18:06+00:00","dateModified":"2017-05-16T17:47:52+00:00","mainEntityOfPage":{"@id":"https:\/\/welovecinema.be\/fr\/caravane-court-3eme\/"},"wordCount":386,"publisher":{"@id":"https:\/\/welovecinema.be\/nl\/#organization"},"keywords":["Philippe Van Leeuw"],"articleSection":["Evenements","News"],"inLanguage":"fr-FR"},{"@type":"WebPage","@id":"https:\/\/welovecinema.be\/fr\/caravane-court-3eme\/","url":"https:\/\/welovecinema.be\/fr\/caravane-court-3eme\/","name":"La Caravane du Court, 3\u00e8me! - We Love Cinema","isPartOf":{"@id":"https:\/\/welovecinema.be\/nl\/#website"},"datePublished":"2017-03-06T09:18:06+00:00","dateModified":"2017-05-16T17:47:52+00:00","breadcrumb":{"@id":"https:\/\/welovecinema.be\/fr\/caravane-court-3eme\/#breadcrumb"},"inLanguage":"fr-FR","potentialAction":[{"@type":"ReadAction","target":["https:\/\/welovecinema.be\/fr\/caravane-court-3eme\/"]}]},{"@type":"BreadcrumbList","@id":"https:\/\/welovecinema.be\/fr\/caravane-court-3eme\/#breadcrumb","itemListElement":[{"@type":"ListItem","position":1,"name":"Accueil","item":"https:\/\/welovecinema.be\/fr\/"},{"@type":"ListItem","position":2,"name":"La Caravane du Court, 3\u00e8me!"}]},{"@type":"WebSite","@id":"https:\/\/welovecinema.be\/nl\/#website","url":"https:\/\/welovecinema.be\/nl\/","name":"We Love Cinema","description":"Toute l\u2019information du cin\u00e9ma en Belgique","publisher":{"@id":"https:\/\/welovecinema.be\/nl\/#organization"},"potentialAction":[{"@type":"SearchAction","target":{"@type":"EntryPoint","urlTemplate":"https:\/\/welovecinema.be\/nl\/?s={search_term_string}"},"query-input":"required name=search_term_string"}],"inLanguage":"fr-FR"},{"@type":"Organization","@id":"https:\/\/welovecinema.be\/nl\/#organization","name":"We Love Cinema","url":"https:\/\/welovecinema.be\/nl\/","logo":{"@type":"ImageObject","inLanguage":"fr-FR","@id":"https:\/\/welovecinema.be\/nl\/#\/schema\/logo\/image\/","url":"https:\/\/welovecinema.be\/wp-content\/uploads\/sites\/2\/2023\/03\/Logo-We-Love-Cinema305x128.jpg","contentUrl":"https:\/\/welovecinema.be\/wp-content\/uploads\/sites\/2\/2023\/03\/Logo-We-Love-Cinema305x128.jpg","width":305,"height":128,"caption":"We Love Cinema"},"image":{"@id":"https:\/\/welovecinema.be\/nl\/#\/schema\/logo\/image\/"},"sameAs":["https:\/\/www.facebook.com\/welovecinema.be","https:\/\/www.youtube.com\/channel\/UCX5LYGVhnKvYauW4Nta4HJA","https:\/\/www.instagram.com\/welovecinema.be\/"]},{"@type":"Person","@id":"https:\/\/welovecinema.be\/nl\/#\/schema\/person\/8084b68c6b176142d073695c654dc7cf","name":"Aurore Engelen","url":"https:\/\/welovecinema.be\/fr\/author\/aurore-engelen\/"}]}},"_links":{"self":[{"href":"https:\/\/welovecinema.be\/fr\/wp-json\/wp\/v2\/posts\/197349","targetHints":{"allow":["GET"]}}],"collection":[{"href":"https:\/\/welovecinema.be\/fr\/wp-json\/wp\/v2\/posts"}],"about":[{"href":"https:\/\/welovecinema.be\/fr\/wp-json\/wp\/v2\/types\/post"}],"author":[{"embeddable":true,"href":"https:\/\/welovecinema.be\/fr\/wp-json\/wp\/v2\/users\/343"}],"replies":[{"embeddable":true,"href":"https:\/\/welovecinema.be\/fr\/wp-json\/wp\/v2\/comments?post=197349"}],"version-history":[{"count":0,"href":"https:\/\/welovecinema.be\/fr\/wp-json\/wp\/v2\/posts\/197349\/revisions"}],"wp:featuredmedia":[{"embeddable":true,"href":"https:\/\/welovecinema.be\/fr\/wp-json\/wp\/v2\/media\/197351"}],"wp:attachment":[{"href":"https:\/\/welovecinema.be\/fr\/wp-json\/wp\/v2\/media?parent=197349"}],"wp:term":[{"taxonomy":"category","embeddable":true,"href":"https:\/\/welovecinema.be\/fr\/wp-json\/wp\/v2\/categories?post=197349"},{"taxonomy":"post_tag","embeddable":true,"href":"https:\/\/welovecinema.be\/fr\/wp-json\/wp\/v2\/tags?post=197349"}],"curies":[{"name":"wp","href":"https:\/\/api.w.org\/{rel}","templated":true}]}}