{"id":196523,"date":"2017-02-08T15:27:20","date_gmt":"2017-02-08T14:27:20","guid":{"rendered":"http:\/\/www.cinevox.be\/?p=96523"},"modified":"2017-02-08T15:38:33","modified_gmt":"2017-02-08T14:38:33","slug":"bigfoot-bouli-lanners-treve-2-au-casting-de-wallimage","status":"publish","type":"post","link":"https:\/\/welovecinema.be\/fr\/bigfoot-bouli-lanners-treve-2-au-casting-de-wallimage\/","title":{"rendered":"Bigfoot, Bouli Lanners et \u00ab\u00a0La Tr\u00eave 2\u00a0\u00bb au casting de Wallimage"},"content":{"rendered":"<p>Wallimage, fonds d&rsquo;investissement r\u00e9gional wallon, soutient le secteur audiovisuel en Wallonie depuis plus de 15 ans. Le fonds vient d&rsquo;annoncer qu&rsquo;il soutiendra quelques projets d&rsquo;envergure dans les prochains mois!<\/p>\n<p><!--more--><\/p>\n<p>&nbsp;<\/p>\n<p>&nbsp;<\/p>\n<p>&nbsp;<\/p>\n<p>&nbsp;<\/p>\n<p>&nbsp;<\/p>\n<p>&nbsp;<\/p>\n<p>&nbsp;<\/p>\n<p>Pour commencer, et <a href=\"http:\/\/www.cinevox.be\/93580\">comme screen.brussels en d\u00e9cembre dernier<\/a>, Wallimage apportera son soutien \u00e0 <em><strong>The Son of Bigfoot<\/strong><\/em>, le nouveau projet de <strong>Ben Stassen<\/strong>, le pape de la 3D en Belgique, et l&rsquo;un des princes en la mati\u00e8re au niveau mondial. Ses films ont \u00e0 plus de trois reprises d\u00e9pass\u00e9 les 10 millions d&rsquo;entr\u00e9es, rien que \u00e7a, et on lui doit ces derni\u00e8res ann\u00e9es <em>Les Aventures de Samy, Le Manoir Magique<\/em> ou encore <em>Robinson Cruso\u00e9. Bigfoot Junior<\/em> (titre fran\u00e7ais), suit les traces d&rsquo;Adam, un adolescent r\u00eaveur et solitaire, dot\u00e9 de pouvoirs surnaturels, qui d\u00e9cide de partir \u00e0 la recherche de son p\u00e8re, disparu depuis des ann\u00e9es dans des circonstances plus que myst\u00e9rieuses. Son enqu\u00eate le m\u00e8ne rapidement \u00e0 la rencontre d\u2019une cr\u00e9ature tout aussi magique que l\u00e9gendaire : Le Bigfoot ! Commence alors pour eux deux une aventure extraordinaire au c\u0153ur de la for\u00eat peupl\u00e9e d\u2019adorables animaux, sans savoir qu\u2019une dangereuse organisation est sur leurs traces et pr\u00eate \u00e0 tout pour mettre la main sur le Bigfoot\u2026 Sortie esp\u00e9r\u00e9e \u00e0 l&rsquo;\u00e9t\u00e9 2017!<\/p>\n<p>&nbsp;<\/p>\n<p><img loading=\"lazy\" decoding=\"async\" class=\"alignnone size-full wp-image-96525\" src=\"http:\/\/www.cinevox.be\/wp-content\/uploads\/sites\/2\/2017\/02\/Son-Of-Bigfoot.jpg\" alt=\"\" width=\"425\" height=\"282\" \/><\/p>\n<p>&nbsp;<\/p>\n<p>&nbsp;<\/p>\n<p>Wallimage soutiendra \u00e9galement le troisi\u00e8me long m\u00e9trage de David Lambert. Apr\u00e8s <em>Hors les murs<\/em>, une histoire d&rsquo;amour impossible entre deux jeunes musiciens, s\u00e9par\u00e9s par les barreaux d&rsquo;une prison, et <em>Je suis \u00e0 toi<\/em>, encore une histoire d&rsquo;amour impossible, cette fois entre un jeune gigolo argentin d\u00e9barqu\u00e9 en Belgique, un boulanger esseul\u00e9, et une jeune boulang\u00e8re insaisissable, le r\u00e9alisateur se penche \u00e0 nouveau sur une histoire d&rsquo;amour qui sur le papier a tout d&rsquo;un d\u00e9fi insurmontable, un projet de mariage blanc entre deux \u00eatres que tout oppose. On retrouvera au casting de <em><strong>Troisi\u00e8mes Noces<\/strong><\/em>, \u00e0 nouveau\u00a0produit par les li\u00e9geois de Frakas, un autre li\u00e9geois, Bouli Lanners, ainsi que la com\u00e9dienne Virginie Hocq.<\/p>\n<p>&nbsp;<\/p>\n<p><img loading=\"lazy\" decoding=\"async\" class=\"alignnone size-large wp-image-96526\" src=\"http:\/\/www.cinevox.be\/wp-content\/uploads\/sites\/2\/2017\/02\/Bouli-Lanners-800x450.jpg\" alt=\"\" width=\"640\" height=\"360\" \/> <img loading=\"lazy\" decoding=\"async\" class=\"alignnone size-large wp-image-96527\" src=\"http:\/\/www.cinevox.be\/wp-content\/uploads\/sites\/2\/2017\/02\/David-Lambert-800x450.jpg\" alt=\"\" width=\"640\" height=\"360\" \/><\/p>\n<p>&nbsp;<\/p>\n<p>&nbsp;<\/p>\n<p>Le fonds soutient \u00e9galement depuis de nombreuses ann\u00e9es les projets t\u00e9l\u00e9visuels, et ce sera notamment le cas pour la tr\u00e8s attendue deuxi\u00e8me saison de <strong><em>La Tr\u00eave<\/em><\/strong>, v\u00e9ritablement succ\u00e8s d&rsquo;audience sur la RTBF, et qui s&rsquo;est largement vendu dans le monde entier. On retrouve m\u00eame la premi\u00e8re saison sur Netflix dans de nombreux territoires, dont l&rsquo;Am\u00e9rique du Nord. On ne sait pas encore grand chose de cette deuxi\u00e8me saison, si ce n&rsquo;est que l&rsquo;inspecteur Yoann Peeters reprend du service, quelques ann\u00e9es plus tard. Le r\u00f4le sera bien s\u00fbr repris par Yoann Blanc, aur\u00e9ol\u00e9 de son Magritte tout juste re\u00e7u pour \u00ab\u00a0Un homme \u00e0 la mer\u00a0\u00bb! On sait n\u00e9anmoins que le tournage se pr\u00e9pare activement, et que H\u00e9licotronc, toujours aux manettes de cette deuxi\u00e8me saison, semble avoir r\u00e9ussi \u00e0 lever des fonds suppl\u00e9mentaires. On s&rsquo;en r\u00e9jouit!<\/p>\n<p>&nbsp;<\/p>\n<p><img loading=\"lazy\" decoding=\"async\" class=\"alignnone size-full wp-image-96528\" src=\"http:\/\/www.cinevox.be\/wp-content\/uploads\/sites\/2\/2017\/02\/La-Treve.jpg\" alt=\"\" width=\"624\" height=\"351\" \/><\/p>\n<p>&nbsp;<\/p>\n<p>&nbsp;<\/p>\n<p>On notera \u00e9galement la mise en route d&rsquo;une s\u00e9rie pour jeune public en live action initi\u00e9e en Belgique francophone, une premi\u00e8re depuis&#8230; pr\u00e8s de 40 ans! Il s&rsquo;agit d&rsquo;un format peu commun, 25x10mn, et la s\u00e9rie s&rsquo;appellera <em><strong>Quasi Lucas<\/strong><\/em>.<\/p>\n<p>&nbsp;<\/p>\n<p>Rendez-vous sur le grand et le petit \u00e9cran?<\/p>\n","protected":false},"excerpt":{"rendered":"<p>Wallimage, fonds d&rsquo;investissement r\u00e9gional wallon, soutient le secteur audiovisuel en Wallonie depuis plus de 15 ans. Le fonds vient d&rsquo;annoncer qu&rsquo;il soutiendra quelques projets d&rsquo;envergure dans les prochains mois!<\/p>\n","protected":false},"author":343,"featured_media":196533,"comment_status":"closed","ping_status":"closed","sticky":false,"template":"","format":"standard","meta":{"ngg_post_thumbnail":0,"footnotes":""},"categories":[53,7],"tags":[1905,1906,1878],"class_list":["post-196523","post","type-post","status-publish","format-standard","has-post-thumbnail","","category-coming-soon","category-actualites","tag-angle-mort","tag-dode-hoek-fr","tag-la-treve"],"yoast_head":"<!-- This site is optimized with the Yoast SEO plugin v20.4 - https:\/\/yoast.com\/wordpress\/plugins\/seo\/ -->\n<title>Bigfoot, Bouli Lanners et &quot;La Tr\u00eave 2&quot; au casting de Wallimage - We Love Cinema<\/title>\n<meta name=\"robots\" content=\"index, follow, max-snippet:-1, max-image-preview:large, max-video-preview:-1\" \/>\n<link rel=\"canonical\" href=\"https:\/\/welovecinema.be\/fr\/bigfoot-bouli-lanners-treve-2-au-casting-de-wallimage\/\" \/>\n<meta property=\"og:locale\" content=\"fr_FR\" \/>\n<meta property=\"og:type\" content=\"article\" \/>\n<meta property=\"og:title\" content=\"Bigfoot, Bouli Lanners et &quot;La Tr\u00eave 2&quot; au casting de Wallimage - We Love Cinema\" \/>\n<meta property=\"og:description\" content=\"Wallimage, fonds d&rsquo;investissement r\u00e9gional wallon, soutient le secteur audiovisuel en Wallonie depuis plus de 15 ans. Le fonds vient d&rsquo;annoncer qu&rsquo;il soutiendra quelques projets d&rsquo;envergure dans les prochains mois!\" \/>\n<meta property=\"og:url\" content=\"https:\/\/welovecinema.be\/fr\/bigfoot-bouli-lanners-treve-2-au-casting-de-wallimage\/\" \/>\n<meta property=\"og:site_name\" content=\"We Love Cinema\" \/>\n<meta property=\"article:publisher\" content=\"https:\/\/www.facebook.com\/welovecinema.be\" \/>\n<meta property=\"article:published_time\" content=\"2017-02-08T14:27:20+00:00\" \/>\n<meta property=\"article:modified_time\" content=\"2017-02-08T14:38:33+00:00\" \/>\n<meta property=\"og:image\" content=\"https:\/\/welovecinema.be\/wp-content\/uploads\/sites\/2\/2017\/02\/La-treve-tournage.jpg\" \/>\n\t<meta property=\"og:image:width\" content=\"624\" \/>\n\t<meta property=\"og:image:height\" content=\"351\" \/>\n\t<meta property=\"og:image:type\" content=\"image\/jpeg\" \/>\n<meta name=\"author\" content=\"Aurore Engelen\" \/>\n<meta name=\"twitter:card\" content=\"summary_large_image\" \/>\n<meta name=\"twitter:label1\" content=\"\u00c9crit par\" \/>\n\t<meta name=\"twitter:data1\" content=\"Aurore Engelen\" \/>\n\t<meta name=\"twitter:label2\" content=\"Dur\u00e9e de lecture estim\u00e9e\" \/>\n\t<meta name=\"twitter:data2\" content=\"3 minutes\" \/>\n<script type=\"application\/ld+json\" class=\"yoast-schema-graph\">{\"@context\":\"https:\/\/schema.org\",\"@graph\":[{\"@type\":\"Article\",\"@id\":\"https:\/\/welovecinema.be\/fr\/bigfoot-bouli-lanners-treve-2-au-casting-de-wallimage\/#article\",\"isPartOf\":{\"@id\":\"https:\/\/welovecinema.be\/fr\/bigfoot-bouli-lanners-treve-2-au-casting-de-wallimage\/\"},\"author\":{\"name\":\"Aurore Engelen\",\"@id\":\"https:\/\/welovecinema.be\/nl\/#\/schema\/person\/8084b68c6b176142d073695c654dc7cf\"},\"headline\":\"Bigfoot, Bouli Lanners et \u00ab\u00a0La Tr\u00eave 2\u00a0\u00bb au casting de Wallimage\",\"datePublished\":\"2017-02-08T14:27:20+00:00\",\"dateModified\":\"2017-02-08T14:38:33+00:00\",\"mainEntityOfPage\":{\"@id\":\"https:\/\/welovecinema.be\/fr\/bigfoot-bouli-lanners-treve-2-au-casting-de-wallimage\/\"},\"wordCount\":597,\"publisher\":{\"@id\":\"https:\/\/welovecinema.be\/nl\/#organization\"},\"keywords\":[\"Angle Mort\",\"Dode Hoek @fr\",\"La Treve\"],\"articleSection\":[\"Coming soon\",\"News\"],\"inLanguage\":\"fr-FR\"},{\"@type\":\"WebPage\",\"@id\":\"https:\/\/welovecinema.be\/fr\/bigfoot-bouli-lanners-treve-2-au-casting-de-wallimage\/\",\"url\":\"https:\/\/welovecinema.be\/fr\/bigfoot-bouli-lanners-treve-2-au-casting-de-wallimage\/\",\"name\":\"Bigfoot, Bouli Lanners et \\\"La Tr\u00eave 2\\\" au casting de Wallimage - We Love Cinema\",\"isPartOf\":{\"@id\":\"https:\/\/welovecinema.be\/nl\/#website\"},\"datePublished\":\"2017-02-08T14:27:20+00:00\",\"dateModified\":\"2017-02-08T14:38:33+00:00\",\"breadcrumb\":{\"@id\":\"https:\/\/welovecinema.be\/fr\/bigfoot-bouli-lanners-treve-2-au-casting-de-wallimage\/#breadcrumb\"},\"inLanguage\":\"fr-FR\",\"potentialAction\":[{\"@type\":\"ReadAction\",\"target\":[\"https:\/\/welovecinema.be\/fr\/bigfoot-bouli-lanners-treve-2-au-casting-de-wallimage\/\"]}]},{\"@type\":\"BreadcrumbList\",\"@id\":\"https:\/\/welovecinema.be\/fr\/bigfoot-bouli-lanners-treve-2-au-casting-de-wallimage\/#breadcrumb\",\"itemListElement\":[{\"@type\":\"ListItem\",\"position\":1,\"name\":\"Accueil\",\"item\":\"https:\/\/welovecinema.be\/fr\/\"},{\"@type\":\"ListItem\",\"position\":2,\"name\":\"Bigfoot, Bouli Lanners et \u00ab\u00a0La Tr\u00eave 2\u00a0\u00bb au casting de Wallimage\"}]},{\"@type\":\"WebSite\",\"@id\":\"https:\/\/welovecinema.be\/nl\/#website\",\"url\":\"https:\/\/welovecinema.be\/nl\/\",\"name\":\"We Love Cinema\",\"description\":\"Toute l\u2019information du cin\u00e9ma en Belgique\",\"publisher\":{\"@id\":\"https:\/\/welovecinema.be\/nl\/#organization\"},\"potentialAction\":[{\"@type\":\"SearchAction\",\"target\":{\"@type\":\"EntryPoint\",\"urlTemplate\":\"https:\/\/welovecinema.be\/nl\/?s={search_term_string}\"},\"query-input\":\"required name=search_term_string\"}],\"inLanguage\":\"fr-FR\"},{\"@type\":\"Organization\",\"@id\":\"https:\/\/welovecinema.be\/nl\/#organization\",\"name\":\"We Love Cinema\",\"url\":\"https:\/\/welovecinema.be\/nl\/\",\"logo\":{\"@type\":\"ImageObject\",\"inLanguage\":\"fr-FR\",\"@id\":\"https:\/\/welovecinema.be\/nl\/#\/schema\/logo\/image\/\",\"url\":\"https:\/\/welovecinema.be\/wp-content\/uploads\/sites\/2\/2023\/03\/Logo-We-Love-Cinema305x128.jpg\",\"contentUrl\":\"https:\/\/welovecinema.be\/wp-content\/uploads\/sites\/2\/2023\/03\/Logo-We-Love-Cinema305x128.jpg\",\"width\":305,\"height\":128,\"caption\":\"We Love Cinema\"},\"image\":{\"@id\":\"https:\/\/welovecinema.be\/nl\/#\/schema\/logo\/image\/\"},\"sameAs\":[\"https:\/\/www.facebook.com\/welovecinema.be\",\"https:\/\/www.youtube.com\/channel\/UCX5LYGVhnKvYauW4Nta4HJA\",\"https:\/\/www.instagram.com\/welovecinema.be\/\"]},{\"@type\":\"Person\",\"@id\":\"https:\/\/welovecinema.be\/nl\/#\/schema\/person\/8084b68c6b176142d073695c654dc7cf\",\"name\":\"Aurore Engelen\",\"url\":\"https:\/\/welovecinema.be\/fr\/author\/aurore-engelen\/\"}]}<\/script>\n<!-- \/ Yoast SEO plugin. -->","yoast_head_json":{"title":"Bigfoot, Bouli Lanners et \"La Tr\u00eave 2\" au casting de Wallimage - We Love Cinema","robots":{"index":"index","follow":"follow","max-snippet":"max-snippet:-1","max-image-preview":"max-image-preview:large","max-video-preview":"max-video-preview:-1"},"canonical":"https:\/\/welovecinema.be\/fr\/bigfoot-bouli-lanners-treve-2-au-casting-de-wallimage\/","og_locale":"fr_FR","og_type":"article","og_title":"Bigfoot, Bouli Lanners et \"La Tr\u00eave 2\" au casting de Wallimage - We Love Cinema","og_description":"Wallimage, fonds d&rsquo;investissement r\u00e9gional wallon, soutient le secteur audiovisuel en Wallonie depuis plus de 15 ans. Le fonds vient d&rsquo;annoncer qu&rsquo;il soutiendra quelques projets d&rsquo;envergure dans les prochains mois!","og_url":"https:\/\/welovecinema.be\/fr\/bigfoot-bouli-lanners-treve-2-au-casting-de-wallimage\/","og_site_name":"We Love Cinema","article_publisher":"https:\/\/www.facebook.com\/welovecinema.be","article_published_time":"2017-02-08T14:27:20+00:00","article_modified_time":"2017-02-08T14:38:33+00:00","og_image":[{"width":624,"height":351,"url":"https:\/\/welovecinema.be\/wp-content\/uploads\/sites\/2\/2017\/02\/La-treve-tournage.jpg","type":"image\/jpeg"}],"author":"Aurore Engelen","twitter_card":"summary_large_image","twitter_misc":{"\u00c9crit par":"Aurore Engelen","Dur\u00e9e de lecture estim\u00e9e":"3 minutes"},"schema":{"@context":"https:\/\/schema.org","@graph":[{"@type":"Article","@id":"https:\/\/welovecinema.be\/fr\/bigfoot-bouli-lanners-treve-2-au-casting-de-wallimage\/#article","isPartOf":{"@id":"https:\/\/welovecinema.be\/fr\/bigfoot-bouli-lanners-treve-2-au-casting-de-wallimage\/"},"author":{"name":"Aurore Engelen","@id":"https:\/\/welovecinema.be\/nl\/#\/schema\/person\/8084b68c6b176142d073695c654dc7cf"},"headline":"Bigfoot, Bouli Lanners et \u00ab\u00a0La Tr\u00eave 2\u00a0\u00bb au casting de Wallimage","datePublished":"2017-02-08T14:27:20+00:00","dateModified":"2017-02-08T14:38:33+00:00","mainEntityOfPage":{"@id":"https:\/\/welovecinema.be\/fr\/bigfoot-bouli-lanners-treve-2-au-casting-de-wallimage\/"},"wordCount":597,"publisher":{"@id":"https:\/\/welovecinema.be\/nl\/#organization"},"keywords":["Angle Mort","Dode Hoek @fr","La Treve"],"articleSection":["Coming soon","News"],"inLanguage":"fr-FR"},{"@type":"WebPage","@id":"https:\/\/welovecinema.be\/fr\/bigfoot-bouli-lanners-treve-2-au-casting-de-wallimage\/","url":"https:\/\/welovecinema.be\/fr\/bigfoot-bouli-lanners-treve-2-au-casting-de-wallimage\/","name":"Bigfoot, Bouli Lanners et \"La Tr\u00eave 2\" au casting de Wallimage - We Love Cinema","isPartOf":{"@id":"https:\/\/welovecinema.be\/nl\/#website"},"datePublished":"2017-02-08T14:27:20+00:00","dateModified":"2017-02-08T14:38:33+00:00","breadcrumb":{"@id":"https:\/\/welovecinema.be\/fr\/bigfoot-bouli-lanners-treve-2-au-casting-de-wallimage\/#breadcrumb"},"inLanguage":"fr-FR","potentialAction":[{"@type":"ReadAction","target":["https:\/\/welovecinema.be\/fr\/bigfoot-bouli-lanners-treve-2-au-casting-de-wallimage\/"]}]},{"@type":"BreadcrumbList","@id":"https:\/\/welovecinema.be\/fr\/bigfoot-bouli-lanners-treve-2-au-casting-de-wallimage\/#breadcrumb","itemListElement":[{"@type":"ListItem","position":1,"name":"Accueil","item":"https:\/\/welovecinema.be\/fr\/"},{"@type":"ListItem","position":2,"name":"Bigfoot, Bouli Lanners et \u00ab\u00a0La Tr\u00eave 2\u00a0\u00bb au casting de Wallimage"}]},{"@type":"WebSite","@id":"https:\/\/welovecinema.be\/nl\/#website","url":"https:\/\/welovecinema.be\/nl\/","name":"We Love Cinema","description":"Toute l\u2019information du cin\u00e9ma en Belgique","publisher":{"@id":"https:\/\/welovecinema.be\/nl\/#organization"},"potentialAction":[{"@type":"SearchAction","target":{"@type":"EntryPoint","urlTemplate":"https:\/\/welovecinema.be\/nl\/?s={search_term_string}"},"query-input":"required name=search_term_string"}],"inLanguage":"fr-FR"},{"@type":"Organization","@id":"https:\/\/welovecinema.be\/nl\/#organization","name":"We Love Cinema","url":"https:\/\/welovecinema.be\/nl\/","logo":{"@type":"ImageObject","inLanguage":"fr-FR","@id":"https:\/\/welovecinema.be\/nl\/#\/schema\/logo\/image\/","url":"https:\/\/welovecinema.be\/wp-content\/uploads\/sites\/2\/2023\/03\/Logo-We-Love-Cinema305x128.jpg","contentUrl":"https:\/\/welovecinema.be\/wp-content\/uploads\/sites\/2\/2023\/03\/Logo-We-Love-Cinema305x128.jpg","width":305,"height":128,"caption":"We Love Cinema"},"image":{"@id":"https:\/\/welovecinema.be\/nl\/#\/schema\/logo\/image\/"},"sameAs":["https:\/\/www.facebook.com\/welovecinema.be","https:\/\/www.youtube.com\/channel\/UCX5LYGVhnKvYauW4Nta4HJA","https:\/\/www.instagram.com\/welovecinema.be\/"]},{"@type":"Person","@id":"https:\/\/welovecinema.be\/nl\/#\/schema\/person\/8084b68c6b176142d073695c654dc7cf","name":"Aurore Engelen","url":"https:\/\/welovecinema.be\/fr\/author\/aurore-engelen\/"}]}},"_links":{"self":[{"href":"https:\/\/welovecinema.be\/fr\/wp-json\/wp\/v2\/posts\/196523","targetHints":{"allow":["GET"]}}],"collection":[{"href":"https:\/\/welovecinema.be\/fr\/wp-json\/wp\/v2\/posts"}],"about":[{"href":"https:\/\/welovecinema.be\/fr\/wp-json\/wp\/v2\/types\/post"}],"author":[{"embeddable":true,"href":"https:\/\/welovecinema.be\/fr\/wp-json\/wp\/v2\/users\/343"}],"replies":[{"embeddable":true,"href":"https:\/\/welovecinema.be\/fr\/wp-json\/wp\/v2\/comments?post=196523"}],"version-history":[{"count":0,"href":"https:\/\/welovecinema.be\/fr\/wp-json\/wp\/v2\/posts\/196523\/revisions"}],"wp:featuredmedia":[{"embeddable":true,"href":"https:\/\/welovecinema.be\/fr\/wp-json\/wp\/v2\/media\/196533"}],"wp:attachment":[{"href":"https:\/\/welovecinema.be\/fr\/wp-json\/wp\/v2\/media?parent=196523"}],"wp:term":[{"taxonomy":"category","embeddable":true,"href":"https:\/\/welovecinema.be\/fr\/wp-json\/wp\/v2\/categories?post=196523"},{"taxonomy":"post_tag","embeddable":true,"href":"https:\/\/welovecinema.be\/fr\/wp-json\/wp\/v2\/tags?post=196523"}],"curies":[{"name":"wp","href":"https:\/\/api.w.org\/{rel}","templated":true}]}}