{"id":196263,"date":"2017-02-05T15:15:14","date_gmt":"2017-02-05T14:15:14","guid":{"rendered":"http:\/\/www.cinevox.be\/?p=96263"},"modified":"2017-02-05T21:13:18","modified_gmt":"2017-02-05T20:13:18","slug":"cinevox-happening-special-magritte-cinema-paris-pieds-nus-photos","status":"publish","type":"post","link":"https:\/\/welovecinema.be\/fr\/cinevox-happening-special-magritte-cinema-paris-pieds-nus-photos\/","title":{"rendered":"Cinevox Happening sp\u00e9cial Magritte du Cin\u00e9ma et \u00ab\u00a0Paris Pieds Nus\u00a0\u00bb: les photos"},"content":{"rendered":"<p>Hier soir avait lieu une nouvelle \u00e9dition de nos Cinevox Happenings, consacr\u00e9e aux Magritte du Cin\u00e9ma et \u00e0 la projection en hyper avant-premi\u00e8re de <a href=\"http:\/\/www.cinevox.be\/paris-pieds-nus-friandise-burlesque\"><strong><em>Paris Pieds Nus<\/em><\/strong><\/a>, le nouveau film d&rsquo;Abel &amp; Gordon. Vous \u00e9tiez nombreux \u00e0 nous rejoindre\u00a0\u00e0 l&rsquo;UGC De Brouck\u00e8re pour c\u00e9l\u00e9brer le cin\u00e9ma belge sous toutes ses formes, pour commenter la c\u00e9r\u00e9monie, partager quelques bulles, et d\u00e9couvrir le petit joyau pop du duo burlesque.<\/p>\n<p><em>Copyright photos:\u00a0<span class=\"s1\">Marie Adam-Leenaerdt<\/span><\/em><\/p>\n<p><!--more--><\/p>\n<p>&nbsp;<\/p>\n<p>La preuve en images? (retrouvez \u00e9galement un album plus \u00e9toff\u00e9e sur notre <a href=\"https:\/\/www.facebook.com\/cinevoxetvous\/\">page Facebook<\/a>)<\/p>\n<p>&nbsp;<\/p>\n<p><img loading=\"lazy\" decoding=\"async\" class=\"alignnone size-large wp-image-96264\" src=\"http:\/\/www.cinevox.be\/wp-content\/uploads\/sites\/2\/2017\/02\/DSC_8883-800x534.jpg\" alt=\"\" width=\"640\" height=\"427\" \/><\/p>\n<p><img loading=\"lazy\" decoding=\"async\" class=\"alignnone size-large wp-image-96265\" src=\"http:\/\/www.cinevox.be\/wp-content\/uploads\/sites\/2\/2017\/02\/DSC_8891-800x534.jpg\" alt=\"\" width=\"640\" height=\"427\" \/><\/p>\n<p><img loading=\"lazy\" decoding=\"async\" class=\"alignnone size-large wp-image-96266\" src=\"http:\/\/www.cinevox.be\/wp-content\/uploads\/sites\/2\/2017\/02\/DSC_8974-800x534.jpg\" alt=\"\" width=\"640\" height=\"427\" \/><\/p>\n<p><img loading=\"lazy\" decoding=\"async\" class=\"alignnone size-large wp-image-96270\" src=\"http:\/\/www.cinevox.be\/wp-content\/uploads\/sites\/2\/2017\/02\/DSC_9198-800x534.jpg\" alt=\"\" width=\"640\" height=\"427\" \/><\/p>\n<p><img loading=\"lazy\" decoding=\"async\" class=\"alignnone size-large wp-image-96271\" src=\"http:\/\/www.cinevox.be\/wp-content\/uploads\/sites\/2\/2017\/02\/DSC_9295-800x534.jpg\" alt=\"\" width=\"640\" height=\"427\" \/><\/p>\n<p><img loading=\"lazy\" decoding=\"async\" class=\"alignnone size-large wp-image-96278\" src=\"http:\/\/www.cinevox.be\/wp-content\/uploads\/sites\/2\/2017\/02\/DSC_9580-800x534.jpg\" alt=\"\" width=\"640\" height=\"427\" \/><\/p>\n<p><img loading=\"lazy\" decoding=\"async\" class=\"alignnone size-large wp-image-96280\" src=\"http:\/\/www.cinevox.be\/wp-content\/uploads\/sites\/2\/2017\/02\/DSC_9605-800x534.jpg\" alt=\"\" width=\"640\" height=\"427\" \/><\/p>\n<p><img loading=\"lazy\" decoding=\"async\" class=\"alignnone size-large wp-image-96267\" src=\"http:\/\/www.cinevox.be\/wp-content\/uploads\/sites\/2\/2017\/02\/DSC_9116-800x534.jpg\" alt=\"\" width=\"640\" height=\"427\" \/><\/p>\n<p><img loading=\"lazy\" decoding=\"async\" class=\"alignnone size-large wp-image-96282\" src=\"http:\/\/www.cinevox.be\/wp-content\/uploads\/sites\/2\/2017\/02\/DSC_9644-800x534.jpg\" alt=\"\" width=\"640\" height=\"427\" \/><\/p>\n<p>&nbsp;<\/p>\n<p><img loading=\"lazy\" decoding=\"async\" class=\"alignnone size-large wp-image-96276\" src=\"http:\/\/www.cinevox.be\/wp-content\/uploads\/sites\/2\/2017\/02\/DSC_9524-800x534.jpg\" alt=\"\" width=\"640\" height=\"427\" \/><\/p>\n<p><img loading=\"lazy\" decoding=\"async\" class=\"alignnone size-large wp-image-96284\" src=\"http:\/\/www.cinevox.be\/wp-content\/uploads\/sites\/2\/2017\/02\/DSC_9666-800x534.jpg\" alt=\"\" width=\"640\" height=\"427\" \/><\/p>\n<p><img loading=\"lazy\" decoding=\"async\" class=\"alignnone size-large wp-image-96283\" src=\"http:\/\/www.cinevox.be\/wp-content\/uploads\/sites\/2\/2017\/02\/DSC_9655-800x534.jpg\" alt=\"\" width=\"640\" height=\"427\" \/><\/p>\n<p><img loading=\"lazy\" decoding=\"async\" class=\"alignnone wp-image-96292 size-large\" src=\"http:\/\/www.cinevox.be\/wp-content\/uploads\/sites\/2\/2017\/02\/DSC_9779-800x534.jpg\" width=\"640\" height=\"427\" \/><\/p>\n<p><img loading=\"lazy\" decoding=\"async\" class=\"alignnone size-large wp-image-96285\" src=\"http:\/\/www.cinevox.be\/wp-content\/uploads\/sites\/2\/2017\/02\/DSC_9719-800x534.jpg\" alt=\"\" width=\"640\" height=\"427\" \/><\/p>\n<p><img loading=\"lazy\" decoding=\"async\" class=\"alignnone size-large wp-image-96286\" src=\"http:\/\/www.cinevox.be\/wp-content\/uploads\/sites\/2\/2017\/02\/DSC_9727-800x534.jpg\" alt=\"\" width=\"640\" height=\"427\" \/><\/p>\n<p><img loading=\"lazy\" decoding=\"async\" class=\"alignnone wp-image-96288\" src=\"http:\/\/www.cinevox.be\/wp-content\/uploads\/sites\/2\/2017\/02\/DSC_9745-400x600.jpg\" alt=\"\" width=\"320\" height=\"480\" \/><img loading=\"lazy\" decoding=\"async\" class=\"alignnone wp-image-96289\" src=\"http:\/\/www.cinevox.be\/wp-content\/uploads\/sites\/2\/2017\/02\/DSC_9746-400x600.jpg\" alt=\"\" width=\"320\" height=\"480\" \/><\/p>\n<p><img loading=\"lazy\" decoding=\"async\" class=\"alignnone size-large wp-image-96293\" src=\"http:\/\/www.cinevox.be\/wp-content\/uploads\/sites\/2\/2017\/02\/DSC_9780-800x534.jpg\" alt=\"\" width=\"640\" height=\"427\" \/><\/p>\n<p><img loading=\"lazy\" decoding=\"async\" class=\"alignnone wp-image-96294\" src=\"http:\/\/www.cinevox.be\/wp-content\/uploads\/sites\/2\/2017\/02\/DSC_9789-400x600.jpg\" alt=\"\" width=\"319\" height=\"479\" \/><img loading=\"lazy\" decoding=\"async\" class=\"alignnone wp-image-96295\" src=\"http:\/\/www.cinevox.be\/wp-content\/uploads\/sites\/2\/2017\/02\/DSC_9797-400x600.jpg\" alt=\"\" width=\"319\" height=\"479\" \/><\/p>\n<p>&nbsp;<\/p>\n<p>&nbsp;<\/p>\n<p>&nbsp;<\/p>\n","protected":false},"excerpt":{"rendered":"<p>Hier soir avait lieu une nouvelle \u00e9dition de nos Cinevox Happenings, consacr\u00e9e aux Magritte du Cin\u00e9ma et \u00e0 la projection en hyper avant-premi\u00e8re de Paris Pieds Nus, le nouveau film d&rsquo;Abel &amp; Gordon. Vous \u00e9tiez nombreux \u00e0 nous rejoindre\u00a0\u00e0 l&rsquo;UGC De Brouck\u00e8re pour c\u00e9l\u00e9brer le cin\u00e9ma belge sous toutes ses formes, pour commenter la c\u00e9r\u00e9monie, &hellip;<\/p>\n","protected":false},"author":343,"featured_media":196302,"comment_status":"closed","ping_status":"closed","sticky":false,"template":"","format":"standard","meta":{"ngg_post_thumbnail":0,"footnotes":""},"categories":[1923,7],"tags":[],"class_list":["post-196263","post","type-post","status-publish","format-standard","has-post-thumbnail","","category-en-bref","category-actualites"],"yoast_head":"<!-- This site is optimized with the Yoast SEO plugin v20.4 - https:\/\/yoast.com\/wordpress\/plugins\/seo\/ -->\n<title>Cinevox Happening sp\u00e9cial Magritte du Cin\u00e9ma et &quot;Paris Pieds Nus&quot;: les photos - We Love Cinema<\/title>\n<meta name=\"robots\" content=\"index, follow, max-snippet:-1, max-image-preview:large, max-video-preview:-1\" \/>\n<link rel=\"canonical\" href=\"https:\/\/welovecinema.be\/fr\/cinevox-happening-special-magritte-cinema-paris-pieds-nus-photos\/\" \/>\n<meta property=\"og:locale\" content=\"fr_FR\" \/>\n<meta property=\"og:type\" content=\"article\" \/>\n<meta property=\"og:title\" content=\"Cinevox Happening sp\u00e9cial Magritte du Cin\u00e9ma et &quot;Paris Pieds Nus&quot;: les photos - We Love Cinema\" \/>\n<meta property=\"og:description\" content=\"Hier soir avait lieu une nouvelle \u00e9dition de nos Cinevox Happenings, consacr\u00e9e aux Magritte du Cin\u00e9ma et \u00e0 la projection en hyper avant-premi\u00e8re de Paris Pieds Nus, le nouveau film d&rsquo;Abel &amp; Gordon. Vous \u00e9tiez nombreux \u00e0 nous rejoindre\u00a0\u00e0 l&rsquo;UGC De Brouck\u00e8re pour c\u00e9l\u00e9brer le cin\u00e9ma belge sous toutes ses formes, pour commenter la c\u00e9r\u00e9monie, &hellip;\" \/>\n<meta property=\"og:url\" content=\"https:\/\/welovecinema.be\/fr\/cinevox-happening-special-magritte-cinema-paris-pieds-nus-photos\/\" \/>\n<meta property=\"og:site_name\" content=\"We Love Cinema\" \/>\n<meta property=\"article:publisher\" content=\"https:\/\/www.facebook.com\/welovecinema.be\" \/>\n<meta property=\"article:published_time\" content=\"2017-02-05T14:15:14+00:00\" \/>\n<meta property=\"article:modified_time\" content=\"2017-02-05T20:13:18+00:00\" \/>\n<meta property=\"og:image\" content=\"https:\/\/welovecinema.be\/wp-content\/uploads\/sites\/2\/2017\/02\/DSC_9719-1.jpg\" \/>\n\t<meta property=\"og:image:width\" content=\"3680\" \/>\n\t<meta property=\"og:image:height\" content=\"2456\" \/>\n\t<meta property=\"og:image:type\" content=\"image\/jpeg\" \/>\n<meta name=\"author\" content=\"Aurore Engelen\" \/>\n<meta name=\"twitter:card\" content=\"summary_large_image\" \/>\n<meta name=\"twitter:label1\" content=\"\u00c9crit par\" \/>\n\t<meta name=\"twitter:data1\" content=\"Aurore Engelen\" \/>\n\t<meta name=\"twitter:label2\" content=\"Dur\u00e9e de lecture estim\u00e9e\" \/>\n\t<meta name=\"twitter:data2\" content=\"1 minute\" \/>\n<script type=\"application\/ld+json\" class=\"yoast-schema-graph\">{\"@context\":\"https:\/\/schema.org\",\"@graph\":[{\"@type\":\"Article\",\"@id\":\"https:\/\/welovecinema.be\/fr\/cinevox-happening-special-magritte-cinema-paris-pieds-nus-photos\/#article\",\"isPartOf\":{\"@id\":\"https:\/\/welovecinema.be\/fr\/cinevox-happening-special-magritte-cinema-paris-pieds-nus-photos\/\"},\"author\":{\"name\":\"Aurore Engelen\",\"@id\":\"https:\/\/welovecinema.be\/nl\/#\/schema\/person\/8084b68c6b176142d073695c654dc7cf\"},\"headline\":\"Cinevox Happening sp\u00e9cial Magritte du Cin\u00e9ma et \u00ab\u00a0Paris Pieds Nus\u00a0\u00bb: les photos\",\"datePublished\":\"2017-02-05T14:15:14+00:00\",\"dateModified\":\"2017-02-05T20:13:18+00:00\",\"mainEntityOfPage\":{\"@id\":\"https:\/\/welovecinema.be\/fr\/cinevox-happening-special-magritte-cinema-paris-pieds-nus-photos\/\"},\"wordCount\":116,\"publisher\":{\"@id\":\"https:\/\/welovecinema.be\/nl\/#organization\"},\"articleSection\":[\"En bref\",\"News\"],\"inLanguage\":\"fr-FR\"},{\"@type\":\"WebPage\",\"@id\":\"https:\/\/welovecinema.be\/fr\/cinevox-happening-special-magritte-cinema-paris-pieds-nus-photos\/\",\"url\":\"https:\/\/welovecinema.be\/fr\/cinevox-happening-special-magritte-cinema-paris-pieds-nus-photos\/\",\"name\":\"Cinevox Happening sp\u00e9cial Magritte du Cin\u00e9ma et \\\"Paris Pieds Nus\\\": les photos - We Love Cinema\",\"isPartOf\":{\"@id\":\"https:\/\/welovecinema.be\/nl\/#website\"},\"datePublished\":\"2017-02-05T14:15:14+00:00\",\"dateModified\":\"2017-02-05T20:13:18+00:00\",\"breadcrumb\":{\"@id\":\"https:\/\/welovecinema.be\/fr\/cinevox-happening-special-magritte-cinema-paris-pieds-nus-photos\/#breadcrumb\"},\"inLanguage\":\"fr-FR\",\"potentialAction\":[{\"@type\":\"ReadAction\",\"target\":[\"https:\/\/welovecinema.be\/fr\/cinevox-happening-special-magritte-cinema-paris-pieds-nus-photos\/\"]}]},{\"@type\":\"BreadcrumbList\",\"@id\":\"https:\/\/welovecinema.be\/fr\/cinevox-happening-special-magritte-cinema-paris-pieds-nus-photos\/#breadcrumb\",\"itemListElement\":[{\"@type\":\"ListItem\",\"position\":1,\"name\":\"Accueil\",\"item\":\"https:\/\/welovecinema.be\/fr\/\"},{\"@type\":\"ListItem\",\"position\":2,\"name\":\"Cinevox Happening sp\u00e9cial Magritte du Cin\u00e9ma et \u00ab\u00a0Paris Pieds Nus\u00a0\u00bb: les photos\"}]},{\"@type\":\"WebSite\",\"@id\":\"https:\/\/welovecinema.be\/nl\/#website\",\"url\":\"https:\/\/welovecinema.be\/nl\/\",\"name\":\"We Love Cinema\",\"description\":\"Toute l\u2019information du cin\u00e9ma en Belgique\",\"publisher\":{\"@id\":\"https:\/\/welovecinema.be\/nl\/#organization\"},\"potentialAction\":[{\"@type\":\"SearchAction\",\"target\":{\"@type\":\"EntryPoint\",\"urlTemplate\":\"https:\/\/welovecinema.be\/nl\/?s={search_term_string}\"},\"query-input\":\"required name=search_term_string\"}],\"inLanguage\":\"fr-FR\"},{\"@type\":\"Organization\",\"@id\":\"https:\/\/welovecinema.be\/nl\/#organization\",\"name\":\"We Love Cinema\",\"url\":\"https:\/\/welovecinema.be\/nl\/\",\"logo\":{\"@type\":\"ImageObject\",\"inLanguage\":\"fr-FR\",\"@id\":\"https:\/\/welovecinema.be\/nl\/#\/schema\/logo\/image\/\",\"url\":\"https:\/\/welovecinema.be\/wp-content\/uploads\/sites\/2\/2023\/03\/Logo-We-Love-Cinema305x128.jpg\",\"contentUrl\":\"https:\/\/welovecinema.be\/wp-content\/uploads\/sites\/2\/2023\/03\/Logo-We-Love-Cinema305x128.jpg\",\"width\":305,\"height\":128,\"caption\":\"We Love Cinema\"},\"image\":{\"@id\":\"https:\/\/welovecinema.be\/nl\/#\/schema\/logo\/image\/\"},\"sameAs\":[\"https:\/\/www.facebook.com\/welovecinema.be\",\"https:\/\/www.youtube.com\/channel\/UCX5LYGVhnKvYauW4Nta4HJA\",\"https:\/\/www.instagram.com\/welovecinema.be\/\"]},{\"@type\":\"Person\",\"@id\":\"https:\/\/welovecinema.be\/nl\/#\/schema\/person\/8084b68c6b176142d073695c654dc7cf\",\"name\":\"Aurore Engelen\",\"url\":\"https:\/\/welovecinema.be\/fr\/author\/aurore-engelen\/\"}]}<\/script>\n<!-- \/ Yoast SEO plugin. -->","yoast_head_json":{"title":"Cinevox Happening sp\u00e9cial Magritte du Cin\u00e9ma et \"Paris Pieds Nus\": les photos - We Love Cinema","robots":{"index":"index","follow":"follow","max-snippet":"max-snippet:-1","max-image-preview":"max-image-preview:large","max-video-preview":"max-video-preview:-1"},"canonical":"https:\/\/welovecinema.be\/fr\/cinevox-happening-special-magritte-cinema-paris-pieds-nus-photos\/","og_locale":"fr_FR","og_type":"article","og_title":"Cinevox Happening sp\u00e9cial Magritte du Cin\u00e9ma et \"Paris Pieds Nus\": les photos - We Love Cinema","og_description":"Hier soir avait lieu une nouvelle \u00e9dition de nos Cinevox Happenings, consacr\u00e9e aux Magritte du Cin\u00e9ma et \u00e0 la projection en hyper avant-premi\u00e8re de Paris Pieds Nus, le nouveau film d&rsquo;Abel &amp; Gordon. Vous \u00e9tiez nombreux \u00e0 nous rejoindre\u00a0\u00e0 l&rsquo;UGC De Brouck\u00e8re pour c\u00e9l\u00e9brer le cin\u00e9ma belge sous toutes ses formes, pour commenter la c\u00e9r\u00e9monie, &hellip;","og_url":"https:\/\/welovecinema.be\/fr\/cinevox-happening-special-magritte-cinema-paris-pieds-nus-photos\/","og_site_name":"We Love Cinema","article_publisher":"https:\/\/www.facebook.com\/welovecinema.be","article_published_time":"2017-02-05T14:15:14+00:00","article_modified_time":"2017-02-05T20:13:18+00:00","og_image":[{"width":3680,"height":2456,"url":"https:\/\/welovecinema.be\/wp-content\/uploads\/sites\/2\/2017\/02\/DSC_9719-1.jpg","type":"image\/jpeg"}],"author":"Aurore Engelen","twitter_card":"summary_large_image","twitter_misc":{"\u00c9crit par":"Aurore Engelen","Dur\u00e9e de lecture estim\u00e9e":"1 minute"},"schema":{"@context":"https:\/\/schema.org","@graph":[{"@type":"Article","@id":"https:\/\/welovecinema.be\/fr\/cinevox-happening-special-magritte-cinema-paris-pieds-nus-photos\/#article","isPartOf":{"@id":"https:\/\/welovecinema.be\/fr\/cinevox-happening-special-magritte-cinema-paris-pieds-nus-photos\/"},"author":{"name":"Aurore Engelen","@id":"https:\/\/welovecinema.be\/nl\/#\/schema\/person\/8084b68c6b176142d073695c654dc7cf"},"headline":"Cinevox Happening sp\u00e9cial Magritte du Cin\u00e9ma et \u00ab\u00a0Paris Pieds Nus\u00a0\u00bb: les photos","datePublished":"2017-02-05T14:15:14+00:00","dateModified":"2017-02-05T20:13:18+00:00","mainEntityOfPage":{"@id":"https:\/\/welovecinema.be\/fr\/cinevox-happening-special-magritte-cinema-paris-pieds-nus-photos\/"},"wordCount":116,"publisher":{"@id":"https:\/\/welovecinema.be\/nl\/#organization"},"articleSection":["En bref","News"],"inLanguage":"fr-FR"},{"@type":"WebPage","@id":"https:\/\/welovecinema.be\/fr\/cinevox-happening-special-magritte-cinema-paris-pieds-nus-photos\/","url":"https:\/\/welovecinema.be\/fr\/cinevox-happening-special-magritte-cinema-paris-pieds-nus-photos\/","name":"Cinevox Happening sp\u00e9cial Magritte du Cin\u00e9ma et \"Paris Pieds Nus\": les photos - We Love Cinema","isPartOf":{"@id":"https:\/\/welovecinema.be\/nl\/#website"},"datePublished":"2017-02-05T14:15:14+00:00","dateModified":"2017-02-05T20:13:18+00:00","breadcrumb":{"@id":"https:\/\/welovecinema.be\/fr\/cinevox-happening-special-magritte-cinema-paris-pieds-nus-photos\/#breadcrumb"},"inLanguage":"fr-FR","potentialAction":[{"@type":"ReadAction","target":["https:\/\/welovecinema.be\/fr\/cinevox-happening-special-magritte-cinema-paris-pieds-nus-photos\/"]}]},{"@type":"BreadcrumbList","@id":"https:\/\/welovecinema.be\/fr\/cinevox-happening-special-magritte-cinema-paris-pieds-nus-photos\/#breadcrumb","itemListElement":[{"@type":"ListItem","position":1,"name":"Accueil","item":"https:\/\/welovecinema.be\/fr\/"},{"@type":"ListItem","position":2,"name":"Cinevox Happening sp\u00e9cial Magritte du Cin\u00e9ma et \u00ab\u00a0Paris Pieds Nus\u00a0\u00bb: les photos"}]},{"@type":"WebSite","@id":"https:\/\/welovecinema.be\/nl\/#website","url":"https:\/\/welovecinema.be\/nl\/","name":"We Love Cinema","description":"Toute l\u2019information du cin\u00e9ma en Belgique","publisher":{"@id":"https:\/\/welovecinema.be\/nl\/#organization"},"potentialAction":[{"@type":"SearchAction","target":{"@type":"EntryPoint","urlTemplate":"https:\/\/welovecinema.be\/nl\/?s={search_term_string}"},"query-input":"required name=search_term_string"}],"inLanguage":"fr-FR"},{"@type":"Organization","@id":"https:\/\/welovecinema.be\/nl\/#organization","name":"We Love Cinema","url":"https:\/\/welovecinema.be\/nl\/","logo":{"@type":"ImageObject","inLanguage":"fr-FR","@id":"https:\/\/welovecinema.be\/nl\/#\/schema\/logo\/image\/","url":"https:\/\/welovecinema.be\/wp-content\/uploads\/sites\/2\/2023\/03\/Logo-We-Love-Cinema305x128.jpg","contentUrl":"https:\/\/welovecinema.be\/wp-content\/uploads\/sites\/2\/2023\/03\/Logo-We-Love-Cinema305x128.jpg","width":305,"height":128,"caption":"We Love Cinema"},"image":{"@id":"https:\/\/welovecinema.be\/nl\/#\/schema\/logo\/image\/"},"sameAs":["https:\/\/www.facebook.com\/welovecinema.be","https:\/\/www.youtube.com\/channel\/UCX5LYGVhnKvYauW4Nta4HJA","https:\/\/www.instagram.com\/welovecinema.be\/"]},{"@type":"Person","@id":"https:\/\/welovecinema.be\/nl\/#\/schema\/person\/8084b68c6b176142d073695c654dc7cf","name":"Aurore Engelen","url":"https:\/\/welovecinema.be\/fr\/author\/aurore-engelen\/"}]}},"_links":{"self":[{"href":"https:\/\/welovecinema.be\/fr\/wp-json\/wp\/v2\/posts\/196263","targetHints":{"allow":["GET"]}}],"collection":[{"href":"https:\/\/welovecinema.be\/fr\/wp-json\/wp\/v2\/posts"}],"about":[{"href":"https:\/\/welovecinema.be\/fr\/wp-json\/wp\/v2\/types\/post"}],"author":[{"embeddable":true,"href":"https:\/\/welovecinema.be\/fr\/wp-json\/wp\/v2\/users\/343"}],"replies":[{"embeddable":true,"href":"https:\/\/welovecinema.be\/fr\/wp-json\/wp\/v2\/comments?post=196263"}],"version-history":[{"count":0,"href":"https:\/\/welovecinema.be\/fr\/wp-json\/wp\/v2\/posts\/196263\/revisions"}],"wp:featuredmedia":[{"embeddable":true,"href":"https:\/\/welovecinema.be\/fr\/wp-json\/wp\/v2\/media\/196302"}],"wp:attachment":[{"href":"https:\/\/welovecinema.be\/fr\/wp-json\/wp\/v2\/media?parent=196263"}],"wp:term":[{"taxonomy":"category","embeddable":true,"href":"https:\/\/welovecinema.be\/fr\/wp-json\/wp\/v2\/categories?post=196263"},{"taxonomy":"post_tag","embeddable":true,"href":"https:\/\/welovecinema.be\/fr\/wp-json\/wp\/v2\/tags?post=196263"}],"curies":[{"name":"wp","href":"https:\/\/api.w.org\/{rel}","templated":true}]}}