{"id":196168,"date":"2017-02-04T22:53:04","date_gmt":"2017-02-04T21:53:04","guid":{"rendered":"http:\/\/www.cinevox.be\/?p=96168"},"modified":"2018-02-16T16:26:44","modified_gmt":"2018-02-16T15:26:44","slug":"magritte-cinema-2017-palmares","status":"publish","type":"post","link":"https:\/\/welovecinema.be\/fr\/magritte-cinema-2017-palmares\/","title":{"rendered":"Les Magritte du cin\u00e9ma 2017: le palmar\u00e8s"},"content":{"rendered":"<p>C&rsquo;est donc <em>Les Premiers les Derniers<\/em>, le quatri\u00e8me long m\u00e9trage de Bouli Lanners, qui ressort grand vainqueur de cette 7\u00e8me c\u00e9r\u00e9monie des Magritte du Cin\u00e9ma, avec 5 statuettes sur 8 possibles, dont Meilleur Film et Meilleur R\u00e9alisateur. Le film a \u00e9galement remport\u00e9 les prix des Meilleurs Costumes et des Meilleurs D\u00e9cors, et a valu la statuette du Meilleur acteur dans un second r\u00f4le \u00e0 David Murgia (d\u00e9j\u00e0 laur\u00e9at du Magritte&nbsp;du Meilleur Espoir en 2013 pour <em>La T\u00eate la Premi\u00e8re<\/em>).<\/p>\n<p><!--more--><\/p>\n<p>Cette 7\u00e8me \u00e9dition des Magritte du cin\u00e9ma \u00e9tait marqu\u00e9e par l&rsquo;\u00e9mergence d&rsquo;une nouvelle g\u00e9n\u00e9ration d&rsquo;auteurs et de r\u00e9alisateurs, et la place importante faite aux premiers films dans les nominations. Ces derniers ne sont effectivement pas en reste. <em>Je me tue \u00e0 le dire<\/em> a remport\u00e9 deux prestigieuses statuettes: le&nbsp;Magritte du Meilleur sc\u00e9nario pour l&rsquo;auteur et r\u00e9alisateur Xavier Seron, et celle du Meilleur acteur pour Jean-Jacques Rausin. On notera, une premi\u00e8re dans l&rsquo;histoire des Magritte, que Xavier Seron a re\u00e7u un prix pour un autre film en tant qu&rsquo;auteur et r\u00e9alisateur, puisqu&rsquo;il a remport\u00e9 le Magritte du Meilleur court m\u00e9trage de fiction pour <em>Le Plombier<\/em>, co-r\u00e9alis\u00e9 avec M\u00e9ryl Fortunat-Rossi, duo d\u00e9j\u00e0 couronn\u00e9 du m\u00eame prix l&rsquo;ann\u00e9e derni\u00e8re pour <em>L&rsquo;Ours Noir<\/em>!<\/p>\n<p>C&rsquo;est \u00e0 <em>Keeper<\/em>, de Guillaume Senez, qu&rsquo;est revenu le Magritte du Meilleur premier film, qui a \u00e9galement re\u00e7u celui du Meilleur montage pour Julie Brenta (d\u00e9j\u00e0 prim\u00e9e aux Magritte pour&#8230; le son de <em>L&rsquo;Exercice de l&rsquo;Etat<\/em>), ainsi que celui de la Meilleure actrice dans un second r\u00f4le pour Catherine Sal\u00e9e (elle-m\u00eame d\u00e9j\u00e0 laur\u00e9ate de ce prix pour <em>La Vie d&rsquo;Ad\u00e8le<\/em>).<\/p>\n<p>&nbsp;<\/p>\n<p>Enfin, <em>Parasol<\/em>, le troisi\u00e8me premier film en lice dans les grandes cat\u00e9gories, a re\u00e7u le prestigieux Magritte de la Meilleure image pour Olivier Boonjing (qui signe d&rsquo;ailleurs \u00e9galement celle de <em>Je me tue \u00e0 le dire<\/em>), ainsi que celui de la Meilleure musique.<\/p>\n<p>&nbsp;<\/p>\n<p>C\u00f4t\u00e9 acteur et actrice, surprise chez les femmes, ou Astrid Whettnall (<em>La Route d&rsquo;Istanbul<\/em>) et Virginie Efira (<em>Victoria<\/em>) ont remport\u00e9 le grand prix ex-aequo. Chez les espoirs, chez Salom\u00e9 Richard qui gagn\u00e9 la statuette pour <em>Baden Baden<\/em>, et Yoann Blanc pour <em>Un homme \u00e0 la mer<\/em>.<\/p>\n<p>&nbsp;<\/p>\n<p>Int\u00e9gralit\u00e9 du palmar\u00e8s ci-dessous.<\/p>\n<p>&nbsp;<\/p>\n<p><strong>Palmar\u00e8s<\/strong><\/p>\n<hr>\n<p><strong>Magritte du Meilleur Film<\/strong><\/p>\n<p>\u00ab&nbsp;Les Premiers les Derniers&nbsp;\u00bb de Bouli Lanners, produit par Jacques-Henri et Olivier Bronckart \u2028(Versus production)<\/p>\n<p>&nbsp;<\/p>\n<p><img loading=\"lazy\" decoding=\"async\" class=\"alignnone size-medium wp-image-96199\" src=\"http:\/\/www.cinevox.be\/wp-content\/uploads\/sites\/2\/2017\/02\/16426092_1219657114737861_844525406489127694_n-203x270.jpg\" alt=\"\" width=\"203\" height=\"270\"><\/p>\n<hr>\n<p><strong>Magritte du Meilleur Premier Film&nbsp;<\/strong><\/p>\n<p>\u00ab&nbsp;Keeper&nbsp;\u00bb de Guillaume Senez (Iota production)<\/p>\n<p>&nbsp;<\/p>\n<p><img loading=\"lazy\" decoding=\"async\" class=\"alignnone size-medium wp-image-96169\" src=\"http:\/\/www.cinevox.be\/wp-content\/uploads\/sites\/2\/2017\/02\/AfficheKeeper-189x270.jpg\" alt=\"\" width=\"189\" height=\"270\"><\/p>\n<hr>\n<p><strong>Magritte du Meilleur R\u00e9alisateur<\/strong><\/p>\n<p>&nbsp;<\/p>\n<p>Bouli Lanners pour \u00ab&nbsp;Les Premiers les Derniers&nbsp;\u00bb<\/p>\n<p>&nbsp;<\/p>\n<p><img loading=\"lazy\" decoding=\"async\" class=\"alignnone size-medium wp-image-96201\" src=\"http:\/\/www.cinevox.be\/wp-content\/uploads\/sites\/2\/2017\/02\/16473678_1312423605483047_7908652045592370423_n-480x270.jpg\" alt=\"\" width=\"480\" height=\"270\"><\/p>\n<hr>\n<p><strong>Magritte du Meilleur Film Flamand<\/strong><\/p>\n<p>\u00ab&nbsp;Belgica&nbsp;\u00bb de Felix van Groeningen, produit par Dirk Impens (Menuet)<\/p>\n<p>&nbsp;<\/p>\n<p><img loading=\"lazy\" decoding=\"async\" class=\"alignnone size-medium wp-image-96179\" src=\"http:\/\/www.cinevox.be\/wp-content\/uploads\/sites\/2\/2017\/02\/Belgica_affiche-180x270.jpg\" alt=\"\" width=\"180\" height=\"270\"><\/p>\n<hr>\n<p><strong>Magritte du Meilleur Film en Coproduction<\/strong><\/p>\n<p>\u00ab&nbsp;La Tortue Rouge&nbsp;\u00bb de Michael Dudok de Wit, coproduit par L\u00e9on Perahia (Belvision)<\/p>\n<p>&nbsp;<\/p>\n<p><img loading=\"lazy\" decoding=\"async\" class=\"alignnone size-medium wp-image-96181\" src=\"http:\/\/www.cinevox.be\/wp-content\/uploads\/sites\/2\/2017\/02\/AfficheTortueRouge-201x270.jpg\" alt=\"\" width=\"201\" height=\"270\"><\/p>\n<hr>\n<p><strong>Magritte du Meilleur Sc\u00e9nario Original ou Adaptation<\/strong><\/p>\n<p>Xavier Seron pour \u00ab&nbsp;Je me tue \u00e0 le dire&nbsp;\u00bb<\/p>\n<p>&nbsp;<\/p>\n<p><img loading=\"lazy\" decoding=\"async\" class=\"alignnone size-medium wp-image-96249\" src=\"http:\/\/www.cinevox.be\/wp-content\/uploads\/sites\/2\/2017\/02\/Je-me-tue-480x267.jpg\" alt=\"\" width=\"480\" height=\"267\"><\/p>\n<hr>\n<p><strong>Magritte de la Meilleure Actrice<\/strong><\/p>\n<p>Astrid Whettnall pour \u00ab&nbsp;La Route d\u2019Istanbul&nbsp;\u00bb <em>ex-aequo<\/em><\/p>\n<p>Virginie Efira pour \u00ab&nbsp;Victoria&nbsp;\u00bb&nbsp;<em>ex-aequo<\/em><\/p>\n<p>&nbsp;<\/p>\n<p><img loading=\"lazy\" decoding=\"async\" class=\"alignnone size-medium wp-image-96211\" src=\"http:\/\/www.cinevox.be\/wp-content\/uploads\/sites\/2\/2017\/02\/16487674_1312437432148331_6519332702559658891_o-405x270.jpg\" alt=\"\" width=\"405\" height=\"270\"><\/p>\n<p><img loading=\"lazy\" decoding=\"async\" class=\"alignnone size-medium wp-image-96186\" src=\"http:\/\/www.cinevox.be\/wp-content\/uploads\/sites\/2\/2017\/02\/Virginie-Efira-3-405x270.jpg\" alt=\"\" width=\"405\" height=\"270\"><\/p>\n<hr>\n<p><strong>Magritte du Meilleur Acteur<\/strong><\/p>\n<p>Jean-Jacques Rausin pour \u00ab&nbsp;Je me tue \u00e0 le dire&nbsp;\u00bb<\/p>\n<p>&nbsp;<\/p>\n<p><img loading=\"lazy\" decoding=\"async\" class=\"alignnone size-medium wp-image-96213\" src=\"http:\/\/www.cinevox.be\/wp-content\/uploads\/sites\/2\/2017\/02\/16406923_1312442722147802_3118611887541662928_n-2-390x270.jpg\" alt=\"\" width=\"390\" height=\"270\"><\/p>\n<hr>\n<p><strong>Magritte de la Meilleure Actrice dans un Second R\u00f4le<\/strong><\/p>\n<p>Catherine Sal\u00e9e dans \u00ab&nbsp;Keeper&nbsp;\u00bb<\/p>\n<p>&nbsp;<\/p>\n<p><img loading=\"lazy\" decoding=\"async\" class=\"alignnone size-medium wp-image-96207\" src=\"http:\/\/www.cinevox.be\/wp-content\/uploads\/sites\/2\/2017\/02\/16403414_1312416715483736_3944063713234493491_o-405x270.jpg\" alt=\"\" width=\"405\" height=\"270\"><\/p>\n<hr>\n<p><strong>Magritte du Meilleur Acteur dans un Second R\u00f4le<\/strong><\/p>\n<p>David Murgia dans \u00ab&nbsp;Les Premiers les Derniers&nbsp;\u00bb<\/p>\n<p>&nbsp;<\/p>\n<p><img loading=\"lazy\" decoding=\"async\" class=\"alignnone size-medium wp-image-96175\" src=\"http:\/\/www.cinevox.be\/wp-content\/uploads\/sites\/2\/2017\/02\/CostumesLes-premiers-les-derniers-401x270.jpg\" alt=\"\" width=\"401\" height=\"270\"><\/p>\n<hr>\n<p><strong>Magritte du Meilleur Espoir F\u00e9minin<\/strong><\/p>\n<p>Salom\u00e9 Richard dans \u00ab&nbsp;Baden Baden&nbsp;\u00bb<\/p>\n<p>&nbsp;<\/p>\n<p><img loading=\"lazy\" decoding=\"async\" class=\"alignnone size-medium wp-image-96171\" src=\"http:\/\/www.cinevox.be\/wp-content\/uploads\/sites\/2\/2017\/02\/SalomeRichard-480x260.jpg\" alt=\"\" width=\"480\" height=\"260\"><\/p>\n<hr>\n<p><strong>Magritte du Meilleur Espoir Masculin<\/strong><\/p>\n<p>Yoann Blanc dans \u00ab&nbsp;Un homme \u00e0 la mer&nbsp;\u00bb<\/p>\n<p>&nbsp;<\/p>\n<p><img loading=\"lazy\" decoding=\"async\" class=\"alignnone size-medium wp-image-96172\" src=\"http:\/\/www.cinevox.be\/wp-content\/uploads\/sites\/2\/2017\/02\/Yoann-Blanc-419x270.jpg\" alt=\"\" width=\"419\" height=\"270\"><\/p>\n<hr>\n<p><strong>Magritte de la Meilleure Image<\/strong><\/p>\n<p>Olivier Boonjing &nbsp;pour \u00ab&nbsp;Parasol&nbsp;\u00bb<\/p>\n<p>&nbsp;<\/p>\n<p><img loading=\"lazy\" decoding=\"async\" class=\"alignnone size-medium wp-image-96173\" src=\"http:\/\/www.cinevox.be\/wp-content\/uploads\/sites\/2\/2017\/02\/Parasol-05-437x270.jpeg\" alt=\"\" width=\"437\" height=\"270\"><\/p>\n<p>&nbsp;<\/p>\n<hr>\n<p><strong>Magritte du Meilleur Son<\/strong><\/p>\n<p>\u00ab&nbsp;La Tortue Rouge&nbsp;\u00bb :&nbsp;Matthieu Michaux<\/p>\n<p>&nbsp;<\/p>\n<p><img loading=\"lazy\" decoding=\"async\" class=\"alignnone wp-image-96184 size-medium\" src=\"http:\/\/www.cinevox.be\/wp-content\/uploads\/sites\/2\/2017\/02\/TortueRouge-480x260.jpg\" width=\"480\" height=\"260\"><\/p>\n<p><strong>Magritte des Meilleurs D\u00e9cors<\/strong><\/p>\n<p>\u00ab&nbsp;Les Premiers les Derniers&nbsp;\u00bb : Paul Rouschop<\/p>\n<p>&nbsp;<\/p>\n<p><img loading=\"lazy\" decoding=\"async\" class=\"alignnone size-medium wp-image-96174\" src=\"http:\/\/www.cinevox.be\/wp-content\/uploads\/sites\/2\/2017\/02\/lespremierslesderniers_decors-399x270.jpg\" alt=\"\" width=\"399\" height=\"270\"><\/p>\n<hr>\n<p><strong>Magritte des Meilleurs Costumes<\/strong><\/p>\n<p>\u00ab&nbsp;Les Premiers les Derniers&nbsp;\u00bb : Elise Ancion<\/p>\n<p>&nbsp;<\/p>\n<p><img loading=\"lazy\" decoding=\"async\" class=\"alignnone size-medium wp-image-96175\" src=\"http:\/\/www.cinevox.be\/wp-content\/uploads\/sites\/2\/2017\/02\/CostumesLes-premiers-les-derniers-401x270.jpg\" alt=\"\" width=\"401\" height=\"270\"><\/p>\n<hr>\n<p><strong>Magritte de la meilleure musique originale<\/strong><\/p>\n<p>\u00ab&nbsp;Parasol&nbsp;\u00bb : Cyrille de Haes et Manuel Roland<\/p>\n<p>&nbsp;<\/p>\n<p><img loading=\"lazy\" decoding=\"async\" class=\"alignnone size-medium wp-image-96252\" src=\"http:\/\/www.cinevox.be\/wp-content\/uploads\/sites\/2\/2017\/02\/Parasol-1-480x270.jpg\" alt=\"\" width=\"480\" height=\"270\"><\/p>\n<hr>\n<p><strong>Magritte du meilleur montage<\/strong><\/p>\n<p>\u00ab&nbsp;Keeper&nbsp;\u00bb : Julie Brenta<\/p>\n<p>&nbsp;<\/p>\n<p><img loading=\"lazy\" decoding=\"async\" class=\"alignnone wp-image-96196 size-medium\" src=\"http:\/\/www.cinevox.be\/wp-content\/uploads\/sites\/2\/2017\/02\/16403291_1312391405486267_3686093186264426812_o-480x236.jpg\" width=\"480\" height=\"236\"><\/p>\n<hr>\n<p><strong>Magritte du Meilleur Court M\u00e9trage d\u2019Animation<\/strong><\/p>\n<p>\u00ab&nbsp;Pornography&nbsp;\u00bb d\u2019Eric Ledune, produit par Eric Ledune (Got ! Oh my got)<\/p>\n<p>&nbsp;<\/p>\n<p><img loading=\"lazy\" decoding=\"async\" class=\"alignnone size-medium wp-image-96183\" src=\"http:\/\/www.cinevox.be\/wp-content\/uploads\/sites\/2\/2017\/02\/AffichePornography-187x270.jpg\" alt=\"\" width=\"187\" height=\"270\"><\/p>\n<hr>\n<p><strong>Magritte du Meilleur Court M\u00e9trage de Fiction<\/strong><\/p>\n<p>\u00ab&nbsp;Le Plombier&nbsp;\u00bb de M\u00e9ryl Fortunat-Rossi et Xavier Seron, produit par Julie Esparbes et Anthony \u2028Rey (H\u00e9licotronc)<\/p>\n<p>&nbsp;<\/p>\n<p><img loading=\"lazy\" decoding=\"async\" class=\"alignnone size-medium wp-image-96178\" src=\"http:\/\/www.cinevox.be\/wp-content\/uploads\/sites\/2\/2017\/02\/AfficheLePlombier-191x270.jpg\" alt=\"\" width=\"191\" height=\"270\"><\/p>\n<hr>\n<p><strong>Magritte du Meilleur Documentaire<\/strong><\/p>\n<p>\u00ab&nbsp;En bataille, portrait d\u2019une directrice de prison&nbsp;\u00bb d\u2019Eve Duchemin, produit Annabella Nezri (Kwassa Films)<\/p>\n<p>&nbsp;<\/p>\n<p><img loading=\"lazy\" decoding=\"async\" class=\"alignnone size-medium wp-image-96176\" src=\"http:\/\/www.cinevox.be\/wp-content\/uploads\/sites\/2\/2017\/02\/AfficheEnBataille-198x270.jpg\" alt=\"\" width=\"198\" height=\"270\"><\/p>\n<p>&nbsp;<\/p>\n","protected":false},"excerpt":{"rendered":"<p>C&rsquo;est donc Les Premiers les Derniers, le quatri\u00e8me long m\u00e9trage de Bouli Lanners, qui ressort grand vainqueur de cette 7\u00e8me c\u00e9r\u00e9monie des Magritte du Cin\u00e9ma, avec 5 statuettes sur 8 possibles, dont Meilleur Film et Meilleur R\u00e9alisateur. Le film a \u00e9galement remport\u00e9 les prix des Meilleurs Costumes et des Meilleurs D\u00e9cors, et a valu la &hellip;<\/p>\n","protected":false},"author":343,"featured_media":196192,"comment_status":"closed","ping_status":"closed","sticky":false,"template":"","format":"standard","meta":{"ngg_post_thumbnail":0,"footnotes":""},"categories":[12,7],"tags":[],"class_list":["post-196168","post","type-post","status-publish","format-standard","has-post-thumbnail","","category-awards","category-actualites"],"yoast_head":"<!-- This site is optimized with the Yoast SEO plugin v20.4 - https:\/\/yoast.com\/wordpress\/plugins\/seo\/ -->\n<title>Les Magritte du cin\u00e9ma 2017: le palmar\u00e8s - We Love Cinema<\/title>\n<meta name=\"robots\" content=\"index, follow, max-snippet:-1, max-image-preview:large, max-video-preview:-1\" \/>\n<link rel=\"canonical\" href=\"https:\/\/welovecinema.be\/fr\/magritte-cinema-2017-palmares\/\" \/>\n<meta property=\"og:locale\" content=\"fr_FR\" \/>\n<meta property=\"og:type\" content=\"article\" \/>\n<meta property=\"og:title\" content=\"Les Magritte du cin\u00e9ma 2017: le palmar\u00e8s - We Love Cinema\" \/>\n<meta property=\"og:description\" content=\"C&rsquo;est donc Les Premiers les Derniers, le quatri\u00e8me long m\u00e9trage de Bouli Lanners, qui ressort grand vainqueur de cette 7\u00e8me c\u00e9r\u00e9monie des Magritte du Cin\u00e9ma, avec 5 statuettes sur 8 possibles, dont Meilleur Film et Meilleur R\u00e9alisateur. Le film a \u00e9galement remport\u00e9 les prix des Meilleurs Costumes et des Meilleurs D\u00e9cors, et a valu la &hellip;\" \/>\n<meta property=\"og:url\" content=\"https:\/\/welovecinema.be\/fr\/magritte-cinema-2017-palmares\/\" \/>\n<meta property=\"og:site_name\" content=\"We Love Cinema\" \/>\n<meta property=\"article:publisher\" content=\"https:\/\/www.facebook.com\/welovecinema.be\" \/>\n<meta property=\"article:published_time\" content=\"2017-02-04T21:53:04+00:00\" \/>\n<meta property=\"article:modified_time\" content=\"2018-02-16T15:26:44+00:00\" \/>\n<meta property=\"og:image\" content=\"https:\/\/welovecinema.be\/wp-content\/uploads\/sites\/2\/2017\/02\/IMG_2173.jpg\" \/>\n\t<meta property=\"og:image:width\" content=\"3264\" \/>\n\t<meta property=\"og:image:height\" content=\"2448\" \/>\n\t<meta property=\"og:image:type\" content=\"image\/jpeg\" \/>\n<meta name=\"author\" content=\"Aurore Engelen\" \/>\n<meta name=\"twitter:card\" content=\"summary_large_image\" \/>\n<meta name=\"twitter:label1\" content=\"\u00c9crit par\" \/>\n\t<meta name=\"twitter:data1\" content=\"Aurore Engelen\" \/>\n\t<meta name=\"twitter:label2\" content=\"Dur\u00e9e de lecture estim\u00e9e\" \/>\n\t<meta name=\"twitter:data2\" content=\"4 minutes\" \/>\n<script type=\"application\/ld+json\" class=\"yoast-schema-graph\">{\"@context\":\"https:\/\/schema.org\",\"@graph\":[{\"@type\":\"Article\",\"@id\":\"https:\/\/welovecinema.be\/fr\/magritte-cinema-2017-palmares\/#article\",\"isPartOf\":{\"@id\":\"https:\/\/welovecinema.be\/fr\/magritte-cinema-2017-palmares\/\"},\"author\":{\"name\":\"Aurore Engelen\",\"@id\":\"https:\/\/welovecinema.be\/nl\/#\/schema\/person\/8084b68c6b176142d073695c654dc7cf\"},\"headline\":\"Les Magritte du cin\u00e9ma 2017: le palmar\u00e8s\",\"datePublished\":\"2017-02-04T21:53:04+00:00\",\"dateModified\":\"2018-02-16T15:26:44+00:00\",\"mainEntityOfPage\":{\"@id\":\"https:\/\/welovecinema.be\/fr\/magritte-cinema-2017-palmares\/\"},\"wordCount\":796,\"publisher\":{\"@id\":\"https:\/\/welovecinema.be\/nl\/#organization\"},\"articleSection\":[\"Evenements\",\"News\"],\"inLanguage\":\"fr-FR\"},{\"@type\":\"WebPage\",\"@id\":\"https:\/\/welovecinema.be\/fr\/magritte-cinema-2017-palmares\/\",\"url\":\"https:\/\/welovecinema.be\/fr\/magritte-cinema-2017-palmares\/\",\"name\":\"Les Magritte du cin\u00e9ma 2017: le palmar\u00e8s - We Love Cinema\",\"isPartOf\":{\"@id\":\"https:\/\/welovecinema.be\/nl\/#website\"},\"datePublished\":\"2017-02-04T21:53:04+00:00\",\"dateModified\":\"2018-02-16T15:26:44+00:00\",\"breadcrumb\":{\"@id\":\"https:\/\/welovecinema.be\/fr\/magritte-cinema-2017-palmares\/#breadcrumb\"},\"inLanguage\":\"fr-FR\",\"potentialAction\":[{\"@type\":\"ReadAction\",\"target\":[\"https:\/\/welovecinema.be\/fr\/magritte-cinema-2017-palmares\/\"]}]},{\"@type\":\"BreadcrumbList\",\"@id\":\"https:\/\/welovecinema.be\/fr\/magritte-cinema-2017-palmares\/#breadcrumb\",\"itemListElement\":[{\"@type\":\"ListItem\",\"position\":1,\"name\":\"Accueil\",\"item\":\"https:\/\/welovecinema.be\/fr\/\"},{\"@type\":\"ListItem\",\"position\":2,\"name\":\"Les Magritte du cin\u00e9ma 2017: le palmar\u00e8s\"}]},{\"@type\":\"WebSite\",\"@id\":\"https:\/\/welovecinema.be\/nl\/#website\",\"url\":\"https:\/\/welovecinema.be\/nl\/\",\"name\":\"We Love Cinema\",\"description\":\"Toute l\u2019information du cin\u00e9ma en Belgique\",\"publisher\":{\"@id\":\"https:\/\/welovecinema.be\/nl\/#organization\"},\"potentialAction\":[{\"@type\":\"SearchAction\",\"target\":{\"@type\":\"EntryPoint\",\"urlTemplate\":\"https:\/\/welovecinema.be\/nl\/?s={search_term_string}\"},\"query-input\":\"required name=search_term_string\"}],\"inLanguage\":\"fr-FR\"},{\"@type\":\"Organization\",\"@id\":\"https:\/\/welovecinema.be\/nl\/#organization\",\"name\":\"We Love Cinema\",\"url\":\"https:\/\/welovecinema.be\/nl\/\",\"logo\":{\"@type\":\"ImageObject\",\"inLanguage\":\"fr-FR\",\"@id\":\"https:\/\/welovecinema.be\/nl\/#\/schema\/logo\/image\/\",\"url\":\"https:\/\/welovecinema.be\/wp-content\/uploads\/sites\/2\/2023\/03\/Logo-We-Love-Cinema305x128.jpg\",\"contentUrl\":\"https:\/\/welovecinema.be\/wp-content\/uploads\/sites\/2\/2023\/03\/Logo-We-Love-Cinema305x128.jpg\",\"width\":305,\"height\":128,\"caption\":\"We Love Cinema\"},\"image\":{\"@id\":\"https:\/\/welovecinema.be\/nl\/#\/schema\/logo\/image\/\"},\"sameAs\":[\"https:\/\/www.facebook.com\/welovecinema.be\",\"https:\/\/www.youtube.com\/channel\/UCX5LYGVhnKvYauW4Nta4HJA\",\"https:\/\/www.instagram.com\/welovecinema.be\/\"]},{\"@type\":\"Person\",\"@id\":\"https:\/\/welovecinema.be\/nl\/#\/schema\/person\/8084b68c6b176142d073695c654dc7cf\",\"name\":\"Aurore Engelen\",\"url\":\"https:\/\/welovecinema.be\/fr\/author\/aurore-engelen\/\"}]}<\/script>\n<!-- \/ Yoast SEO plugin. -->","yoast_head_json":{"title":"Les Magritte du cin\u00e9ma 2017: le palmar\u00e8s - We Love Cinema","robots":{"index":"index","follow":"follow","max-snippet":"max-snippet:-1","max-image-preview":"max-image-preview:large","max-video-preview":"max-video-preview:-1"},"canonical":"https:\/\/welovecinema.be\/fr\/magritte-cinema-2017-palmares\/","og_locale":"fr_FR","og_type":"article","og_title":"Les Magritte du cin\u00e9ma 2017: le palmar\u00e8s - We Love Cinema","og_description":"C&rsquo;est donc Les Premiers les Derniers, le quatri\u00e8me long m\u00e9trage de Bouli Lanners, qui ressort grand vainqueur de cette 7\u00e8me c\u00e9r\u00e9monie des Magritte du Cin\u00e9ma, avec 5 statuettes sur 8 possibles, dont Meilleur Film et Meilleur R\u00e9alisateur. Le film a \u00e9galement remport\u00e9 les prix des Meilleurs Costumes et des Meilleurs D\u00e9cors, et a valu la &hellip;","og_url":"https:\/\/welovecinema.be\/fr\/magritte-cinema-2017-palmares\/","og_site_name":"We Love Cinema","article_publisher":"https:\/\/www.facebook.com\/welovecinema.be","article_published_time":"2017-02-04T21:53:04+00:00","article_modified_time":"2018-02-16T15:26:44+00:00","og_image":[{"width":3264,"height":2448,"url":"https:\/\/welovecinema.be\/wp-content\/uploads\/sites\/2\/2017\/02\/IMG_2173.jpg","type":"image\/jpeg"}],"author":"Aurore Engelen","twitter_card":"summary_large_image","twitter_misc":{"\u00c9crit par":"Aurore Engelen","Dur\u00e9e de lecture estim\u00e9e":"4 minutes"},"schema":{"@context":"https:\/\/schema.org","@graph":[{"@type":"Article","@id":"https:\/\/welovecinema.be\/fr\/magritte-cinema-2017-palmares\/#article","isPartOf":{"@id":"https:\/\/welovecinema.be\/fr\/magritte-cinema-2017-palmares\/"},"author":{"name":"Aurore Engelen","@id":"https:\/\/welovecinema.be\/nl\/#\/schema\/person\/8084b68c6b176142d073695c654dc7cf"},"headline":"Les Magritte du cin\u00e9ma 2017: le palmar\u00e8s","datePublished":"2017-02-04T21:53:04+00:00","dateModified":"2018-02-16T15:26:44+00:00","mainEntityOfPage":{"@id":"https:\/\/welovecinema.be\/fr\/magritte-cinema-2017-palmares\/"},"wordCount":796,"publisher":{"@id":"https:\/\/welovecinema.be\/nl\/#organization"},"articleSection":["Evenements","News"],"inLanguage":"fr-FR"},{"@type":"WebPage","@id":"https:\/\/welovecinema.be\/fr\/magritte-cinema-2017-palmares\/","url":"https:\/\/welovecinema.be\/fr\/magritte-cinema-2017-palmares\/","name":"Les Magritte du cin\u00e9ma 2017: le palmar\u00e8s - We Love Cinema","isPartOf":{"@id":"https:\/\/welovecinema.be\/nl\/#website"},"datePublished":"2017-02-04T21:53:04+00:00","dateModified":"2018-02-16T15:26:44+00:00","breadcrumb":{"@id":"https:\/\/welovecinema.be\/fr\/magritte-cinema-2017-palmares\/#breadcrumb"},"inLanguage":"fr-FR","potentialAction":[{"@type":"ReadAction","target":["https:\/\/welovecinema.be\/fr\/magritte-cinema-2017-palmares\/"]}]},{"@type":"BreadcrumbList","@id":"https:\/\/welovecinema.be\/fr\/magritte-cinema-2017-palmares\/#breadcrumb","itemListElement":[{"@type":"ListItem","position":1,"name":"Accueil","item":"https:\/\/welovecinema.be\/fr\/"},{"@type":"ListItem","position":2,"name":"Les Magritte du cin\u00e9ma 2017: le palmar\u00e8s"}]},{"@type":"WebSite","@id":"https:\/\/welovecinema.be\/nl\/#website","url":"https:\/\/welovecinema.be\/nl\/","name":"We Love Cinema","description":"Toute l\u2019information du cin\u00e9ma en Belgique","publisher":{"@id":"https:\/\/welovecinema.be\/nl\/#organization"},"potentialAction":[{"@type":"SearchAction","target":{"@type":"EntryPoint","urlTemplate":"https:\/\/welovecinema.be\/nl\/?s={search_term_string}"},"query-input":"required name=search_term_string"}],"inLanguage":"fr-FR"},{"@type":"Organization","@id":"https:\/\/welovecinema.be\/nl\/#organization","name":"We Love Cinema","url":"https:\/\/welovecinema.be\/nl\/","logo":{"@type":"ImageObject","inLanguage":"fr-FR","@id":"https:\/\/welovecinema.be\/nl\/#\/schema\/logo\/image\/","url":"https:\/\/welovecinema.be\/wp-content\/uploads\/sites\/2\/2023\/03\/Logo-We-Love-Cinema305x128.jpg","contentUrl":"https:\/\/welovecinema.be\/wp-content\/uploads\/sites\/2\/2023\/03\/Logo-We-Love-Cinema305x128.jpg","width":305,"height":128,"caption":"We Love Cinema"},"image":{"@id":"https:\/\/welovecinema.be\/nl\/#\/schema\/logo\/image\/"},"sameAs":["https:\/\/www.facebook.com\/welovecinema.be","https:\/\/www.youtube.com\/channel\/UCX5LYGVhnKvYauW4Nta4HJA","https:\/\/www.instagram.com\/welovecinema.be\/"]},{"@type":"Person","@id":"https:\/\/welovecinema.be\/nl\/#\/schema\/person\/8084b68c6b176142d073695c654dc7cf","name":"Aurore Engelen","url":"https:\/\/welovecinema.be\/fr\/author\/aurore-engelen\/"}]}},"_links":{"self":[{"href":"https:\/\/welovecinema.be\/fr\/wp-json\/wp\/v2\/posts\/196168","targetHints":{"allow":["GET"]}}],"collection":[{"href":"https:\/\/welovecinema.be\/fr\/wp-json\/wp\/v2\/posts"}],"about":[{"href":"https:\/\/welovecinema.be\/fr\/wp-json\/wp\/v2\/types\/post"}],"author":[{"embeddable":true,"href":"https:\/\/welovecinema.be\/fr\/wp-json\/wp\/v2\/users\/343"}],"replies":[{"embeddable":true,"href":"https:\/\/welovecinema.be\/fr\/wp-json\/wp\/v2\/comments?post=196168"}],"version-history":[{"count":0,"href":"https:\/\/welovecinema.be\/fr\/wp-json\/wp\/v2\/posts\/196168\/revisions"}],"wp:featuredmedia":[{"embeddable":true,"href":"https:\/\/welovecinema.be\/fr\/wp-json\/wp\/v2\/media\/196192"}],"wp:attachment":[{"href":"https:\/\/welovecinema.be\/fr\/wp-json\/wp\/v2\/media?parent=196168"}],"wp:term":[{"taxonomy":"category","embeddable":true,"href":"https:\/\/welovecinema.be\/fr\/wp-json\/wp\/v2\/categories?post=196168"},{"taxonomy":"post_tag","embeddable":true,"href":"https:\/\/welovecinema.be\/fr\/wp-json\/wp\/v2\/tags?post=196168"}],"curies":[{"name":"wp","href":"https:\/\/api.w.org\/{rel}","templated":true}]}}