{"id":195481,"date":"2017-01-19T10:57:37","date_gmt":"2017-01-19T09:57:37","guid":{"rendered":"http:\/\/www.cinevox.be\/?p=95481"},"modified":"2017-01-19T10:57:37","modified_gmt":"2017-01-19T09:57:37","slug":"charleroi-inaugure-le-quai-10","status":"publish","type":"post","link":"https:\/\/welovecinema.be\/fr\/charleroi-inaugure-le-quai-10\/","title":{"rendered":"Charleroi inaugure le Quai 10"},"content":{"rendered":"<p>Ouvert partiellement en novembre dernier, le <strong>Quai 10<\/strong>, nouvel espace multiculturel avec vue sur la Sambre c\u00e9l\u00e8brera son inauguration officielle ce week-end \u00e0 Charleroi, \u00e0 travers une succession de projections et de rencontres exceptionnelles avec de nombreux acteurs et cr\u00e9ateurs du cin\u00e9ma belge.<\/p>\n<p><!--more--><\/p>\n<p>&nbsp;<\/p>\n<p>&nbsp;<\/p>\n<p>&nbsp;<\/p>\n<p>&nbsp;<\/p>\n<p>Le Quai 10, ce sont donc 4 nouvelles salles de cin\u00e9ma dernier cri, soit 550 si\u00e8ges d\u00e9di\u00e9s \u00e0 une programmation qui se veut ouverte aux films d&rsquo;auteur, et fid\u00e8le aux versions originales, alternant films intimistes et tous publics. Ouvert \u00e9galement \u00e0 tous les genres (fiction, animation, documentaire), le Quai 10 entend animer ses s\u00e9ances en d\u00e9veloppant un volet p\u00e9dagogique, en proposant un cin\u00e9club, et de nombreuses s\u00e9ances sp\u00e9ciales. Le Quai 10 vient ainsi renforcer l&rsquo;offre de salles art et essai en Belgique francophone, apr\u00e8s la r\u00e9ouverture du Cam\u00e9o \u00e0 Namur \u00e0 l&rsquo;automne dernier, et en attendant celle du Path\u00e9 Palace \u00e0 Bruxelles.<\/p>\n<p>&nbsp;<\/p>\n<p>Pour ce week-end d&rsquo;inauguration, quelques avant-premi\u00e8res de prestige (les derniers films de Martin Scorsese, Damien Chazelle, Nick Park), mais aussi une belle place aux cin\u00e9astes belges, et notamment les deux parrains du Quai 10, Jaco Van Dormael et Yolande Moreau. Yolande Moreau pr\u00e9sentera son deuxi\u00e8me long m\u00e9trage, <a title=\"Henri \u2013 La bande-annonce\" href=\"http:\/\/www.cinevox.be\/henri-la-bande-annonce\"><em>Henri<\/em><\/a>, vendredi soir \u00e0 20h30, et Jaco Van Dormael sera pr\u00e9sent dimanche, pour une carte blanche (<em>Rachel Rachel<\/em> de Paul Newman), et une s\u00e9ance surprise, o\u00f9 il choisira l&rsquo;un des opus\u00a0de sa filmographie.<\/p>\n<p>&nbsp;<\/p>\n<p><a href=\"http:\/\/www.cinevox.be\/wp-content\/uploads\/sites\/2\/2017\/01\/Henri.jpeg\"><img loading=\"lazy\" decoding=\"async\" class=\"alignnone size-large wp-image-95482\" src=\"http:\/\/www.cinevox.be\/wp-content\/uploads\/sites\/2\/2017\/01\/Henri-800x400.jpeg\" alt=\"Henri\" width=\"640\" height=\"320\" \/><\/a><\/p>\n<p>&nbsp;<\/p>\n<p>Le Quai 10 projettera \u00e9galement en avant-premi\u00e8re le puissant\u00a0<a title=\"Noces\u00a0: deux mondes\u2026\" href=\"http:\/\/www.cinevox.be\/noces-deux-mondes\/\"><em>Noces<\/em><\/a> de Stephan Streker, consacrera une s\u00e9ance en audio-description de <a title=\"\u201cFaut pas lui dire\u201d, ou le pari insolent du film de copines\" href=\"http:\/\/www.cinevox.be\/faut-pas-lui-dire-ou-le-pari-insolent-du-film-de-copines\/\"><em>Faut pas lui dire<\/em><\/a> de Solange Cicurel, et proposera une master-class autour de l&rsquo;oeuvre de Joachim Lafosse le samedi, avec notamment la projection du documentaire <em>Au-del\u00e0 des mots, le cin\u00e9ma de Joachim Lafosse<\/em>, r\u00e9alis\u00e9 par Luc Jabon, et du premier court m\u00e9trage du r\u00e9alisateur, <em>Scarface<\/em>.<\/p>\n<p>&nbsp;<\/p>\n<p><a href=\"http:\/\/www.cinevox.be\/wp-content\/uploads\/sites\/2\/2017\/01\/Noces.jpg\"><img loading=\"lazy\" decoding=\"async\" class=\"alignnone size-large wp-image-95483\" src=\"http:\/\/www.cinevox.be\/wp-content\/uploads\/sites\/2\/2017\/01\/Noces-800x400.jpg\" alt=\"Noces\" width=\"640\" height=\"320\" \/><\/a><\/p>\n<p>&nbsp;<\/p>\n<p>Parall\u00e8lement \u00e0 ces nombreuses projections et rencontres, Le Quai 10 organisera \u00e9galement de nombreux \u00e9v\u00e8nements d\u00e9di\u00e9s au Gaming, des concerts, des conf\u00e9rences, des DJ sets. Le programme est en ligne <a href=\"http:\/\/www.quai10.be\/evenement\/week-end-dinauguration-quai10\/\">ici<\/a>.<\/p>\n","protected":false},"excerpt":{"rendered":"<p>Ouvert partiellement en novembre dernier, le Quai 10, nouvel espace multiculturel avec vue sur la Sambre c\u00e9l\u00e8brera son inauguration officielle ce week-end \u00e0 Charleroi, \u00e0 travers une succession de projections et de rencontres exceptionnelles avec de nombreux acteurs et cr\u00e9ateurs du cin\u00e9ma belge.<\/p>\n","protected":false},"author":343,"featured_media":195485,"comment_status":"closed","ping_status":"closed","sticky":false,"template":"","format":"standard","meta":{"ngg_post_thumbnail":0,"footnotes":""},"categories":[1923,7],"tags":[1901],"class_list":["post-195481","post","type-post","status-publish","format-standard","has-post-thumbnail","","category-en-bref","category-actualites","tag-fientrochshome"],"yoast_head":"<!-- This site is optimized with the Yoast SEO plugin v20.4 - https:\/\/yoast.com\/wordpress\/plugins\/seo\/ -->\n<title>Charleroi inaugure le Quai 10 - We Love Cinema<\/title>\n<meta name=\"robots\" content=\"index, follow, max-snippet:-1, max-image-preview:large, max-video-preview:-1\" \/>\n<link rel=\"canonical\" href=\"https:\/\/welovecinema.be\/fr\/charleroi-inaugure-le-quai-10\/\" \/>\n<meta property=\"og:locale\" content=\"fr_FR\" \/>\n<meta property=\"og:type\" content=\"article\" \/>\n<meta property=\"og:title\" content=\"Charleroi inaugure le Quai 10 - We Love Cinema\" \/>\n<meta property=\"og:description\" content=\"Ouvert partiellement en novembre dernier, le Quai 10, nouvel espace multiculturel avec vue sur la Sambre c\u00e9l\u00e8brera son inauguration officielle ce week-end \u00e0 Charleroi, \u00e0 travers une succession de projections et de rencontres exceptionnelles avec de nombreux acteurs et cr\u00e9ateurs du cin\u00e9ma belge.\" \/>\n<meta property=\"og:url\" content=\"https:\/\/welovecinema.be\/fr\/charleroi-inaugure-le-quai-10\/\" \/>\n<meta property=\"og:site_name\" content=\"We Love Cinema\" \/>\n<meta property=\"article:publisher\" content=\"https:\/\/www.facebook.com\/welovecinema.be\" \/>\n<meta property=\"article:published_time\" content=\"2017-01-19T09:57:37+00:00\" \/>\n<meta property=\"og:image\" content=\"https:\/\/welovecinema.be\/wp-content\/uploads\/sites\/2\/2017\/01\/Quai-10.jpg\" \/>\n\t<meta property=\"og:image:width\" content=\"600\" \/>\n\t<meta property=\"og:image:height\" content=\"312\" \/>\n\t<meta property=\"og:image:type\" content=\"image\/jpeg\" \/>\n<meta name=\"author\" content=\"Aurore Engelen\" \/>\n<meta name=\"twitter:card\" content=\"summary_large_image\" \/>\n<meta name=\"twitter:label1\" content=\"\u00c9crit par\" \/>\n\t<meta name=\"twitter:data1\" content=\"Aurore Engelen\" \/>\n\t<meta name=\"twitter:label2\" content=\"Dur\u00e9e de lecture estim\u00e9e\" \/>\n\t<meta name=\"twitter:data2\" content=\"2 minutes\" \/>\n<script type=\"application\/ld+json\" class=\"yoast-schema-graph\">{\"@context\":\"https:\/\/schema.org\",\"@graph\":[{\"@type\":\"Article\",\"@id\":\"https:\/\/welovecinema.be\/fr\/charleroi-inaugure-le-quai-10\/#article\",\"isPartOf\":{\"@id\":\"https:\/\/welovecinema.be\/fr\/charleroi-inaugure-le-quai-10\/\"},\"author\":{\"name\":\"Aurore Engelen\",\"@id\":\"https:\/\/welovecinema.be\/nl\/#\/schema\/person\/8084b68c6b176142d073695c654dc7cf\"},\"headline\":\"Charleroi inaugure le Quai 10\",\"datePublished\":\"2017-01-19T09:57:37+00:00\",\"dateModified\":\"2017-01-19T09:57:37+00:00\",\"mainEntityOfPage\":{\"@id\":\"https:\/\/welovecinema.be\/fr\/charleroi-inaugure-le-quai-10\/\"},\"wordCount\":358,\"publisher\":{\"@id\":\"https:\/\/welovecinema.be\/nl\/#organization\"},\"keywords\":[\"Fientrochshome\"],\"articleSection\":[\"En bref\",\"News\"],\"inLanguage\":\"fr-FR\"},{\"@type\":\"WebPage\",\"@id\":\"https:\/\/welovecinema.be\/fr\/charleroi-inaugure-le-quai-10\/\",\"url\":\"https:\/\/welovecinema.be\/fr\/charleroi-inaugure-le-quai-10\/\",\"name\":\"Charleroi inaugure le Quai 10 - We Love Cinema\",\"isPartOf\":{\"@id\":\"https:\/\/welovecinema.be\/nl\/#website\"},\"datePublished\":\"2017-01-19T09:57:37+00:00\",\"dateModified\":\"2017-01-19T09:57:37+00:00\",\"breadcrumb\":{\"@id\":\"https:\/\/welovecinema.be\/fr\/charleroi-inaugure-le-quai-10\/#breadcrumb\"},\"inLanguage\":\"fr-FR\",\"potentialAction\":[{\"@type\":\"ReadAction\",\"target\":[\"https:\/\/welovecinema.be\/fr\/charleroi-inaugure-le-quai-10\/\"]}]},{\"@type\":\"BreadcrumbList\",\"@id\":\"https:\/\/welovecinema.be\/fr\/charleroi-inaugure-le-quai-10\/#breadcrumb\",\"itemListElement\":[{\"@type\":\"ListItem\",\"position\":1,\"name\":\"Accueil\",\"item\":\"https:\/\/welovecinema.be\/fr\/\"},{\"@type\":\"ListItem\",\"position\":2,\"name\":\"Charleroi inaugure le Quai 10\"}]},{\"@type\":\"WebSite\",\"@id\":\"https:\/\/welovecinema.be\/nl\/#website\",\"url\":\"https:\/\/welovecinema.be\/nl\/\",\"name\":\"We Love Cinema\",\"description\":\"Toute l\u2019information du cin\u00e9ma en Belgique\",\"publisher\":{\"@id\":\"https:\/\/welovecinema.be\/nl\/#organization\"},\"potentialAction\":[{\"@type\":\"SearchAction\",\"target\":{\"@type\":\"EntryPoint\",\"urlTemplate\":\"https:\/\/welovecinema.be\/nl\/?s={search_term_string}\"},\"query-input\":\"required name=search_term_string\"}],\"inLanguage\":\"fr-FR\"},{\"@type\":\"Organization\",\"@id\":\"https:\/\/welovecinema.be\/nl\/#organization\",\"name\":\"We Love Cinema\",\"url\":\"https:\/\/welovecinema.be\/nl\/\",\"logo\":{\"@type\":\"ImageObject\",\"inLanguage\":\"fr-FR\",\"@id\":\"https:\/\/welovecinema.be\/nl\/#\/schema\/logo\/image\/\",\"url\":\"https:\/\/welovecinema.be\/wp-content\/uploads\/sites\/2\/2023\/03\/Logo-We-Love-Cinema305x128.jpg\",\"contentUrl\":\"https:\/\/welovecinema.be\/wp-content\/uploads\/sites\/2\/2023\/03\/Logo-We-Love-Cinema305x128.jpg\",\"width\":305,\"height\":128,\"caption\":\"We Love Cinema\"},\"image\":{\"@id\":\"https:\/\/welovecinema.be\/nl\/#\/schema\/logo\/image\/\"},\"sameAs\":[\"https:\/\/www.facebook.com\/welovecinema.be\",\"https:\/\/www.youtube.com\/channel\/UCX5LYGVhnKvYauW4Nta4HJA\",\"https:\/\/www.instagram.com\/welovecinema.be\/\"]},{\"@type\":\"Person\",\"@id\":\"https:\/\/welovecinema.be\/nl\/#\/schema\/person\/8084b68c6b176142d073695c654dc7cf\",\"name\":\"Aurore Engelen\",\"url\":\"https:\/\/welovecinema.be\/fr\/author\/aurore-engelen\/\"}]}<\/script>\n<!-- \/ Yoast SEO plugin. -->","yoast_head_json":{"title":"Charleroi inaugure le Quai 10 - We Love Cinema","robots":{"index":"index","follow":"follow","max-snippet":"max-snippet:-1","max-image-preview":"max-image-preview:large","max-video-preview":"max-video-preview:-1"},"canonical":"https:\/\/welovecinema.be\/fr\/charleroi-inaugure-le-quai-10\/","og_locale":"fr_FR","og_type":"article","og_title":"Charleroi inaugure le Quai 10 - We Love Cinema","og_description":"Ouvert partiellement en novembre dernier, le Quai 10, nouvel espace multiculturel avec vue sur la Sambre c\u00e9l\u00e8brera son inauguration officielle ce week-end \u00e0 Charleroi, \u00e0 travers une succession de projections et de rencontres exceptionnelles avec de nombreux acteurs et cr\u00e9ateurs du cin\u00e9ma belge.","og_url":"https:\/\/welovecinema.be\/fr\/charleroi-inaugure-le-quai-10\/","og_site_name":"We Love Cinema","article_publisher":"https:\/\/www.facebook.com\/welovecinema.be","article_published_time":"2017-01-19T09:57:37+00:00","og_image":[{"width":600,"height":312,"url":"https:\/\/welovecinema.be\/wp-content\/uploads\/sites\/2\/2017\/01\/Quai-10.jpg","type":"image\/jpeg"}],"author":"Aurore Engelen","twitter_card":"summary_large_image","twitter_misc":{"\u00c9crit par":"Aurore Engelen","Dur\u00e9e de lecture estim\u00e9e":"2 minutes"},"schema":{"@context":"https:\/\/schema.org","@graph":[{"@type":"Article","@id":"https:\/\/welovecinema.be\/fr\/charleroi-inaugure-le-quai-10\/#article","isPartOf":{"@id":"https:\/\/welovecinema.be\/fr\/charleroi-inaugure-le-quai-10\/"},"author":{"name":"Aurore Engelen","@id":"https:\/\/welovecinema.be\/nl\/#\/schema\/person\/8084b68c6b176142d073695c654dc7cf"},"headline":"Charleroi inaugure le Quai 10","datePublished":"2017-01-19T09:57:37+00:00","dateModified":"2017-01-19T09:57:37+00:00","mainEntityOfPage":{"@id":"https:\/\/welovecinema.be\/fr\/charleroi-inaugure-le-quai-10\/"},"wordCount":358,"publisher":{"@id":"https:\/\/welovecinema.be\/nl\/#organization"},"keywords":["Fientrochshome"],"articleSection":["En bref","News"],"inLanguage":"fr-FR"},{"@type":"WebPage","@id":"https:\/\/welovecinema.be\/fr\/charleroi-inaugure-le-quai-10\/","url":"https:\/\/welovecinema.be\/fr\/charleroi-inaugure-le-quai-10\/","name":"Charleroi inaugure le Quai 10 - We Love Cinema","isPartOf":{"@id":"https:\/\/welovecinema.be\/nl\/#website"},"datePublished":"2017-01-19T09:57:37+00:00","dateModified":"2017-01-19T09:57:37+00:00","breadcrumb":{"@id":"https:\/\/welovecinema.be\/fr\/charleroi-inaugure-le-quai-10\/#breadcrumb"},"inLanguage":"fr-FR","potentialAction":[{"@type":"ReadAction","target":["https:\/\/welovecinema.be\/fr\/charleroi-inaugure-le-quai-10\/"]}]},{"@type":"BreadcrumbList","@id":"https:\/\/welovecinema.be\/fr\/charleroi-inaugure-le-quai-10\/#breadcrumb","itemListElement":[{"@type":"ListItem","position":1,"name":"Accueil","item":"https:\/\/welovecinema.be\/fr\/"},{"@type":"ListItem","position":2,"name":"Charleroi inaugure le Quai 10"}]},{"@type":"WebSite","@id":"https:\/\/welovecinema.be\/nl\/#website","url":"https:\/\/welovecinema.be\/nl\/","name":"We Love Cinema","description":"Toute l\u2019information du cin\u00e9ma en Belgique","publisher":{"@id":"https:\/\/welovecinema.be\/nl\/#organization"},"potentialAction":[{"@type":"SearchAction","target":{"@type":"EntryPoint","urlTemplate":"https:\/\/welovecinema.be\/nl\/?s={search_term_string}"},"query-input":"required name=search_term_string"}],"inLanguage":"fr-FR"},{"@type":"Organization","@id":"https:\/\/welovecinema.be\/nl\/#organization","name":"We Love Cinema","url":"https:\/\/welovecinema.be\/nl\/","logo":{"@type":"ImageObject","inLanguage":"fr-FR","@id":"https:\/\/welovecinema.be\/nl\/#\/schema\/logo\/image\/","url":"https:\/\/welovecinema.be\/wp-content\/uploads\/sites\/2\/2023\/03\/Logo-We-Love-Cinema305x128.jpg","contentUrl":"https:\/\/welovecinema.be\/wp-content\/uploads\/sites\/2\/2023\/03\/Logo-We-Love-Cinema305x128.jpg","width":305,"height":128,"caption":"We Love Cinema"},"image":{"@id":"https:\/\/welovecinema.be\/nl\/#\/schema\/logo\/image\/"},"sameAs":["https:\/\/www.facebook.com\/welovecinema.be","https:\/\/www.youtube.com\/channel\/UCX5LYGVhnKvYauW4Nta4HJA","https:\/\/www.instagram.com\/welovecinema.be\/"]},{"@type":"Person","@id":"https:\/\/welovecinema.be\/nl\/#\/schema\/person\/8084b68c6b176142d073695c654dc7cf","name":"Aurore Engelen","url":"https:\/\/welovecinema.be\/fr\/author\/aurore-engelen\/"}]}},"_links":{"self":[{"href":"https:\/\/welovecinema.be\/fr\/wp-json\/wp\/v2\/posts\/195481","targetHints":{"allow":["GET"]}}],"collection":[{"href":"https:\/\/welovecinema.be\/fr\/wp-json\/wp\/v2\/posts"}],"about":[{"href":"https:\/\/welovecinema.be\/fr\/wp-json\/wp\/v2\/types\/post"}],"author":[{"embeddable":true,"href":"https:\/\/welovecinema.be\/fr\/wp-json\/wp\/v2\/users\/343"}],"replies":[{"embeddable":true,"href":"https:\/\/welovecinema.be\/fr\/wp-json\/wp\/v2\/comments?post=195481"}],"version-history":[{"count":0,"href":"https:\/\/welovecinema.be\/fr\/wp-json\/wp\/v2\/posts\/195481\/revisions"}],"wp:featuredmedia":[{"embeddable":true,"href":"https:\/\/welovecinema.be\/fr\/wp-json\/wp\/v2\/media\/195485"}],"wp:attachment":[{"href":"https:\/\/welovecinema.be\/fr\/wp-json\/wp\/v2\/media?parent=195481"}],"wp:term":[{"taxonomy":"category","embeddable":true,"href":"https:\/\/welovecinema.be\/fr\/wp-json\/wp\/v2\/categories?post=195481"},{"taxonomy":"post_tag","embeddable":true,"href":"https:\/\/welovecinema.be\/fr\/wp-json\/wp\/v2\/tags?post=195481"}],"curies":[{"name":"wp","href":"https:\/\/api.w.org\/{rel}","templated":true}]}}