{"id":193720,"date":"2016-12-16T09:37:34","date_gmt":"2016-12-16T08:37:34","guid":{"rendered":"http:\/\/www.cinevox.be\/?p=93720"},"modified":"2016-12-16T09:59:29","modified_gmt":"2016-12-16T08:59:29","slug":"le-jour-le-plus-court-fete-le-court-metrage","status":"publish","type":"post","link":"https:\/\/welovecinema.be\/fr\/le-jour-le-plus-court-fete-le-court-metrage\/","title":{"rendered":"Le Jour le plus court f\u00eate le court m\u00e9trage belge"},"content":{"rendered":"<p class=\"p1\">Le Jour le plus court est de retour, place aux nuits blanches et aux p\u00e9pites sur \u00e9cran noir. Le mercredi 21 d\u00e9cembre prochain, plus de 27 cin\u00e9mas et lieux culturels dans 10 villes \u00e0 Bruxelles et en Wallonie proposeront une programmation passionnante et passionn\u00e9e autour de ce format concentr\u00e9 de cin\u00e9ma, le court m\u00e9trage. Initi\u00e9 en France il y a 6 ans, cette grande f\u00eate populaire autour du court m\u00e9trage s&rsquo;est diss\u00e9min\u00e9e un peu partout en Europe, et fait donc escale en Belgique pour la troisi\u00e8me ann\u00e9e.<\/p>\n<p class=\"p1\">Pour la premi\u00e8re fois, Le Jour le plus court se dote d&rsquo;un parrain d&rsquo;exception, le r\u00e9alisateur et com\u00e9dien Bouli Lanners, qui propose de d\u00e9couvrir le temps de deux programmes un succ\u00e9dan\u00e9 de son univers cin\u00e9matographique, aussi bien \u00e0 travers ses propres courts m\u00e9trages, que des coups de coeur puis\u00e9s dans le terreau fertile du cin\u00e9ma belge, des films de r\u00e9alisateurs cultes ou de jeunes espoirs qui l&rsquo;ont marqu\u00e9 ou inspir\u00e9, et qui se distinguent par une certaine belgitude, et un humour souvent noir.<\/p>\n<p class=\"p3\">Dans le premier \u00ab\u00a0Choix du parrain\u00a0\u00bb, on trouvera <i>Dimanches<\/i> de Val\u00e9ry Rosier, <i>En attendant le d\u00e9gel<\/i> de Sarah Hirtt, <i>Rien d\u2019insoluble<\/i> de Xavier Seron \u00a0et <i>Travellinckx<\/i> de Bouli Lanners. Le second est compos\u00e9 de <i>\u00c8 pericoloso sporgersi<\/i> de Jaco Van Dormael, <i>J\u2019adore le cin\u00e9ma<\/i> de Vincent Lannoo \u00a0et <i>Muno<\/i> de Bouli Lanners.<\/p>\n<p class=\"p3\">Que vous soyez \u00e0 Ath, Bruxelles, Floreffe, Huy, Li\u00e8ge, Malmedy, Mons, Namur, Quaregnon et Tournai, d\u00e9couvrez <a href=\"https:\/\/www.lejourlepluscourt.be\/\">ici<\/a>\u00a0 le programme d\u00e9taill\u00e9 des festivit\u00e9s.<\/p>\n<p><iframe loading=\"lazy\" src=\"https:\/\/www.youtube.com\/embed\/49VhwUqyu_I\" width=\"560\" height=\"315\" frameborder=\"0\" allowfullscreen=\"allowfullscreen\"><\/iframe><\/p>\n<p class=\"p1\">Et si jamais malgr\u00e9 tout vous deviez rester chez vous, La Trois RTBF et BeTv mettent leur programmation au diapason.<\/p>\n<p class=\"p1\">\u00a0<a href=\"http:\/\/www.cinevox.be\/wp-content\/uploads\/sites\/2\/2016\/12\/JourLePlusCourtBeTv.png\"><img loading=\"lazy\" decoding=\"async\" class=\"alignnone size-medium wp-image-93723\" src=\"http:\/\/www.cinevox.be\/wp-content\/uploads\/sites\/2\/2016\/12\/JourLePlusCourtBeTv-480x202.png\" alt=\"JourLePlusCourtBeTv\" width=\"480\" height=\"202\" \/><\/a><\/p>\n<p class=\"p5\"><span class=\"s1\">Sur BeTv \u00e0 22h05, vous pourrez d\u00e9couvrir:\u00a0<\/span><\/p>\n<ul>\n<li class=\"p5\"><i>Betelgeuse<\/i>\u00a0de Bruno Tracq<\/li>\n<li class=\"p5\"><i>Le Mur<\/i>\u00a0de Samuel Lampaert<\/li>\n<li class=\"p5\"><i>Ice Scream<\/i>\u00a0de Vincent Smitz<\/li>\n<li class=\"p5\"><i>L\u2019Ombre d\u2019un Autre<\/i>\u00a0de L\u00e9o M\u00e9dard<\/li>\n<li class=\"p5\"><i>Feel Sad for the Bunny<\/i>\u00a0de Kenneth Mercken<\/li>\n<li class=\"p5\"><i>Complices<\/i>\u00a0de Mathieu Mortelmans<\/li>\n<li class=\"p5\"><i>Les Amoureuses<\/i>\u00a0de\u00a0Catherine Cosme<\/li>\n<li class=\"p5\"><i>Wien for life<\/i>\u00a0d\u2019Alidor Dolfing<\/li>\n<li class=\"p5\"><i>Le Flan<\/i>\u00a0d&rsquo;Odile d&rsquo;Oultremont<\/li>\n<li class=\"p5\"><i>Le Plombier<\/i>\u00a0de M\u00e9ryl Fortunat-Rossi et Xavier Seron.<\/li>\n<\/ul>\n<p class=\"p5\"><img loading=\"lazy\" decoding=\"async\" class=\"alignnone size-medium wp-image-93721\" src=\"http:\/\/www.cinevox.be\/wp-content\/uploads\/sites\/2\/2016\/12\/JourLePlusCourtLaTrois-480x187.png\" alt=\"JourLePlusCourtLaTrois\" width=\"480\" height=\"187\" \/><\/p>\n<p class=\"p5\">La Trois elle vous propose une nuit du court m\u00e9trage inspir\u00e9e par la constellation de talents belges qui a contribu\u00e9 en 2016 au succ\u00e8s des s\u00e9ries diffus\u00e9es par la RTBF, <i>La Tr\u00eave <\/i>et <i>Ennemi Public<\/i>. Vous pourrez d\u00e9couvrir lors de cet impressionnant marathon t\u00e9l\u00e9visuel pas moins de 17 films, dont la plupart sont interpr\u00e9t\u00e9s par des com\u00e9diens d\u00e9couverts ou red\u00e9couverts \u00e0 la faveur de ces s\u00e9ries \u00e9v\u00e8nements:<\/p>\n<ul>\n<li class=\"p5\"><i>Taxistop<\/i>\u00a0de Marie Enthoven<\/li>\n<li class=\"p5\"><i>La Terre ou le ciel<\/i>\u00a0de Fran\u00e7oise Dupal<\/li>\n<li class=\"p5\"><i>Le Con<\/i>\u00a0de Fran\u00e7ois Paquay<\/li>\n<li class=\"p5\"><i>Le Petit Chevalier<\/i>\u00a0d\u2019Emmanuel Marre<\/li>\n<li class=\"p5\"><i>Mauvaise Lune<\/i>\u00a0de Xavier Seron et M\u00e9ryl Fortunat-Rossi<\/li>\n<li class=\"p5\"><i>Vertiges<\/i>\u00a0 d\u2019Arnaud Dufeys<\/li>\n<li class=\"p5\"><i>Cadillac<\/i>\u00a0de Pauline Roque<\/li>\n<li class=\"p5\"><i>Partouze<\/i>\u00a0de Mathieu Donck<\/li>\n<li class=\"p5\"><i>Ineffa\u00e7able<\/i>\u00a0de Gregory Lecocq<\/li>\n<li class=\"p5\"><i>L\u2019Ours Noir<\/i>\u00a0de Xavier Seron et M\u00e9ryl Fortunat-Rossi<\/li>\n<li class=\"p5\"><i>Baby Sitting Story<\/i>\u00a0de Vincent Smitz<\/li>\n<li class=\"p5\"><i>Fable domestique<\/i>\u00a0d\u2019Ann Sirot et Rapha\u00ebl Balboni<\/li>\n<li class=\"p5\"><i>Plein Soleil<\/i>\u00a0de Fred Castadot<\/li>\n<li class=\"p5\"><i>Millionnaires<\/i>\u00a0de St\u00e9phane Bergmans<\/li>\n<li class=\"p5\"><i>Zinneke<\/i>\u00a0de R\u00e9mi Allier<\/li>\n<li class=\"p5\"><i>En attendant le d\u00e9gel<\/i>\u00a0de Sarah Hirtt<\/li>\n<li class=\"p5\"><i>Le Zombie au v\u00e9lo<\/i>\u00a0de Christophe Bourdon<\/li>\n<li class=\"p5\"><i>Welkom<\/i>\u00a0 de Pablo Munoz Gomez<\/li>\n<\/ul>\n","protected":false},"excerpt":{"rendered":"<p>Le Jour le plus court est de retour, place aux nuits blanches et aux p\u00e9pites sur \u00e9cran noir. Le mercredi 21 d\u00e9cembre prochain, plus de 27 cin\u00e9mas et lieux culturels dans 10 villes \u00e0 Bruxelles et en Wallonie proposeront une programmation passionnante et passionn\u00e9e autour de ce format concentr\u00e9 de cin\u00e9ma, le court m\u00e9trage. Initi\u00e9 &hellip;<\/p>\n","protected":false},"author":343,"featured_media":193725,"comment_status":"closed","ping_status":"closed","sticky":false,"template":"","format":"standard","meta":{"ngg_post_thumbnail":0,"footnotes":""},"categories":[10,7],"tags":[],"class_list":["post-193720","post","type-post","status-publish","format-standard","has-post-thumbnail","","category-a-l-affiche","category-actualites"],"yoast_head":"<!-- This site is optimized with the Yoast SEO plugin v20.4 - https:\/\/yoast.com\/wordpress\/plugins\/seo\/ -->\n<title>Le Jour le plus court f\u00eate le court m\u00e9trage belge - We Love Cinema<\/title>\n<meta name=\"robots\" content=\"index, follow, max-snippet:-1, max-image-preview:large, max-video-preview:-1\" \/>\n<link rel=\"canonical\" href=\"https:\/\/welovecinema.be\/fr\/le-jour-le-plus-court-fete-le-court-metrage\/\" \/>\n<meta property=\"og:locale\" content=\"fr_FR\" \/>\n<meta property=\"og:type\" content=\"article\" \/>\n<meta property=\"og:title\" content=\"Le Jour le plus court f\u00eate le court m\u00e9trage belge - We Love Cinema\" \/>\n<meta property=\"og:description\" content=\"Le Jour le plus court est de retour, place aux nuits blanches et aux p\u00e9pites sur \u00e9cran noir. Le mercredi 21 d\u00e9cembre prochain, plus de 27 cin\u00e9mas et lieux culturels dans 10 villes \u00e0 Bruxelles et en Wallonie proposeront une programmation passionnante et passionn\u00e9e autour de ce format concentr\u00e9 de cin\u00e9ma, le court m\u00e9trage. Initi\u00e9 &hellip;\" \/>\n<meta property=\"og:url\" content=\"https:\/\/welovecinema.be\/fr\/le-jour-le-plus-court-fete-le-court-metrage\/\" \/>\n<meta property=\"og:site_name\" content=\"We Love Cinema\" \/>\n<meta property=\"article:publisher\" content=\"https:\/\/www.facebook.com\/welovecinema.be\" \/>\n<meta property=\"article:published_time\" content=\"2016-12-16T08:37:34+00:00\" \/>\n<meta property=\"article:modified_time\" content=\"2016-12-16T08:59:29+00:00\" \/>\n<meta property=\"og:image\" content=\"https:\/\/welovecinema.be\/wp-content\/uploads\/sites\/2\/2016\/12\/Le-Jour-le-plus-court.jpg\" \/>\n\t<meta property=\"og:image:width\" content=\"854\" \/>\n\t<meta property=\"og:image:height\" content=\"315\" \/>\n\t<meta property=\"og:image:type\" content=\"image\/jpeg\" \/>\n<meta name=\"author\" content=\"Aurore Engelen\" \/>\n<meta name=\"twitter:card\" content=\"summary_large_image\" \/>\n<meta name=\"twitter:label1\" content=\"\u00c9crit par\" \/>\n\t<meta name=\"twitter:data1\" content=\"Aurore Engelen\" \/>\n\t<meta name=\"twitter:label2\" content=\"Dur\u00e9e de lecture estim\u00e9e\" \/>\n\t<meta name=\"twitter:data2\" content=\"3 minutes\" \/>\n<script type=\"application\/ld+json\" class=\"yoast-schema-graph\">{\"@context\":\"https:\/\/schema.org\",\"@graph\":[{\"@type\":\"Article\",\"@id\":\"https:\/\/welovecinema.be\/fr\/le-jour-le-plus-court-fete-le-court-metrage\/#article\",\"isPartOf\":{\"@id\":\"https:\/\/welovecinema.be\/fr\/le-jour-le-plus-court-fete-le-court-metrage\/\"},\"author\":{\"name\":\"Aurore Engelen\",\"@id\":\"https:\/\/welovecinema.be\/nl\/#\/schema\/person\/8084b68c6b176142d073695c654dc7cf\"},\"headline\":\"Le Jour le plus court f\u00eate le court m\u00e9trage belge\",\"datePublished\":\"2016-12-16T08:37:34+00:00\",\"dateModified\":\"2016-12-16T08:59:29+00:00\",\"mainEntityOfPage\":{\"@id\":\"https:\/\/welovecinema.be\/fr\/le-jour-le-plus-court-fete-le-court-metrage\/\"},\"wordCount\":564,\"publisher\":{\"@id\":\"https:\/\/welovecinema.be\/nl\/#organization\"},\"articleSection\":[\"A l'affiche\",\"News\"],\"inLanguage\":\"fr-FR\"},{\"@type\":\"WebPage\",\"@id\":\"https:\/\/welovecinema.be\/fr\/le-jour-le-plus-court-fete-le-court-metrage\/\",\"url\":\"https:\/\/welovecinema.be\/fr\/le-jour-le-plus-court-fete-le-court-metrage\/\",\"name\":\"Le Jour le plus court f\u00eate le court m\u00e9trage belge - We Love Cinema\",\"isPartOf\":{\"@id\":\"https:\/\/welovecinema.be\/nl\/#website\"},\"datePublished\":\"2016-12-16T08:37:34+00:00\",\"dateModified\":\"2016-12-16T08:59:29+00:00\",\"breadcrumb\":{\"@id\":\"https:\/\/welovecinema.be\/fr\/le-jour-le-plus-court-fete-le-court-metrage\/#breadcrumb\"},\"inLanguage\":\"fr-FR\",\"potentialAction\":[{\"@type\":\"ReadAction\",\"target\":[\"https:\/\/welovecinema.be\/fr\/le-jour-le-plus-court-fete-le-court-metrage\/\"]}]},{\"@type\":\"BreadcrumbList\",\"@id\":\"https:\/\/welovecinema.be\/fr\/le-jour-le-plus-court-fete-le-court-metrage\/#breadcrumb\",\"itemListElement\":[{\"@type\":\"ListItem\",\"position\":1,\"name\":\"Accueil\",\"item\":\"https:\/\/welovecinema.be\/fr\/\"},{\"@type\":\"ListItem\",\"position\":2,\"name\":\"Le Jour le plus court f\u00eate le court m\u00e9trage belge\"}]},{\"@type\":\"WebSite\",\"@id\":\"https:\/\/welovecinema.be\/nl\/#website\",\"url\":\"https:\/\/welovecinema.be\/nl\/\",\"name\":\"We Love Cinema\",\"description\":\"Toute l\u2019information du cin\u00e9ma en Belgique\",\"publisher\":{\"@id\":\"https:\/\/welovecinema.be\/nl\/#organization\"},\"potentialAction\":[{\"@type\":\"SearchAction\",\"target\":{\"@type\":\"EntryPoint\",\"urlTemplate\":\"https:\/\/welovecinema.be\/nl\/?s={search_term_string}\"},\"query-input\":\"required name=search_term_string\"}],\"inLanguage\":\"fr-FR\"},{\"@type\":\"Organization\",\"@id\":\"https:\/\/welovecinema.be\/nl\/#organization\",\"name\":\"We Love Cinema\",\"url\":\"https:\/\/welovecinema.be\/nl\/\",\"logo\":{\"@type\":\"ImageObject\",\"inLanguage\":\"fr-FR\",\"@id\":\"https:\/\/welovecinema.be\/nl\/#\/schema\/logo\/image\/\",\"url\":\"https:\/\/welovecinema.be\/wp-content\/uploads\/sites\/2\/2023\/03\/Logo-We-Love-Cinema305x128.jpg\",\"contentUrl\":\"https:\/\/welovecinema.be\/wp-content\/uploads\/sites\/2\/2023\/03\/Logo-We-Love-Cinema305x128.jpg\",\"width\":305,\"height\":128,\"caption\":\"We Love Cinema\"},\"image\":{\"@id\":\"https:\/\/welovecinema.be\/nl\/#\/schema\/logo\/image\/\"},\"sameAs\":[\"https:\/\/www.facebook.com\/welovecinema.be\",\"https:\/\/www.youtube.com\/channel\/UCX5LYGVhnKvYauW4Nta4HJA\",\"https:\/\/www.instagram.com\/welovecinema.be\/\"]},{\"@type\":\"Person\",\"@id\":\"https:\/\/welovecinema.be\/nl\/#\/schema\/person\/8084b68c6b176142d073695c654dc7cf\",\"name\":\"Aurore Engelen\",\"url\":\"https:\/\/welovecinema.be\/fr\/author\/aurore-engelen\/\"}]}<\/script>\n<!-- \/ Yoast SEO plugin. -->","yoast_head_json":{"title":"Le Jour le plus court f\u00eate le court m\u00e9trage belge - We Love Cinema","robots":{"index":"index","follow":"follow","max-snippet":"max-snippet:-1","max-image-preview":"max-image-preview:large","max-video-preview":"max-video-preview:-1"},"canonical":"https:\/\/welovecinema.be\/fr\/le-jour-le-plus-court-fete-le-court-metrage\/","og_locale":"fr_FR","og_type":"article","og_title":"Le Jour le plus court f\u00eate le court m\u00e9trage belge - We Love Cinema","og_description":"Le Jour le plus court est de retour, place aux nuits blanches et aux p\u00e9pites sur \u00e9cran noir. Le mercredi 21 d\u00e9cembre prochain, plus de 27 cin\u00e9mas et lieux culturels dans 10 villes \u00e0 Bruxelles et en Wallonie proposeront une programmation passionnante et passionn\u00e9e autour de ce format concentr\u00e9 de cin\u00e9ma, le court m\u00e9trage. Initi\u00e9 &hellip;","og_url":"https:\/\/welovecinema.be\/fr\/le-jour-le-plus-court-fete-le-court-metrage\/","og_site_name":"We Love Cinema","article_publisher":"https:\/\/www.facebook.com\/welovecinema.be","article_published_time":"2016-12-16T08:37:34+00:00","article_modified_time":"2016-12-16T08:59:29+00:00","og_image":[{"width":854,"height":315,"url":"https:\/\/welovecinema.be\/wp-content\/uploads\/sites\/2\/2016\/12\/Le-Jour-le-plus-court.jpg","type":"image\/jpeg"}],"author":"Aurore Engelen","twitter_card":"summary_large_image","twitter_misc":{"\u00c9crit par":"Aurore Engelen","Dur\u00e9e de lecture estim\u00e9e":"3 minutes"},"schema":{"@context":"https:\/\/schema.org","@graph":[{"@type":"Article","@id":"https:\/\/welovecinema.be\/fr\/le-jour-le-plus-court-fete-le-court-metrage\/#article","isPartOf":{"@id":"https:\/\/welovecinema.be\/fr\/le-jour-le-plus-court-fete-le-court-metrage\/"},"author":{"name":"Aurore Engelen","@id":"https:\/\/welovecinema.be\/nl\/#\/schema\/person\/8084b68c6b176142d073695c654dc7cf"},"headline":"Le Jour le plus court f\u00eate le court m\u00e9trage belge","datePublished":"2016-12-16T08:37:34+00:00","dateModified":"2016-12-16T08:59:29+00:00","mainEntityOfPage":{"@id":"https:\/\/welovecinema.be\/fr\/le-jour-le-plus-court-fete-le-court-metrage\/"},"wordCount":564,"publisher":{"@id":"https:\/\/welovecinema.be\/nl\/#organization"},"articleSection":["A l'affiche","News"],"inLanguage":"fr-FR"},{"@type":"WebPage","@id":"https:\/\/welovecinema.be\/fr\/le-jour-le-plus-court-fete-le-court-metrage\/","url":"https:\/\/welovecinema.be\/fr\/le-jour-le-plus-court-fete-le-court-metrage\/","name":"Le Jour le plus court f\u00eate le court m\u00e9trage belge - We Love Cinema","isPartOf":{"@id":"https:\/\/welovecinema.be\/nl\/#website"},"datePublished":"2016-12-16T08:37:34+00:00","dateModified":"2016-12-16T08:59:29+00:00","breadcrumb":{"@id":"https:\/\/welovecinema.be\/fr\/le-jour-le-plus-court-fete-le-court-metrage\/#breadcrumb"},"inLanguage":"fr-FR","potentialAction":[{"@type":"ReadAction","target":["https:\/\/welovecinema.be\/fr\/le-jour-le-plus-court-fete-le-court-metrage\/"]}]},{"@type":"BreadcrumbList","@id":"https:\/\/welovecinema.be\/fr\/le-jour-le-plus-court-fete-le-court-metrage\/#breadcrumb","itemListElement":[{"@type":"ListItem","position":1,"name":"Accueil","item":"https:\/\/welovecinema.be\/fr\/"},{"@type":"ListItem","position":2,"name":"Le Jour le plus court f\u00eate le court m\u00e9trage belge"}]},{"@type":"WebSite","@id":"https:\/\/welovecinema.be\/nl\/#website","url":"https:\/\/welovecinema.be\/nl\/","name":"We Love Cinema","description":"Toute l\u2019information du cin\u00e9ma en Belgique","publisher":{"@id":"https:\/\/welovecinema.be\/nl\/#organization"},"potentialAction":[{"@type":"SearchAction","target":{"@type":"EntryPoint","urlTemplate":"https:\/\/welovecinema.be\/nl\/?s={search_term_string}"},"query-input":"required name=search_term_string"}],"inLanguage":"fr-FR"},{"@type":"Organization","@id":"https:\/\/welovecinema.be\/nl\/#organization","name":"We Love Cinema","url":"https:\/\/welovecinema.be\/nl\/","logo":{"@type":"ImageObject","inLanguage":"fr-FR","@id":"https:\/\/welovecinema.be\/nl\/#\/schema\/logo\/image\/","url":"https:\/\/welovecinema.be\/wp-content\/uploads\/sites\/2\/2023\/03\/Logo-We-Love-Cinema305x128.jpg","contentUrl":"https:\/\/welovecinema.be\/wp-content\/uploads\/sites\/2\/2023\/03\/Logo-We-Love-Cinema305x128.jpg","width":305,"height":128,"caption":"We Love Cinema"},"image":{"@id":"https:\/\/welovecinema.be\/nl\/#\/schema\/logo\/image\/"},"sameAs":["https:\/\/www.facebook.com\/welovecinema.be","https:\/\/www.youtube.com\/channel\/UCX5LYGVhnKvYauW4Nta4HJA","https:\/\/www.instagram.com\/welovecinema.be\/"]},{"@type":"Person","@id":"https:\/\/welovecinema.be\/nl\/#\/schema\/person\/8084b68c6b176142d073695c654dc7cf","name":"Aurore Engelen","url":"https:\/\/welovecinema.be\/fr\/author\/aurore-engelen\/"}]}},"_links":{"self":[{"href":"https:\/\/welovecinema.be\/fr\/wp-json\/wp\/v2\/posts\/193720","targetHints":{"allow":["GET"]}}],"collection":[{"href":"https:\/\/welovecinema.be\/fr\/wp-json\/wp\/v2\/posts"}],"about":[{"href":"https:\/\/welovecinema.be\/fr\/wp-json\/wp\/v2\/types\/post"}],"author":[{"embeddable":true,"href":"https:\/\/welovecinema.be\/fr\/wp-json\/wp\/v2\/users\/343"}],"replies":[{"embeddable":true,"href":"https:\/\/welovecinema.be\/fr\/wp-json\/wp\/v2\/comments?post=193720"}],"version-history":[{"count":0,"href":"https:\/\/welovecinema.be\/fr\/wp-json\/wp\/v2\/posts\/193720\/revisions"}],"wp:featuredmedia":[{"embeddable":true,"href":"https:\/\/welovecinema.be\/fr\/wp-json\/wp\/v2\/media\/193725"}],"wp:attachment":[{"href":"https:\/\/welovecinema.be\/fr\/wp-json\/wp\/v2\/media?parent=193720"}],"wp:term":[{"taxonomy":"category","embeddable":true,"href":"https:\/\/welovecinema.be\/fr\/wp-json\/wp\/v2\/categories?post=193720"},{"taxonomy":"post_tag","embeddable":true,"href":"https:\/\/welovecinema.be\/fr\/wp-json\/wp\/v2\/tags?post=193720"}],"curies":[{"name":"wp","href":"https:\/\/api.w.org\/{rel}","templated":true}]}}