{"id":18398,"date":"2012-03-27T07:18:24","date_gmt":"2012-03-27T07:18:24","guid":{"rendered":"http:\/\/www.cinevox.be\/?p=18398"},"modified":"2012-03-26T19:17:55","modified_gmt":"2012-03-26T19:17:55","slug":"torpedo-francois-apres-le-ressac","status":"publish","type":"post","link":"https:\/\/welovecinema.be\/fr\/torpedo-francois-apres-le-ressac\/","title":{"rendered":"Torpedo <br> Fran\u00e7ois apr\u00e8s le Ressac"},"content":{"rendered":"<p>Avant la sortie de <em>Torpedo<\/em>, <strong>Fran\u00e7ois Damiens<\/strong> s&rsquo;est pr\u00eat\u00e9 \u00e0 l&rsquo;exercice de l&rsquo;interview film\u00e9e. Vous l&rsquo;avez d&rsquo;ailleurs entrevu dans <a href=\"http:\/\/www.cinevox.be\/videos\/grand-ecran-8\/\" target=\"_blank\">notre Grand Ecran de Janvier<\/a>. Il nous a parl\u00e9 de son exp\u00e9rience sur le film, de sa relation avec <strong>Matthieu Donck<\/strong> le r\u00e9alisateur, et il donn\u00e9 sa vision de Michel Ressac, le personnage qu&rsquo;il interpr\u00e8te avec tant de justesse. De la bonne mati\u00e8re pour une bonne interview Crossm\u00e9dia : les r\u00e9ponses de Fran\u00e7ois sont \u00e0 visionner en vid\u00e9o (cliquez sur les liens)<\/p>\n<p><!--more--><\/p>\n<p>&nbsp;<\/p>\n<p>Il ne nous\u00a0 pas fallu vingt minutes lors de <a href=\"http:\/\/www.cinevox.be\/ouverture-du-be-film-festival-torpedo-en-roue-libre\/\" target=\"_blank\">l&rsquo;avant-premi\u00e8re du film<\/a> en d\u00e9cembre 2011 lors du Be Film Festival\u00a0 pour comprendre que <strong>Matthieu Donck<\/strong> le jeune r\u00e9alisateur de<em> Torpedo<\/em> venait de frapper un grand coup. Son premier long m\u00e9trage, ma\u00eetris\u00e9 et \u00e9mouvant, dr\u00f4le aussi, emmenait les spectateurs l\u00e0 o\u00f9 il le d\u00e9sirait, quand il le d\u00e9sirait. Dans cette salle \u00e9norme et bond\u00e9e, on sentait le public vibrer \u00e0 l&rsquo;unisson : les tr\u00e8s longues salves d&rsquo;applaudissements qui suivirent le g\u00e9n\u00e9rique final ne faisant que confirmer ce qu&rsquo;on avait ressent durant toute la projection.<\/p>\n<p>&nbsp;<\/p>\n<p><a rel=\"attachment wp-att-18401\" href=\"http:\/\/www.cinevox.be\/torpedo-francois-apres-le-ressac\/gallery-image-24\/\"><img loading=\"lazy\" decoding=\"async\" class=\"aligncenter size-full wp-image-18401\" title=\"gallery-image-24\" src=\"http:\/\/www.cinevox.be\/wp-content\/uploads\/sites\/2\/2012\/03\/gallery-image-24.jpg\" alt=\"\" width=\"638\" height=\"424\" srcset=\"https:\/\/welovecinema.be\/wp-content\/uploads\/sites\/2\/2012\/03\/gallery-image-24.jpg 638w, https:\/\/welovecinema.be\/wp-content\/uploads\/sites\/2\/2012\/03\/gallery-image-24-406x270.jpg 406w\" sizes=\"auto, (max-width: 638px) 100vw, 638px\" \/><\/a><\/p>\n<p>&nbsp;<\/p>\n<p>La sortie officielle du long m\u00e9trage en France et en Belgique fut d&rsquo;ailleurs salu\u00e9e par une critique fort enthousiaste qui \u00e9pinglait \u00e0 la fois la r\u00e9alisation ma\u00eetris\u00e9e et la prestation de Fran\u00e7ois Damiens \u00e9gal \u00e0 lui-m\u00eame dans un r\u00f4le formidable de loser magnifique et indomptable. Un type unique qui se battra jusqu&rsquo;au bout et contre tout pour obtenir ce qu&rsquo;il souhaite : <a href=\"http:\/\/www.cinevox.be\/videos\/francois-damiens-ressac-lindomptable\/\" target=\"_blank\">autant de traits de caract\u00e8re qui ont s\u00e9duit Fran\u00e7ois<\/a>.<\/p>\n<p>&nbsp;<\/p>\n<p>Michel Ressac est un type un peu bizarre avec son mobilhome pourri et sa famille fantasm\u00e9e. Cr\u00e9dible? Pas vraiment. <a href=\"http:\/\/www.cinevox.be\/videos\/francois-damiens-michel-et-son-enfant\/\">Difficile de s&rsquo;improviser papa du jour au lendemain<\/a>.<\/p>\n<p>&nbsp;<\/p>\n<p>Impossible, bien s\u00fbr, d&rsquo;\u00e9voquer le personnage de Michel Ressac sans parler de son in\u00e9narrable Millet rouge. Un blouson que Fran\u00e7ois Damiens a amen\u00e9 lui-m\u00eame comme un troph\u00e9e, <a href=\"http:\/\/www.cinevox.be\/videos\/francois-damiens-le-secret-du-millet-rouge\/\">une \u00e9vidence<\/a>.<\/p>\n<p>&nbsp;<\/p>\n<p>&nbsp;<\/p>\n<p>&nbsp;<\/p>\n<p>Matthieu Donck nous expliquait <a href=\"http:\/\/www.cinevox.be\/videos\/matthieu-donck-francois-damiens\/\" target=\"_blank\">r\u00e9cemment<\/a> que Fran\u00e7ois Damiens avait toujours \u00e9t\u00e9 son premier choix. Mais comment Fran\u00e7ois Damiens a-t-il v\u00e9cu cette premi\u00e8re rencontre ? <a href=\"http:\/\/www.cinevox.be\/videos\/francois-damiens-le-premier-choix-de-matthieu-donck\/\">Comment a-t-il compris la d\u00e9marche du r\u00e9alisateur<\/a>.<\/p>\n<p>&nbsp;<\/p>\n<p><a rel=\"attachment wp-att-18414\" href=\"http:\/\/www.cinevox.be\/torpedo-francois-apres-le-ressac\/gallery-image-9\/\"><img loading=\"lazy\" decoding=\"async\" class=\"aligncenter size-full wp-image-18414\" title=\"gallery-image-9\" src=\"http:\/\/www.cinevox.be\/wp-content\/uploads\/sites\/2\/2012\/03\/gallery-image-9.jpg\" alt=\"\" width=\"628\" height=\"424\" srcset=\"https:\/\/welovecinema.be\/wp-content\/uploads\/sites\/2\/2012\/03\/gallery-image-9.jpg 628w, https:\/\/welovecinema.be\/wp-content\/uploads\/sites\/2\/2012\/03\/gallery-image-9-399x270.jpg 399w\" sizes=\"auto, (max-width: 628px) 100vw, 628px\" \/><\/a><\/p>\n<p>&nbsp;<\/p>\n<p>D\u00e9sormais abonn\u00e9 aux productions fran\u00e7aises opulentes, <strong>Fran\u00e7ois Damiens<\/strong> est revenu pour nous sur les conditions de tournage de <em>Torpedo<\/em>. <a href=\"http:\/\/www.cinevox.be\/videos\/francois-damiens-le-tournage-de-torpedo\/\">De mani\u00e8re directe, il oppose confort et spontan\u00e9it\u00e9, un concept qui lui tient \u00e0 c\u0153ur<\/a>.<\/p>\n<p>Cette spontan\u00e9it\u00e9, il en reparle d&rsquo;ailleurs lorsque nous lui demandons comment il appr\u00e9hende un tournage avec un metteur en sc\u00e8ne qui se lance dans l&rsquo;aventure du long. Est-ce fort diff\u00e9rent d&rsquo;une exp\u00e9rience v\u00e9cue avec un r\u00e9alisateur confirm\u00e9? C&rsquo;est, en tous cas, rafra\u00eechissant et enthousiasmant, car r\u00e9aliser un premier film\u2026 c&rsquo;est un peu comme partir en vacances pour la premi\u00e8re fois sans ses parents. <a href=\"http:\/\/www.cinevox.be\/videos\/francois-damiens-tourner-avec-un-jeune-metteur-en-scene\/\">C&rsquo;est Fran\u00e7ois qui le dit<\/a>.<\/p>\n<p>Plut\u00f4t dr\u00f4le, non?<\/p>\n<p>&nbsp;<\/p>\n","protected":false},"excerpt":{"rendered":"<p>Avant la sortie de Torpedo, Fran\u00e7ois Damiens s&rsquo;est pr\u00eat\u00e9 \u00e0 l&rsquo;exercice de l&rsquo;interview film\u00e9e. Vous l&rsquo;avez d&rsquo;ailleurs entrevu dans notre Grand Ecran de Janvier. Il nous a parl\u00e9 de son exp\u00e9rience sur le film, de sa relation avec Matthieu Donck le r\u00e9alisateur, et il donn\u00e9 sa vision de Michel Ressac, le personnage qu&rsquo;il interpr\u00e8te avec &hellip;<\/p>\n","protected":false},"author":7,"featured_media":18404,"comment_status":"closed","ping_status":"closed","sticky":false,"template":"","format":"standard","meta":{"ngg_post_thumbnail":0,"footnotes":""},"categories":[1978],"tags":[],"class_list":["post-18398","post","type-post","status-publish","format-standard","has-post-thumbnail","","category-interviews"],"yoast_head":"<!-- This site is optimized with the Yoast SEO plugin v20.4 - https:\/\/yoast.com\/wordpress\/plugins\/seo\/ -->\n<title>Torpedo  Fran\u00e7ois apr\u00e8s le Ressac - We Love Cinema<\/title>\n<meta name=\"robots\" content=\"index, follow, max-snippet:-1, max-image-preview:large, max-video-preview:-1\" \/>\n<link rel=\"canonical\" href=\"https:\/\/welovecinema.be\/fr\/torpedo-francois-apres-le-ressac\/\" \/>\n<meta property=\"og:locale\" content=\"fr_FR\" \/>\n<meta property=\"og:type\" content=\"article\" \/>\n<meta property=\"og:title\" content=\"Torpedo  Fran\u00e7ois apr\u00e8s le Ressac - We Love Cinema\" \/>\n<meta property=\"og:description\" content=\"Avant la sortie de Torpedo, Fran\u00e7ois Damiens s&rsquo;est pr\u00eat\u00e9 \u00e0 l&rsquo;exercice de l&rsquo;interview film\u00e9e. Vous l&rsquo;avez d&rsquo;ailleurs entrevu dans notre Grand Ecran de Janvier. Il nous a parl\u00e9 de son exp\u00e9rience sur le film, de sa relation avec Matthieu Donck le r\u00e9alisateur, et il donn\u00e9 sa vision de Michel Ressac, le personnage qu&rsquo;il interpr\u00e8te avec &hellip;\" \/>\n<meta property=\"og:url\" content=\"https:\/\/welovecinema.be\/fr\/torpedo-francois-apres-le-ressac\/\" \/>\n<meta property=\"og:site_name\" content=\"We Love Cinema\" \/>\n<meta property=\"article:publisher\" content=\"https:\/\/www.facebook.com\/welovecinema.be\" \/>\n<meta property=\"article:published_time\" content=\"2012-03-27T07:18:24+00:00\" \/>\n<meta property=\"article:modified_time\" content=\"2012-03-26T19:17:55+00:00\" \/>\n<meta property=\"og:image\" content=\"https:\/\/welovecinema.be\/wp-content\/uploads\/sites\/2\/2012\/03\/gallery-image-23.jpg\" \/>\n\t<meta property=\"og:image:width\" content=\"638\" \/>\n\t<meta property=\"og:image:height\" content=\"424\" \/>\n\t<meta property=\"og:image:type\" content=\"image\/jpeg\" \/>\n<meta name=\"author\" content=\"Philippe.Pierquin\" \/>\n<meta name=\"twitter:card\" content=\"summary_large_image\" \/>\n<meta name=\"twitter:label1\" content=\"\u00c9crit par\" \/>\n\t<meta name=\"twitter:data1\" content=\"Philippe.Pierquin\" \/>\n\t<meta name=\"twitter:label2\" content=\"Dur\u00e9e de lecture estim\u00e9e\" \/>\n\t<meta name=\"twitter:data2\" content=\"3 minutes\" \/>\n<script type=\"application\/ld+json\" class=\"yoast-schema-graph\">{\"@context\":\"https:\/\/schema.org\",\"@graph\":[{\"@type\":\"Article\",\"@id\":\"https:\/\/welovecinema.be\/fr\/torpedo-francois-apres-le-ressac\/#article\",\"isPartOf\":{\"@id\":\"https:\/\/welovecinema.be\/fr\/torpedo-francois-apres-le-ressac\/\"},\"author\":{\"name\":\"Philippe.Pierquin\",\"@id\":\"https:\/\/welovecinema.be\/nl\/#\/schema\/person\/4b9b1d857f0943453a38a7c2859ef756\"},\"headline\":\"Torpedo Fran\u00e7ois apr\u00e8s le Ressac\",\"datePublished\":\"2012-03-27T07:18:24+00:00\",\"dateModified\":\"2012-03-26T19:17:55+00:00\",\"mainEntityOfPage\":{\"@id\":\"https:\/\/welovecinema.be\/fr\/torpedo-francois-apres-le-ressac\/\"},\"wordCount\":532,\"publisher\":{\"@id\":\"https:\/\/welovecinema.be\/nl\/#organization\"},\"articleSection\":[\"Rencontres\"],\"inLanguage\":\"fr-FR\"},{\"@type\":\"WebPage\",\"@id\":\"https:\/\/welovecinema.be\/fr\/torpedo-francois-apres-le-ressac\/\",\"url\":\"https:\/\/welovecinema.be\/fr\/torpedo-francois-apres-le-ressac\/\",\"name\":\"Torpedo Fran\u00e7ois apr\u00e8s le Ressac - We Love Cinema\",\"isPartOf\":{\"@id\":\"https:\/\/welovecinema.be\/nl\/#website\"},\"datePublished\":\"2012-03-27T07:18:24+00:00\",\"dateModified\":\"2012-03-26T19:17:55+00:00\",\"breadcrumb\":{\"@id\":\"https:\/\/welovecinema.be\/fr\/torpedo-francois-apres-le-ressac\/#breadcrumb\"},\"inLanguage\":\"fr-FR\",\"potentialAction\":[{\"@type\":\"ReadAction\",\"target\":[\"https:\/\/welovecinema.be\/fr\/torpedo-francois-apres-le-ressac\/\"]}]},{\"@type\":\"BreadcrumbList\",\"@id\":\"https:\/\/welovecinema.be\/fr\/torpedo-francois-apres-le-ressac\/#breadcrumb\",\"itemListElement\":[{\"@type\":\"ListItem\",\"position\":1,\"name\":\"Accueil\",\"item\":\"https:\/\/welovecinema.be\/fr\/\"},{\"@type\":\"ListItem\",\"position\":2,\"name\":\"Torpedo Fran\u00e7ois apr\u00e8s le Ressac\"}]},{\"@type\":\"WebSite\",\"@id\":\"https:\/\/welovecinema.be\/nl\/#website\",\"url\":\"https:\/\/welovecinema.be\/nl\/\",\"name\":\"We Love Cinema\",\"description\":\"Toute l\u2019information du cin\u00e9ma en Belgique\",\"publisher\":{\"@id\":\"https:\/\/welovecinema.be\/nl\/#organization\"},\"potentialAction\":[{\"@type\":\"SearchAction\",\"target\":{\"@type\":\"EntryPoint\",\"urlTemplate\":\"https:\/\/welovecinema.be\/nl\/?s={search_term_string}\"},\"query-input\":\"required name=search_term_string\"}],\"inLanguage\":\"fr-FR\"},{\"@type\":\"Organization\",\"@id\":\"https:\/\/welovecinema.be\/nl\/#organization\",\"name\":\"We Love Cinema\",\"url\":\"https:\/\/welovecinema.be\/nl\/\",\"logo\":{\"@type\":\"ImageObject\",\"inLanguage\":\"fr-FR\",\"@id\":\"https:\/\/welovecinema.be\/nl\/#\/schema\/logo\/image\/\",\"url\":\"https:\/\/welovecinema.be\/wp-content\/uploads\/sites\/2\/2023\/03\/Logo-We-Love-Cinema305x128.jpg\",\"contentUrl\":\"https:\/\/welovecinema.be\/wp-content\/uploads\/sites\/2\/2023\/03\/Logo-We-Love-Cinema305x128.jpg\",\"width\":305,\"height\":128,\"caption\":\"We Love Cinema\"},\"image\":{\"@id\":\"https:\/\/welovecinema.be\/nl\/#\/schema\/logo\/image\/\"},\"sameAs\":[\"https:\/\/www.facebook.com\/welovecinema.be\",\"https:\/\/www.youtube.com\/channel\/UCX5LYGVhnKvYauW4Nta4HJA\",\"https:\/\/www.instagram.com\/welovecinema.be\/\"]},{\"@type\":\"Person\",\"@id\":\"https:\/\/welovecinema.be\/nl\/#\/schema\/person\/4b9b1d857f0943453a38a7c2859ef756\",\"name\":\"Philippe.Pierquin\",\"url\":\"https:\/\/welovecinema.be\/fr\/author\/philippe-pierquin\/\"}]}<\/script>\n<!-- \/ Yoast SEO plugin. -->","yoast_head_json":{"title":"Torpedo  Fran\u00e7ois apr\u00e8s le Ressac - We Love Cinema","robots":{"index":"index","follow":"follow","max-snippet":"max-snippet:-1","max-image-preview":"max-image-preview:large","max-video-preview":"max-video-preview:-1"},"canonical":"https:\/\/welovecinema.be\/fr\/torpedo-francois-apres-le-ressac\/","og_locale":"fr_FR","og_type":"article","og_title":"Torpedo  Fran\u00e7ois apr\u00e8s le Ressac - We Love Cinema","og_description":"Avant la sortie de Torpedo, Fran\u00e7ois Damiens s&rsquo;est pr\u00eat\u00e9 \u00e0 l&rsquo;exercice de l&rsquo;interview film\u00e9e. Vous l&rsquo;avez d&rsquo;ailleurs entrevu dans notre Grand Ecran de Janvier. Il nous a parl\u00e9 de son exp\u00e9rience sur le film, de sa relation avec Matthieu Donck le r\u00e9alisateur, et il donn\u00e9 sa vision de Michel Ressac, le personnage qu&rsquo;il interpr\u00e8te avec &hellip;","og_url":"https:\/\/welovecinema.be\/fr\/torpedo-francois-apres-le-ressac\/","og_site_name":"We Love Cinema","article_publisher":"https:\/\/www.facebook.com\/welovecinema.be","article_published_time":"2012-03-27T07:18:24+00:00","article_modified_time":"2012-03-26T19:17:55+00:00","og_image":[{"width":"638","height":"424","url":"https:\/\/welovecinema.be\/wp-content\/uploads\/sites\/2\/2012\/03\/gallery-image-23.jpg","type":"image\/jpeg"}],"author":"Philippe.Pierquin","twitter_card":"summary_large_image","twitter_misc":{"\u00c9crit par":"Philippe.Pierquin","Dur\u00e9e de lecture estim\u00e9e":"3 minutes"},"schema":{"@context":"https:\/\/schema.org","@graph":[{"@type":"Article","@id":"https:\/\/welovecinema.be\/fr\/torpedo-francois-apres-le-ressac\/#article","isPartOf":{"@id":"https:\/\/welovecinema.be\/fr\/torpedo-francois-apres-le-ressac\/"},"author":{"name":"Philippe.Pierquin","@id":"https:\/\/welovecinema.be\/nl\/#\/schema\/person\/4b9b1d857f0943453a38a7c2859ef756"},"headline":"Torpedo Fran\u00e7ois apr\u00e8s le Ressac","datePublished":"2012-03-27T07:18:24+00:00","dateModified":"2012-03-26T19:17:55+00:00","mainEntityOfPage":{"@id":"https:\/\/welovecinema.be\/fr\/torpedo-francois-apres-le-ressac\/"},"wordCount":532,"publisher":{"@id":"https:\/\/welovecinema.be\/nl\/#organization"},"articleSection":["Rencontres"],"inLanguage":"fr-FR"},{"@type":"WebPage","@id":"https:\/\/welovecinema.be\/fr\/torpedo-francois-apres-le-ressac\/","url":"https:\/\/welovecinema.be\/fr\/torpedo-francois-apres-le-ressac\/","name":"Torpedo Fran\u00e7ois apr\u00e8s le Ressac - We Love Cinema","isPartOf":{"@id":"https:\/\/welovecinema.be\/nl\/#website"},"datePublished":"2012-03-27T07:18:24+00:00","dateModified":"2012-03-26T19:17:55+00:00","breadcrumb":{"@id":"https:\/\/welovecinema.be\/fr\/torpedo-francois-apres-le-ressac\/#breadcrumb"},"inLanguage":"fr-FR","potentialAction":[{"@type":"ReadAction","target":["https:\/\/welovecinema.be\/fr\/torpedo-francois-apres-le-ressac\/"]}]},{"@type":"BreadcrumbList","@id":"https:\/\/welovecinema.be\/fr\/torpedo-francois-apres-le-ressac\/#breadcrumb","itemListElement":[{"@type":"ListItem","position":1,"name":"Accueil","item":"https:\/\/welovecinema.be\/fr\/"},{"@type":"ListItem","position":2,"name":"Torpedo Fran\u00e7ois apr\u00e8s le Ressac"}]},{"@type":"WebSite","@id":"https:\/\/welovecinema.be\/nl\/#website","url":"https:\/\/welovecinema.be\/nl\/","name":"We Love Cinema","description":"Toute l\u2019information du cin\u00e9ma en Belgique","publisher":{"@id":"https:\/\/welovecinema.be\/nl\/#organization"},"potentialAction":[{"@type":"SearchAction","target":{"@type":"EntryPoint","urlTemplate":"https:\/\/welovecinema.be\/nl\/?s={search_term_string}"},"query-input":"required name=search_term_string"}],"inLanguage":"fr-FR"},{"@type":"Organization","@id":"https:\/\/welovecinema.be\/nl\/#organization","name":"We Love Cinema","url":"https:\/\/welovecinema.be\/nl\/","logo":{"@type":"ImageObject","inLanguage":"fr-FR","@id":"https:\/\/welovecinema.be\/nl\/#\/schema\/logo\/image\/","url":"https:\/\/welovecinema.be\/wp-content\/uploads\/sites\/2\/2023\/03\/Logo-We-Love-Cinema305x128.jpg","contentUrl":"https:\/\/welovecinema.be\/wp-content\/uploads\/sites\/2\/2023\/03\/Logo-We-Love-Cinema305x128.jpg","width":305,"height":128,"caption":"We Love Cinema"},"image":{"@id":"https:\/\/welovecinema.be\/nl\/#\/schema\/logo\/image\/"},"sameAs":["https:\/\/www.facebook.com\/welovecinema.be","https:\/\/www.youtube.com\/channel\/UCX5LYGVhnKvYauW4Nta4HJA","https:\/\/www.instagram.com\/welovecinema.be\/"]},{"@type":"Person","@id":"https:\/\/welovecinema.be\/nl\/#\/schema\/person\/4b9b1d857f0943453a38a7c2859ef756","name":"Philippe.Pierquin","url":"https:\/\/welovecinema.be\/fr\/author\/philippe-pierquin\/"}]}},"_links":{"self":[{"href":"https:\/\/welovecinema.be\/fr\/wp-json\/wp\/v2\/posts\/18398","targetHints":{"allow":["GET"]}}],"collection":[{"href":"https:\/\/welovecinema.be\/fr\/wp-json\/wp\/v2\/posts"}],"about":[{"href":"https:\/\/welovecinema.be\/fr\/wp-json\/wp\/v2\/types\/post"}],"author":[{"embeddable":true,"href":"https:\/\/welovecinema.be\/fr\/wp-json\/wp\/v2\/users\/7"}],"replies":[{"embeddable":true,"href":"https:\/\/welovecinema.be\/fr\/wp-json\/wp\/v2\/comments?post=18398"}],"version-history":[{"count":0,"href":"https:\/\/welovecinema.be\/fr\/wp-json\/wp\/v2\/posts\/18398\/revisions"}],"wp:featuredmedia":[{"embeddable":true,"href":"https:\/\/welovecinema.be\/fr\/wp-json\/wp\/v2\/media\/18404"}],"wp:attachment":[{"href":"https:\/\/welovecinema.be\/fr\/wp-json\/wp\/v2\/media?parent=18398"}],"wp:term":[{"taxonomy":"category","embeddable":true,"href":"https:\/\/welovecinema.be\/fr\/wp-json\/wp\/v2\/categories?post=18398"},{"taxonomy":"post_tag","embeddable":true,"href":"https:\/\/welovecinema.be\/fr\/wp-json\/wp\/v2\/tags?post=18398"}],"curies":[{"name":"wp","href":"https:\/\/api.w.org\/{rel}","templated":true}]}}