{"id":18122,"date":"2012-03-19T09:23:22","date_gmt":"2012-03-19T09:23:22","guid":{"rendered":"http:\/\/www.cinevox.be\/?p=18122"},"modified":"2012-03-18T09:28:58","modified_gmt":"2012-03-18T09:28:58","slug":"matthieu-donck-en-mode-torpedo-donckey-punch-a-la-belge","status":"publish","type":"post","link":"https:\/\/welovecinema.be\/fr\/matthieu-donck-en-mode-torpedo-donckey-punch-a-la-belge\/","title":{"rendered":"Matthieu Donck en mode Torpedo <br> Donck(ey) Punch \u00ab\u00a0\u00e0 la belge\u00a0\u00bb"},"content":{"rendered":"<p>Ces dix derni\u00e8res ann\u00e9es, le cin\u00e9ma belge s&rsquo;est renouvel\u00e9 en profondeur avec l&rsquo;arriv\u00e9e de nombreux nouveaux metteurs en sc\u00e8ne qui ont t\u00e2t\u00e9 du grand \u00e9cran en long format. Ceux qui constituaient la premi\u00e8re vague de ce revival sont aujourd&rsquo;hui install\u00e9s: <strong>Bouli Lanners <\/strong>vient de remporter cinq Magritte du cin\u00e9ma avec <em>Les G\u00e9ants<\/em>, tous les curieux attendent avec impatience <em>Nos Enfants<\/em> de <strong>Joachim Lafosse<\/strong> qui pourraient faire un s\u00e9jour cannois (69% de chance selon le magazine Premi\u00e8re), <strong>Sam Garbarski<\/strong> (qui \u00e9tait d\u00e9j\u00e0 bien connu dans le domaine de la publicit\u00e9) va tourner avec Patricia Arquette\u2026<\/p>\n<p><!--more--><\/p>\n<p>&nbsp;<\/p>\n<p>Mais loin de se reposer sur leurs lauriers, les producteurs belges ont amen\u00e9 sur la Grand Place du 7<sup>e<\/sup> art une foule d&rsquo;autres pr\u00e9tendants tr\u00e8s dou\u00e9s. Ces derniers mois, <strong>Cinevox<\/strong> a scrut\u00e9 l&rsquo;\u00e9closion de <strong>Fran\u00e7ois Pirot, Patrick Ridremont, Delphine No\u00ebls<\/strong> et <strong>David Lambert<\/strong> dont les premiers longs illumineront le second semestre 2012. Et d&rsquo;autres arrivent encore comme <strong>Jo\u00ebl Franka<\/strong> et <strong>Dominique Laroche<\/strong>. La liste n&rsquo;est pas exhaustive.<\/p>\n<p>&nbsp;<\/p>\n<p><a rel=\"attachment wp-att-18141\" href=\"http:\/\/www.cinevox.be\/matthieu-donck-en-mode-torpedo-donckey-punch-a-la-belge\/gallery-image-20\/\"><img loading=\"lazy\" decoding=\"async\" class=\"aligncenter size-full wp-image-18141\" title=\"gallery-image-20\" src=\"http:\/\/www.cinevox.be\/wp-content\/uploads\/sites\/2\/2012\/03\/gallery-image-20.jpg\" alt=\"\" width=\"638\" height=\"424\" srcset=\"https:\/\/welovecinema.be\/wp-content\/uploads\/sites\/2\/2012\/03\/gallery-image-20.jpg 638w, https:\/\/welovecinema.be\/wp-content\/uploads\/sites\/2\/2012\/03\/gallery-image-20-406x270.jpg 406w\" sizes=\"auto, (max-width: 638px) 100vw, 638px\" \/><\/a><\/p>\n<p>&nbsp;<\/p>\n<p>&nbsp;<\/p>\n<p><strong>Matthieu Donck<\/strong> est de cette g\u00e9n\u00e9ration qui acc\u00e8de enfin au long m\u00e9trage apr\u00e8s quelques courts fort remarqu\u00e9s. Form\u00e9 sur les planches, il suit des cours de th\u00e9\u00e2tre, joue dans plusieurs pi\u00e8ces et rejoint m\u00eame une \u00e9quipe d&rsquo;impro avant de choisir l&rsquo;I.A.D pour des \u00e9tudes en section r\u00e9alisation et cin\u00e9ma.<\/p>\n<p>Son premier court m\u00e9trage remonte \u00e0 2005. <em>Ripaille sous paillasson<\/em> d\u00e9finit d\u00e9j\u00e0 un style : la com\u00e9die grin\u00e7ante et d\u00e9cal\u00e9e \u00e0 travers l&rsquo;histoire d&rsquo;un homosexuel qui se pr\u00e9tend h\u00e9t\u00e9ro pour obtenir un pr\u00eat. <em><a href=\"http:\/\/cinemafantastique.net\/Critique-de-Missing-Il-est-ding-ue.html\" target=\"_blank\">Missing<\/a><\/em> qu&rsquo;il met en sc\u00e8ne en 2007 est un autre d\u00e9lire qui ne se refuse rien. Le pitch \u00e0 lui seul est plus qu&rsquo;all\u00e9chant : tout le monde croit que Bernard a disparu alors qu&rsquo;il est l\u00e0, vivant et pr\u00e9sent au milieu des siens, parlant \u00e0 tous. Uuuuh ???\u2026. L&rsquo;humour est encore une fois \u00e0 la f\u00eate, carr\u00e9ment trash par moment. \u00ab\u00a0J&rsquo;ai ador\u00e9 ce r\u00f4le de flic tordu\u00a0\u00bb, nous confirme <strong>Jean-Luc Couchard.<\/strong> D\u00e8s que j&rsquo;ai lu le sc\u00e9nario, je n&rsquo;avais qu&rsquo;une envie: tourner ! \u00ab\u00a0. \u00a0Bienvenue dans le surr\u00e9alisme \u00e0 la Donck.<\/p>\n<p>&nbsp;<\/p>\n<p><a rel=\"attachment wp-att-18128\" href=\"http:\/\/www.cinevox.be\/matthieu-donck-en-mode-torpedo-donckey-punch-a-la-belge\/gallery-image-15\/\"><img loading=\"lazy\" decoding=\"async\" class=\"aligncenter size-full wp-image-18128\" title=\"gallery-image-15\" src=\"http:\/\/www.cinevox.be\/wp-content\/uploads\/sites\/2\/2012\/03\/gallery-image-15.jpg\" alt=\"\" width=\"636\" height=\"424\" srcset=\"https:\/\/welovecinema.be\/wp-content\/uploads\/sites\/2\/2012\/03\/gallery-image-15.jpg 636w, https:\/\/welovecinema.be\/wp-content\/uploads\/sites\/2\/2012\/03\/gallery-image-15-405x270.jpg 405w\" sizes=\"auto, (max-width: 636px) 100vw, 636px\" \/><\/a><\/p>\n<p>&nbsp;<\/p>\n<p>Son heure est venue et Matthieu se lance alors dans l&rsquo;aventure du long: un v\u00e9ritable marathon, mais le jeune homme n&rsquo;est pas quelqu&rsquo;un qui renonce facilement, qui se d\u00e9courage. S&rsquo;il est une le\u00e7on qu&rsquo;il retient de ce premier film et un conseil qu&rsquo;il donne \u00e0 tous les aspirants r\u00e9alisateurs (si on le force, car les p\u00e9dants conseils ce n&rsquo;est pas forc\u00e9ment son truc), <a href=\"http:\/\/www.cinevox.be\/videos\/matthieu-donck-saccrocher-a-tout-prix\/\">c&rsquo;est bien celui-l\u00e0<\/a>. <em>[cliquez sur tous les passages soulign\u00e9s, les liens vous envoient vers des extraits vid\u00e9o de l&rsquo;interview de Matthieu Donck].<\/em><\/p>\n<p>&nbsp;<\/p>\n<p><a rel=\"attachment wp-att-18126\" href=\"http:\/\/www.cinevox.be\/matthieu-donck-en-mode-torpedo-donckey-punch-a-la-belge\/img_3410-3\/\"><img loading=\"lazy\" decoding=\"async\" class=\"aligncenter size-full wp-image-18126\" title=\"IMG_3410\" src=\"http:\/\/www.cinevox.be\/wp-content\/uploads\/sites\/2\/2012\/03\/IMG_3410.jpg\" alt=\"\" width=\"1000\" height=\"667\" srcset=\"https:\/\/welovecinema.be\/wp-content\/uploads\/sites\/2\/2012\/03\/IMG_3410.jpg 1000w, https:\/\/welovecinema.be\/wp-content\/uploads\/sites\/2\/2012\/03\/IMG_3410-404x270.jpg 404w, https:\/\/welovecinema.be\/wp-content\/uploads\/sites\/2\/2012\/03\/IMG_3410-800x533.jpg 800w\" sizes=\"auto, (max-width: 1000px) 100vw, 1000px\" \/><\/a><\/p>\n<p>&nbsp;<\/p>\n<p>Pendant plusieurs ann\u00e9es, Matthieu \u00e9crit, rencontre des gens et lorsqu&rsquo;il s&rsquo;assied autour d&rsquo;une table avec Fran\u00e7ois Damiens, dans le caf\u00e9-restaurant o\u00f9 ont \u00e9t\u00e9 film\u00e9es nos interviews, le film prend une autre tournure. <a href=\"http:\/\/www.cinevox.be\/videos\/matthieu-donck-francois-damiens\">C&rsquo;est \u00e0 lui qu&rsquo;il pensait et d\u00e9couvrir la personnalit\u00e9 sensible qui se cache derri\u00e8re l&rsquo;acteur confirme son impression<\/a>. Pas de doute, <a href=\"http:\/\/www.cinevox.be\/videos\/matthieu-donck-rencontre-avec-un-comedien\/\">l&rsquo;Embrouille est l&rsquo;homme de la situation<\/a> !<\/p>\n<p>Avec Fran\u00e7ois Damiens, il peaufine alors la m\u00e9canique de l&rsquo;histoire et le personnage de Michel Ressac : <a href=\"http:\/\/www.cinevox.be\/videos\/matthieu-donck-qui-est-michel-ressac\/\">un cas<\/a> !<\/p>\n<p>Au bout du compte, <em>Torpedo<\/em> est donc (plut\u00f4t) <a href=\"http:\/\/www.cinevox.be\/videos\/matthieu-donck-le-style-du-film\/\">une com\u00e9die<\/a> en partie inspir\u00e9e \u00e0 Matthieu par ses cin\u00e9astes favoris qui forment naturellement <a href=\"http:\/\/www.cinevox.be\/videos\/matthieu-donck-sources-dinspiration\/\">le terreau de sa passion et de ses envies cin\u00e9matographiques.<\/a><\/p>\n<p>&nbsp;<\/p>\n<p><a rel=\"attachment wp-att-18127\" href=\"http:\/\/www.cinevox.be\/matthieu-donck-en-mode-torpedo-donckey-punch-a-la-belge\/gallery-image-12\/\"><img loading=\"lazy\" decoding=\"async\" class=\"aligncenter size-full wp-image-18127\" title=\"gallery-image-12\" src=\"http:\/\/www.cinevox.be\/wp-content\/uploads\/sites\/2\/2012\/03\/gallery-image-12.jpg\" alt=\"\" width=\"636\" height=\"424\" srcset=\"https:\/\/welovecinema.be\/wp-content\/uploads\/sites\/2\/2012\/03\/gallery-image-12.jpg 636w, https:\/\/welovecinema.be\/wp-content\/uploads\/sites\/2\/2012\/03\/gallery-image-12-405x270.jpg 405w\" sizes=\"auto, (max-width: 636px) 100vw, 636px\" \/><\/a><\/p>\n<p>&nbsp;<\/p>\n<p>Un film que les spectateurs qui n&rsquo;ont pas assist\u00e9 aux quelques avant-premi\u00e8res d\u00e9couvriront avec d\u00e9lectation d\u00e8s mercredi dans les salles, car il s&rsquo;inscrit comme une nouvelle r\u00e9f\u00e9rence incontournable dans le beau livre atypique du <a href=\"http:\/\/www.cinevox.be\/videos\/matthieu-donck-un-film-belge\/\" target=\"_blank\">cin\u00e9ma belge<\/a>.<\/p>\n<p>Un vrai bonheur, faites-vous plaisir !<\/p>\n<p>&nbsp;<\/p>\n<p>&nbsp;<\/p>\n<p>N&rsquo;h\u00e9sitez pas \u00e0 aller voir<a href=\"http:\/\/www.torpedo-lefilm.com\/\" target=\"_blank\"> le site de Torpedo <\/a>qui est assez formidable !<\/p>\n<p>&nbsp;<\/p>\n","protected":false},"excerpt":{"rendered":"<p>Ces dix derni\u00e8res ann\u00e9es, le cin\u00e9ma belge s&rsquo;est renouvel\u00e9 en profondeur avec l&rsquo;arriv\u00e9e de nombreux nouveaux metteurs en sc\u00e8ne qui ont t\u00e2t\u00e9 du grand \u00e9cran en long format. Ceux qui constituaient la premi\u00e8re vague de ce revival sont aujourd&rsquo;hui install\u00e9s: Bouli Lanners vient de remporter cinq Magritte du cin\u00e9ma avec Les G\u00e9ants, tous les curieux &hellip;<\/p>\n","protected":false},"author":7,"featured_media":18143,"comment_status":"closed","ping_status":"closed","sticky":false,"template":"","format":"standard","meta":{"ngg_post_thumbnail":0,"footnotes":""},"categories":[1978],"tags":[],"class_list":["post-18122","post","type-post","status-publish","format-standard","has-post-thumbnail","","category-interviews"],"yoast_head":"<!-- This site is optimized with the Yoast SEO plugin v20.4 - https:\/\/yoast.com\/wordpress\/plugins\/seo\/ -->\n<title>Matthieu Donck en mode Torpedo  Donck(ey) Punch &quot;\u00e0 la belge&quot; - We Love Cinema<\/title>\n<meta name=\"robots\" content=\"index, follow, max-snippet:-1, max-image-preview:large, max-video-preview:-1\" \/>\n<link rel=\"canonical\" href=\"https:\/\/welovecinema.be\/fr\/matthieu-donck-en-mode-torpedo-donckey-punch-a-la-belge\/\" \/>\n<meta property=\"og:locale\" content=\"fr_FR\" \/>\n<meta property=\"og:type\" content=\"article\" \/>\n<meta property=\"og:title\" content=\"Matthieu Donck en mode Torpedo  Donck(ey) Punch &quot;\u00e0 la belge&quot; - We Love Cinema\" \/>\n<meta property=\"og:description\" content=\"Ces dix derni\u00e8res ann\u00e9es, le cin\u00e9ma belge s&rsquo;est renouvel\u00e9 en profondeur avec l&rsquo;arriv\u00e9e de nombreux nouveaux metteurs en sc\u00e8ne qui ont t\u00e2t\u00e9 du grand \u00e9cran en long format. Ceux qui constituaient la premi\u00e8re vague de ce revival sont aujourd&rsquo;hui install\u00e9s: Bouli Lanners vient de remporter cinq Magritte du cin\u00e9ma avec Les G\u00e9ants, tous les curieux &hellip;\" \/>\n<meta property=\"og:url\" content=\"https:\/\/welovecinema.be\/fr\/matthieu-donck-en-mode-torpedo-donckey-punch-a-la-belge\/\" \/>\n<meta property=\"og:site_name\" content=\"We Love Cinema\" \/>\n<meta property=\"article:publisher\" content=\"https:\/\/www.facebook.com\/welovecinema.be\" \/>\n<meta property=\"article:published_time\" content=\"2012-03-19T09:23:22+00:00\" \/>\n<meta property=\"article:modified_time\" content=\"2012-03-18T09:28:58+00:00\" \/>\n<meta property=\"og:image\" content=\"https:\/\/welovecinema.be\/wp-content\/uploads\/sites\/2\/2012\/03\/IMG_34241.jpg\" \/>\n\t<meta property=\"og:image:width\" content=\"1000\" \/>\n\t<meta property=\"og:image:height\" content=\"667\" \/>\n\t<meta property=\"og:image:type\" content=\"image\/jpeg\" \/>\n<meta name=\"author\" content=\"Philippe.Pierquin\" \/>\n<meta name=\"twitter:card\" content=\"summary_large_image\" \/>\n<meta name=\"twitter:label1\" content=\"\u00c9crit par\" \/>\n\t<meta name=\"twitter:data1\" content=\"Philippe.Pierquin\" \/>\n\t<meta name=\"twitter:label2\" content=\"Dur\u00e9e de lecture estim\u00e9e\" \/>\n\t<meta name=\"twitter:data2\" content=\"3 minutes\" \/>\n<script type=\"application\/ld+json\" class=\"yoast-schema-graph\">{\"@context\":\"https:\/\/schema.org\",\"@graph\":[{\"@type\":\"Article\",\"@id\":\"https:\/\/welovecinema.be\/fr\/matthieu-donck-en-mode-torpedo-donckey-punch-a-la-belge\/#article\",\"isPartOf\":{\"@id\":\"https:\/\/welovecinema.be\/fr\/matthieu-donck-en-mode-torpedo-donckey-punch-a-la-belge\/\"},\"author\":{\"name\":\"Philippe.Pierquin\",\"@id\":\"https:\/\/welovecinema.be\/nl\/#\/schema\/person\/4b9b1d857f0943453a38a7c2859ef756\"},\"headline\":\"Matthieu Donck en mode Torpedo Donck(ey) Punch \u00ab\u00a0\u00e0 la belge\u00a0\u00bb\",\"datePublished\":\"2012-03-19T09:23:22+00:00\",\"dateModified\":\"2012-03-18T09:28:58+00:00\",\"mainEntityOfPage\":{\"@id\":\"https:\/\/welovecinema.be\/fr\/matthieu-donck-en-mode-torpedo-donckey-punch-a-la-belge\/\"},\"wordCount\":709,\"publisher\":{\"@id\":\"https:\/\/welovecinema.be\/nl\/#organization\"},\"articleSection\":[\"Rencontres\"],\"inLanguage\":\"fr-FR\"},{\"@type\":\"WebPage\",\"@id\":\"https:\/\/welovecinema.be\/fr\/matthieu-donck-en-mode-torpedo-donckey-punch-a-la-belge\/\",\"url\":\"https:\/\/welovecinema.be\/fr\/matthieu-donck-en-mode-torpedo-donckey-punch-a-la-belge\/\",\"name\":\"Matthieu Donck en mode Torpedo Donck(ey) Punch \\\"\u00e0 la belge\\\" - We Love Cinema\",\"isPartOf\":{\"@id\":\"https:\/\/welovecinema.be\/nl\/#website\"},\"datePublished\":\"2012-03-19T09:23:22+00:00\",\"dateModified\":\"2012-03-18T09:28:58+00:00\",\"breadcrumb\":{\"@id\":\"https:\/\/welovecinema.be\/fr\/matthieu-donck-en-mode-torpedo-donckey-punch-a-la-belge\/#breadcrumb\"},\"inLanguage\":\"fr-FR\",\"potentialAction\":[{\"@type\":\"ReadAction\",\"target\":[\"https:\/\/welovecinema.be\/fr\/matthieu-donck-en-mode-torpedo-donckey-punch-a-la-belge\/\"]}]},{\"@type\":\"BreadcrumbList\",\"@id\":\"https:\/\/welovecinema.be\/fr\/matthieu-donck-en-mode-torpedo-donckey-punch-a-la-belge\/#breadcrumb\",\"itemListElement\":[{\"@type\":\"ListItem\",\"position\":1,\"name\":\"Accueil\",\"item\":\"https:\/\/welovecinema.be\/fr\/\"},{\"@type\":\"ListItem\",\"position\":2,\"name\":\"Matthieu Donck en mode Torpedo Donck(ey) Punch \u00ab\u00a0\u00e0 la belge\u00a0\u00bb\"}]},{\"@type\":\"WebSite\",\"@id\":\"https:\/\/welovecinema.be\/nl\/#website\",\"url\":\"https:\/\/welovecinema.be\/nl\/\",\"name\":\"We Love Cinema\",\"description\":\"Toute l\u2019information du cin\u00e9ma en Belgique\",\"publisher\":{\"@id\":\"https:\/\/welovecinema.be\/nl\/#organization\"},\"potentialAction\":[{\"@type\":\"SearchAction\",\"target\":{\"@type\":\"EntryPoint\",\"urlTemplate\":\"https:\/\/welovecinema.be\/nl\/?s={search_term_string}\"},\"query-input\":\"required name=search_term_string\"}],\"inLanguage\":\"fr-FR\"},{\"@type\":\"Organization\",\"@id\":\"https:\/\/welovecinema.be\/nl\/#organization\",\"name\":\"We Love Cinema\",\"url\":\"https:\/\/welovecinema.be\/nl\/\",\"logo\":{\"@type\":\"ImageObject\",\"inLanguage\":\"fr-FR\",\"@id\":\"https:\/\/welovecinema.be\/nl\/#\/schema\/logo\/image\/\",\"url\":\"https:\/\/welovecinema.be\/wp-content\/uploads\/sites\/2\/2023\/03\/Logo-We-Love-Cinema305x128.jpg\",\"contentUrl\":\"https:\/\/welovecinema.be\/wp-content\/uploads\/sites\/2\/2023\/03\/Logo-We-Love-Cinema305x128.jpg\",\"width\":305,\"height\":128,\"caption\":\"We Love Cinema\"},\"image\":{\"@id\":\"https:\/\/welovecinema.be\/nl\/#\/schema\/logo\/image\/\"},\"sameAs\":[\"https:\/\/www.facebook.com\/welovecinema.be\",\"https:\/\/www.youtube.com\/channel\/UCX5LYGVhnKvYauW4Nta4HJA\",\"https:\/\/www.instagram.com\/welovecinema.be\/\"]},{\"@type\":\"Person\",\"@id\":\"https:\/\/welovecinema.be\/nl\/#\/schema\/person\/4b9b1d857f0943453a38a7c2859ef756\",\"name\":\"Philippe.Pierquin\",\"url\":\"https:\/\/welovecinema.be\/fr\/author\/philippe-pierquin\/\"}]}<\/script>\n<!-- \/ Yoast SEO plugin. -->","yoast_head_json":{"title":"Matthieu Donck en mode Torpedo  Donck(ey) Punch \"\u00e0 la belge\" - We Love Cinema","robots":{"index":"index","follow":"follow","max-snippet":"max-snippet:-1","max-image-preview":"max-image-preview:large","max-video-preview":"max-video-preview:-1"},"canonical":"https:\/\/welovecinema.be\/fr\/matthieu-donck-en-mode-torpedo-donckey-punch-a-la-belge\/","og_locale":"fr_FR","og_type":"article","og_title":"Matthieu Donck en mode Torpedo  Donck(ey) Punch \"\u00e0 la belge\" - We Love Cinema","og_description":"Ces dix derni\u00e8res ann\u00e9es, le cin\u00e9ma belge s&rsquo;est renouvel\u00e9 en profondeur avec l&rsquo;arriv\u00e9e de nombreux nouveaux metteurs en sc\u00e8ne qui ont t\u00e2t\u00e9 du grand \u00e9cran en long format. Ceux qui constituaient la premi\u00e8re vague de ce revival sont aujourd&rsquo;hui install\u00e9s: Bouli Lanners vient de remporter cinq Magritte du cin\u00e9ma avec Les G\u00e9ants, tous les curieux &hellip;","og_url":"https:\/\/welovecinema.be\/fr\/matthieu-donck-en-mode-torpedo-donckey-punch-a-la-belge\/","og_site_name":"We Love Cinema","article_publisher":"https:\/\/www.facebook.com\/welovecinema.be","article_published_time":"2012-03-19T09:23:22+00:00","article_modified_time":"2012-03-18T09:28:58+00:00","og_image":[{"width":"1000","height":"667","url":"https:\/\/welovecinema.be\/wp-content\/uploads\/sites\/2\/2012\/03\/IMG_34241.jpg","type":"image\/jpeg"}],"author":"Philippe.Pierquin","twitter_card":"summary_large_image","twitter_misc":{"\u00c9crit par":"Philippe.Pierquin","Dur\u00e9e de lecture estim\u00e9e":"3 minutes"},"schema":{"@context":"https:\/\/schema.org","@graph":[{"@type":"Article","@id":"https:\/\/welovecinema.be\/fr\/matthieu-donck-en-mode-torpedo-donckey-punch-a-la-belge\/#article","isPartOf":{"@id":"https:\/\/welovecinema.be\/fr\/matthieu-donck-en-mode-torpedo-donckey-punch-a-la-belge\/"},"author":{"name":"Philippe.Pierquin","@id":"https:\/\/welovecinema.be\/nl\/#\/schema\/person\/4b9b1d857f0943453a38a7c2859ef756"},"headline":"Matthieu Donck en mode Torpedo Donck(ey) Punch \u00ab\u00a0\u00e0 la belge\u00a0\u00bb","datePublished":"2012-03-19T09:23:22+00:00","dateModified":"2012-03-18T09:28:58+00:00","mainEntityOfPage":{"@id":"https:\/\/welovecinema.be\/fr\/matthieu-donck-en-mode-torpedo-donckey-punch-a-la-belge\/"},"wordCount":709,"publisher":{"@id":"https:\/\/welovecinema.be\/nl\/#organization"},"articleSection":["Rencontres"],"inLanguage":"fr-FR"},{"@type":"WebPage","@id":"https:\/\/welovecinema.be\/fr\/matthieu-donck-en-mode-torpedo-donckey-punch-a-la-belge\/","url":"https:\/\/welovecinema.be\/fr\/matthieu-donck-en-mode-torpedo-donckey-punch-a-la-belge\/","name":"Matthieu Donck en mode Torpedo Donck(ey) Punch \"\u00e0 la belge\" - We Love Cinema","isPartOf":{"@id":"https:\/\/welovecinema.be\/nl\/#website"},"datePublished":"2012-03-19T09:23:22+00:00","dateModified":"2012-03-18T09:28:58+00:00","breadcrumb":{"@id":"https:\/\/welovecinema.be\/fr\/matthieu-donck-en-mode-torpedo-donckey-punch-a-la-belge\/#breadcrumb"},"inLanguage":"fr-FR","potentialAction":[{"@type":"ReadAction","target":["https:\/\/welovecinema.be\/fr\/matthieu-donck-en-mode-torpedo-donckey-punch-a-la-belge\/"]}]},{"@type":"BreadcrumbList","@id":"https:\/\/welovecinema.be\/fr\/matthieu-donck-en-mode-torpedo-donckey-punch-a-la-belge\/#breadcrumb","itemListElement":[{"@type":"ListItem","position":1,"name":"Accueil","item":"https:\/\/welovecinema.be\/fr\/"},{"@type":"ListItem","position":2,"name":"Matthieu Donck en mode Torpedo Donck(ey) Punch \u00ab\u00a0\u00e0 la belge\u00a0\u00bb"}]},{"@type":"WebSite","@id":"https:\/\/welovecinema.be\/nl\/#website","url":"https:\/\/welovecinema.be\/nl\/","name":"We Love Cinema","description":"Toute l\u2019information du cin\u00e9ma en Belgique","publisher":{"@id":"https:\/\/welovecinema.be\/nl\/#organization"},"potentialAction":[{"@type":"SearchAction","target":{"@type":"EntryPoint","urlTemplate":"https:\/\/welovecinema.be\/nl\/?s={search_term_string}"},"query-input":"required name=search_term_string"}],"inLanguage":"fr-FR"},{"@type":"Organization","@id":"https:\/\/welovecinema.be\/nl\/#organization","name":"We Love Cinema","url":"https:\/\/welovecinema.be\/nl\/","logo":{"@type":"ImageObject","inLanguage":"fr-FR","@id":"https:\/\/welovecinema.be\/nl\/#\/schema\/logo\/image\/","url":"https:\/\/welovecinema.be\/wp-content\/uploads\/sites\/2\/2023\/03\/Logo-We-Love-Cinema305x128.jpg","contentUrl":"https:\/\/welovecinema.be\/wp-content\/uploads\/sites\/2\/2023\/03\/Logo-We-Love-Cinema305x128.jpg","width":305,"height":128,"caption":"We Love Cinema"},"image":{"@id":"https:\/\/welovecinema.be\/nl\/#\/schema\/logo\/image\/"},"sameAs":["https:\/\/www.facebook.com\/welovecinema.be","https:\/\/www.youtube.com\/channel\/UCX5LYGVhnKvYauW4Nta4HJA","https:\/\/www.instagram.com\/welovecinema.be\/"]},{"@type":"Person","@id":"https:\/\/welovecinema.be\/nl\/#\/schema\/person\/4b9b1d857f0943453a38a7c2859ef756","name":"Philippe.Pierquin","url":"https:\/\/welovecinema.be\/fr\/author\/philippe-pierquin\/"}]}},"_links":{"self":[{"href":"https:\/\/welovecinema.be\/fr\/wp-json\/wp\/v2\/posts\/18122","targetHints":{"allow":["GET"]}}],"collection":[{"href":"https:\/\/welovecinema.be\/fr\/wp-json\/wp\/v2\/posts"}],"about":[{"href":"https:\/\/welovecinema.be\/fr\/wp-json\/wp\/v2\/types\/post"}],"author":[{"embeddable":true,"href":"https:\/\/welovecinema.be\/fr\/wp-json\/wp\/v2\/users\/7"}],"replies":[{"embeddable":true,"href":"https:\/\/welovecinema.be\/fr\/wp-json\/wp\/v2\/comments?post=18122"}],"version-history":[{"count":0,"href":"https:\/\/welovecinema.be\/fr\/wp-json\/wp\/v2\/posts\/18122\/revisions"}],"wp:featuredmedia":[{"embeddable":true,"href":"https:\/\/welovecinema.be\/fr\/wp-json\/wp\/v2\/media\/18143"}],"wp:attachment":[{"href":"https:\/\/welovecinema.be\/fr\/wp-json\/wp\/v2\/media?parent=18122"}],"wp:term":[{"taxonomy":"category","embeddable":true,"href":"https:\/\/welovecinema.be\/fr\/wp-json\/wp\/v2\/categories?post=18122"},{"taxonomy":"post_tag","embeddable":true,"href":"https:\/\/welovecinema.be\/fr\/wp-json\/wp\/v2\/tags?post=18122"}],"curies":[{"name":"wp","href":"https:\/\/api.w.org\/{rel}","templated":true}]}}