{"id":18107,"date":"2012-03-16T09:31:42","date_gmt":"2012-03-16T09:31:42","guid":{"rendered":"http:\/\/www.cinevox.be\/?p=18107"},"modified":"2013-04-24T12:42:01","modified_gmt":"2013-04-24T12:42:01","slug":"two-days-in-new-york-de-julie-delpy","status":"publish","type":"post","link":"https:\/\/welovecinema.be\/fr\/two-days-in-new-york-de-julie-delpy\/","title":{"rendered":"Two days in New-York de Julie Delpy"},"content":{"rendered":"<p>Marion (Julie Delpy) est d\u00e9sormais install\u00e9e \u00e0 New York, o\u00f9 elle vit avec Mingus (Chris Rock), un journaliste de radio, leurs deux enfants qu\u2019ils ont eus de relations ant\u00e9rieures et un chat. Le couple est tr\u00e8s amoureux ! Marion est toujours photographe et pr\u00e9pare son exposition. Son p\u00e8re, sa s\u0153ur et son petit copain (qui est en fait l\u2019ex de Marion et qui n\u2019\u00e9tait pas pr\u00e9vu du tout) d\u00e9barquent \u00e0 New York pour le vernissage. Le choc des cultures mais surtout les personnalit\u00e9s d\u00e9brid\u00e9es des trois arrivants vont provoquer un v\u00e9ritable feu d\u2019artifice entre Mingus, un vrai \u00ab newyorker \u00bb, Marion disjonct\u00e9e sur les bords, son p\u00e8re qui ne parle pas un mot d\u2019anglais, sa s\u0153ur toujours en phase avec ses probl\u00e8mes freudiens, et son petit ami\u2026 no comment ! Vous pouvez deviner la suite, ou pas\u2026<\/p>\n<p>Le film, qui est une co-production franco-germano-belge , a \u00e9t\u00e9 tourn\u00e9 \u00e0 NY mais toute la post-production a \u00e9t\u00e9 r\u00e9alis\u00e9e en Belgique en partenariat et majoritairement au Studio l&rsquo;Equipe.Franco Piscopo (mixeur son), Julie Brenta (monteuse son direct), Gert Janssen (monteur son) et Peter Bernaers (\u00e9talonnage). Julie Delpy a donc pass\u00e9 un mois \u00e0 Bruxelles pour la post-prod.Sortie belge : printemps 2012<\/p>\n","protected":false},"excerpt":{"rendered":"<p>Marion (Julie Delpy) est d\u00e9sormais install\u00e9e \u00e0 New York, o\u00f9 elle vit avec Mingus (Chris Rock), un journaliste de radio, leurs deux enfants qu\u2019ils ont eus de relations ant\u00e9rieures et un chat. Le couple est tr\u00e8s amoureux ! Marion est toujours photographe et pr\u00e9pare son exposition. Son p\u00e8re, sa s\u0153ur et son petit copain (qui &hellip;<\/p>\n","protected":false},"author":7,"featured_media":18108,"comment_status":"closed","ping_status":"closed","sticky":false,"template":"","format":"standard","meta":{"ngg_post_thumbnail":0,"footnotes":""},"categories":[53],"tags":[],"class_list":["post-18107","post","type-post","status-publish","format-standard","has-post-thumbnail","","category-coming-soon"],"yoast_head":"<!-- This site is optimized with the Yoast SEO plugin v20.4 - https:\/\/yoast.com\/wordpress\/plugins\/seo\/ -->\n<title>Two days in New-York de Julie Delpy - We Love Cinema<\/title>\n<meta name=\"robots\" content=\"index, follow, max-snippet:-1, max-image-preview:large, max-video-preview:-1\" \/>\n<link rel=\"canonical\" href=\"https:\/\/welovecinema.be\/fr\/two-days-in-new-york-de-julie-delpy\/\" \/>\n<meta property=\"og:locale\" content=\"fr_FR\" \/>\n<meta property=\"og:type\" content=\"article\" \/>\n<meta property=\"og:title\" content=\"Two days in New-York de Julie Delpy - We Love Cinema\" \/>\n<meta property=\"og:description\" content=\"Marion (Julie Delpy) est d\u00e9sormais install\u00e9e \u00e0 New York, o\u00f9 elle vit avec Mingus (Chris Rock), un journaliste de radio, leurs deux enfants qu\u2019ils ont eus de relations ant\u00e9rieures et un chat. Le couple est tr\u00e8s amoureux ! Marion est toujours photographe et pr\u00e9pare son exposition. Son p\u00e8re, sa s\u0153ur et son petit copain (qui &hellip;\" \/>\n<meta property=\"og:url\" content=\"https:\/\/welovecinema.be\/fr\/two-days-in-new-york-de-julie-delpy\/\" \/>\n<meta property=\"og:site_name\" content=\"We Love Cinema\" \/>\n<meta property=\"article:publisher\" content=\"https:\/\/www.facebook.com\/welovecinema.be\" \/>\n<meta property=\"article:published_time\" content=\"2012-03-16T09:31:42+00:00\" \/>\n<meta property=\"article:modified_time\" content=\"2013-04-24T12:42:01+00:00\" \/>\n<meta property=\"og:image\" content=\"https:\/\/welovecinema.be\/wp-content\/uploads\/sites\/2\/2012\/03\/twodays.jpg\" \/>\n\t<meta property=\"og:image:width\" content=\"642\" \/>\n\t<meta property=\"og:image:height\" content=\"390\" \/>\n\t<meta property=\"og:image:type\" content=\"image\/jpeg\" \/>\n<meta name=\"author\" content=\"Philippe.Pierquin\" \/>\n<meta name=\"twitter:card\" content=\"summary_large_image\" \/>\n<meta name=\"twitter:label1\" content=\"\u00c9crit par\" \/>\n\t<meta name=\"twitter:data1\" content=\"Philippe.Pierquin\" \/>\n\t<meta name=\"twitter:label2\" content=\"Dur\u00e9e de lecture estim\u00e9e\" \/>\n\t<meta name=\"twitter:data2\" content=\"1 minute\" \/>\n<script type=\"application\/ld+json\" class=\"yoast-schema-graph\">{\"@context\":\"https:\/\/schema.org\",\"@graph\":[{\"@type\":\"Article\",\"@id\":\"https:\/\/welovecinema.be\/fr\/two-days-in-new-york-de-julie-delpy\/#article\",\"isPartOf\":{\"@id\":\"https:\/\/welovecinema.be\/fr\/two-days-in-new-york-de-julie-delpy\/\"},\"author\":{\"name\":\"Philippe.Pierquin\",\"@id\":\"https:\/\/welovecinema.be\/nl\/#\/schema\/person\/4b9b1d857f0943453a38a7c2859ef756\"},\"headline\":\"Two days in New-York de Julie Delpy\",\"datePublished\":\"2012-03-16T09:31:42+00:00\",\"dateModified\":\"2013-04-24T12:42:01+00:00\",\"mainEntityOfPage\":{\"@id\":\"https:\/\/welovecinema.be\/fr\/two-days-in-new-york-de-julie-delpy\/\"},\"wordCount\":221,\"publisher\":{\"@id\":\"https:\/\/welovecinema.be\/nl\/#organization\"},\"articleSection\":[\"Coming soon\"],\"inLanguage\":\"fr-FR\"},{\"@type\":\"WebPage\",\"@id\":\"https:\/\/welovecinema.be\/fr\/two-days-in-new-york-de-julie-delpy\/\",\"url\":\"https:\/\/welovecinema.be\/fr\/two-days-in-new-york-de-julie-delpy\/\",\"name\":\"Two days in New-York de Julie Delpy - We Love Cinema\",\"isPartOf\":{\"@id\":\"https:\/\/welovecinema.be\/nl\/#website\"},\"datePublished\":\"2012-03-16T09:31:42+00:00\",\"dateModified\":\"2013-04-24T12:42:01+00:00\",\"breadcrumb\":{\"@id\":\"https:\/\/welovecinema.be\/fr\/two-days-in-new-york-de-julie-delpy\/#breadcrumb\"},\"inLanguage\":\"fr-FR\",\"potentialAction\":[{\"@type\":\"ReadAction\",\"target\":[\"https:\/\/welovecinema.be\/fr\/two-days-in-new-york-de-julie-delpy\/\"]}]},{\"@type\":\"BreadcrumbList\",\"@id\":\"https:\/\/welovecinema.be\/fr\/two-days-in-new-york-de-julie-delpy\/#breadcrumb\",\"itemListElement\":[{\"@type\":\"ListItem\",\"position\":1,\"name\":\"Accueil\",\"item\":\"https:\/\/welovecinema.be\/fr\/\"},{\"@type\":\"ListItem\",\"position\":2,\"name\":\"Two days in New-York de Julie Delpy\"}]},{\"@type\":\"WebSite\",\"@id\":\"https:\/\/welovecinema.be\/nl\/#website\",\"url\":\"https:\/\/welovecinema.be\/nl\/\",\"name\":\"We Love Cinema\",\"description\":\"Toute l\u2019information du cin\u00e9ma en Belgique\",\"publisher\":{\"@id\":\"https:\/\/welovecinema.be\/nl\/#organization\"},\"potentialAction\":[{\"@type\":\"SearchAction\",\"target\":{\"@type\":\"EntryPoint\",\"urlTemplate\":\"https:\/\/welovecinema.be\/nl\/?s={search_term_string}\"},\"query-input\":\"required name=search_term_string\"}],\"inLanguage\":\"fr-FR\"},{\"@type\":\"Organization\",\"@id\":\"https:\/\/welovecinema.be\/nl\/#organization\",\"name\":\"We Love Cinema\",\"url\":\"https:\/\/welovecinema.be\/nl\/\",\"logo\":{\"@type\":\"ImageObject\",\"inLanguage\":\"fr-FR\",\"@id\":\"https:\/\/welovecinema.be\/nl\/#\/schema\/logo\/image\/\",\"url\":\"https:\/\/welovecinema.be\/wp-content\/uploads\/sites\/2\/2023\/03\/Logo-We-Love-Cinema305x128.jpg\",\"contentUrl\":\"https:\/\/welovecinema.be\/wp-content\/uploads\/sites\/2\/2023\/03\/Logo-We-Love-Cinema305x128.jpg\",\"width\":305,\"height\":128,\"caption\":\"We Love Cinema\"},\"image\":{\"@id\":\"https:\/\/welovecinema.be\/nl\/#\/schema\/logo\/image\/\"},\"sameAs\":[\"https:\/\/www.facebook.com\/welovecinema.be\",\"https:\/\/www.youtube.com\/channel\/UCX5LYGVhnKvYauW4Nta4HJA\",\"https:\/\/www.instagram.com\/welovecinema.be\/\"]},{\"@type\":\"Person\",\"@id\":\"https:\/\/welovecinema.be\/nl\/#\/schema\/person\/4b9b1d857f0943453a38a7c2859ef756\",\"name\":\"Philippe.Pierquin\",\"url\":\"https:\/\/welovecinema.be\/fr\/author\/philippe-pierquin\/\"}]}<\/script>\n<!-- \/ Yoast SEO plugin. -->","yoast_head_json":{"title":"Two days in New-York de Julie Delpy - We Love Cinema","robots":{"index":"index","follow":"follow","max-snippet":"max-snippet:-1","max-image-preview":"max-image-preview:large","max-video-preview":"max-video-preview:-1"},"canonical":"https:\/\/welovecinema.be\/fr\/two-days-in-new-york-de-julie-delpy\/","og_locale":"fr_FR","og_type":"article","og_title":"Two days in New-York de Julie Delpy - We Love Cinema","og_description":"Marion (Julie Delpy) est d\u00e9sormais install\u00e9e \u00e0 New York, o\u00f9 elle vit avec Mingus (Chris Rock), un journaliste de radio, leurs deux enfants qu\u2019ils ont eus de relations ant\u00e9rieures et un chat. Le couple est tr\u00e8s amoureux ! Marion est toujours photographe et pr\u00e9pare son exposition. Son p\u00e8re, sa s\u0153ur et son petit copain (qui &hellip;","og_url":"https:\/\/welovecinema.be\/fr\/two-days-in-new-york-de-julie-delpy\/","og_site_name":"We Love Cinema","article_publisher":"https:\/\/www.facebook.com\/welovecinema.be","article_published_time":"2012-03-16T09:31:42+00:00","article_modified_time":"2013-04-24T12:42:01+00:00","og_image":[{"width":"642","height":"390","url":"https:\/\/welovecinema.be\/wp-content\/uploads\/sites\/2\/2012\/03\/twodays.jpg","type":"image\/jpeg"}],"author":"Philippe.Pierquin","twitter_card":"summary_large_image","twitter_misc":{"\u00c9crit par":"Philippe.Pierquin","Dur\u00e9e de lecture estim\u00e9e":"1 minute"},"schema":{"@context":"https:\/\/schema.org","@graph":[{"@type":"Article","@id":"https:\/\/welovecinema.be\/fr\/two-days-in-new-york-de-julie-delpy\/#article","isPartOf":{"@id":"https:\/\/welovecinema.be\/fr\/two-days-in-new-york-de-julie-delpy\/"},"author":{"name":"Philippe.Pierquin","@id":"https:\/\/welovecinema.be\/nl\/#\/schema\/person\/4b9b1d857f0943453a38a7c2859ef756"},"headline":"Two days in New-York de Julie Delpy","datePublished":"2012-03-16T09:31:42+00:00","dateModified":"2013-04-24T12:42:01+00:00","mainEntityOfPage":{"@id":"https:\/\/welovecinema.be\/fr\/two-days-in-new-york-de-julie-delpy\/"},"wordCount":221,"publisher":{"@id":"https:\/\/welovecinema.be\/nl\/#organization"},"articleSection":["Coming soon"],"inLanguage":"fr-FR"},{"@type":"WebPage","@id":"https:\/\/welovecinema.be\/fr\/two-days-in-new-york-de-julie-delpy\/","url":"https:\/\/welovecinema.be\/fr\/two-days-in-new-york-de-julie-delpy\/","name":"Two days in New-York de Julie Delpy - We Love Cinema","isPartOf":{"@id":"https:\/\/welovecinema.be\/nl\/#website"},"datePublished":"2012-03-16T09:31:42+00:00","dateModified":"2013-04-24T12:42:01+00:00","breadcrumb":{"@id":"https:\/\/welovecinema.be\/fr\/two-days-in-new-york-de-julie-delpy\/#breadcrumb"},"inLanguage":"fr-FR","potentialAction":[{"@type":"ReadAction","target":["https:\/\/welovecinema.be\/fr\/two-days-in-new-york-de-julie-delpy\/"]}]},{"@type":"BreadcrumbList","@id":"https:\/\/welovecinema.be\/fr\/two-days-in-new-york-de-julie-delpy\/#breadcrumb","itemListElement":[{"@type":"ListItem","position":1,"name":"Accueil","item":"https:\/\/welovecinema.be\/fr\/"},{"@type":"ListItem","position":2,"name":"Two days in New-York de Julie Delpy"}]},{"@type":"WebSite","@id":"https:\/\/welovecinema.be\/nl\/#website","url":"https:\/\/welovecinema.be\/nl\/","name":"We Love Cinema","description":"Toute l\u2019information du cin\u00e9ma en Belgique","publisher":{"@id":"https:\/\/welovecinema.be\/nl\/#organization"},"potentialAction":[{"@type":"SearchAction","target":{"@type":"EntryPoint","urlTemplate":"https:\/\/welovecinema.be\/nl\/?s={search_term_string}"},"query-input":"required name=search_term_string"}],"inLanguage":"fr-FR"},{"@type":"Organization","@id":"https:\/\/welovecinema.be\/nl\/#organization","name":"We Love Cinema","url":"https:\/\/welovecinema.be\/nl\/","logo":{"@type":"ImageObject","inLanguage":"fr-FR","@id":"https:\/\/welovecinema.be\/nl\/#\/schema\/logo\/image\/","url":"https:\/\/welovecinema.be\/wp-content\/uploads\/sites\/2\/2023\/03\/Logo-We-Love-Cinema305x128.jpg","contentUrl":"https:\/\/welovecinema.be\/wp-content\/uploads\/sites\/2\/2023\/03\/Logo-We-Love-Cinema305x128.jpg","width":305,"height":128,"caption":"We Love Cinema"},"image":{"@id":"https:\/\/welovecinema.be\/nl\/#\/schema\/logo\/image\/"},"sameAs":["https:\/\/www.facebook.com\/welovecinema.be","https:\/\/www.youtube.com\/channel\/UCX5LYGVhnKvYauW4Nta4HJA","https:\/\/www.instagram.com\/welovecinema.be\/"]},{"@type":"Person","@id":"https:\/\/welovecinema.be\/nl\/#\/schema\/person\/4b9b1d857f0943453a38a7c2859ef756","name":"Philippe.Pierquin","url":"https:\/\/welovecinema.be\/fr\/author\/philippe-pierquin\/"}]}},"_links":{"self":[{"href":"https:\/\/welovecinema.be\/fr\/wp-json\/wp\/v2\/posts\/18107","targetHints":{"allow":["GET"]}}],"collection":[{"href":"https:\/\/welovecinema.be\/fr\/wp-json\/wp\/v2\/posts"}],"about":[{"href":"https:\/\/welovecinema.be\/fr\/wp-json\/wp\/v2\/types\/post"}],"author":[{"embeddable":true,"href":"https:\/\/welovecinema.be\/fr\/wp-json\/wp\/v2\/users\/7"}],"replies":[{"embeddable":true,"href":"https:\/\/welovecinema.be\/fr\/wp-json\/wp\/v2\/comments?post=18107"}],"version-history":[{"count":0,"href":"https:\/\/welovecinema.be\/fr\/wp-json\/wp\/v2\/posts\/18107\/revisions"}],"wp:featuredmedia":[{"embeddable":true,"href":"https:\/\/welovecinema.be\/fr\/wp-json\/wp\/v2\/media\/18108"}],"wp:attachment":[{"href":"https:\/\/welovecinema.be\/fr\/wp-json\/wp\/v2\/media?parent=18107"}],"wp:term":[{"taxonomy":"category","embeddable":true,"href":"https:\/\/welovecinema.be\/fr\/wp-json\/wp\/v2\/categories?post=18107"},{"taxonomy":"post_tag","embeddable":true,"href":"https:\/\/welovecinema.be\/fr\/wp-json\/wp\/v2\/tags?post=18107"}],"curies":[{"name":"wp","href":"https:\/\/api.w.org\/{rel}","templated":true}]}}