{"id":17714,"date":"2012-03-21T07:38:45","date_gmt":"2012-03-21T07:38:45","guid":{"rendered":"http:\/\/www.cinevox.be\/?p=17714"},"modified":"2012-03-26T19:52:47","modified_gmt":"2012-03-26T19:52:47","slug":"john-shank-a-propos-de-lhiver-dernier-un-autre-monde-notre-monde","status":"publish","type":"post","link":"https:\/\/welovecinema.be\/fr\/john-shank-a-propos-de-lhiver-dernier-un-autre-monde-notre-monde\/","title":{"rendered":"John Shank \u00e0 propos de L&rsquo;Hiver Dernier <br> Un autre monde, notre monde"},"content":{"rendered":"<p><em>L&rsquo;Hiver Dernier,<\/em> c&rsquo;est d&rsquo;abord un cadre, une r\u00e9gion qu&rsquo;on n&rsquo;identifie pas au premier regard. Surtout, nous les petits Belges qui n&rsquo;avons pas forc\u00e9ment \u00e9t\u00e9 tra\u00eener l\u00e0-bas. Le paysage est un personnage \u00e0 part enti\u00e8re par sa beaut\u00e9 exceptionnelle, et sa formidable ampleur. <a href=\"http:\/\/www.cinevox.be\/?p=17616\" target=\"_blank\">John Shank<\/a> a tourn\u00e9 son film dans l&rsquo;Aubrac, un vaste plateau d&rsquo;environ 800 km\u00b2 qui s&rsquo;\u00e9tale sur trois d\u00e9partements (Cantal, Loz\u00e8re et Aveyron) au sud du Massif Central, donc.<\/p>\n<p><!--more--><\/p>\n<p>&nbsp;<\/p>\n<p>&nbsp;<\/p>\n<p><a rel=\"attachment wp-att-17715\" href=\"http:\/\/www.cinevox.be\/john-shank-a-propos-de-lhiver-dernier-un-autre-monde-notre-monde\/l_hiver_dernier-37-3\/\"><img loading=\"lazy\" decoding=\"async\" class=\"aligncenter size-full wp-image-17715\" title=\"l_hiver_dernier-37\" src=\"http:\/\/www.cinevox.be\/wp-content\/uploads\/sites\/2\/2012\/03\/l_hiver_dernier-37.jpg\" alt=\"\" width=\"1175\" height=\"500\" srcset=\"https:\/\/welovecinema.be\/wp-content\/uploads\/sites\/2\/2012\/03\/l_hiver_dernier-37.jpg 1175w, https:\/\/welovecinema.be\/wp-content\/uploads\/sites\/2\/2012\/03\/l_hiver_dernier-37-480x204.jpg 480w, https:\/\/welovecinema.be\/wp-content\/uploads\/sites\/2\/2012\/03\/l_hiver_dernier-37-800x340.jpg 800w\" sizes=\"auto, (max-width: 1175px) 100vw, 1175px\" \/><\/a><\/p>\n<p>&nbsp;<\/p>\n<p>\u00ab\u00a0J&rsquo;ai d\u00e9couvert l&rsquo;Aubrac gr\u00e2ce \u00e0 ma femme et \u00e0 Vincent Rottier qui m&rsquo;ont dit d&rsquo;aller voir cette r\u00e9gion, qu&rsquo;elle collerait parfaitement \u00e0 ce que je voulais raconter et montrer. J&rsquo;ai fait des rep\u00e9rages tout autour du Massif central et en arrivant l\u00e0 j&rsquo;ai \u00e9t\u00e9 frapp\u00e9 par la splendeur des lieux, mais aussi par l&rsquo;architecture, ces vieilles b\u00e2tisses qui portent en elles <a rel=\"attachment wp-att-17716\" href=\"http:\/\/www.cinevox.be\/john-shank-a-propos-de-lhiver-dernier-un-autre-monde-notre-monde\/js-4\/\"><img loading=\"lazy\" decoding=\"async\" class=\"alignright size-large wp-image-17716\" title=\"js 4\" src=\"http:\/\/www.cinevox.be\/wp-content\/uploads\/sites\/2\/2012\/03\/js-4-800x533.jpg\" alt=\"\" width=\"448\" height=\"298\" srcset=\"https:\/\/welovecinema.be\/wp-content\/uploads\/sites\/2\/2012\/03\/js-4-800x533.jpg 800w, https:\/\/welovecinema.be\/wp-content\/uploads\/sites\/2\/2012\/03\/js-4-404x270.jpg 404w, https:\/\/welovecinema.be\/wp-content\/uploads\/sites\/2\/2012\/03\/js-4.jpg 1000w\" sizes=\"auto, (max-width: 448px) 100vw, 448px\" \/><\/a>l&rsquo;existence de plusieurs g\u00e9n\u00e9rations, un enraciment, une nature tr\u00e8s sauvage. Et puis, on a \u00e9t\u00e9 accueilli tr\u00e8s chaleureusement. Les habitants nous invitaient \u00e0 venir prendre un caf\u00e9, discutaient, puis invariablement finissaient par nous raconter leur histoire. L&rsquo;histoire du film, ces gens-l\u00e0 la vivent concr\u00e8tement au quotidien et il devient vite \u00e9vident que c&rsquo;est l\u00e0 que nous devons tourner parce que tous les param\u00e8tres sont r\u00e9unis. L&rsquo;histoire a vraiment trouv\u00e9 sa maison. Ce film aurait pu \u00eatre tourn\u00e9 en Ukraine, en Pologne ou aux \u00c9tats-Unis, mais au final, il est li\u00e9 \u00e0 l&rsquo;Aubrac et c&rsquo;est parce qu&rsquo;on s&rsquo;est install\u00e9 l\u00e0 que le film ressemble \u00e0 ce qu&rsquo;il est\u2026\u00a0\u00bb<\/p>\n<p>&nbsp;<\/p>\n<p>Ce qu&rsquo;il est\u2026 Un drame social? Un drame humain ? Une odyss\u00e9e? Un western? On imagine bien cette lutte de fermiers et de propri\u00e9t\u00e9s allant \u00e0 vau-l&rsquo;eau, \u00a0transpos\u00e9e dans l&rsquo;Ouest am\u00e9ricain au 19<sup>e<\/sup> si\u00e8cle.<\/p>\n<p>&nbsp;<\/p>\n<p style=\"text-align: center;\"><a rel=\"attachment wp-att-17723\" href=\"http:\/\/www.cinevox.be\/john-shank-a-propos-de-lhiver-dernier-un-autre-monde-notre-monde\/js-9\/\"><img loading=\"lazy\" decoding=\"async\" class=\"size-large wp-image-17723 aligncenter\" title=\"js 9\" src=\"http:\/\/www.cinevox.be\/wp-content\/uploads\/sites\/2\/2012\/03\/js-9-800x483.jpg\" alt=\"\" width=\"640\" height=\"386\" srcset=\"https:\/\/welovecinema.be\/wp-content\/uploads\/sites\/2\/2012\/03\/js-9-800x483.jpg 800w, https:\/\/welovecinema.be\/wp-content\/uploads\/sites\/2\/2012\/03\/js-9-447x270.jpg 447w, https:\/\/welovecinema.be\/wp-content\/uploads\/sites\/2\/2012\/03\/js-9.jpg 1000w\" sizes=\"auto, (max-width: 640px) 100vw, 640px\" \/><\/a><\/p>\n<p>&nbsp;<\/p>\n<p>\u00ab\u00a0Effectivement, le personnage principal est une esp\u00e8ce de figure de lonesome cowboy, mais \u00e7a reste assez doux. Je n\u2019ai pas \u00e9t\u00e9 tr\u00e8s loin dans cette direction, je n\u2019ai pas pris sciemment le western pour le distordre. En m\u00eame temps, les choses constitutives du western sont l\u00e0 : le rapport \u00e0 la terre, un ennemi plut\u00f4t invisible, quelque chose contre quoi il faut se battre, un homme seul, une communaut\u00e9&#8230; Mais c\u2019\u00e9taient des choses qui \u00e9taient l\u00e0 bien avant que je pense au genre du western. Les r\u00e9f\u00e9rences sont plut\u00f4t pour moi ailleurs, fondamentalement.\u00a0\u00bb<\/p>\n<p>&nbsp;<\/p>\n<p>Outre la pr\u00e9sence de Vincent Rottier, ic\u00f4ne qui, par la force de son interpr\u00e9tation et la nature du sc\u00e9nario, porte le film sur ses \u00e9paules, l&rsquo;autre \u00e9l\u00e9ment essentiel que tout le monde souligne est la splendeur de l&rsquo;image.<\/p>\n<p>&nbsp;<\/p>\n<p style=\"text-align: center;\"><a rel=\"attachment wp-att-17724\" href=\"http:\/\/www.cinevox.be\/john-shank-a-propos-de-lhiver-dernier-un-autre-monde-notre-monde\/js-8\/\"><img loading=\"lazy\" decoding=\"async\" class=\"size-large wp-image-17724 aligncenter\" title=\"js 8\" src=\"http:\/\/www.cinevox.be\/wp-content\/uploads\/sites\/2\/2012\/03\/js-8-800x473.jpg\" alt=\"\" width=\"640\" height=\"378\" srcset=\"https:\/\/welovecinema.be\/wp-content\/uploads\/sites\/2\/2012\/03\/js-8-800x473.jpg 800w, https:\/\/welovecinema.be\/wp-content\/uploads\/sites\/2\/2012\/03\/js-8-456x270.jpg 456w, https:\/\/welovecinema.be\/wp-content\/uploads\/sites\/2\/2012\/03\/js-8.jpg 1000w\" sizes=\"auto, (max-width: 640px) 100vw, 640px\" \/><\/a><\/p>\n<p style=\"text-align: center;\">&nbsp;<\/p>\n<p>\u00ab\u00a0<strong>Hishame Allaouie <\/strong>(le chef op\u00e9rateur) et moi, nous travaillons ensemble depuis des ann\u00e9es. On a fait mes courts de cette fa\u00e7on, en op\u00e9rant une d\u00e9marche picturale, parfois en envisageant d&rsquo;abord l&rsquo;image, parfois en privil\u00e9giant la narration. L&rsquo;id\u00e9e est souvent de raconter des \u00e9v\u00e8nements relativement durs et \u00e2pres, de fa\u00e7on s\u00e8che et contenue. Mais en cherchant une ampleur dans sur l&rsquo;\u00e9cran. Finalement, l&rsquo;histoire de <em>l&rsquo;Hiver Dernier<\/em> est assez violente, mais j&rsquo;avais <a rel=\"attachment wp-att-17725\" href=\"http:\/\/www.cinevox.be\/john-shank-a-propos-de-lhiver-dernier-un-autre-monde-notre-monde\/js-2\/\"><img loading=\"lazy\" decoding=\"async\" class=\"alignright size-medium wp-image-17725\" title=\"JS 2\" src=\"http:\/\/www.cinevox.be\/wp-content\/uploads\/sites\/2\/2012\/03\/JS-2-416x270.jpg\" alt=\"\" width=\"416\" height=\"270\" srcset=\"https:\/\/welovecinema.be\/wp-content\/uploads\/sites\/2\/2012\/03\/JS-2-416x270.jpg 416w, https:\/\/welovecinema.be\/wp-content\/uploads\/sites\/2\/2012\/03\/JS-2-800x519.jpg 800w, https:\/\/welovecinema.be\/wp-content\/uploads\/sites\/2\/2012\/03\/JS-2.jpg 1000w\" sizes=\"auto, (max-width: 416px) 100vw, 416px\" \/><\/a>envie qu&rsquo;elle soit beau. On me dit r\u00e9guli\u00e8rement que le film est magnifique d&rsquo;un point de vue photographique ou pictural. Mais ce n&rsquo;est pas que la mise en images qui est saisissante, c&rsquo;est aussi l&rsquo;univers dans lequel vit le h\u00e9ros. C&rsquo;est d&rsquo;ailleurs une partie de ce que le film raconte. Dans un monde d&rsquo;une stup\u00e9fiante beaut\u00e9, des personnages se d\u00e9battent au milieu de transformations radicales et in\u00e9luctables, car dict\u00e9es par un syst\u00e8me qui leur \u00e9chappe. C&rsquo;est \u00e7a le vrai sujet.<\/p>\n<p>L&rsquo;image, on l&rsquo;a b\u00e2tie \u00e0 trois : le chef op\u00e9rateur, la chef d\u00e9coratrice du film et moi-m\u00eame. Il est impossible de faire une belle lumi\u00e8re sans un d\u00e9cor juste. Tout comme le d\u00e9cor n&rsquo;appara\u00eetra pas juste si la lumi\u00e8re n&rsquo;est pas bien dedans. Tout \u00e7a, c&rsquo;est, on le construit vraiment ensemble.\u00a0\u00bb<\/p>\n<p>&nbsp;<\/p>\n<p><a rel=\"attachment wp-att-17743\" href=\"http:\/\/www.cinevox.be\/john-shank-a-propos-de-lhiver-dernier-un-autre-monde-notre-monde\/hd3\/\"><img loading=\"lazy\" decoding=\"async\" class=\"aligncenter size-full wp-image-17743\" title=\"HD3\" src=\"http:\/\/www.cinevox.be\/wp-content\/uploads\/sites\/2\/2012\/03\/HD3.jpg\" alt=\"\" width=\"960\" height=\"408\" srcset=\"https:\/\/welovecinema.be\/wp-content\/uploads\/sites\/2\/2012\/03\/HD3.jpg 960w, https:\/\/welovecinema.be\/wp-content\/uploads\/sites\/2\/2012\/03\/HD3-480x204.jpg 480w, https:\/\/welovecinema.be\/wp-content\/uploads\/sites\/2\/2012\/03\/HD3-800x340.jpg 800w\" sizes=\"auto, (max-width: 960px) 100vw, 960px\" \/><\/a><\/p>\n<p>&nbsp;<\/p>\n<p>L&rsquo;hiver dernier n&rsquo;est pas un film moderne. C&rsquo;est une \u0153uvre intemporelle qui \u00e9voque un certain cin\u00e9ma rugueux des ann\u00e9es 70. Sans surprise il a \u00e9t\u00e9 tourn\u00e9 de fa\u00e7on classique, en 35mm. On l&rsquo;imagine tr\u00e8s mal autrement.<\/p>\n<p>&nbsp;<\/p>\n<p><a rel=\"attachment wp-att-17727\" href=\"http:\/\/www.cinevox.be\/john-shank-a-propos-de-lhiver-dernier-un-autre-monde-notre-monde\/js-6-2\/\"><img loading=\"lazy\" decoding=\"async\" class=\"aligncenter size-full wp-image-17727\" title=\"js 6\" src=\"http:\/\/www.cinevox.be\/wp-content\/uploads\/sites\/2\/2012\/03\/js-61.jpg\" alt=\"\" width=\"1000\" height=\"614\" srcset=\"https:\/\/welovecinema.be\/wp-content\/uploads\/sites\/2\/2012\/03\/js-61.jpg 1000w, https:\/\/welovecinema.be\/wp-content\/uploads\/sites\/2\/2012\/03\/js-61-439x270.jpg 439w, https:\/\/welovecinema.be\/wp-content\/uploads\/sites\/2\/2012\/03\/js-61-800x491.jpg 800w\" sizes=\"auto, (max-width: 1000px) 100vw, 1000px\" \/><\/a><\/p>\n<p>&nbsp;<\/p>\n<p>\u00ab\u00a0J\u2019ai \u00e9crit\u00a0<em>L&rsquo;Hiver Dernier<\/em> en pensant au 35mm : c\u2019est le seul support qui pouvait vraiment soutenir le film. Tout comme un peintre d\u00e9cide de faire une aquarelle alors qu\u2019un autre choisira l\u2019huile. On ne raconte pas la m\u00eame chose, on ne travaille pas la m\u00eame mati\u00e8re. On peut prendre un m\u00eame sujet, une m\u00eame figure, par contre la sensation qu\u2019on donne au spectateur est diff\u00e9rente. On loue aujourd\u2019hui, \u00e0 raison, la qualit\u00e9 de l\u2019image num\u00e9rique, mais je reste persuad\u00e9 que \u00e7a influe sur le genre de films qu\u2019on peut faire nettement plus qu\u2019on ne veut le croire. Ce n\u2019est pas tellement une question de qualit\u00e9, c\u2019est une question de nature. Le cin\u00e9ma va peut-\u00eatre maintenant devenir vraiment diff\u00e9rent, il y a des choses qu\u2019on ne pourra plus faire, parce que \u00e7a ne reposera plus sur ce support, sur sa texture, sur son grain, sa mati\u00e8re, sur son c\u00f4t\u00e9 physique. Je n\u2019ai rien contre l\u2019arriv\u00e9e de nouvelles technologies, mais elles ne permettent pas la m\u00eame chose. C\u2019est une fausse id\u00e9e. Elles permettent autre chose. Je pense que le spectateur ne recevrait pas autant et surtout tr\u00e8s diff\u00e9remment le film s\u2019il avait \u00e9t\u00e9 tourn\u00e9 en num\u00e9rique.\u00a0\u00bb<\/p>\n<p>&nbsp;<\/p>\n<p><a rel=\"attachment wp-att-17733\" href=\"http:\/\/www.cinevox.be\/john-shank-a-propos-de-lhiver-dernier-un-autre-monde-notre-monde\/js-1\/\"><img loading=\"lazy\" decoding=\"async\" class=\"aligncenter size-full wp-image-17733\" title=\"js 1\" src=\"http:\/\/www.cinevox.be\/wp-content\/uploads\/sites\/2\/2012\/03\/js-1.jpg\" alt=\"\" width=\"1000\" height=\"621\" srcset=\"https:\/\/welovecinema.be\/wp-content\/uploads\/sites\/2\/2012\/03\/js-1.jpg 1000w, https:\/\/welovecinema.be\/wp-content\/uploads\/sites\/2\/2012\/03\/js-1-434x270.jpg 434w, https:\/\/welovecinema.be\/wp-content\/uploads\/sites\/2\/2012\/03\/js-1-800x496.jpg 800w\" sizes=\"auto, (max-width: 1000px) 100vw, 1000px\" \/><\/a><\/p>\n<p>&nbsp;<\/p>\n<p>Le film est travaill\u00e9 et \u00e9crit comme des successions d\u2019images, il avance en faisant confiance \u00e0 la narration picturale. C\u2019est un film destin\u00e9 \u00e0 la salle, \u00e0 cette exp\u00e9rience-l\u00e0. La pluie, le vent, le soleil qui se couche, le visage, les mains ne sentent pas, ne racontent pas la m\u00eame chose en vid\u00e9o qu\u2019en 35mm. Je ne pense pas \u00eatre pass\u00e9iste ou conservateur, mais je ne crois pas non plus \u00eatre issu de nulle part. J\u2019ai des liens au pass\u00e9, il y a des choses qui m\u2019ont \u00e9t\u00e9 transmises, donn\u00e9es et que je me sens appel\u00e9 \u00e0 reconna\u00eetre et pour certaines de continuer \u00e0 les porter. Le 35mm, la pellicule au cin\u00e9ma en fait partie.<\/p>\n<p>Ce sont des choses auxquelles je tiens.\u00a0\u00bb<\/p>\n<p>&nbsp;<\/p>\n<p>&nbsp;<\/p>\n<p>&nbsp;<\/p>\n","protected":false},"excerpt":{"rendered":"<p>L&rsquo;Hiver Dernier, c&rsquo;est d&rsquo;abord un cadre, une r\u00e9gion qu&rsquo;on n&rsquo;identifie pas au premier regard. Surtout, nous les petits Belges qui n&rsquo;avons pas forc\u00e9ment \u00e9t\u00e9 tra\u00eener l\u00e0-bas. Le paysage est un personnage \u00e0 part enti\u00e8re par sa beaut\u00e9 exceptionnelle, et sa formidable ampleur. John Shank a tourn\u00e9 son film dans l&rsquo;Aubrac, un vaste plateau d&rsquo;environ 800 &hellip;<\/p>\n","protected":false},"author":7,"featured_media":17750,"comment_status":"closed","ping_status":"closed","sticky":false,"template":"","format":"standard","meta":{"ngg_post_thumbnail":0,"footnotes":""},"categories":[1978],"tags":[],"class_list":["post-17714","post","type-post","status-publish","format-standard","has-post-thumbnail","","category-interviews"],"yoast_head":"<!-- This site is optimized with the Yoast SEO plugin v20.4 - https:\/\/yoast.com\/wordpress\/plugins\/seo\/ -->\n<title>John Shank \u00e0 propos de L&#039;Hiver Dernier  Un autre monde, notre monde - We Love Cinema<\/title>\n<meta name=\"robots\" content=\"index, follow, max-snippet:-1, max-image-preview:large, max-video-preview:-1\" \/>\n<link rel=\"canonical\" href=\"https:\/\/welovecinema.be\/fr\/john-shank-a-propos-de-lhiver-dernier-un-autre-monde-notre-monde\/\" \/>\n<meta property=\"og:locale\" content=\"fr_FR\" \/>\n<meta property=\"og:type\" content=\"article\" \/>\n<meta property=\"og:title\" content=\"John Shank \u00e0 propos de L&#039;Hiver Dernier  Un autre monde, notre monde - We Love Cinema\" \/>\n<meta property=\"og:description\" content=\"L&rsquo;Hiver Dernier, c&rsquo;est d&rsquo;abord un cadre, une r\u00e9gion qu&rsquo;on n&rsquo;identifie pas au premier regard. Surtout, nous les petits Belges qui n&rsquo;avons pas forc\u00e9ment \u00e9t\u00e9 tra\u00eener l\u00e0-bas. Le paysage est un personnage \u00e0 part enti\u00e8re par sa beaut\u00e9 exceptionnelle, et sa formidable ampleur. John Shank a tourn\u00e9 son film dans l&rsquo;Aubrac, un vaste plateau d&rsquo;environ 800 &hellip;\" \/>\n<meta property=\"og:url\" content=\"https:\/\/welovecinema.be\/fr\/john-shank-a-propos-de-lhiver-dernier-un-autre-monde-notre-monde\/\" \/>\n<meta property=\"og:site_name\" content=\"We Love Cinema\" \/>\n<meta property=\"article:publisher\" content=\"https:\/\/www.facebook.com\/welovecinema.be\" \/>\n<meta property=\"article:published_time\" content=\"2012-03-21T07:38:45+00:00\" \/>\n<meta property=\"article:modified_time\" content=\"2012-03-26T19:52:47+00:00\" \/>\n<meta property=\"og:image\" content=\"https:\/\/welovecinema.be\/wp-content\/uploads\/sites\/2\/2012\/03\/IMG_4441.jpg\" \/>\n\t<meta property=\"og:image:width\" content=\"1000\" \/>\n\t<meta property=\"og:image:height\" content=\"649\" \/>\n\t<meta property=\"og:image:type\" content=\"image\/jpeg\" \/>\n<meta name=\"author\" content=\"Philippe.Pierquin\" \/>\n<meta name=\"twitter:card\" content=\"summary_large_image\" \/>\n<meta name=\"twitter:label1\" content=\"\u00c9crit par\" \/>\n\t<meta name=\"twitter:data1\" content=\"Philippe.Pierquin\" \/>\n\t<meta name=\"twitter:label2\" content=\"Dur\u00e9e de lecture estim\u00e9e\" \/>\n\t<meta name=\"twitter:data2\" content=\"5 minutes\" \/>\n<script type=\"application\/ld+json\" class=\"yoast-schema-graph\">{\"@context\":\"https:\/\/schema.org\",\"@graph\":[{\"@type\":\"Article\",\"@id\":\"https:\/\/welovecinema.be\/fr\/john-shank-a-propos-de-lhiver-dernier-un-autre-monde-notre-monde\/#article\",\"isPartOf\":{\"@id\":\"https:\/\/welovecinema.be\/fr\/john-shank-a-propos-de-lhiver-dernier-un-autre-monde-notre-monde\/\"},\"author\":{\"name\":\"Philippe.Pierquin\",\"@id\":\"https:\/\/welovecinema.be\/nl\/#\/schema\/person\/4b9b1d857f0943453a38a7c2859ef756\"},\"headline\":\"John Shank \u00e0 propos de L&rsquo;Hiver Dernier Un autre monde, notre monde\",\"datePublished\":\"2012-03-21T07:38:45+00:00\",\"dateModified\":\"2012-03-26T19:52:47+00:00\",\"mainEntityOfPage\":{\"@id\":\"https:\/\/welovecinema.be\/fr\/john-shank-a-propos-de-lhiver-dernier-un-autre-monde-notre-monde\/\"},\"wordCount\":1141,\"publisher\":{\"@id\":\"https:\/\/welovecinema.be\/nl\/#organization\"},\"articleSection\":[\"Rencontres\"],\"inLanguage\":\"fr-FR\"},{\"@type\":\"WebPage\",\"@id\":\"https:\/\/welovecinema.be\/fr\/john-shank-a-propos-de-lhiver-dernier-un-autre-monde-notre-monde\/\",\"url\":\"https:\/\/welovecinema.be\/fr\/john-shank-a-propos-de-lhiver-dernier-un-autre-monde-notre-monde\/\",\"name\":\"John Shank \u00e0 propos de L'Hiver Dernier Un autre monde, notre monde - We Love Cinema\",\"isPartOf\":{\"@id\":\"https:\/\/welovecinema.be\/nl\/#website\"},\"datePublished\":\"2012-03-21T07:38:45+00:00\",\"dateModified\":\"2012-03-26T19:52:47+00:00\",\"breadcrumb\":{\"@id\":\"https:\/\/welovecinema.be\/fr\/john-shank-a-propos-de-lhiver-dernier-un-autre-monde-notre-monde\/#breadcrumb\"},\"inLanguage\":\"fr-FR\",\"potentialAction\":[{\"@type\":\"ReadAction\",\"target\":[\"https:\/\/welovecinema.be\/fr\/john-shank-a-propos-de-lhiver-dernier-un-autre-monde-notre-monde\/\"]}]},{\"@type\":\"BreadcrumbList\",\"@id\":\"https:\/\/welovecinema.be\/fr\/john-shank-a-propos-de-lhiver-dernier-un-autre-monde-notre-monde\/#breadcrumb\",\"itemListElement\":[{\"@type\":\"ListItem\",\"position\":1,\"name\":\"Accueil\",\"item\":\"https:\/\/welovecinema.be\/fr\/\"},{\"@type\":\"ListItem\",\"position\":2,\"name\":\"John Shank \u00e0 propos de L&rsquo;Hiver Dernier Un autre monde, notre monde\"}]},{\"@type\":\"WebSite\",\"@id\":\"https:\/\/welovecinema.be\/nl\/#website\",\"url\":\"https:\/\/welovecinema.be\/nl\/\",\"name\":\"We Love Cinema\",\"description\":\"Toute l\u2019information du cin\u00e9ma en Belgique\",\"publisher\":{\"@id\":\"https:\/\/welovecinema.be\/nl\/#organization\"},\"potentialAction\":[{\"@type\":\"SearchAction\",\"target\":{\"@type\":\"EntryPoint\",\"urlTemplate\":\"https:\/\/welovecinema.be\/nl\/?s={search_term_string}\"},\"query-input\":\"required name=search_term_string\"}],\"inLanguage\":\"fr-FR\"},{\"@type\":\"Organization\",\"@id\":\"https:\/\/welovecinema.be\/nl\/#organization\",\"name\":\"We Love Cinema\",\"url\":\"https:\/\/welovecinema.be\/nl\/\",\"logo\":{\"@type\":\"ImageObject\",\"inLanguage\":\"fr-FR\",\"@id\":\"https:\/\/welovecinema.be\/nl\/#\/schema\/logo\/image\/\",\"url\":\"https:\/\/welovecinema.be\/wp-content\/uploads\/sites\/2\/2023\/03\/Logo-We-Love-Cinema305x128.jpg\",\"contentUrl\":\"https:\/\/welovecinema.be\/wp-content\/uploads\/sites\/2\/2023\/03\/Logo-We-Love-Cinema305x128.jpg\",\"width\":305,\"height\":128,\"caption\":\"We Love Cinema\"},\"image\":{\"@id\":\"https:\/\/welovecinema.be\/nl\/#\/schema\/logo\/image\/\"},\"sameAs\":[\"https:\/\/www.facebook.com\/welovecinema.be\",\"https:\/\/www.youtube.com\/channel\/UCX5LYGVhnKvYauW4Nta4HJA\",\"https:\/\/www.instagram.com\/welovecinema.be\/\"]},{\"@type\":\"Person\",\"@id\":\"https:\/\/welovecinema.be\/nl\/#\/schema\/person\/4b9b1d857f0943453a38a7c2859ef756\",\"name\":\"Philippe.Pierquin\",\"url\":\"https:\/\/welovecinema.be\/fr\/author\/philippe-pierquin\/\"}]}<\/script>\n<!-- \/ Yoast SEO plugin. -->","yoast_head_json":{"title":"John Shank \u00e0 propos de L'Hiver Dernier  Un autre monde, notre monde - We Love Cinema","robots":{"index":"index","follow":"follow","max-snippet":"max-snippet:-1","max-image-preview":"max-image-preview:large","max-video-preview":"max-video-preview:-1"},"canonical":"https:\/\/welovecinema.be\/fr\/john-shank-a-propos-de-lhiver-dernier-un-autre-monde-notre-monde\/","og_locale":"fr_FR","og_type":"article","og_title":"John Shank \u00e0 propos de L'Hiver Dernier  Un autre monde, notre monde - We Love Cinema","og_description":"L&rsquo;Hiver Dernier, c&rsquo;est d&rsquo;abord un cadre, une r\u00e9gion qu&rsquo;on n&rsquo;identifie pas au premier regard. Surtout, nous les petits Belges qui n&rsquo;avons pas forc\u00e9ment \u00e9t\u00e9 tra\u00eener l\u00e0-bas. Le paysage est un personnage \u00e0 part enti\u00e8re par sa beaut\u00e9 exceptionnelle, et sa formidable ampleur. John Shank a tourn\u00e9 son film dans l&rsquo;Aubrac, un vaste plateau d&rsquo;environ 800 &hellip;","og_url":"https:\/\/welovecinema.be\/fr\/john-shank-a-propos-de-lhiver-dernier-un-autre-monde-notre-monde\/","og_site_name":"We Love Cinema","article_publisher":"https:\/\/www.facebook.com\/welovecinema.be","article_published_time":"2012-03-21T07:38:45+00:00","article_modified_time":"2012-03-26T19:52:47+00:00","og_image":[{"width":"1000","height":"649","url":"https:\/\/welovecinema.be\/wp-content\/uploads\/sites\/2\/2012\/03\/IMG_4441.jpg","type":"image\/jpeg"}],"author":"Philippe.Pierquin","twitter_card":"summary_large_image","twitter_misc":{"\u00c9crit par":"Philippe.Pierquin","Dur\u00e9e de lecture estim\u00e9e":"5 minutes"},"schema":{"@context":"https:\/\/schema.org","@graph":[{"@type":"Article","@id":"https:\/\/welovecinema.be\/fr\/john-shank-a-propos-de-lhiver-dernier-un-autre-monde-notre-monde\/#article","isPartOf":{"@id":"https:\/\/welovecinema.be\/fr\/john-shank-a-propos-de-lhiver-dernier-un-autre-monde-notre-monde\/"},"author":{"name":"Philippe.Pierquin","@id":"https:\/\/welovecinema.be\/nl\/#\/schema\/person\/4b9b1d857f0943453a38a7c2859ef756"},"headline":"John Shank \u00e0 propos de L&rsquo;Hiver Dernier Un autre monde, notre monde","datePublished":"2012-03-21T07:38:45+00:00","dateModified":"2012-03-26T19:52:47+00:00","mainEntityOfPage":{"@id":"https:\/\/welovecinema.be\/fr\/john-shank-a-propos-de-lhiver-dernier-un-autre-monde-notre-monde\/"},"wordCount":1141,"publisher":{"@id":"https:\/\/welovecinema.be\/nl\/#organization"},"articleSection":["Rencontres"],"inLanguage":"fr-FR"},{"@type":"WebPage","@id":"https:\/\/welovecinema.be\/fr\/john-shank-a-propos-de-lhiver-dernier-un-autre-monde-notre-monde\/","url":"https:\/\/welovecinema.be\/fr\/john-shank-a-propos-de-lhiver-dernier-un-autre-monde-notre-monde\/","name":"John Shank \u00e0 propos de L'Hiver Dernier Un autre monde, notre monde - We Love Cinema","isPartOf":{"@id":"https:\/\/welovecinema.be\/nl\/#website"},"datePublished":"2012-03-21T07:38:45+00:00","dateModified":"2012-03-26T19:52:47+00:00","breadcrumb":{"@id":"https:\/\/welovecinema.be\/fr\/john-shank-a-propos-de-lhiver-dernier-un-autre-monde-notre-monde\/#breadcrumb"},"inLanguage":"fr-FR","potentialAction":[{"@type":"ReadAction","target":["https:\/\/welovecinema.be\/fr\/john-shank-a-propos-de-lhiver-dernier-un-autre-monde-notre-monde\/"]}]},{"@type":"BreadcrumbList","@id":"https:\/\/welovecinema.be\/fr\/john-shank-a-propos-de-lhiver-dernier-un-autre-monde-notre-monde\/#breadcrumb","itemListElement":[{"@type":"ListItem","position":1,"name":"Accueil","item":"https:\/\/welovecinema.be\/fr\/"},{"@type":"ListItem","position":2,"name":"John Shank \u00e0 propos de L&rsquo;Hiver Dernier Un autre monde, notre monde"}]},{"@type":"WebSite","@id":"https:\/\/welovecinema.be\/nl\/#website","url":"https:\/\/welovecinema.be\/nl\/","name":"We Love Cinema","description":"Toute l\u2019information du cin\u00e9ma en Belgique","publisher":{"@id":"https:\/\/welovecinema.be\/nl\/#organization"},"potentialAction":[{"@type":"SearchAction","target":{"@type":"EntryPoint","urlTemplate":"https:\/\/welovecinema.be\/nl\/?s={search_term_string}"},"query-input":"required name=search_term_string"}],"inLanguage":"fr-FR"},{"@type":"Organization","@id":"https:\/\/welovecinema.be\/nl\/#organization","name":"We Love Cinema","url":"https:\/\/welovecinema.be\/nl\/","logo":{"@type":"ImageObject","inLanguage":"fr-FR","@id":"https:\/\/welovecinema.be\/nl\/#\/schema\/logo\/image\/","url":"https:\/\/welovecinema.be\/wp-content\/uploads\/sites\/2\/2023\/03\/Logo-We-Love-Cinema305x128.jpg","contentUrl":"https:\/\/welovecinema.be\/wp-content\/uploads\/sites\/2\/2023\/03\/Logo-We-Love-Cinema305x128.jpg","width":305,"height":128,"caption":"We Love Cinema"},"image":{"@id":"https:\/\/welovecinema.be\/nl\/#\/schema\/logo\/image\/"},"sameAs":["https:\/\/www.facebook.com\/welovecinema.be","https:\/\/www.youtube.com\/channel\/UCX5LYGVhnKvYauW4Nta4HJA","https:\/\/www.instagram.com\/welovecinema.be\/"]},{"@type":"Person","@id":"https:\/\/welovecinema.be\/nl\/#\/schema\/person\/4b9b1d857f0943453a38a7c2859ef756","name":"Philippe.Pierquin","url":"https:\/\/welovecinema.be\/fr\/author\/philippe-pierquin\/"}]}},"_links":{"self":[{"href":"https:\/\/welovecinema.be\/fr\/wp-json\/wp\/v2\/posts\/17714","targetHints":{"allow":["GET"]}}],"collection":[{"href":"https:\/\/welovecinema.be\/fr\/wp-json\/wp\/v2\/posts"}],"about":[{"href":"https:\/\/welovecinema.be\/fr\/wp-json\/wp\/v2\/types\/post"}],"author":[{"embeddable":true,"href":"https:\/\/welovecinema.be\/fr\/wp-json\/wp\/v2\/users\/7"}],"replies":[{"embeddable":true,"href":"https:\/\/welovecinema.be\/fr\/wp-json\/wp\/v2\/comments?post=17714"}],"version-history":[{"count":0,"href":"https:\/\/welovecinema.be\/fr\/wp-json\/wp\/v2\/posts\/17714\/revisions"}],"wp:featuredmedia":[{"embeddable":true,"href":"https:\/\/welovecinema.be\/fr\/wp-json\/wp\/v2\/media\/17750"}],"wp:attachment":[{"href":"https:\/\/welovecinema.be\/fr\/wp-json\/wp\/v2\/media?parent=17714"}],"wp:term":[{"taxonomy":"category","embeddable":true,"href":"https:\/\/welovecinema.be\/fr\/wp-json\/wp\/v2\/categories?post=17714"},{"taxonomy":"post_tag","embeddable":true,"href":"https:\/\/welovecinema.be\/fr\/wp-json\/wp\/v2\/tags?post=17714"}],"curies":[{"name":"wp","href":"https:\/\/api.w.org\/{rel}","templated":true}]}}