{"id":17616,"date":"2012-03-13T07:17:40","date_gmt":"2012-03-13T07:17:40","guid":{"rendered":"http:\/\/www.cinevox.be\/?p=17616"},"modified":"2012-03-12T13:52:50","modified_gmt":"2012-03-12T13:52:50","slug":"john-shank-urban-cowboy","status":"publish","type":"post","link":"https:\/\/welovecinema.be\/fr\/john-shank-urban-cowboy\/","title":{"rendered":"John Shank <br> Urban cowboy"},"content":{"rendered":"<p>Il a le look d&rsquo;un dandy rocker, \u00e0 mi-chemin entre Vincent Liben p\u00e9riode Mud Flow et un membre de Ghinzu. Mais\u00a0<strong>John Shank<\/strong> (m\u00eame le nom claque fort) est r\u00e9alisateur, un jeune r\u00e9alisateur qui vient de tourner son premier long m\u00e9trage, produit par\u00a0<em>Tarantula<\/em> et film\u00e9 au coeur de la France profonde dans des paysages suffocants de beaut\u00e9 sauvage. Sauvage et dure, comme la vie de son h\u00e9ros qui a d\u00e9cid\u00e9 de poursuivre l&rsquo;oeuvre de son p\u00e8re et de maintenir sa ferme \u00e0 flot. Malgr\u00e9 les conditions, malgr\u00e9 la conjoncture. \u00a0<em>L&rsquo;hiver dernier<\/em> est un drame, une odyss\u00e9e humaine qui prend son temps. John, lui, d\u00e9bute sa carri\u00e8re \u00e0 toute allure&#8230;<\/p>\n<p><!--more--><\/p>\n<p>&nbsp;<\/p>\n<p>\u00ab\u00a0Tout commence quand je d\u00e9couvre le cin\u00e9ma. C&rsquo;est assez bateau de dire \u00e7a, mais ce qui l&rsquo;est moins c&rsquo;est que j&rsquo;ai d\u00e9couvert le cin\u00e9ma tr\u00e8s tard. Lorsque j&rsquo;entre \u00e0 l&rsquo;\u00e9cole pour apprendre ce m\u00e9tier, c&rsquo;est presque par hasard : je dois avoir vu une quinzaine de films dans ma vie. Pas plus de vingt en tous cas. Mais pour moi c&rsquo;est une r\u00e9v\u00e9lation : je suis confront\u00e9 \u00e0 un langage qui me fascine, je constate qu&rsquo;un film est fait avec des plans qu&rsquo;on monte, gr\u00e2ce auxquels on cr\u00e9e un univers et une histoire de toutes pi\u00e8ces, artificiellement. C&rsquo;est \u00e7a que je veux faire.\u00a0\u00bb<\/p>\n<p>&nbsp;<\/p>\n<p>Ce genre de d\u00e9claration surprend aujourd&rsquo;hui dans un monde inond\u00e9 d&rsquo;images, mais John Shank, 34 ans, a un parcours atypique.<\/p>\n<p>&nbsp;<\/p>\n<p><a rel=\"attachment wp-att-17617\" href=\"http:\/\/www.cinevox.be\/john-shank-urban-cowboy\/cadre-3\/\"><img loading=\"lazy\" decoding=\"async\" class=\"aligncenter size-full wp-image-17617\" title=\"cadre 3\" src=\"http:\/\/www.cinevox.be\/wp-content\/uploads\/sites\/2\/2012\/03\/cadre-3.jpg\" alt=\"\" width=\"3753\" height=\"1288\" srcset=\"https:\/\/welovecinema.be\/wp-content\/uploads\/sites\/2\/2012\/03\/cadre-3.jpg 3753w, https:\/\/welovecinema.be\/wp-content\/uploads\/sites\/2\/2012\/03\/cadre-3-480x164.jpg 480w, https:\/\/welovecinema.be\/wp-content\/uploads\/sites\/2\/2012\/03\/cadre-3-800x274.jpg 800w\" sizes=\"auto, (max-width: 3753px) 100vw, 3753px\" \/><\/a><\/p>\n<p>&nbsp;<\/p>\n<p>\u00ab\u00a0Je suis n\u00e9 \u00e0 Bloomington, la ville de l\u2019universit\u00e9 de l\u2019Indiana. Lorsque j\u2019avais 6 mois, mes parents sont retourn\u00e9s dans leur village familial, un petit bled au milieu des champs de ma\u00efs et de grandes exploitations agricoles. J\u2019ai v\u00e9cu l\u00e0 jusqu\u2019\u00e0 l\u2019\u00e2ge de six ans, jusqu\u2019\u00e0 ce nous partions vivre en Belgique. \u00c0 partir de ce moment, et jusqu\u2019\u00e0 l\u2019\u00e2ge de 18 ans, j\u2019ai fait des allers-retours vers les \u00c9tats-Unis, parfois pour six mois, parfois pour un an. Quand je vivais en Belgique, j\u2019habitais \u00e9galement dans un petit village agricole et d\u2019\u00e9levage \u2013 mais ni mes parents, ni mes grands-parents ne sont agriculteurs. En revanche, j\u2019ai baign\u00e9 dans cet environnement-l\u00e0. J\u2019ai clairement un sentiment tr\u00e8s fort d\u2019appartenance \u00e0 cela, une terre et une communaut\u00e9, dont je suis \u00e0 la fois totalement issu et extrait. Les attaches que je conserve avec les \u00c9tats-Unis sont familiales et culturelles. Toute ma famille est l\u00e0-bas. Mes racines sont l\u00e0-bas, mon existence est ici, \u00e7a cr\u00e9e forc\u00e9ment une forme de d\u00e9chirement.\u00a0\u00bb<\/p>\n<p>&nbsp;<\/p>\n<p><a rel=\"attachment wp-att-17618\" href=\"http:\/\/www.cinevox.be\/john-shank-urban-cowboy\/cadre-2\/\"><img loading=\"lazy\" decoding=\"async\" class=\"aligncenter size-full wp-image-17618\" title=\"cadre 2\" src=\"http:\/\/www.cinevox.be\/wp-content\/uploads\/sites\/2\/2012\/03\/cadre-2.jpg\" alt=\"\" width=\"3753\" height=\"1287\" srcset=\"https:\/\/welovecinema.be\/wp-content\/uploads\/sites\/2\/2012\/03\/cadre-2.jpg 3753w, https:\/\/welovecinema.be\/wp-content\/uploads\/sites\/2\/2012\/03\/cadre-2-480x164.jpg 480w, https:\/\/welovecinema.be\/wp-content\/uploads\/sites\/2\/2012\/03\/cadre-2-800x274.jpg 800w\" sizes=\"auto, (max-width: 3753px) 100vw, 3753px\" \/><\/a><\/p>\n<p>&nbsp;<\/p>\n<p>Les racines, voil\u00e0 une valeur primordiale pour John, la base de son premier film.<\/p>\n<p>\u00ab\u00a0Ce long m\u00e9trage est la continuation d&rsquo;un travail que j&rsquo;ai commenc\u00e9 avec mes courts : je veux explorer le plus simplement possible le rapport de l&rsquo;homme au monde dans lequel il vit. Il se fait qu&rsquo;aujourd&rsquo;hui je suis citadin. Ce rapport \u00e0 la nature, \u00e0 la terre, au travail avec la terre me manque. J&rsquo;ai eu envie de filmer ce monde-l\u00e0 parce que je l&rsquo;aime, mais aussi parce que l\u00e0, deviennent visibles des choses qui ne le sont pas forc\u00e9ment en ville. Beaucoup de gens me parlent de <em>L&rsquo;hiver Dernier<\/em> comme d&rsquo;un regard sur l&rsquo;agonie du monde rural. Mais pour moi le monde rural n&rsquo;est pas en marge. Si cet univers-l\u00e0 meurt, c&rsquo;est que le monde citadin est \u00e9galement en train de s&rsquo;\u00e9teindre. Cela dit, pour moi, le film raconte plut\u00f4t la difficult\u00e9 d&rsquo;un jeune homme \u00e0 trouver un endroit o\u00f9 il est chez lui \u00e0 la maison et o\u00f9 il peut exprimer son amour et son attachement pour le monde. C&rsquo;est un film sur l&rsquo;enracinement, sur une connexion \u00e0 la terre qui est n\u00e9cessaire. Ce n&rsquo;est pas sp\u00e9cifique au monde rural, sauf qu&rsquo;en ville on ne le sent plus ce lien-l\u00e0. D&rsquo;une certaine fa\u00e7on ce monde-l\u00e0 est en premi\u00e8re loge des \u00e9volutions.<\/p>\n<p>&nbsp;<\/p>\n<p>Mes parents m\u2019ont transmis, \u00e0 travers des livres ou des peintures qu\u2019ils me faisaient voir, des choses qui \u00e9taient toujours li\u00e9es \u00e0 la terre et \u00e0 l\u2019espace, au vaste monde. Ou peut-\u00eatre \u00e9tait-ce moi qui \u00e9tais sensible \u00e0 ce rapport de l\u2019homme \u00e0 la terre. Le mythe fondateur am\u00e9ricain doit certainement jouer un r\u00f4le aussi : une terre, un homme et une possibilit\u00e9 de d\u00e9velopper quelque chose, avec parfois le conflit comme corollaire. Je ne le revendique pas, je constate simplement que c\u2019est d\u2019abord le lien \u00e0 la terre qui est fondateur, qui appelle \u00e0 un mouvement vers l\u2019autre. Et \u00e7a, je pense que c\u2019est profond\u00e9ment am\u00e9ricain, c\u2019est ce qui me touchait quand j\u2019ai lu pour la premi\u00e8re fois John Steinbeck ou William Faulkner, quand j\u2019ai vu pour la premi\u00e8re fois des oeuvres de John Ford ou d\u2019Elia Kazan. Il y a un sentiment d\u2019appartenance \u00e0 un monde beaucoup plus vaste et c\u2019est ce sentiment, ce lien que j\u2019avais envie d\u2019aller filmer.\u00a0\u00bb<\/p>\n<p>&nbsp;<\/p>\n<p><a rel=\"attachment wp-att-17619\" href=\"http:\/\/www.cinevox.be\/john-shank-urban-cowboy\/cadre-1\/\"><img loading=\"lazy\" decoding=\"async\" class=\"aligncenter size-full wp-image-17619\" title=\"cadre 1\" src=\"http:\/\/www.cinevox.be\/wp-content\/uploads\/sites\/2\/2012\/03\/cadre-1.jpg\" alt=\"\" width=\"3753\" height=\"1288\" srcset=\"https:\/\/welovecinema.be\/wp-content\/uploads\/sites\/2\/2012\/03\/cadre-1.jpg 3753w, https:\/\/welovecinema.be\/wp-content\/uploads\/sites\/2\/2012\/03\/cadre-1-480x164.jpg 480w, https:\/\/welovecinema.be\/wp-content\/uploads\/sites\/2\/2012\/03\/cadre-1-800x274.jpg 800w\" sizes=\"auto, (max-width: 3753px) 100vw, 3753px\" \/><\/a><\/p>\n<p>&nbsp;<\/p>\n<p>John Shank c&rsquo;est aussi une vraie radicalit\u00e9. Une envie de cin\u00e9ma comme \u0153uvre d&rsquo;art. L&rsquo;id\u00e9e m\u00eame du film produit de consommation lui fait horreur\u2026<\/p>\n<p>&nbsp;<\/p>\n<p>\u00ab\u00a0Le rythme du film est le rythme du monde que je scrute. Je me suis adapt\u00e9. Apr\u00e8s \u00e7a, c&rsquo;est un premier long m\u00e9trage. Il y a des maladresses, mais c&rsquo;est normal. Je cherche mon film, je ne lui impose rien. J&rsquo;essaie de transcrire des \u00e9motions et une r\u00e9alit\u00e9. De les capter. Ce qui est certain c&rsquo;est que ce film, je ne l&rsquo;ai jamais con\u00e7u en me disant \u00ab\u00a0c&rsquo;est un produit\u00a0\u00bb. Ce n&rsquo;en est pas un. Je suis rest\u00e9 sur cette ligne en me disant : voyons si on peut trouver d&rsquo;autres personnes, des collaborateurs, des financiers qui ont envie de partager cette option avec moi. On y arrive? Tant mieux. Alors, faisons le film.<\/p>\n<p>&nbsp;<\/p>\n<p>Sa forme et sa radicalit\u00e9 viennent du cin\u00e9ma qui m&rsquo;\u00e9meut par opposition au cin\u00e9ma que je n&rsquo;aime pas et qui ne m&rsquo;inspire pas. Ma r\u00e9flexion est simple: je vois aujourd&rsquo;hui beaucoup de films qui ont un certain nombre de traits communs. La position dans laquelle ils me mettent en tant que spectateur ne me pla\u00eet pas. Elle me met mal \u00e0 l&rsquo;aise, ne m&rsquo;int\u00e9resse pas. \u00c7a ne me convient pas. Moi, j&rsquo;ai plut\u00f4t envie de partager avec le spectateur \u00e0 un autre degr\u00e9. Je reconnais volontiers que \u00e7a m\u00e8ne mon travail \u00e0 un endroit dans l&rsquo;industrie contemporaine qui est extr\u00eamement fragile. Je suis conscient qu&rsquo;il est difficile de faire exister ce genre de film. En m\u00eame temps, pour moi, le rapport aux spectateurs \u00e0 ce niveau-l\u00e0 me semble plus important que le fait d&rsquo;\u00eatre \u00ab\u00a0plac\u00e9\u00a0\u00bb sur le march\u00e9.<\/p>\n<p>Il y a sans doute un parall\u00e8le entre ma fa\u00e7on d&rsquo;aborder le film et l&rsquo;ent\u00eatement de mon personnage. Lui aussi veut pr\u00e9server un rapport au monde qui lui est fondamental. C&rsquo;est la m\u00eame chose pour moi: j&rsquo;ai envie de continuer \u00e0 penser le cin\u00e9ma comme un langage, j&rsquo;ai envie de continuer \u00e0 penser que le spectateur est fort et qu&rsquo;il est pr\u00eat \u00e0 d\u00e9couvrir et \u00e0 vivre des exp\u00e9riences qui ne sont pas forc\u00e9ment confortables ou balis\u00e9es.\u00a0\u00bb<\/p>\n<p>&nbsp;<\/p>\n<p><a rel=\"attachment wp-att-17621\" href=\"http:\/\/www.cinevox.be\/john-shank-urban-cowboy\/cadre-4\/\"><img loading=\"lazy\" decoding=\"async\" class=\"aligncenter size-full wp-image-17621\" title=\"cadre 4\" src=\"http:\/\/www.cinevox.be\/wp-content\/uploads\/sites\/2\/2012\/03\/cadre-4.jpg\" alt=\"\" width=\"3753\" height=\"1288\" srcset=\"https:\/\/welovecinema.be\/wp-content\/uploads\/sites\/2\/2012\/03\/cadre-4.jpg 3753w, https:\/\/welovecinema.be\/wp-content\/uploads\/sites\/2\/2012\/03\/cadre-4-480x164.jpg 480w, https:\/\/welovecinema.be\/wp-content\/uploads\/sites\/2\/2012\/03\/cadre-4-800x274.jpg 800w\" sizes=\"auto, (max-width: 3753px) 100vw, 3753px\" \/><\/a><\/p>\n<p>&nbsp;<\/p>\n<p>\u00a0\u00bb La question de la place de ce spectateur est primordiale pour moi: que vais-je lui donner? Que vais-je lui demander? Comment vais-je l&rsquo;amener vers des images et un rythme? Tout cela ce sont des questions que je me pose sans cesse. Parfois j&rsquo;y arrive, parfois pas. Quand on fait un film qui est en marge des normes et du langage dominants, l&rsquo;id\u00e9e n&rsquo;est pas que le spectateur passe un moment incroyable dans la salle. Mais lorsqu&rsquo;on consacre 1h40 \u00e0 scruter attentivement le monde d&rsquo;ailleurs, peut-\u00eatre qu&rsquo;en sortant du cin\u00e9ma, on change aussi un tout petit peu sa fa\u00e7on de regarder la r\u00e9alit\u00e9. Malheureusement, le cin\u00e9ma est une industrie et un march\u00e9, donc les films sont consid\u00e9r\u00e9s comme des produits. Enfin, je dis malheureusement, mais c&rsquo;est surtout une r\u00e9alit\u00e9, c&rsquo;est tout. Par chance, \u00e0 l&rsquo;heure actuelle, il reste encore une petite place pour ce genre de film qui est somme toute tr\u00e8s simple: c&rsquo;est juste du temps et de l&rsquo;espace avec un personnage qui lutte pour pr\u00e9server son univers avec l&rsquo;expression de l&rsquo;amour qu&rsquo;il lui. Apr\u00e8s, il faut se laisser aller, m\u00eame si ce n&rsquo;est pas toujours confortable.<\/p>\n<p>Oui, j&rsquo;ai parfois l&rsquo;impression de faire acte de r\u00e9sistance, mais c&rsquo;est tr\u00e8s bien ainsi\u2026\u00a0\u00bb<\/p>\n<p>&nbsp;<\/p>\n<p>&nbsp;<\/p>\n<p><em>[Toutes les photos par A.P.]<\/em><\/p>\n","protected":false},"excerpt":{"rendered":"<p>Il a le look d&rsquo;un dandy rocker, \u00e0 mi-chemin entre Vincent Liben p\u00e9riode Mud Flow et un membre de Ghinzu. Mais\u00a0John Shank (m\u00eame le nom claque fort) est r\u00e9alisateur, un jeune r\u00e9alisateur qui vient de tourner son premier long m\u00e9trage, produit par\u00a0Tarantula et film\u00e9 au coeur de la France profonde dans des paysages suffocants de &hellip;<\/p>\n","protected":false},"author":7,"featured_media":17644,"comment_status":"closed","ping_status":"closed","sticky":false,"template":"","format":"standard","meta":{"ngg_post_thumbnail":0,"footnotes":""},"categories":[1978],"tags":[],"class_list":["post-17616","post","type-post","status-publish","format-standard","has-post-thumbnail","","category-interviews"],"yoast_head":"<!-- This site is optimized with the Yoast SEO plugin v20.4 - https:\/\/yoast.com\/wordpress\/plugins\/seo\/ -->\n<title>John Shank  Urban cowboy - We Love Cinema<\/title>\n<meta name=\"robots\" content=\"index, follow, max-snippet:-1, max-image-preview:large, max-video-preview:-1\" \/>\n<link rel=\"canonical\" href=\"https:\/\/welovecinema.be\/fr\/john-shank-urban-cowboy\/\" \/>\n<meta property=\"og:locale\" content=\"fr_FR\" \/>\n<meta property=\"og:type\" content=\"article\" \/>\n<meta property=\"og:title\" content=\"John Shank  Urban cowboy - We Love Cinema\" \/>\n<meta property=\"og:description\" content=\"Il a le look d&rsquo;un dandy rocker, \u00e0 mi-chemin entre Vincent Liben p\u00e9riode Mud Flow et un membre de Ghinzu. Mais\u00a0John Shank (m\u00eame le nom claque fort) est r\u00e9alisateur, un jeune r\u00e9alisateur qui vient de tourner son premier long m\u00e9trage, produit par\u00a0Tarantula et film\u00e9 au coeur de la France profonde dans des paysages suffocants de &hellip;\" \/>\n<meta property=\"og:url\" content=\"https:\/\/welovecinema.be\/fr\/john-shank-urban-cowboy\/\" \/>\n<meta property=\"og:site_name\" content=\"We Love Cinema\" \/>\n<meta property=\"article:publisher\" content=\"https:\/\/www.facebook.com\/welovecinema.be\" \/>\n<meta property=\"article:published_time\" content=\"2012-03-13T07:17:40+00:00\" \/>\n<meta property=\"article:modified_time\" content=\"2012-03-12T13:52:50+00:00\" \/>\n<meta property=\"og:image\" content=\"https:\/\/welovecinema.be\/wp-content\/uploads\/sites\/2\/2012\/03\/ouverture.jpg\" \/>\n\t<meta property=\"og:image:width\" content=\"893\" \/>\n\t<meta property=\"og:image:height\" content=\"622\" \/>\n\t<meta property=\"og:image:type\" content=\"image\/jpeg\" \/>\n<meta name=\"author\" content=\"Philippe.Pierquin\" \/>\n<meta name=\"twitter:card\" content=\"summary_large_image\" \/>\n<meta name=\"twitter:label1\" content=\"\u00c9crit par\" \/>\n\t<meta name=\"twitter:data1\" content=\"Philippe.Pierquin\" \/>\n\t<meta name=\"twitter:label2\" content=\"Dur\u00e9e de lecture estim\u00e9e\" \/>\n\t<meta name=\"twitter:data2\" content=\"7 minutes\" \/>\n<script type=\"application\/ld+json\" class=\"yoast-schema-graph\">{\"@context\":\"https:\/\/schema.org\",\"@graph\":[{\"@type\":\"Article\",\"@id\":\"https:\/\/welovecinema.be\/fr\/john-shank-urban-cowboy\/#article\",\"isPartOf\":{\"@id\":\"https:\/\/welovecinema.be\/fr\/john-shank-urban-cowboy\/\"},\"author\":{\"name\":\"Philippe.Pierquin\",\"@id\":\"https:\/\/welovecinema.be\/nl\/#\/schema\/person\/4b9b1d857f0943453a38a7c2859ef756\"},\"headline\":\"John Shank Urban cowboy\",\"datePublished\":\"2012-03-13T07:17:40+00:00\",\"dateModified\":\"2012-03-12T13:52:50+00:00\",\"mainEntityOfPage\":{\"@id\":\"https:\/\/welovecinema.be\/fr\/john-shank-urban-cowboy\/\"},\"wordCount\":1515,\"publisher\":{\"@id\":\"https:\/\/welovecinema.be\/nl\/#organization\"},\"articleSection\":[\"Rencontres\"],\"inLanguage\":\"fr-FR\"},{\"@type\":\"WebPage\",\"@id\":\"https:\/\/welovecinema.be\/fr\/john-shank-urban-cowboy\/\",\"url\":\"https:\/\/welovecinema.be\/fr\/john-shank-urban-cowboy\/\",\"name\":\"John Shank Urban cowboy - We Love Cinema\",\"isPartOf\":{\"@id\":\"https:\/\/welovecinema.be\/nl\/#website\"},\"datePublished\":\"2012-03-13T07:17:40+00:00\",\"dateModified\":\"2012-03-12T13:52:50+00:00\",\"breadcrumb\":{\"@id\":\"https:\/\/welovecinema.be\/fr\/john-shank-urban-cowboy\/#breadcrumb\"},\"inLanguage\":\"fr-FR\",\"potentialAction\":[{\"@type\":\"ReadAction\",\"target\":[\"https:\/\/welovecinema.be\/fr\/john-shank-urban-cowboy\/\"]}]},{\"@type\":\"BreadcrumbList\",\"@id\":\"https:\/\/welovecinema.be\/fr\/john-shank-urban-cowboy\/#breadcrumb\",\"itemListElement\":[{\"@type\":\"ListItem\",\"position\":1,\"name\":\"Accueil\",\"item\":\"https:\/\/welovecinema.be\/fr\/\"},{\"@type\":\"ListItem\",\"position\":2,\"name\":\"John Shank Urban cowboy\"}]},{\"@type\":\"WebSite\",\"@id\":\"https:\/\/welovecinema.be\/nl\/#website\",\"url\":\"https:\/\/welovecinema.be\/nl\/\",\"name\":\"We Love Cinema\",\"description\":\"Toute l\u2019information du cin\u00e9ma en Belgique\",\"publisher\":{\"@id\":\"https:\/\/welovecinema.be\/nl\/#organization\"},\"potentialAction\":[{\"@type\":\"SearchAction\",\"target\":{\"@type\":\"EntryPoint\",\"urlTemplate\":\"https:\/\/welovecinema.be\/nl\/?s={search_term_string}\"},\"query-input\":\"required name=search_term_string\"}],\"inLanguage\":\"fr-FR\"},{\"@type\":\"Organization\",\"@id\":\"https:\/\/welovecinema.be\/nl\/#organization\",\"name\":\"We Love Cinema\",\"url\":\"https:\/\/welovecinema.be\/nl\/\",\"logo\":{\"@type\":\"ImageObject\",\"inLanguage\":\"fr-FR\",\"@id\":\"https:\/\/welovecinema.be\/nl\/#\/schema\/logo\/image\/\",\"url\":\"https:\/\/welovecinema.be\/wp-content\/uploads\/sites\/2\/2023\/03\/Logo-We-Love-Cinema305x128.jpg\",\"contentUrl\":\"https:\/\/welovecinema.be\/wp-content\/uploads\/sites\/2\/2023\/03\/Logo-We-Love-Cinema305x128.jpg\",\"width\":305,\"height\":128,\"caption\":\"We Love Cinema\"},\"image\":{\"@id\":\"https:\/\/welovecinema.be\/nl\/#\/schema\/logo\/image\/\"},\"sameAs\":[\"https:\/\/www.facebook.com\/welovecinema.be\",\"https:\/\/www.youtube.com\/channel\/UCX5LYGVhnKvYauW4Nta4HJA\",\"https:\/\/www.instagram.com\/welovecinema.be\/\"]},{\"@type\":\"Person\",\"@id\":\"https:\/\/welovecinema.be\/nl\/#\/schema\/person\/4b9b1d857f0943453a38a7c2859ef756\",\"name\":\"Philippe.Pierquin\",\"url\":\"https:\/\/welovecinema.be\/fr\/author\/philippe-pierquin\/\"}]}<\/script>\n<!-- \/ Yoast SEO plugin. -->","yoast_head_json":{"title":"John Shank  Urban cowboy - We Love Cinema","robots":{"index":"index","follow":"follow","max-snippet":"max-snippet:-1","max-image-preview":"max-image-preview:large","max-video-preview":"max-video-preview:-1"},"canonical":"https:\/\/welovecinema.be\/fr\/john-shank-urban-cowboy\/","og_locale":"fr_FR","og_type":"article","og_title":"John Shank  Urban cowboy - We Love Cinema","og_description":"Il a le look d&rsquo;un dandy rocker, \u00e0 mi-chemin entre Vincent Liben p\u00e9riode Mud Flow et un membre de Ghinzu. Mais\u00a0John Shank (m\u00eame le nom claque fort) est r\u00e9alisateur, un jeune r\u00e9alisateur qui vient de tourner son premier long m\u00e9trage, produit par\u00a0Tarantula et film\u00e9 au coeur de la France profonde dans des paysages suffocants de &hellip;","og_url":"https:\/\/welovecinema.be\/fr\/john-shank-urban-cowboy\/","og_site_name":"We Love Cinema","article_publisher":"https:\/\/www.facebook.com\/welovecinema.be","article_published_time":"2012-03-13T07:17:40+00:00","article_modified_time":"2012-03-12T13:52:50+00:00","og_image":[{"width":"893","height":"622","url":"https:\/\/welovecinema.be\/wp-content\/uploads\/sites\/2\/2012\/03\/ouverture.jpg","type":"image\/jpeg"}],"author":"Philippe.Pierquin","twitter_card":"summary_large_image","twitter_misc":{"\u00c9crit par":"Philippe.Pierquin","Dur\u00e9e de lecture estim\u00e9e":"7 minutes"},"schema":{"@context":"https:\/\/schema.org","@graph":[{"@type":"Article","@id":"https:\/\/welovecinema.be\/fr\/john-shank-urban-cowboy\/#article","isPartOf":{"@id":"https:\/\/welovecinema.be\/fr\/john-shank-urban-cowboy\/"},"author":{"name":"Philippe.Pierquin","@id":"https:\/\/welovecinema.be\/nl\/#\/schema\/person\/4b9b1d857f0943453a38a7c2859ef756"},"headline":"John Shank Urban cowboy","datePublished":"2012-03-13T07:17:40+00:00","dateModified":"2012-03-12T13:52:50+00:00","mainEntityOfPage":{"@id":"https:\/\/welovecinema.be\/fr\/john-shank-urban-cowboy\/"},"wordCount":1515,"publisher":{"@id":"https:\/\/welovecinema.be\/nl\/#organization"},"articleSection":["Rencontres"],"inLanguage":"fr-FR"},{"@type":"WebPage","@id":"https:\/\/welovecinema.be\/fr\/john-shank-urban-cowboy\/","url":"https:\/\/welovecinema.be\/fr\/john-shank-urban-cowboy\/","name":"John Shank Urban cowboy - We Love Cinema","isPartOf":{"@id":"https:\/\/welovecinema.be\/nl\/#website"},"datePublished":"2012-03-13T07:17:40+00:00","dateModified":"2012-03-12T13:52:50+00:00","breadcrumb":{"@id":"https:\/\/welovecinema.be\/fr\/john-shank-urban-cowboy\/#breadcrumb"},"inLanguage":"fr-FR","potentialAction":[{"@type":"ReadAction","target":["https:\/\/welovecinema.be\/fr\/john-shank-urban-cowboy\/"]}]},{"@type":"BreadcrumbList","@id":"https:\/\/welovecinema.be\/fr\/john-shank-urban-cowboy\/#breadcrumb","itemListElement":[{"@type":"ListItem","position":1,"name":"Accueil","item":"https:\/\/welovecinema.be\/fr\/"},{"@type":"ListItem","position":2,"name":"John Shank Urban cowboy"}]},{"@type":"WebSite","@id":"https:\/\/welovecinema.be\/nl\/#website","url":"https:\/\/welovecinema.be\/nl\/","name":"We Love Cinema","description":"Toute l\u2019information du cin\u00e9ma en Belgique","publisher":{"@id":"https:\/\/welovecinema.be\/nl\/#organization"},"potentialAction":[{"@type":"SearchAction","target":{"@type":"EntryPoint","urlTemplate":"https:\/\/welovecinema.be\/nl\/?s={search_term_string}"},"query-input":"required name=search_term_string"}],"inLanguage":"fr-FR"},{"@type":"Organization","@id":"https:\/\/welovecinema.be\/nl\/#organization","name":"We Love Cinema","url":"https:\/\/welovecinema.be\/nl\/","logo":{"@type":"ImageObject","inLanguage":"fr-FR","@id":"https:\/\/welovecinema.be\/nl\/#\/schema\/logo\/image\/","url":"https:\/\/welovecinema.be\/wp-content\/uploads\/sites\/2\/2023\/03\/Logo-We-Love-Cinema305x128.jpg","contentUrl":"https:\/\/welovecinema.be\/wp-content\/uploads\/sites\/2\/2023\/03\/Logo-We-Love-Cinema305x128.jpg","width":305,"height":128,"caption":"We Love Cinema"},"image":{"@id":"https:\/\/welovecinema.be\/nl\/#\/schema\/logo\/image\/"},"sameAs":["https:\/\/www.facebook.com\/welovecinema.be","https:\/\/www.youtube.com\/channel\/UCX5LYGVhnKvYauW4Nta4HJA","https:\/\/www.instagram.com\/welovecinema.be\/"]},{"@type":"Person","@id":"https:\/\/welovecinema.be\/nl\/#\/schema\/person\/4b9b1d857f0943453a38a7c2859ef756","name":"Philippe.Pierquin","url":"https:\/\/welovecinema.be\/fr\/author\/philippe-pierquin\/"}]}},"_links":{"self":[{"href":"https:\/\/welovecinema.be\/fr\/wp-json\/wp\/v2\/posts\/17616","targetHints":{"allow":["GET"]}}],"collection":[{"href":"https:\/\/welovecinema.be\/fr\/wp-json\/wp\/v2\/posts"}],"about":[{"href":"https:\/\/welovecinema.be\/fr\/wp-json\/wp\/v2\/types\/post"}],"author":[{"embeddable":true,"href":"https:\/\/welovecinema.be\/fr\/wp-json\/wp\/v2\/users\/7"}],"replies":[{"embeddable":true,"href":"https:\/\/welovecinema.be\/fr\/wp-json\/wp\/v2\/comments?post=17616"}],"version-history":[{"count":0,"href":"https:\/\/welovecinema.be\/fr\/wp-json\/wp\/v2\/posts\/17616\/revisions"}],"wp:featuredmedia":[{"embeddable":true,"href":"https:\/\/welovecinema.be\/fr\/wp-json\/wp\/v2\/media\/17644"}],"wp:attachment":[{"href":"https:\/\/welovecinema.be\/fr\/wp-json\/wp\/v2\/media?parent=17616"}],"wp:term":[{"taxonomy":"category","embeddable":true,"href":"https:\/\/welovecinema.be\/fr\/wp-json\/wp\/v2\/categories?post=17616"},{"taxonomy":"post_tag","embeddable":true,"href":"https:\/\/welovecinema.be\/fr\/wp-json\/wp\/v2\/tags?post=17616"}],"curies":[{"name":"wp","href":"https:\/\/api.w.org\/{rel}","templated":true}]}}