{"id":17554,"date":"2012-03-11T08:47:22","date_gmt":"2012-03-11T08:47:22","guid":{"rendered":"http:\/\/www.cinevox.be\/?p=17554"},"modified":"2012-03-17T19:03:52","modified_gmt":"2012-03-17T19:03:52","slug":"il-etait-une-fois-le-cinema-belge-44-sans-pretention","status":"publish","type":"post","link":"https:\/\/welovecinema.be\/fr\/il-etait-une-fois-le-cinema-belge-44-sans-pretention\/","title":{"rendered":"Il \u00e9tait une fois le cin\u00e9ma belge (4\/4)  <br> Le verdict !"},"content":{"rendered":"<p>Apr\u00e8s les trois\u00a0premiers\u00a0chapitres en forme de r\u00e9quisitoire, il est\u00a0temps\u00a0de passer au verdict. Qu&rsquo;est-ce que le cin\u00e9ma belge? Apr\u00e8s des dizaines de projections enthousiasmantes, le public rennais a d\u00e9sormais une vision tr\u00e8s personnelle de notre cin\u00e9matographie. Plusieurs axes se d\u00e9gagent: le cin\u00e9ma belge est un cin\u00e9ma de libert\u00e9 et un cin\u00e9ma qui a de la gueule. Mais c&rsquo;est surtout un cin\u00e9ma sans pr\u00e9tention. Comprenez, pas pr\u00e9tentieux\u2026<!--more--><\/p>\n<p>&nbsp;<\/p>\n<p><strong>Par Maryline Laurin<\/strong><\/p>\n<p>&nbsp;<\/p>\n<p><strong><em> <\/em><\/strong><\/p>\n<p><big><strong>Un cin\u00e9ma de libert\u00e9<\/strong><\/big><\/p>\n<p><strong><em> <\/em><\/strong><\/p>\n<p><strong>Libert\u00e9 de ton. <\/strong><\/p>\n<p>Une caract\u00e9ristique du cin\u00e9ma belge? Son humour potache ou corrosif qui met en avant une auto d\u00e9rision, une forte aptitude \u00e0 se moquer de soi-m\u00eame sans pour autant se <a rel=\"attachment wp-att-17790\" href=\"http:\/\/www.cinevox.be\/il-etait-une-fois-le-cinema-belge-44-sans-pretention\/2012-02-12-20h56_30-2\/\"><img loading=\"lazy\" decoding=\"async\" class=\"alignright size-medium wp-image-17790\" title=\"2012-02-12 20h56_30\" src=\"http:\/\/www.cinevox.be\/wp-content\/uploads\/sites\/2\/2012\/03\/2012-02-12-20h56_30-182x270.png\" alt=\"\" width=\"182\" height=\"270\" srcset=\"https:\/\/welovecinema.be\/wp-content\/uploads\/sites\/2\/2012\/03\/2012-02-12-20h56_30-182x270.png 182w, https:\/\/welovecinema.be\/wp-content\/uploads\/sites\/2\/2012\/03\/2012-02-12-20h56_30-145x215.png 145w, https:\/\/welovecinema.be\/wp-content\/uploads\/sites\/2\/2012\/03\/2012-02-12-20h56_30.png 393w\" sizes=\"auto, (max-width: 182px) 100vw, 182px\" \/><\/a>d\u00e9nigrer. Le Belge se fait sujet de son cin\u00e9ma comme dans <em>La vie sexuelle des Belges<\/em> de <strong>Jan Bucquoy<\/strong>. \u00ab\u00a0<em>C\u2019est un pays particulier qui puisse son identit\u00e9 dans une non-identit\u00e9<\/em>\u00bb, insiste <strong><em>Bouli Lanners<\/em><\/strong>.<\/p>\n<p style=\"text-align: left;\">Le cin\u00e9ma belge semble avoir fait sien le vieil adage\u00a0: \u00ab\u00a0L\u00e0 o\u00f9 y a d&rsquo;la g\u00e8ne, y a pas de plaisir\u00a0\u00bb. Rien ne l\u2019arr\u00eate aucun tabou, aucune provocation\u2026 Au contraire, plus c\u2019est \u00e9trange, plus c\u2019est attrayant jusqu\u2019\u00e0 en devenir une marque de fabrique.<\/p>\n<p>Les films belges, faits au d\u00e9part avec peu de moyens sont moins soumis aux dictats des grosses productions, aux exigences du Box-Office, aux ordres du vedettariat. Ce peu de souci de rentabilit\u00e9 favorise l\u2019emploi de nombreux com\u00e9diens non professionnels et une prise directe avec la r\u00e9alit\u00e9. Tout cela en fait un cin\u00e9ma r\u00e9ellement ind\u00e9pendant.<\/p>\n<p>&nbsp;<\/p>\n<p><strong>Libert\u00e9 de cr\u00e9ation. <\/strong><\/p>\n<p>Comme le souligne encore <strong>Bouli Lanners,<\/strong> c\u2019est un jeune cin\u00e9ma qui a la chance de ne pas subir le poids d\u2019un lourd patrimoine national. Il ne se soucie pas forc\u00e9ment du regard de l\u2019autre. La peur de montrer ou de rater est amoindrie, facilitant le d\u00e9lire, l\u2019invention, d\u00e9bridant l\u2019imagination.<\/p>\n<p>&nbsp;<\/p>\n<p>Moins narcissique que le cin\u00e9ma fran\u00e7ais, il para\u00eet privil\u00e9gier l\u2019esprit de famille, le clan, la bande de copains, que ce soit dans le sujet des films: <em>Les Barons <\/em>de<strong><em> <\/em>Nabil Ben Yadir<\/strong>,\u00a0<em>Le Grand Tour<strong> <\/strong><\/em>de<strong><em> <\/em>J\u00e9r\u00f4me Le Maire<\/strong>,<strong><em> <\/em><\/strong>ce d\u00e9jant\u00e9 faux documentaire. Ou dans leurs r\u00e9alisations o\u00f9 le collectif tient continuellement une grande place. <em>Kin<\/em> court m\u00e9trage de <em>L\u2019atelier Collectif<\/em> remporta le Prix Coll\u00e8ge au cin\u00e9ma et le Prix du public.<\/p>\n<p>Comment ne pas parler de tous ces cin\u00e9astes anticonformistes d\u00e9veloppant un cin\u00e9ma marginal de <strong>Claudio Pazienza<\/strong> (<em>Tableau avec chutes)<strong> <\/strong><\/em>\u00e0 <strong>Jean-Jacques Rousseau <\/strong>que<strong> No\u00ebl Godin<em> <\/em><\/strong>pr\u00e9senta dans sa Carte blanche.<\/p>\n<p>&nbsp;<\/p>\n<p><a rel=\"attachment wp-att-17555\" href=\"http:\/\/www.cinevox.be\/il-etait-une-fois-le-cinema-belge-44-sans-pretention\/dsc00493-2\/\"><img loading=\"lazy\" decoding=\"async\" class=\"aligncenter size-full wp-image-17555\" title=\"DSC00493\" src=\"http:\/\/www.cinevox.be\/wp-content\/uploads\/sites\/2\/2012\/03\/DSC00493.jpg\" alt=\"\" width=\"4000\" height=\"2248\" srcset=\"https:\/\/welovecinema.be\/wp-content\/uploads\/sites\/2\/2012\/03\/DSC00493.jpg 4000w, https:\/\/welovecinema.be\/wp-content\/uploads\/sites\/2\/2012\/03\/DSC00493-200x113.jpg 200w, https:\/\/welovecinema.be\/wp-content\/uploads\/sites\/2\/2012\/03\/DSC00493-480x270.jpg 480w, https:\/\/welovecinema.be\/wp-content\/uploads\/sites\/2\/2012\/03\/DSC00493-800x449.jpg 800w, https:\/\/welovecinema.be\/wp-content\/uploads\/sites\/2\/2012\/03\/DSC00493-300x169.jpg 300w\" sizes=\"auto, (max-width: 4000px) 100vw, 4000px\" \/><\/a><\/p>\n<p style=\"text-align: right;\"><em>[Photo Gw\u00e9nael Saliou]<\/em><\/p>\n<p style=\"text-align: right;\"><em><br \/>\n<\/em><\/p>\n<p>Et bien s\u00fbr <strong>Boris Lehman<\/strong> qui se situe aux limites de l\u2019exp\u00e9rimental, de l\u2019essai, de la m\u00e9galomanie. <strong>Boris Lehman<\/strong> se mettant continuellement en sc\u00e8ne dans d\u2019\u00e9tranges autoportraits autant autobiographiques que fictionnels. Son <em>Magnum Beyginasium Bruxellense<strong> <\/strong><\/em><em>a, ici, beaucoup interpell\u00e9. La liste est loin d\u2019\u00eatre exhaustive, <\/em>car combien de fois durant ces sept jours avons-nous entendu dans les salles: \u00ab\u00a0<em>Il n\u2019y a que les Belges pour faire \u00e7a\u00a0!<\/em> \u00bb<\/p>\n<p>&nbsp;<\/p>\n<p><em> <\/em><\/p>\n<p><strong>Libert\u00e9 film\u00e9e. <\/strong><\/p>\n<p>La Belgique nous appara\u00eet comme un pays qui se r\u00e9volte peu, mais ne se laisse pas faire. Qui compose avec ce qu\u2019il a. Il l\u2019a montr\u00e9 durant son absence de gouvernement. Il ne plie pas, \u00e0 l\u2019image de ce nous donne \u00e0 voir <strong>Jean Harlez<\/strong> dans son superbe film <em>Le chantier des gosses<\/em> tourn\u00e9 en 1956 avec tr\u00e8s peu de moyens. In\u00e9dit en France et r\u00e9cemment retrouv\u00e9 par le fameux <em>cin\u00e9ma Nova<\/em>, il montre la r\u00e9sistance tenace des gosses des Marolles contre les g\u00e9om\u00e8tres venus s\u2019approprier leur terrain vague, leur terrain de jeu. Du n\u00e9or\u00e9alisme belge, t\u00e9moignage rare d\u2019un d\u00e9but de <em>Bruxellisation<\/em>. Film qui n\u2019est pas sans nous rappeler le cin\u00e9ma d\u2019un <strong>Paul Carpita<\/strong> qui filmait comme son ami <strong>Paul Meyer<\/strong> (<em><a href=\"http:\/\/www.clairobscur.info\/Film_-1081-2373-0-0.html\">D\u00e9j\u00e0 s&rsquo;envole la fleur maigre<\/a> &#8211; photo ci-dessous<\/em><em>)<\/em>, \u00ab\u00a0les petites gens\u00a0\u00bb.<\/p>\n<p>&nbsp;<\/p>\n<p><a rel=\"attachment wp-att-17573\" href=\"http:\/\/www.cinevox.be\/il-etait-une-fois-le-cinema-belge-44-sans-pretention\/fleur\/\"><img loading=\"lazy\" decoding=\"async\" class=\"aligncenter size-full wp-image-17573\" title=\"fleur\" src=\"http:\/\/www.cinevox.be\/wp-content\/uploads\/sites\/2\/2012\/03\/fleur.jpg\" alt=\"\" width=\"666\" height=\"369\" srcset=\"https:\/\/welovecinema.be\/wp-content\/uploads\/sites\/2\/2012\/03\/fleur.jpg 666w, https:\/\/welovecinema.be\/wp-content\/uploads\/sites\/2\/2012\/03\/fleur-480x265.jpg 480w\" sizes=\"auto, (max-width: 666px) 100vw, 666px\" \/><\/a><\/p>\n<p>&nbsp;<\/p>\n<p><big><strong>Des films qui ont de la gueule<\/strong><\/big><\/p>\n<p>&nbsp;<\/p>\n<p><span style=\"text-decoration: underline;\"> <\/span><\/p>\n<p><strong>Qui ont une sacr\u00e9e gueule<\/strong><\/p>\n<p>Beaucoup de films parlent de diff\u00e9rence, mais plus encore emploient des com\u00e9diens diff\u00e9rents. Pour preuve <strong>Didier Toupy,<\/strong><strong><em> <\/em><\/strong>un des acteurs f\u00e9tiches de <strong>Bouli Lanners, <\/strong>son pote d&rsquo;ailleurs, d\u00e9j\u00e0 pr\u00e9sent dans son premier court m\u00e9trage <em>Travellinckx<\/em> qu&rsquo;on retrouve dans <em>Les G\u00e9ants (\u00e0 droite sur la photo ci-dessous). <\/em>Ou<em> <\/em><strong>Pascal <\/strong><em><strong>Duquenne<\/strong><\/em><em> <\/em>chez<strong><em> <\/em>Jaco Van Dormael<\/strong><em><strong>,<\/strong><\/em><em> le<\/em><em> <\/em>Georges du <em>8e jour,<\/em><strong> <\/strong>couronn\u00e9 \u00e0 Cannes aux c\u00f4t\u00e9s de Daniel Auteuil\u2026<\/p>\n<p>&nbsp;<\/p>\n<p><a rel=\"attachment wp-att-17576\" href=\"http:\/\/www.cinevox.be\/il-etait-une-fois-le-cinema-belge-44-sans-pretention\/g23-4\/\"><img loading=\"lazy\" decoding=\"async\" class=\"aligncenter size-full wp-image-17576\" title=\"G23\" src=\"http:\/\/www.cinevox.be\/wp-content\/uploads\/sites\/2\/2012\/03\/G23.jpg\" alt=\"\" width=\"1024\" height=\"553\" srcset=\"https:\/\/welovecinema.be\/wp-content\/uploads\/sites\/2\/2012\/03\/G23.jpg 1024w, https:\/\/welovecinema.be\/wp-content\/uploads\/sites\/2\/2012\/03\/G23-480x259.jpg 480w, https:\/\/welovecinema.be\/wp-content\/uploads\/sites\/2\/2012\/03\/G23-800x432.jpg 800w\" sizes=\"auto, (max-width: 1024px) 100vw, 1024px\" \/><\/a><\/p>\n<p>&nbsp;<\/p>\n<p><strong><em> <\/em><\/strong><\/p>\n<p><strong>Qui ont une gueule \u00e0 part <\/strong><\/p>\n<p>Des personnages comme les affectionne \u00a0l\u2019h\u00e9ro\u00efne du joli <em>Marieke, Marieke<\/em> de <em><a href=\"http:\/\/www.cinergie.be\/personne\/schoukens_sophie\"><strong>Sophie Schoukens<\/strong><\/a><\/em> : \u00ab\u00a0<em>Moi ce que j\u2019aime, c\u2019est l\u2019imperfection<\/em> \u00bb. Imperfection qui se fait beaut\u00e9 et charme \u00e0 l\u2019image du trio improbable<strong><em> <\/em><\/strong><strong>Abel, Gordon <\/strong>et<strong> Romy<em> <\/em><\/strong>mais aussi leur pote <strong>Philippe Martz<\/strong>. Des \u201cgueules\u201d de clowns loufoques et tendres qui jonglent avec l\u2019absurde, la f\u00e9erie \u00a0et le comique de situation. Des doux dingues, heureux et tellement aim\u00e9s par le public.<\/p>\n<p>&nbsp;<\/p>\n<p><a rel=\"attachment wp-att-17556\" href=\"http:\/\/www.cinevox.be\/il-etait-une-fois-le-cinema-belge-44-sans-pretention\/abel-et-gordon-conference-de-presse-2-2\/\"><img loading=\"lazy\" decoding=\"async\" class=\"aligncenter size-full wp-image-17556\" title=\"Abel et Gordon Conference de presse 2\" src=\"http:\/\/www.cinevox.be\/wp-content\/uploads\/sites\/2\/2012\/03\/Abel-et-Gordon-Conference-de-presse-21.jpg\" alt=\"\" width=\"4000\" height=\"2248\" srcset=\"https:\/\/welovecinema.be\/wp-content\/uploads\/sites\/2\/2012\/03\/Abel-et-Gordon-Conference-de-presse-21.jpg 4000w, https:\/\/welovecinema.be\/wp-content\/uploads\/sites\/2\/2012\/03\/Abel-et-Gordon-Conference-de-presse-21-200x113.jpg 200w, https:\/\/welovecinema.be\/wp-content\/uploads\/sites\/2\/2012\/03\/Abel-et-Gordon-Conference-de-presse-21-480x270.jpg 480w, https:\/\/welovecinema.be\/wp-content\/uploads\/sites\/2\/2012\/03\/Abel-et-Gordon-Conference-de-presse-21-800x449.jpg 800w, https:\/\/welovecinema.be\/wp-content\/uploads\/sites\/2\/2012\/03\/Abel-et-Gordon-Conference-de-presse-21-300x169.jpg 300w\" sizes=\"auto, (max-width: 4000px) 100vw, 4000px\" \/><\/a><\/p>\n<p style=\"text-align: right;\"><em>[Photo Maryline Laurin]<\/em><\/p>\n<p style=\"text-align: right;\"><em><br \/>\n<\/em><\/p>\n<p><strong>Qui poussent des coups de gueule<\/strong><\/p>\n<p><em>HH, Hitler \u00e0 Hollywood<\/em> de <strong>Fr\u00e9d\u00e9ric Sojcher<em> <\/em><\/strong>d\u00e9nonce un pseudo ancien complot am\u00e9ricain visant \u00e0 ruiner le cin\u00e9ma europ\u00e9en. <em>L\u2019envahisseur<strong> <\/strong><\/em>de <strong>Nicolas Provost<em> <\/em><\/strong>pointe la situation des sans-papiers qui m\u00e8ne au chaos\u2026<\/p>\n<p><strong><em> <\/em><\/strong><\/p>\n<p><strong>Qui ont une Grande Gueule<\/strong><\/p>\n<p>Forcement <em>Dikkenek<\/em><strong><em> <\/em><\/strong>(expression bruxelloise d\u00e9signant une grande gueule)<strong><em> <\/em><\/strong>d&rsquo;<strong>Olivier Van Hoofstadt<\/strong> et ses r\u00e9pliques cultes! <strong>Jan Bucquoy<\/strong>, ses coups d\u2019\u00c9tat, sa roue de la fortune en Happening\u2026 Et tant d&rsquo;autres\u2026<\/p>\n<p>&nbsp;<\/p>\n<p><strong>Qui te fendent la gueule: <\/strong><\/p>\n<p>L\u2019animation belge, en g\u00e9n\u00e9ral. <em>Pic Pic Andr\u00e9<\/em> ou\u00a0 <em>Panique au village<strong>, <\/strong><\/em>en particulier\u00a0!<\/p>\n<p>&nbsp;<\/p>\n<p><a rel=\"attachment wp-att-17557\" href=\"http:\/\/www.cinevox.be\/il-etait-une-fois-le-cinema-belge-44-sans-pretention\/2012-02-12-20h55_10-2\/\"><img loading=\"lazy\" decoding=\"async\" class=\"aligncenter size-full wp-image-17557\" title=\"2012-02-12 20h55_10\" src=\"http:\/\/www.cinevox.be\/wp-content\/uploads\/sites\/2\/2012\/03\/2012-02-12-20h55_10.png\" alt=\"\" width=\"589\" height=\"391\" srcset=\"https:\/\/welovecinema.be\/wp-content\/uploads\/sites\/2\/2012\/03\/2012-02-12-20h55_10.png 589w, https:\/\/welovecinema.be\/wp-content\/uploads\/sites\/2\/2012\/03\/2012-02-12-20h55_10-406x270.png 406w\" sizes=\"auto, (max-width: 589px) 100vw, 589px\" \/><\/a><\/p>\n<p style=\"text-align: right;\"><em>[Photo Gw\u00e9nael Saliou]<\/em><\/p>\n<p style=\"text-align: right;\"><em><br \/>\n<\/em><\/p>\n<p><strong>Qui t\u2019en met plein la gueule <\/strong><\/p>\n<p>Les \u00ab\u00a0entartages\u00a0\u00bb de <strong>No\u00ebl Godin<\/strong>, le \u00a0jeu si juste\u00a0des acteurs d\u2019<em>Hasta la Vista<\/em> avec<strong> Isabelle<\/strong><strong> <\/strong><strong>De Hertogh <\/strong>en t\u00eate, l\u2019\u00e9tonnante <strong>Anne Coesens<\/strong>\u2026<\/p>\n<p>&nbsp;<\/p>\n<p><strong>Qui vous d\u00e9foncent la gueule<\/strong><\/p>\n<p><em>Bullhead <\/em>et son impressionnant acteur <strong><em>Matthias Schoenaerts.<\/em><\/strong> <em>Ill\u00e9gal<\/em> d\u2019<strong><em>Olivier Masset-Depasse<\/em><\/strong>\u2026<\/p>\n<p>&nbsp;<\/p>\n<p><strong>Qui sont casse-gueule<\/strong><\/p>\n<p>Les sujets de nombreux films dont <strong><em>\u00c7a rend heureux<\/em><\/strong><strong> <\/strong><strong>de <\/strong><strong>Joachim Lafosse<\/strong><strong> ou comment \u00e9viter<\/strong> le nombrilisme en le transformant en une d\u00e9licieuse description des contingences du cin\u00e9ma. <strong> <\/strong><\/p>\n<p>&nbsp;<\/p>\n<p><a rel=\"attachment wp-att-17558\" href=\"http:\/\/www.cinevox.be\/il-etait-une-fois-le-cinema-belge-44-sans-pretention\/gregory\/\"><img loading=\"lazy\" decoding=\"async\" class=\"aligncenter size-full wp-image-17558\" title=\"gregory\" src=\"http:\/\/www.cinevox.be\/wp-content\/uploads\/sites\/2\/2012\/03\/gregory.png\" alt=\"\" width=\"593\" height=\"388\" srcset=\"https:\/\/welovecinema.be\/wp-content\/uploads\/sites\/2\/2012\/03\/gregory.png 593w, https:\/\/welovecinema.be\/wp-content\/uploads\/sites\/2\/2012\/03\/gregory-412x270.png 412w\" sizes=\"auto, (max-width: 593px) 100vw, 593px\" \/><\/a><\/p>\n<p style=\"text-align: right;\"><em>[Photo Gw\u00e9nael Saliou]<\/em><\/p>\n<p><em><br \/>\n<\/em><\/p>\n<p><strong>Qui sont pr\u00e9sent\u00e9s avec les amuse-<\/strong><em><strong>gueule<\/strong><\/em><em> <\/em><\/p>\n<p><em>Le fameux Petit Gregory de <\/em><em>C\u2019est arriv\u00e9 pr\u00e8s de chez vous<\/em><em> servi en cocktail \u00e0 la r\u00e9ception partenaires de <\/em><em><strong>Travelling. <\/strong><\/em><\/p>\n<p><em><strong> <\/strong><\/em><\/p>\n<p><em>Et revient en \u00e9cho <\/em><em>Quoi ma gueule ? Qu&rsquo;est-ce qu&rsquo;elle a ma gueule ?,<\/em> chant\u00e9 par le moins belge des Belges\u00a0!<\/p>\n<p>&nbsp;<\/p>\n<p><strong> <\/strong><\/p>\n<p><big><strong>Un cin\u00e9ma sans pr\u00e9tention <\/strong><\/big><\/p>\n<p><strong> <\/strong><\/p>\n<p>Loin de notre cin\u00e9ma fran\u00e7ais trop souvent nombriliste et bavard, les films belges pr\u00e9sent\u00e9s ont fait figure de bouff\u00e9es d\u2019oxyg\u00e8ne m\u00eame pour des films durs comme\u00a0<em>La Promesse<strong> <\/strong><\/em>des <strong>Dardenne<\/strong>.<\/p>\n<p>Leur c\u00f4t\u00e9 artisanal et collectif fait penser qu\u2019il est plus important de donner \u00e0 voir que de se faire voir. Voil\u00e0 ce que nous avons ressenti au fil des films et des rencontres de ce <strong><em>Travelling Bruxelles<\/em><\/strong>.<\/p>\n<p>Une simplicit\u00e9 aussi, qui nous a touch\u00e9s \u00e0 plus d\u2019un \u00e9gard et d\u2019un regard cin\u00e9matographique. Les invit\u00e9s de cette \u00e9dition ont eux aussi brill\u00e9 par leur simplicit\u00e9. Ils ont \u00e9t\u00e9 disponibles, ouverts, demandeurs et lorsqu\u2019on s\u2019en \u00e9tonnait, il y en avait toujours un pour nous r\u00e9torquer\u00a0:\u00a0\u00ab\u00a0<em>Mais les chieurs on ne les a pas emmen\u00e9s\u00a0! <\/em>\u00bb.<\/p>\n<p>&nbsp;<\/p>\n<p><a rel=\"attachment wp-att-17578\" href=\"http:\/\/www.cinevox.be\/il-etait-une-fois-le-cinema-belge-44-sans-pretention\/dsc00559-copie\/\"><img loading=\"lazy\" decoding=\"async\" class=\"aligncenter size-full wp-image-17578\" title=\"DSC00559 - Copie\" src=\"http:\/\/www.cinevox.be\/wp-content\/uploads\/sites\/2\/2012\/03\/DSC00559-Copie.jpg\" alt=\"\" width=\"2603\" height=\"1229\" srcset=\"https:\/\/welovecinema.be\/wp-content\/uploads\/sites\/2\/2012\/03\/DSC00559-Copie.jpg 2603w, https:\/\/welovecinema.be\/wp-content\/uploads\/sites\/2\/2012\/03\/DSC00559-Copie-480x226.jpg 480w, https:\/\/welovecinema.be\/wp-content\/uploads\/sites\/2\/2012\/03\/DSC00559-Copie-800x377.jpg 800w\" sizes=\"auto, (max-width: 2603px) 100vw, 2603px\" \/><\/a><\/p>\n<p style=\"text-align: right;\"><em>[Photo Maryline Laurin]<\/em><\/p>\n<p style=\"text-align: right;\"><em><br \/>\n<\/em><\/p>\n<p>Ici pas de vedette, tout le monde se retrouvait au <em>Waterzoo\u00ef<\/em> \u00e0 l\u2019heure de l\u2019ap\u00e9ro et discutait avec qui voulait leur parler.<\/p>\n<p>Tous se sont donn\u00e9s sans compter. Effectuant pour la plupart de v\u00e9ritables marathons.<\/p>\n<p>&nbsp;<\/p>\n<p style=\"text-align: right;\"><a rel=\"attachment wp-att-17710\" href=\"http:\/\/www.cinevox.be\/il-etait-une-fois-le-cinema-belge-44-sans-pretention\/dsc00410\/\"><img loading=\"lazy\" decoding=\"async\" class=\"aligncenter size-full wp-image-17710\" title=\"DSC00410\" src=\"http:\/\/www.cinevox.be\/wp-content\/uploads\/sites\/2\/2012\/03\/DSC00410.jpg\" alt=\"\" width=\"1920\" height=\"1080\" srcset=\"https:\/\/welovecinema.be\/wp-content\/uploads\/sites\/2\/2012\/03\/DSC00410.jpg 1920w, https:\/\/welovecinema.be\/wp-content\/uploads\/sites\/2\/2012\/03\/DSC00410-200x113.jpg 200w, https:\/\/welovecinema.be\/wp-content\/uploads\/sites\/2\/2012\/03\/DSC00410-480x270.jpg 480w, https:\/\/welovecinema.be\/wp-content\/uploads\/sites\/2\/2012\/03\/DSC00410-800x450.jpg 800w, https:\/\/welovecinema.be\/wp-content\/uploads\/sites\/2\/2012\/03\/DSC00410-300x169.jpg 300w, https:\/\/welovecinema.be\/wp-content\/uploads\/sites\/2\/2012\/03\/DSC00410-620x350.jpg 620w\" sizes=\"auto, (max-width: 1920px) 100vw, 1920px\" \/><\/a><em>[Photo Maryline Laurin]<\/em><\/p>\n<p>&nbsp;<\/p>\n<p><strong>Louis Heliot<\/strong>, qui pr\u00e9senta nombre de s\u00e9ances en l\u2019absence des r\u00e9alisateurs ou en escortant d\u2019autres tel <strong>Jaco Van Dormael <\/strong>(photo ci-dessus) ; truffant ses pr\u00e9sentations d\u2019anecdotes, de r\u00e9f\u00e9rences et imitant comme personne\u00a0<em>Pic Pic Andr\u00e9<\/em>. Pour tout \u00e7a, il re\u00e7ut de la part de ses compatriotes le titre affectueux de \u00ab\u00a0Pierre Tchernia belge\u00bb.\u00a0 <strong>Bouli Lanners<\/strong>, homme g\u00e9n\u00e9reux, respectueux de son public qui bien qu\u2019en visite \u00e9clair \u00e0 Rennes a accept\u00e9 tous les d\u00e9bats, tous les interviews, en rajoutant m\u00eame\u00a0! <strong>Fiona Gordon<\/strong> et <strong>Dominique Abel<\/strong> ont irradi\u00e9 le festival de leur charisme, de leur talent, de leur immense humilit\u00e9. Accompagn\u00e9s de leur acolyte <strong>Bruno Romy,<\/strong> ils ont \u00e9t\u00e9 tr\u00e8s heureux de leur nouvelle exp\u00e9rience de Parrain du Jury <em>Travelling Junior<\/em>. Ils ont encadr\u00e9 les enfants avec beaucoup d\u2019attention, de bienveillance.<\/p>\n<p>&nbsp;<\/p>\n<p><a rel=\"attachment wp-att-17563\" href=\"http:\/\/www.cinevox.be\/il-etait-une-fois-le-cinema-belge-44-sans-pretention\/2012-03-07-16h34_37\/\"><img loading=\"lazy\" decoding=\"async\" class=\"aligncenter size-full wp-image-17563\" title=\"2012-03-07 16h34_37\" src=\"http:\/\/www.cinevox.be\/wp-content\/uploads\/sites\/2\/2012\/03\/2012-03-07-16h34_37.png\" alt=\"\" width=\"634\" height=\"418\" srcset=\"https:\/\/welovecinema.be\/wp-content\/uploads\/sites\/2\/2012\/03\/2012-03-07-16h34_37.png 634w, https:\/\/welovecinema.be\/wp-content\/uploads\/sites\/2\/2012\/03\/2012-03-07-16h34_37-409x270.png 409w\" sizes=\"auto, (max-width: 634px) 100vw, 634px\" \/><\/a><\/p>\n<p style=\"text-align: right;\"><em>[Photo Gw\u00e9nael Saliou]<\/em><\/p>\n<p style=\"text-align: right;\"><em><br \/>\n<\/em><\/p>\n<p>D\u2019autres sont all\u00e9s visiter les lyc\u00e9es (<strong>Olivier Masset-Depasse<\/strong>) ou les prisons. <strong>Kadir Balci<\/strong> est revenu boulevers\u00e9 de son apr\u00e8s-midi \u00e0 la centrale pour femmes de Rennes et de l\u2019accueil qu\u2019elles ont r\u00e9serv\u00e9 \u00e0 son film. <strong>Nabil Ben Yadir<\/strong> a de nouveaux amis Facebook derri\u00e8re les barreaux, preuve que son film <em>Les Barons<\/em> leur a plu.\u00a0 Quant \u00e0 <strong>Pierre Duculot<\/strong>, il \u00e9tait ravi, ravi, ravi.<\/p>\n<p>&nbsp;<\/p>\n<p>Pour ma part, ce fut un bon amusement parsem\u00e9 d\u2019\u00e9tonnantes rencontres, d\u2019intenses moments de cin\u00e9ma et de p\u00e9tulante rigolade. Ma fiert\u00e9\u00a0: avoir fait craquer <strong>Bouli Lanners<\/strong> \u2026pour un Kouign-aman<strong> <\/strong>et quelques chocolats de chez <em>Le Daniel.<\/em> Ma certitude\u00a0: <strong><em>Olivier Masset-Depasse,<\/em><\/strong> en plus d\u2019\u00eatre un tr\u00e8s grand r\u00e9alisateur, est le roi incontestable du dance floor\u00a0! Mon coup de c\u0153ur\u00a0: <em>Hasta la vista<\/em> de <strong><em>Geoffrey Enthoven<\/em><\/strong>. Mon bonheur\u00a0: avoir \u00e9t\u00e9 belge pour vous pendant une semaine.<\/p>\n<p>&nbsp;<\/p>\n<p><a rel=\"attachment wp-att-17565\" href=\"http:\/\/www.cinevox.be\/il-etait-une-fois-le-cinema-belge-44-sans-pretention\/2012-03-07-16h38_00\/\"><img loading=\"lazy\" decoding=\"async\" class=\"size-full wp-image-17565 alignright\" title=\"2012-03-07 16h38_00\" src=\"http:\/\/www.cinevox.be\/wp-content\/uploads\/sites\/2\/2012\/03\/2012-03-07-16h38_00.png\" alt=\"\" width=\"376\" height=\"248\" srcset=\"https:\/\/welovecinema.be\/wp-content\/uploads\/sites\/2\/2012\/03\/2012-03-07-16h38_00.png 470w, https:\/\/welovecinema.be\/wp-content\/uploads\/sites\/2\/2012\/03\/2012-03-07-16h38_00-409x270.png 409w\" sizes=\"auto, (max-width: 376px) 100vw, 376px\" \/><\/a><\/p>\n<p>\u00c0 ce titre, j\u2019avouerai mes copains de Friture (Merci <strong><em>Fiona <\/em><\/strong>et <strong><em>Dom<\/em><\/strong><em> <\/em>et vive la sauce Hannibal!), mais ne trahirai aucunement ceux de biture\u00a0!<\/p>\n<p>J\u2019ai entendu r\u00e9cemment sur les ondes\u00a0: \u00ab\u00a0La Belgique ce n\u2019est pas un pays c\u2019est un \u00e9tat d\u2019esprit\u00a0\u00bb. Un bon \u00e9tat d\u2019esprit alors, qui fut souverain pendant tout le festival\u00a0<strong><em>Travelling Bruxelles.<\/em><\/strong><\/p>\n<p>L\u2019ann\u00e9e prochaine l\u2019\u00c9cosse sera \u00e0 l\u2019honneur \u00e0 Rennes. Parfait ! \u00a0<strong><em>Bouli Lanners<\/em><\/strong> nous a confi\u00e9 r\u00eaver de r\u00e9aliser un film historique en \u00c9cosse\u00a0!<\/p>\n<p>&nbsp;<\/p>\n[photo\u00a0de la baraque \u00e0 frites par\u00a0Beno\u00eet Le Breton &#8211; Ouest-France]\n<p><em>[Photo d&rsquo;ouverture par Gw\u00e9nael Saliou]<\/em><\/p>\n","protected":false},"excerpt":{"rendered":"<p>Apr\u00e8s les trois\u00a0premiers\u00a0chapitres en forme de r\u00e9quisitoire, il est\u00a0temps\u00a0de passer au verdict. Qu&rsquo;est-ce que le cin\u00e9ma belge? Apr\u00e8s des dizaines de projections enthousiasmantes, le public rennais a d\u00e9sormais une vision tr\u00e8s personnelle de notre cin\u00e9matographie. Plusieurs axes se d\u00e9gagent: le cin\u00e9ma belge est un cin\u00e9ma de libert\u00e9 et un cin\u00e9ma qui a de la gueule. &hellip;<\/p>\n","protected":false},"author":7,"featured_media":17783,"comment_status":"closed","ping_status":"closed","sticky":false,"template":"","format":"standard","meta":{"ngg_post_thumbnail":0,"footnotes":""},"categories":[1923],"tags":[],"class_list":["post-17554","post","type-post","status-publish","format-standard","has-post-thumbnail","","category-en-bref"],"yoast_head":"<!-- This site is optimized with the Yoast SEO plugin v20.4 - https:\/\/yoast.com\/wordpress\/plugins\/seo\/ -->\n<title>Il \u00e9tait une fois le cin\u00e9ma belge (4\/4)  Le verdict ! - We Love Cinema<\/title>\n<meta name=\"robots\" content=\"index, follow, max-snippet:-1, max-image-preview:large, max-video-preview:-1\" \/>\n<link rel=\"canonical\" href=\"https:\/\/welovecinema.be\/fr\/il-etait-une-fois-le-cinema-belge-44-sans-pretention\/\" \/>\n<meta property=\"og:locale\" content=\"fr_FR\" \/>\n<meta property=\"og:type\" content=\"article\" \/>\n<meta property=\"og:title\" content=\"Il \u00e9tait une fois le cin\u00e9ma belge (4\/4)  Le verdict ! - We Love Cinema\" \/>\n<meta property=\"og:description\" content=\"Apr\u00e8s les trois\u00a0premiers\u00a0chapitres en forme de r\u00e9quisitoire, il est\u00a0temps\u00a0de passer au verdict. Qu&rsquo;est-ce que le cin\u00e9ma belge? Apr\u00e8s des dizaines de projections enthousiasmantes, le public rennais a d\u00e9sormais une vision tr\u00e8s personnelle de notre cin\u00e9matographie. Plusieurs axes se d\u00e9gagent: le cin\u00e9ma belge est un cin\u00e9ma de libert\u00e9 et un cin\u00e9ma qui a de la gueule. &hellip;\" \/>\n<meta property=\"og:url\" content=\"https:\/\/welovecinema.be\/fr\/il-etait-une-fois-le-cinema-belge-44-sans-pretention\/\" \/>\n<meta property=\"og:site_name\" content=\"We Love Cinema\" \/>\n<meta property=\"article:publisher\" content=\"https:\/\/www.facebook.com\/welovecinema.be\" \/>\n<meta property=\"article:published_time\" content=\"2012-03-11T08:47:22+00:00\" \/>\n<meta property=\"article:modified_time\" content=\"2012-03-17T19:03:52+00:00\" \/>\n<meta property=\"og:image\" content=\"https:\/\/welovecinema.be\/wp-content\/uploads\/sites\/2\/2012\/03\/affiche11.jpg\" \/>\n\t<meta property=\"og:image:width\" content=\"541\" \/>\n\t<meta property=\"og:image:height\" content=\"350\" \/>\n\t<meta property=\"og:image:type\" content=\"image\/jpeg\" \/>\n<meta name=\"author\" content=\"Philippe.Pierquin\" \/>\n<meta name=\"twitter:card\" content=\"summary_large_image\" \/>\n<meta name=\"twitter:label1\" content=\"\u00c9crit par\" \/>\n\t<meta name=\"twitter:data1\" content=\"Philippe.Pierquin\" \/>\n\t<meta name=\"twitter:label2\" content=\"Dur\u00e9e de lecture estim\u00e9e\" \/>\n\t<meta name=\"twitter:data2\" content=\"9 minutes\" \/>\n<script type=\"application\/ld+json\" class=\"yoast-schema-graph\">{\"@context\":\"https:\/\/schema.org\",\"@graph\":[{\"@type\":\"Article\",\"@id\":\"https:\/\/welovecinema.be\/fr\/il-etait-une-fois-le-cinema-belge-44-sans-pretention\/#article\",\"isPartOf\":{\"@id\":\"https:\/\/welovecinema.be\/fr\/il-etait-une-fois-le-cinema-belge-44-sans-pretention\/\"},\"author\":{\"name\":\"Philippe.Pierquin\",\"@id\":\"https:\/\/welovecinema.be\/nl\/#\/schema\/person\/4b9b1d857f0943453a38a7c2859ef756\"},\"headline\":\"Il \u00e9tait une fois le cin\u00e9ma belge (4\/4) Le verdict !\",\"datePublished\":\"2012-03-11T08:47:22+00:00\",\"dateModified\":\"2012-03-17T19:03:52+00:00\",\"mainEntityOfPage\":{\"@id\":\"https:\/\/welovecinema.be\/fr\/il-etait-une-fois-le-cinema-belge-44-sans-pretention\/\"},\"wordCount\":1748,\"publisher\":{\"@id\":\"https:\/\/welovecinema.be\/nl\/#organization\"},\"articleSection\":[\"En bref\"],\"inLanguage\":\"fr-FR\"},{\"@type\":\"WebPage\",\"@id\":\"https:\/\/welovecinema.be\/fr\/il-etait-une-fois-le-cinema-belge-44-sans-pretention\/\",\"url\":\"https:\/\/welovecinema.be\/fr\/il-etait-une-fois-le-cinema-belge-44-sans-pretention\/\",\"name\":\"Il \u00e9tait une fois le cin\u00e9ma belge (4\/4) Le verdict ! - We Love Cinema\",\"isPartOf\":{\"@id\":\"https:\/\/welovecinema.be\/nl\/#website\"},\"datePublished\":\"2012-03-11T08:47:22+00:00\",\"dateModified\":\"2012-03-17T19:03:52+00:00\",\"breadcrumb\":{\"@id\":\"https:\/\/welovecinema.be\/fr\/il-etait-une-fois-le-cinema-belge-44-sans-pretention\/#breadcrumb\"},\"inLanguage\":\"fr-FR\",\"potentialAction\":[{\"@type\":\"ReadAction\",\"target\":[\"https:\/\/welovecinema.be\/fr\/il-etait-une-fois-le-cinema-belge-44-sans-pretention\/\"]}]},{\"@type\":\"BreadcrumbList\",\"@id\":\"https:\/\/welovecinema.be\/fr\/il-etait-une-fois-le-cinema-belge-44-sans-pretention\/#breadcrumb\",\"itemListElement\":[{\"@type\":\"ListItem\",\"position\":1,\"name\":\"Accueil\",\"item\":\"https:\/\/welovecinema.be\/fr\/\"},{\"@type\":\"ListItem\",\"position\":2,\"name\":\"Il \u00e9tait une fois le cin\u00e9ma belge (4\/4) Le verdict !\"}]},{\"@type\":\"WebSite\",\"@id\":\"https:\/\/welovecinema.be\/nl\/#website\",\"url\":\"https:\/\/welovecinema.be\/nl\/\",\"name\":\"We Love Cinema\",\"description\":\"Toute l\u2019information du cin\u00e9ma en Belgique\",\"publisher\":{\"@id\":\"https:\/\/welovecinema.be\/nl\/#organization\"},\"potentialAction\":[{\"@type\":\"SearchAction\",\"target\":{\"@type\":\"EntryPoint\",\"urlTemplate\":\"https:\/\/welovecinema.be\/nl\/?s={search_term_string}\"},\"query-input\":\"required name=search_term_string\"}],\"inLanguage\":\"fr-FR\"},{\"@type\":\"Organization\",\"@id\":\"https:\/\/welovecinema.be\/nl\/#organization\",\"name\":\"We Love Cinema\",\"url\":\"https:\/\/welovecinema.be\/nl\/\",\"logo\":{\"@type\":\"ImageObject\",\"inLanguage\":\"fr-FR\",\"@id\":\"https:\/\/welovecinema.be\/nl\/#\/schema\/logo\/image\/\",\"url\":\"https:\/\/welovecinema.be\/wp-content\/uploads\/sites\/2\/2023\/03\/Logo-We-Love-Cinema305x128.jpg\",\"contentUrl\":\"https:\/\/welovecinema.be\/wp-content\/uploads\/sites\/2\/2023\/03\/Logo-We-Love-Cinema305x128.jpg\",\"width\":305,\"height\":128,\"caption\":\"We Love Cinema\"},\"image\":{\"@id\":\"https:\/\/welovecinema.be\/nl\/#\/schema\/logo\/image\/\"},\"sameAs\":[\"https:\/\/www.facebook.com\/welovecinema.be\",\"https:\/\/www.youtube.com\/channel\/UCX5LYGVhnKvYauW4Nta4HJA\",\"https:\/\/www.instagram.com\/welovecinema.be\/\"]},{\"@type\":\"Person\",\"@id\":\"https:\/\/welovecinema.be\/nl\/#\/schema\/person\/4b9b1d857f0943453a38a7c2859ef756\",\"name\":\"Philippe.Pierquin\",\"url\":\"https:\/\/welovecinema.be\/fr\/author\/philippe-pierquin\/\"}]}<\/script>\n<!-- \/ Yoast SEO plugin. -->","yoast_head_json":{"title":"Il \u00e9tait une fois le cin\u00e9ma belge (4\/4)  Le verdict ! - We Love Cinema","robots":{"index":"index","follow":"follow","max-snippet":"max-snippet:-1","max-image-preview":"max-image-preview:large","max-video-preview":"max-video-preview:-1"},"canonical":"https:\/\/welovecinema.be\/fr\/il-etait-une-fois-le-cinema-belge-44-sans-pretention\/","og_locale":"fr_FR","og_type":"article","og_title":"Il \u00e9tait une fois le cin\u00e9ma belge (4\/4)  Le verdict ! - We Love Cinema","og_description":"Apr\u00e8s les trois\u00a0premiers\u00a0chapitres en forme de r\u00e9quisitoire, il est\u00a0temps\u00a0de passer au verdict. Qu&rsquo;est-ce que le cin\u00e9ma belge? Apr\u00e8s des dizaines de projections enthousiasmantes, le public rennais a d\u00e9sormais une vision tr\u00e8s personnelle de notre cin\u00e9matographie. Plusieurs axes se d\u00e9gagent: le cin\u00e9ma belge est un cin\u00e9ma de libert\u00e9 et un cin\u00e9ma qui a de la gueule. &hellip;","og_url":"https:\/\/welovecinema.be\/fr\/il-etait-une-fois-le-cinema-belge-44-sans-pretention\/","og_site_name":"We Love Cinema","article_publisher":"https:\/\/www.facebook.com\/welovecinema.be","article_published_time":"2012-03-11T08:47:22+00:00","article_modified_time":"2012-03-17T19:03:52+00:00","og_image":[{"width":"541","height":"350","url":"https:\/\/welovecinema.be\/wp-content\/uploads\/sites\/2\/2012\/03\/affiche11.jpg","type":"image\/jpeg"}],"author":"Philippe.Pierquin","twitter_card":"summary_large_image","twitter_misc":{"\u00c9crit par":"Philippe.Pierquin","Dur\u00e9e de lecture estim\u00e9e":"9 minutes"},"schema":{"@context":"https:\/\/schema.org","@graph":[{"@type":"Article","@id":"https:\/\/welovecinema.be\/fr\/il-etait-une-fois-le-cinema-belge-44-sans-pretention\/#article","isPartOf":{"@id":"https:\/\/welovecinema.be\/fr\/il-etait-une-fois-le-cinema-belge-44-sans-pretention\/"},"author":{"name":"Philippe.Pierquin","@id":"https:\/\/welovecinema.be\/nl\/#\/schema\/person\/4b9b1d857f0943453a38a7c2859ef756"},"headline":"Il \u00e9tait une fois le cin\u00e9ma belge (4\/4) Le verdict !","datePublished":"2012-03-11T08:47:22+00:00","dateModified":"2012-03-17T19:03:52+00:00","mainEntityOfPage":{"@id":"https:\/\/welovecinema.be\/fr\/il-etait-une-fois-le-cinema-belge-44-sans-pretention\/"},"wordCount":1748,"publisher":{"@id":"https:\/\/welovecinema.be\/nl\/#organization"},"articleSection":["En bref"],"inLanguage":"fr-FR"},{"@type":"WebPage","@id":"https:\/\/welovecinema.be\/fr\/il-etait-une-fois-le-cinema-belge-44-sans-pretention\/","url":"https:\/\/welovecinema.be\/fr\/il-etait-une-fois-le-cinema-belge-44-sans-pretention\/","name":"Il \u00e9tait une fois le cin\u00e9ma belge (4\/4) Le verdict ! - We Love Cinema","isPartOf":{"@id":"https:\/\/welovecinema.be\/nl\/#website"},"datePublished":"2012-03-11T08:47:22+00:00","dateModified":"2012-03-17T19:03:52+00:00","breadcrumb":{"@id":"https:\/\/welovecinema.be\/fr\/il-etait-une-fois-le-cinema-belge-44-sans-pretention\/#breadcrumb"},"inLanguage":"fr-FR","potentialAction":[{"@type":"ReadAction","target":["https:\/\/welovecinema.be\/fr\/il-etait-une-fois-le-cinema-belge-44-sans-pretention\/"]}]},{"@type":"BreadcrumbList","@id":"https:\/\/welovecinema.be\/fr\/il-etait-une-fois-le-cinema-belge-44-sans-pretention\/#breadcrumb","itemListElement":[{"@type":"ListItem","position":1,"name":"Accueil","item":"https:\/\/welovecinema.be\/fr\/"},{"@type":"ListItem","position":2,"name":"Il \u00e9tait une fois le cin\u00e9ma belge (4\/4) Le verdict !"}]},{"@type":"WebSite","@id":"https:\/\/welovecinema.be\/nl\/#website","url":"https:\/\/welovecinema.be\/nl\/","name":"We Love Cinema","description":"Toute l\u2019information du cin\u00e9ma en Belgique","publisher":{"@id":"https:\/\/welovecinema.be\/nl\/#organization"},"potentialAction":[{"@type":"SearchAction","target":{"@type":"EntryPoint","urlTemplate":"https:\/\/welovecinema.be\/nl\/?s={search_term_string}"},"query-input":"required name=search_term_string"}],"inLanguage":"fr-FR"},{"@type":"Organization","@id":"https:\/\/welovecinema.be\/nl\/#organization","name":"We Love Cinema","url":"https:\/\/welovecinema.be\/nl\/","logo":{"@type":"ImageObject","inLanguage":"fr-FR","@id":"https:\/\/welovecinema.be\/nl\/#\/schema\/logo\/image\/","url":"https:\/\/welovecinema.be\/wp-content\/uploads\/sites\/2\/2023\/03\/Logo-We-Love-Cinema305x128.jpg","contentUrl":"https:\/\/welovecinema.be\/wp-content\/uploads\/sites\/2\/2023\/03\/Logo-We-Love-Cinema305x128.jpg","width":305,"height":128,"caption":"We Love Cinema"},"image":{"@id":"https:\/\/welovecinema.be\/nl\/#\/schema\/logo\/image\/"},"sameAs":["https:\/\/www.facebook.com\/welovecinema.be","https:\/\/www.youtube.com\/channel\/UCX5LYGVhnKvYauW4Nta4HJA","https:\/\/www.instagram.com\/welovecinema.be\/"]},{"@type":"Person","@id":"https:\/\/welovecinema.be\/nl\/#\/schema\/person\/4b9b1d857f0943453a38a7c2859ef756","name":"Philippe.Pierquin","url":"https:\/\/welovecinema.be\/fr\/author\/philippe-pierquin\/"}]}},"_links":{"self":[{"href":"https:\/\/welovecinema.be\/fr\/wp-json\/wp\/v2\/posts\/17554","targetHints":{"allow":["GET"]}}],"collection":[{"href":"https:\/\/welovecinema.be\/fr\/wp-json\/wp\/v2\/posts"}],"about":[{"href":"https:\/\/welovecinema.be\/fr\/wp-json\/wp\/v2\/types\/post"}],"author":[{"embeddable":true,"href":"https:\/\/welovecinema.be\/fr\/wp-json\/wp\/v2\/users\/7"}],"replies":[{"embeddable":true,"href":"https:\/\/welovecinema.be\/fr\/wp-json\/wp\/v2\/comments?post=17554"}],"version-history":[{"count":0,"href":"https:\/\/welovecinema.be\/fr\/wp-json\/wp\/v2\/posts\/17554\/revisions"}],"wp:featuredmedia":[{"embeddable":true,"href":"https:\/\/welovecinema.be\/fr\/wp-json\/wp\/v2\/media\/17783"}],"wp:attachment":[{"href":"https:\/\/welovecinema.be\/fr\/wp-json\/wp\/v2\/media?parent=17554"}],"wp:term":[{"taxonomy":"category","embeddable":true,"href":"https:\/\/welovecinema.be\/fr\/wp-json\/wp\/v2\/categories?post=17554"},{"taxonomy":"post_tag","embeddable":true,"href":"https:\/\/welovecinema.be\/fr\/wp-json\/wp\/v2\/tags?post=17554"}],"curies":[{"name":"wp","href":"https:\/\/api.w.org\/{rel}","templated":true}]}}