{"id":17049,"date":"2012-03-03T00:10:11","date_gmt":"2012-03-03T00:10:11","guid":{"rendered":"http:\/\/www.cinevox.be\/?p=17049"},"modified":"2012-03-03T00:14:20","modified_gmt":"2012-03-03T00:14:20","slug":"post-partum-secouez-moi-secouez-moi","status":"publish","type":"post","link":"https:\/\/welovecinema.be\/fr\/post-partum-secouez-moi-secouez-moi\/","title":{"rendered":"Post Partum  <br> Secouez-moi, secouez-moi !"},"content":{"rendered":"<p>Post Partum est le premier long m\u00e9trage de <strong>Delphine Noels.<\/strong> Produit par Frakas, il est actuellement en tournage au Luxembourg. Puis toute l&rsquo;\u00e9quipe partira en Bretagne o\u00f9 le drame se d\u00e9roule.<\/p>\n<p>Le casting? Un bijou : <strong>M\u00e9lanie Doutey<\/strong> et <strong>Jalil Lespert<\/strong>, <strong>Fran\u00e7oise Fabian<\/strong>, une quinzaine de b\u00e9b\u00e9s, quelques dobermans&#8230;<\/p>\n<p>Le pitch? le naufrage d&rsquo;une jeune m\u00e8re de famille.<\/p>\n<p>Le sc\u00e9nario et les rushes que nous avons d\u00e9couverts en primeur sont impressionnants. Nous prenons les paris : Post Partum sera un des films marquants de cette fin d&rsquo;ann\u00e9e.<!--more--><\/p>\n<p>&nbsp;<\/p>\n<p><a rel=\"attachment wp-att-17056\" href=\"http:\/\/www.cinevox.be\/post-partum-secouez-moi-secouez-moi\/pp7\/\"><img loading=\"lazy\" decoding=\"async\" class=\"aligncenter size-full wp-image-17056\" title=\"pp7\" src=\"http:\/\/www.cinevox.be\/wp-content\/uploads\/sites\/2\/2012\/02\/pp7.jpg\" alt=\"\" width=\"1024\" height=\"683\" srcset=\"https:\/\/welovecinema.be\/wp-content\/uploads\/sites\/2\/2012\/02\/pp7.jpg 1024w, https:\/\/welovecinema.be\/wp-content\/uploads\/sites\/2\/2012\/02\/pp7-404x270.jpg 404w, https:\/\/welovecinema.be\/wp-content\/uploads\/sites\/2\/2012\/02\/pp7-800x533.jpg 800w\" sizes=\"auto, (max-width: 1024px) 100vw, 1024px\" \/><\/a><\/p>\n<p>&nbsp;<\/p>\n<p>Luce et Ulysse s&rsquo;aiment. Ils vivent une vie pleine et belle \u00e0 la t\u00eate de leur clinique v\u00e9t\u00e9rinaire le long de la c\u00f4te atlantique. Luce attend un heureux \u00e9v\u00e9nement. \u00a0L&rsquo;avenir est radieux. A priori\u2026 Car \u00e0 la naissance de la petite Rose, rien ne se passe comme pr\u00e9vu\u2026 Luce perd pied devant les pleurs incessants de son b\u00e9b\u00e9\u2026 Pourquoi diable son enfant geint-il ainsi? Serait-ce pour l&rsquo;avertir de quelque chose? La famille serait-elle en danger?\u2026<\/p>\n<p>&nbsp;<\/p>\n<p><a rel=\"attachment wp-att-17054\" href=\"http:\/\/www.cinevox.be\/post-partum-secouez-moi-secouez-moi\/pp8\/\"><img loading=\"lazy\" decoding=\"async\" class=\"aligncenter size-full wp-image-17054\" title=\"pp8\" src=\"http:\/\/www.cinevox.be\/wp-content\/uploads\/sites\/2\/2012\/02\/pp8.jpg\" alt=\"\" width=\"1024\" height=\"683\" srcset=\"https:\/\/welovecinema.be\/wp-content\/uploads\/sites\/2\/2012\/02\/pp8.jpg 1024w, https:\/\/welovecinema.be\/wp-content\/uploads\/sites\/2\/2012\/02\/pp8-404x270.jpg 404w, https:\/\/welovecinema.be\/wp-content\/uploads\/sites\/2\/2012\/02\/pp8-800x533.jpg 800w\" sizes=\"auto, (max-width: 1024px) 100vw, 1024px\" \/><\/a><\/p>\n<p>&nbsp;<\/p>\n<p><strong>Delphine Noels<\/strong> (\u00e0 gauche sur la photo avec son actrice principale) a eu l&rsquo;id\u00e9e de cette histoire il y a une dizaine d&rsquo;ann\u00e9es. Et m\u00eame si quelques longs m\u00e9trages sont venus ces derniers temps ternir l&rsquo;image fantasm\u00e9e de la maternit\u00e9 radieuse (<em>Grace, Un heureux \u00e9v\u00e8nement<\/em>), elle n&rsquo;y a pas renonc\u00e9. Son point de vue ne ressemble \u00e0 aucun autre. Son film sera unique. Car <em>Post Partum<\/em> est un drame, de plus en plus en plus sombre \u00e0 mesure que la lumineuse <strong>M\u00e9lanie Doutey<\/strong> s&rsquo;enfonce dans le doute, mais c&rsquo;est aussi, dans sa construction, un v\u00e9ritable un thriller psychologique. On le voit d\u00e9j\u00e0 sur les rushes : en jouant sur les tempos et les virages brusques, les visions divergentes d&rsquo;une m\u00eame sc\u00e8ne et les situations tendues, Delphine parvient \u00e0 nous crisper. Son objectif : plonge le spectateur plein d&#8217;empathie pour les personnages sympathiques dans un malaise de plus en plus \u00e9pais.<\/p>\n<p>&nbsp;<\/p>\n<p><a rel=\"attachment wp-att-17051\" href=\"http:\/\/www.cinevox.be\/post-partum-secouez-moi-secouez-moi\/pp4\/\"><img loading=\"lazy\" decoding=\"async\" class=\"aligncenter size-full wp-image-17051\" title=\"pp4\" src=\"http:\/\/www.cinevox.be\/wp-content\/uploads\/sites\/2\/2012\/02\/pp4.jpg\" alt=\"\" width=\"1024\" height=\"642\" srcset=\"https:\/\/welovecinema.be\/wp-content\/uploads\/sites\/2\/2012\/02\/pp4.jpg 1024w, https:\/\/welovecinema.be\/wp-content\/uploads\/sites\/2\/2012\/02\/pp4-430x270.jpg 430w, https:\/\/welovecinema.be\/wp-content\/uploads\/sites\/2\/2012\/02\/pp4-800x501.jpg 800w\" sizes=\"auto, (max-width: 1024px) 100vw, 1024px\" \/><\/a><\/p>\n<p>&nbsp;<\/p>\n<p>R\u00e9v\u00e9l\u00e9e par quelques courts m\u00e9trages incisifs, Delphine a trouv\u00e9 en <strong>Jean-Yves Roubin <\/strong>(\u00e0 droite sur la photo avec la r\u00e9alisatrice)\u00a0un producteur id\u00e9al pour son passage au long. Apr\u00e8s avoir choy\u00e9 <strong>David Lambert<\/strong> sur <em>Hors Les Murs<\/em>, le jeune li\u00e9geois offre \u00e0 sa nouvelle prot\u00e9g\u00e9e, devenue une amie, le casting, le budget, le temps et l&rsquo;\u00e9quipe parfaite pour r\u00e9aliser son r\u00eave. Il croit en elle. Et comme ce gar\u00e7on souriant a le flair d&rsquo;un doberman\u00a0 on applaudit des deux mains. Le choix du chef op\u00e9rateur \u00e9tait crucial : Delphine voulait <strong>Benoit Dervaux,<\/strong> connu pour \u00eatre le cadreur attitr\u00e9 des fr\u00e8res Dardenne. Il est venu avec sa team habituelle : les fr\u00e8res <strong>Duquenne <\/strong>derri\u00e8re la cam\u00e9ra. L&rsquo;image qu&rsquo;il compose est naturaliste, mais il travaille aussi sur des registres diff\u00e9rents pour d&rsquo;autres aspects du film (nous n&rsquo;en dirons pas plus).<\/p>\n<p>&nbsp;<\/p>\n<p><a rel=\"attachment wp-att-17052\" href=\"http:\/\/www.cinevox.be\/post-partum-secouez-moi-secouez-moi\/pp6\/\"><img loading=\"lazy\" decoding=\"async\" class=\"aligncenter size-full wp-image-17052\" title=\"pp6\" src=\"http:\/\/www.cinevox.be\/wp-content\/uploads\/sites\/2\/2012\/02\/pp6.jpg\" alt=\"\" width=\"1024\" height=\"683\" srcset=\"https:\/\/welovecinema.be\/wp-content\/uploads\/sites\/2\/2012\/02\/pp6.jpg 1024w, https:\/\/welovecinema.be\/wp-content\/uploads\/sites\/2\/2012\/02\/pp6-404x270.jpg 404w, https:\/\/welovecinema.be\/wp-content\/uploads\/sites\/2\/2012\/02\/pp6-800x533.jpg 800w\" sizes=\"auto, (max-width: 1024px) 100vw, 1024px\" \/><\/a><\/p>\n<p>&nbsp;<\/p>\n<p><strong>Julie Ghesqui\u00e8re <\/strong>(\u00e0 droite sur la photo avec\u00a0<strong>Basile Duquenne<\/strong> 2nd assistant cam\u00e9ra<strong>) <\/strong> \u00e9tait la premi\u00e8re scripte que Delphine rencontrait. Elle n\u2019a pas souhait\u00e9 en voir d\u2019autres\u2026elles se sont trouv\u00e9es. Idem pour la chef costumi\u00e8re, <strong>Ma\u00efra Ramedhan-Levi<\/strong>, chef costumi\u00e8re sur le film de M\u00e9lanie Laurent (<em>Les adopt\u00e9s<\/em>) ou\u2026<em>Le Gamin au V\u00e9lo<\/em> Du coup, malgr\u00e9 la duret\u00e9 des sc\u00e8nes et la tension constante devant la cam\u00e9ra, l&rsquo;\u00e9quipe est d\u00e9contract\u00e9e, souriante; mais concentr\u00e9e sur sa t\u00e2che.<\/p>\n<p>&nbsp;<\/p>\n<p><a rel=\"attachment wp-att-17055\" href=\"http:\/\/www.cinevox.be\/post-partum-secouez-moi-secouez-moi\/pp5\/\"><img loading=\"lazy\" decoding=\"async\" class=\"aligncenter size-full wp-image-17055\" title=\"pp5\" src=\"http:\/\/www.cinevox.be\/wp-content\/uploads\/sites\/2\/2012\/02\/pp5.jpg\" alt=\"\" width=\"1024\" height=\"683\" srcset=\"https:\/\/welovecinema.be\/wp-content\/uploads\/sites\/2\/2012\/02\/pp5.jpg 1024w, https:\/\/welovecinema.be\/wp-content\/uploads\/sites\/2\/2012\/02\/pp5-404x270.jpg 404w, https:\/\/welovecinema.be\/wp-content\/uploads\/sites\/2\/2012\/02\/pp5-800x533.jpg 800w\" sizes=\"auto, (max-width: 1024px) 100vw, 1024px\" \/><\/a><\/p>\n<p>&nbsp;<\/p>\n<p>Pour l&rsquo;instant, toute l&rsquo;\u00e9quipe tourne dans une demeure \u00e0 Crauthem \u00e0 une dizaine de kilom\u00e8tres de Luxembourg ville. Au rez-de-chauss\u00e9e, le cabinet v\u00e9t\u00e9rinaire o\u00f9 Lucie travaille. \u00c0 l&rsquo;\u00e9tage, la salle de bain et la chambre o\u00f9 elle s&rsquo;occupe de b\u00e9b\u00e9. \u00c0 50m de l\u00e0, dans une autre villa, la production g\u00e8re la logistique g\u00e9n\u00e9rale, les contacts et les plannings.<\/p>\n<p>&nbsp;<\/p>\n<p><a rel=\"attachment wp-att-17053\" href=\"http:\/\/www.cinevox.be\/post-partum-secouez-moi-secouez-moi\/pp9\/\"><img loading=\"lazy\" decoding=\"async\" class=\"aligncenter size-full wp-image-17053\" title=\"pp9\" src=\"http:\/\/www.cinevox.be\/wp-content\/uploads\/sites\/2\/2012\/02\/pp9.jpg\" alt=\"\" width=\"1024\" height=\"558\" srcset=\"https:\/\/welovecinema.be\/wp-content\/uploads\/sites\/2\/2012\/02\/pp9.jpg 1024w, https:\/\/welovecinema.be\/wp-content\/uploads\/sites\/2\/2012\/02\/pp9-480x261.jpg 480w, https:\/\/welovecinema.be\/wp-content\/uploads\/sites\/2\/2012\/02\/pp9-800x435.jpg 800w\" sizes=\"auto, (max-width: 1024px) 100vw, 1024px\" \/><\/a><\/p>\n<p>&nbsp;<\/p>\n<p>Dans la pi\u00e8ce du fond, sur un Mac, on pr\u00e9monte les rushes. Une initiative fort int\u00e9ressante qui permet \u00e0 l&rsquo;\u00e9quipe de suivre au jour le jour l&rsquo;avancement du tournage, la coh\u00e9rence de l&rsquo;ensemble et l&rsquo;encha\u00eenement des sc\u00e8nes.\u00a0A l&rsquo;arri\u00e8re sur la photo ,\u00a0<strong>Liam McEvoy <\/strong>(assistant monteur) et \u00e0 l&rsquo;avant <strong>Peter Brown<\/strong> (coordinateur de production chez le coproducteur luxembourgeois)<\/p>\n<p>Comme nous sommes de vrais privil\u00e9gi\u00e9s, <strong>Jean-Yves Roubin<\/strong> nous montre ainsi quarante minutes d&rsquo;images. Qui, au final, en repr\u00e9senteront environ 20. De quoi s&rsquo;apercevoir d\u00e9j\u00e0 que Post Partum sera un film \u00e9pic\u00e9, d\u00e9rangeant, secouant, captivant.<\/p>\n<p>&nbsp;<\/p>\n<p>Il semble que la Belgique vient de se d\u00e9couvrir une r\u00e9alisatrice qui a du chien.<\/p>\n<p>\u00c7a fait du bien !<\/p>\n<p>&nbsp;<\/p>\n<p style=\"text-align: right;\"><em>[Toutes les photos \u00a9 P.P.]<\/em><\/p>\n<p>&nbsp;<\/p>\n<p style=\"text-align: right;\"><em><br \/>\n<\/em><\/p>\n<p>&nbsp;<\/p>\n","protected":false},"excerpt":{"rendered":"<p>Post Partum est le premier long m\u00e9trage de Delphine Noels. Produit par Frakas, il est actuellement en tournage au Luxembourg. Puis toute l&rsquo;\u00e9quipe partira en Bretagne o\u00f9 le drame se d\u00e9roule. Le casting? Un bijou : M\u00e9lanie Doutey et Jalil Lespert, Fran\u00e7oise Fabian, une quinzaine de b\u00e9b\u00e9s, quelques dobermans&#8230; Le pitch? le naufrage d&rsquo;une jeune &hellip;<\/p>\n","protected":false},"author":7,"featured_media":17058,"comment_status":"closed","ping_status":"closed","sticky":false,"template":"","format":"standard","meta":{"ngg_post_thumbnail":0,"footnotes":""},"categories":[7,11],"tags":[],"class_list":["post-17049","post","type-post","status-publish","format-standard","has-post-thumbnail","","category-actualites","category-tournages"],"yoast_head":"<!-- This site is optimized with the Yoast SEO plugin v20.4 - https:\/\/yoast.com\/wordpress\/plugins\/seo\/ -->\n<title>Post Partum  Secouez-moi, secouez-moi ! - We Love Cinema<\/title>\n<meta name=\"robots\" content=\"index, follow, max-snippet:-1, max-image-preview:large, max-video-preview:-1\" \/>\n<link rel=\"canonical\" href=\"https:\/\/welovecinema.be\/fr\/post-partum-secouez-moi-secouez-moi\/\" \/>\n<meta property=\"og:locale\" content=\"fr_FR\" \/>\n<meta property=\"og:type\" content=\"article\" \/>\n<meta property=\"og:title\" content=\"Post Partum  Secouez-moi, secouez-moi ! - We Love Cinema\" \/>\n<meta property=\"og:description\" content=\"Post Partum est le premier long m\u00e9trage de Delphine Noels. Produit par Frakas, il est actuellement en tournage au Luxembourg. Puis toute l&rsquo;\u00e9quipe partira en Bretagne o\u00f9 le drame se d\u00e9roule. Le casting? Un bijou : M\u00e9lanie Doutey et Jalil Lespert, Fran\u00e7oise Fabian, une quinzaine de b\u00e9b\u00e9s, quelques dobermans&#8230; Le pitch? le naufrage d&rsquo;une jeune &hellip;\" \/>\n<meta property=\"og:url\" content=\"https:\/\/welovecinema.be\/fr\/post-partum-secouez-moi-secouez-moi\/\" \/>\n<meta property=\"og:site_name\" content=\"We Love Cinema\" \/>\n<meta property=\"article:publisher\" content=\"https:\/\/www.facebook.com\/welovecinema.be\" \/>\n<meta property=\"article:published_time\" content=\"2012-03-03T00:10:11+00:00\" \/>\n<meta property=\"article:modified_time\" content=\"2012-03-03T00:14:20+00:00\" \/>\n<meta property=\"og:image\" content=\"https:\/\/welovecinema.be\/wp-content\/uploads\/sites\/2\/2012\/02\/pp1.jpg\" \/>\n\t<meta property=\"og:image:width\" content=\"1024\" \/>\n\t<meta property=\"og:image:height\" content=\"683\" \/>\n\t<meta property=\"og:image:type\" content=\"image\/jpeg\" \/>\n<meta name=\"author\" content=\"Philippe.Pierquin\" \/>\n<meta name=\"twitter:card\" content=\"summary_large_image\" \/>\n<meta name=\"twitter:label1\" content=\"\u00c9crit par\" \/>\n\t<meta name=\"twitter:data1\" content=\"Philippe.Pierquin\" \/>\n\t<meta name=\"twitter:label2\" content=\"Dur\u00e9e de lecture estim\u00e9e\" \/>\n\t<meta name=\"twitter:data2\" content=\"4 minutes\" \/>\n<script type=\"application\/ld+json\" class=\"yoast-schema-graph\">{\"@context\":\"https:\/\/schema.org\",\"@graph\":[{\"@type\":\"Article\",\"@id\":\"https:\/\/welovecinema.be\/fr\/post-partum-secouez-moi-secouez-moi\/#article\",\"isPartOf\":{\"@id\":\"https:\/\/welovecinema.be\/fr\/post-partum-secouez-moi-secouez-moi\/\"},\"author\":{\"name\":\"Philippe.Pierquin\",\"@id\":\"https:\/\/welovecinema.be\/nl\/#\/schema\/person\/4b9b1d857f0943453a38a7c2859ef756\"},\"headline\":\"Post Partum Secouez-moi, secouez-moi !\",\"datePublished\":\"2012-03-03T00:10:11+00:00\",\"dateModified\":\"2012-03-03T00:14:20+00:00\",\"mainEntityOfPage\":{\"@id\":\"https:\/\/welovecinema.be\/fr\/post-partum-secouez-moi-secouez-moi\/\"},\"wordCount\":820,\"publisher\":{\"@id\":\"https:\/\/welovecinema.be\/nl\/#organization\"},\"articleSection\":[\"News\",\"Tournages\"],\"inLanguage\":\"fr-FR\"},{\"@type\":\"WebPage\",\"@id\":\"https:\/\/welovecinema.be\/fr\/post-partum-secouez-moi-secouez-moi\/\",\"url\":\"https:\/\/welovecinema.be\/fr\/post-partum-secouez-moi-secouez-moi\/\",\"name\":\"Post Partum Secouez-moi, secouez-moi ! - We Love Cinema\",\"isPartOf\":{\"@id\":\"https:\/\/welovecinema.be\/nl\/#website\"},\"datePublished\":\"2012-03-03T00:10:11+00:00\",\"dateModified\":\"2012-03-03T00:14:20+00:00\",\"breadcrumb\":{\"@id\":\"https:\/\/welovecinema.be\/fr\/post-partum-secouez-moi-secouez-moi\/#breadcrumb\"},\"inLanguage\":\"fr-FR\",\"potentialAction\":[{\"@type\":\"ReadAction\",\"target\":[\"https:\/\/welovecinema.be\/fr\/post-partum-secouez-moi-secouez-moi\/\"]}]},{\"@type\":\"BreadcrumbList\",\"@id\":\"https:\/\/welovecinema.be\/fr\/post-partum-secouez-moi-secouez-moi\/#breadcrumb\",\"itemListElement\":[{\"@type\":\"ListItem\",\"position\":1,\"name\":\"Accueil\",\"item\":\"https:\/\/welovecinema.be\/fr\/\"},{\"@type\":\"ListItem\",\"position\":2,\"name\":\"Post Partum Secouez-moi, secouez-moi !\"}]},{\"@type\":\"WebSite\",\"@id\":\"https:\/\/welovecinema.be\/nl\/#website\",\"url\":\"https:\/\/welovecinema.be\/nl\/\",\"name\":\"We Love Cinema\",\"description\":\"Toute l\u2019information du cin\u00e9ma en Belgique\",\"publisher\":{\"@id\":\"https:\/\/welovecinema.be\/nl\/#organization\"},\"potentialAction\":[{\"@type\":\"SearchAction\",\"target\":{\"@type\":\"EntryPoint\",\"urlTemplate\":\"https:\/\/welovecinema.be\/nl\/?s={search_term_string}\"},\"query-input\":\"required name=search_term_string\"}],\"inLanguage\":\"fr-FR\"},{\"@type\":\"Organization\",\"@id\":\"https:\/\/welovecinema.be\/nl\/#organization\",\"name\":\"We Love Cinema\",\"url\":\"https:\/\/welovecinema.be\/nl\/\",\"logo\":{\"@type\":\"ImageObject\",\"inLanguage\":\"fr-FR\",\"@id\":\"https:\/\/welovecinema.be\/nl\/#\/schema\/logo\/image\/\",\"url\":\"https:\/\/welovecinema.be\/wp-content\/uploads\/sites\/2\/2023\/03\/Logo-We-Love-Cinema305x128.jpg\",\"contentUrl\":\"https:\/\/welovecinema.be\/wp-content\/uploads\/sites\/2\/2023\/03\/Logo-We-Love-Cinema305x128.jpg\",\"width\":305,\"height\":128,\"caption\":\"We Love Cinema\"},\"image\":{\"@id\":\"https:\/\/welovecinema.be\/nl\/#\/schema\/logo\/image\/\"},\"sameAs\":[\"https:\/\/www.facebook.com\/welovecinema.be\",\"https:\/\/www.youtube.com\/channel\/UCX5LYGVhnKvYauW4Nta4HJA\",\"https:\/\/www.instagram.com\/welovecinema.be\/\"]},{\"@type\":\"Person\",\"@id\":\"https:\/\/welovecinema.be\/nl\/#\/schema\/person\/4b9b1d857f0943453a38a7c2859ef756\",\"name\":\"Philippe.Pierquin\",\"url\":\"https:\/\/welovecinema.be\/fr\/author\/philippe-pierquin\/\"}]}<\/script>\n<!-- \/ Yoast SEO plugin. -->","yoast_head_json":{"title":"Post Partum  Secouez-moi, secouez-moi ! - We Love Cinema","robots":{"index":"index","follow":"follow","max-snippet":"max-snippet:-1","max-image-preview":"max-image-preview:large","max-video-preview":"max-video-preview:-1"},"canonical":"https:\/\/welovecinema.be\/fr\/post-partum-secouez-moi-secouez-moi\/","og_locale":"fr_FR","og_type":"article","og_title":"Post Partum  Secouez-moi, secouez-moi ! - We Love Cinema","og_description":"Post Partum est le premier long m\u00e9trage de Delphine Noels. Produit par Frakas, il est actuellement en tournage au Luxembourg. Puis toute l&rsquo;\u00e9quipe partira en Bretagne o\u00f9 le drame se d\u00e9roule. Le casting? Un bijou : M\u00e9lanie Doutey et Jalil Lespert, Fran\u00e7oise Fabian, une quinzaine de b\u00e9b\u00e9s, quelques dobermans&#8230; Le pitch? le naufrage d&rsquo;une jeune &hellip;","og_url":"https:\/\/welovecinema.be\/fr\/post-partum-secouez-moi-secouez-moi\/","og_site_name":"We Love Cinema","article_publisher":"https:\/\/www.facebook.com\/welovecinema.be","article_published_time":"2012-03-03T00:10:11+00:00","article_modified_time":"2012-03-03T00:14:20+00:00","og_image":[{"width":"1024","height":"683","url":"https:\/\/welovecinema.be\/wp-content\/uploads\/sites\/2\/2012\/02\/pp1.jpg","type":"image\/jpeg"}],"author":"Philippe.Pierquin","twitter_card":"summary_large_image","twitter_misc":{"\u00c9crit par":"Philippe.Pierquin","Dur\u00e9e de lecture estim\u00e9e":"4 minutes"},"schema":{"@context":"https:\/\/schema.org","@graph":[{"@type":"Article","@id":"https:\/\/welovecinema.be\/fr\/post-partum-secouez-moi-secouez-moi\/#article","isPartOf":{"@id":"https:\/\/welovecinema.be\/fr\/post-partum-secouez-moi-secouez-moi\/"},"author":{"name":"Philippe.Pierquin","@id":"https:\/\/welovecinema.be\/nl\/#\/schema\/person\/4b9b1d857f0943453a38a7c2859ef756"},"headline":"Post Partum Secouez-moi, secouez-moi !","datePublished":"2012-03-03T00:10:11+00:00","dateModified":"2012-03-03T00:14:20+00:00","mainEntityOfPage":{"@id":"https:\/\/welovecinema.be\/fr\/post-partum-secouez-moi-secouez-moi\/"},"wordCount":820,"publisher":{"@id":"https:\/\/welovecinema.be\/nl\/#organization"},"articleSection":["News","Tournages"],"inLanguage":"fr-FR"},{"@type":"WebPage","@id":"https:\/\/welovecinema.be\/fr\/post-partum-secouez-moi-secouez-moi\/","url":"https:\/\/welovecinema.be\/fr\/post-partum-secouez-moi-secouez-moi\/","name":"Post Partum Secouez-moi, secouez-moi ! - We Love Cinema","isPartOf":{"@id":"https:\/\/welovecinema.be\/nl\/#website"},"datePublished":"2012-03-03T00:10:11+00:00","dateModified":"2012-03-03T00:14:20+00:00","breadcrumb":{"@id":"https:\/\/welovecinema.be\/fr\/post-partum-secouez-moi-secouez-moi\/#breadcrumb"},"inLanguage":"fr-FR","potentialAction":[{"@type":"ReadAction","target":["https:\/\/welovecinema.be\/fr\/post-partum-secouez-moi-secouez-moi\/"]}]},{"@type":"BreadcrumbList","@id":"https:\/\/welovecinema.be\/fr\/post-partum-secouez-moi-secouez-moi\/#breadcrumb","itemListElement":[{"@type":"ListItem","position":1,"name":"Accueil","item":"https:\/\/welovecinema.be\/fr\/"},{"@type":"ListItem","position":2,"name":"Post Partum Secouez-moi, secouez-moi !"}]},{"@type":"WebSite","@id":"https:\/\/welovecinema.be\/nl\/#website","url":"https:\/\/welovecinema.be\/nl\/","name":"We Love Cinema","description":"Toute l\u2019information du cin\u00e9ma en Belgique","publisher":{"@id":"https:\/\/welovecinema.be\/nl\/#organization"},"potentialAction":[{"@type":"SearchAction","target":{"@type":"EntryPoint","urlTemplate":"https:\/\/welovecinema.be\/nl\/?s={search_term_string}"},"query-input":"required name=search_term_string"}],"inLanguage":"fr-FR"},{"@type":"Organization","@id":"https:\/\/welovecinema.be\/nl\/#organization","name":"We Love Cinema","url":"https:\/\/welovecinema.be\/nl\/","logo":{"@type":"ImageObject","inLanguage":"fr-FR","@id":"https:\/\/welovecinema.be\/nl\/#\/schema\/logo\/image\/","url":"https:\/\/welovecinema.be\/wp-content\/uploads\/sites\/2\/2023\/03\/Logo-We-Love-Cinema305x128.jpg","contentUrl":"https:\/\/welovecinema.be\/wp-content\/uploads\/sites\/2\/2023\/03\/Logo-We-Love-Cinema305x128.jpg","width":305,"height":128,"caption":"We Love Cinema"},"image":{"@id":"https:\/\/welovecinema.be\/nl\/#\/schema\/logo\/image\/"},"sameAs":["https:\/\/www.facebook.com\/welovecinema.be","https:\/\/www.youtube.com\/channel\/UCX5LYGVhnKvYauW4Nta4HJA","https:\/\/www.instagram.com\/welovecinema.be\/"]},{"@type":"Person","@id":"https:\/\/welovecinema.be\/nl\/#\/schema\/person\/4b9b1d857f0943453a38a7c2859ef756","name":"Philippe.Pierquin","url":"https:\/\/welovecinema.be\/fr\/author\/philippe-pierquin\/"}]}},"_links":{"self":[{"href":"https:\/\/welovecinema.be\/fr\/wp-json\/wp\/v2\/posts\/17049","targetHints":{"allow":["GET"]}}],"collection":[{"href":"https:\/\/welovecinema.be\/fr\/wp-json\/wp\/v2\/posts"}],"about":[{"href":"https:\/\/welovecinema.be\/fr\/wp-json\/wp\/v2\/types\/post"}],"author":[{"embeddable":true,"href":"https:\/\/welovecinema.be\/fr\/wp-json\/wp\/v2\/users\/7"}],"replies":[{"embeddable":true,"href":"https:\/\/welovecinema.be\/fr\/wp-json\/wp\/v2\/comments?post=17049"}],"version-history":[{"count":0,"href":"https:\/\/welovecinema.be\/fr\/wp-json\/wp\/v2\/posts\/17049\/revisions"}],"wp:featuredmedia":[{"embeddable":true,"href":"https:\/\/welovecinema.be\/fr\/wp-json\/wp\/v2\/media\/17058"}],"wp:attachment":[{"href":"https:\/\/welovecinema.be\/fr\/wp-json\/wp\/v2\/media?parent=17049"}],"wp:term":[{"taxonomy":"category","embeddable":true,"href":"https:\/\/welovecinema.be\/fr\/wp-json\/wp\/v2\/categories?post=17049"},{"taxonomy":"post_tag","embeddable":true,"href":"https:\/\/welovecinema.be\/fr\/wp-json\/wp\/v2\/tags?post=17049"}],"curies":[{"name":"wp","href":"https:\/\/api.w.org\/{rel}","templated":true}]}}