{"id":17028,"date":"2012-02-29T07:59:05","date_gmt":"2012-02-29T07:59:05","guid":{"rendered":"http:\/\/www.cinevox.be\/?p=17028"},"modified":"2012-02-29T09:00:01","modified_gmt":"2012-02-29T09:00:01","slug":"olivier-gourmet-politiquement-correct","status":"publish","type":"post","link":"https:\/\/welovecinema.be\/fr\/olivier-gourmet-politiquement-correct\/","title":{"rendered":"Olivier Gourmet <br> Politiquement (in)correct"},"content":{"rendered":"<p>Les \u00e9lections fran\u00e7aises approchent. Qui de Fran\u00e7oise Hollande ou Nicolas Sarkozy sera le prochain pr\u00e9sident des Fran\u00e7ais? Et, surtout, qui sera le troisi\u00e8me homme, celui qui aura entre les mains le sort des deux autres \u00e0 l&rsquo;issue du premier tour? Fran\u00e7ois Bayrou ou Jean-Luc M\u00e9lenchon? \u00c0 moins que, l&rsquo;invit\u00e9-surprise soit Pierre H\u00e9naut\u2026.<!--more--><\/p>\n<p>&nbsp;<\/p>\n<p>Une agence de communication, d\u00e9cid\u00e9e \u00e0\u00a0utiliser la politique comme tremplin \u00e0\u00a0sa renomm\u00e9e, jette son d\u00e9volu sur Pierre H\u00e9naut, \u00e9lu de province int\u00e8gre et d\u00e9vou\u00e9, et candidat improbable \u00e0\u00a0la pr\u00e9sidentielle. Fa\u00e7onner l\u2019image du pr\u00e9tendant \u00e0 l&rsquo;\u00c9lys\u00e9e, voil\u00e0 le job de Thierry Giovanni patron de l\u2019agence, et de ses collaborateurs\u00a0: No\u00e9mie, Fred et Olivier. Ils sont persuad\u00e9s de pouvoir m\u00e9tamorphoser Pierre H\u00e9naut en b\u00eate m\u00e9diatique. Car apr\u00e8s tout, ils savent vendre n\u2019importe quoi, alors pourquoi pas lui\u00a0? Pour le faire monter dans les sondages, ils sont pr\u00eats \u00e0 tout, y compris \u00e0 user des m\u00e9thodes les plus douteuses\u2026<\/p>\n<p>&nbsp;<\/p>\n<p><strong><em> <\/em><\/strong><\/p>\n<p><em><a rel=\"attachment wp-att-17029\" href=\"http:\/\/www.cinevox.be\/olivier-gourmet-politiquement-correct\/henaut-president-23571-1554005944\/\"><img loading=\"lazy\" decoding=\"async\" class=\"alignright size-full wp-image-17029\" title=\"henaut-president-23571-1554005944\" src=\"http:\/\/www.cinevox.be\/wp-content\/uploads\/sites\/2\/2012\/02\/henaut-president-23571-1554005944.jpg\" alt=\"\" width=\"450\" height=\"600\" srcset=\"https:\/\/welovecinema.be\/wp-content\/uploads\/sites\/2\/2012\/02\/henaut-president-23571-1554005944.jpg 450w, https:\/\/welovecinema.be\/wp-content\/uploads\/sites\/2\/2012\/02\/henaut-president-23571-1554005944-202x270.jpg 202w\" sizes=\"auto, (max-width: 450px) 100vw, 450px\" \/><\/a>H\u00e9naut Pr\u00e9sident<\/em> est \u00e0 l&rsquo;origine une\u00a0s\u00e9rie t\u00e9l\u00e9vis\u00e9e\u00a0fran\u00e7aise\u00a0en 70 \u00e9pisodes de quatre minutes, cr\u00e9\u00e9e par\u00a0<strong>Michel Muller<\/strong> et diffus\u00e9e \u00e0 partir 2007\u00a0sur\u00a0Paris Premi\u00e8re. Elle a donn\u00e9 naissance \u00e0 un remake am\u00e9ricain: <em>The Handlers<\/em> o\u00f9 on suit la r\u00e9sistible ascension d&rsquo;un candidat incarn\u00e9 \u00e0 l&rsquo;\u00e9cran par Bryan Cranston, le fabuleux h\u00e9ros de <em>Breaking Bad.<\/em><\/p>\n<p><em><br \/>\n<\/em><\/p>\n<p>D&rsquo;une campagne \u00e9lectorale \u00e0 l&rsquo;autre, la s\u00e9rie est devenue un long m\u00e9trage. Avec toujours <strong>Michel Muller<\/strong> devant et derri\u00e8re la cam\u00e9ra. Mais l&rsquo;humoriste s&rsquo;est entour\u00e9 de recrues de choix pour passer le cap du grand \u00e9cran. Son \u00e9quipe de com&rsquo; hors normes est emmen\u00e9e par <strong>Olivier Gourmet<\/strong> qui se sp\u00e9cialise dans la politique fran\u00e7aise. Apr\u00e8s son r\u00f4le de ministre de transport dans <em>L&rsquo;Exercice de l&rsquo;Etat<\/em> qui lui a valu une r\u00e9cente nomination aux C\u00e9sar du cin\u00e9ma fran\u00e7ais, le voil\u00e0 pr\u00eat \u00e0 faire de SON candidat le troisi\u00e8me homme de la pr\u00e9sidentielle.<\/p>\n<p>Timing r\u00eav\u00e9, H\u00e9naut Pr\u00e9sident sort en France le 21 mars 2012 \u00e0 quelques semaines du premier tour de la pr\u00e9sidentielle. Jetez un coup d&rsquo;\u0153il \u00e0 <a href=\"http:\/\/www.youtube.com\/watch?v=xQHupeCSImE&amp;feature=youtu.be\">la bande-annonce<\/a> , elle est jubilatoire.<\/p>\n<p><em><br \/>\n<\/em><\/p>\n<p><em><br \/>\n<\/em><\/p>\n<p>&nbsp;<\/p>\n","protected":false},"excerpt":{"rendered":"<p>Les \u00e9lections fran\u00e7aises approchent. Qui de Fran\u00e7oise Hollande ou Nicolas Sarkozy sera le prochain pr\u00e9sident des Fran\u00e7ais? Et, surtout, qui sera le troisi\u00e8me homme, celui qui aura entre les mains le sort des deux autres \u00e0 l&rsquo;issue du premier tour? Fran\u00e7ois Bayrou ou Jean-Luc M\u00e9lenchon? \u00c0 moins que, l&rsquo;invit\u00e9-surprise soit Pierre H\u00e9naut\u2026.<\/p>\n","protected":false},"author":7,"featured_media":17031,"comment_status":"closed","ping_status":"closed","sticky":false,"template":"","format":"standard","meta":{"ngg_post_thumbnail":0,"footnotes":""},"categories":[53,7],"tags":[],"class_list":["post-17028","post","type-post","status-publish","format-standard","has-post-thumbnail","","category-coming-soon","category-actualites"],"yoast_head":"<!-- This site is optimized with the Yoast SEO plugin v20.4 - https:\/\/yoast.com\/wordpress\/plugins\/seo\/ -->\n<title>Olivier Gourmet  Politiquement (in)correct - We Love Cinema<\/title>\n<meta name=\"robots\" content=\"index, follow, max-snippet:-1, max-image-preview:large, max-video-preview:-1\" \/>\n<link rel=\"canonical\" href=\"https:\/\/welovecinema.be\/fr\/olivier-gourmet-politiquement-correct\/\" \/>\n<meta property=\"og:locale\" content=\"fr_FR\" \/>\n<meta property=\"og:type\" content=\"article\" \/>\n<meta property=\"og:title\" content=\"Olivier Gourmet  Politiquement (in)correct - We Love Cinema\" \/>\n<meta property=\"og:description\" content=\"Les \u00e9lections fran\u00e7aises approchent. Qui de Fran\u00e7oise Hollande ou Nicolas Sarkozy sera le prochain pr\u00e9sident des Fran\u00e7ais? Et, surtout, qui sera le troisi\u00e8me homme, celui qui aura entre les mains le sort des deux autres \u00e0 l&rsquo;issue du premier tour? Fran\u00e7ois Bayrou ou Jean-Luc M\u00e9lenchon? \u00c0 moins que, l&rsquo;invit\u00e9-surprise soit Pierre H\u00e9naut\u2026.\" \/>\n<meta property=\"og:url\" content=\"https:\/\/welovecinema.be\/fr\/olivier-gourmet-politiquement-correct\/\" \/>\n<meta property=\"og:site_name\" content=\"We Love Cinema\" \/>\n<meta property=\"article:publisher\" content=\"https:\/\/www.facebook.com\/welovecinema.be\" \/>\n<meta property=\"article:published_time\" content=\"2012-02-29T07:59:05+00:00\" \/>\n<meta property=\"article:modified_time\" content=\"2012-02-29T09:00:01+00:00\" \/>\n<meta property=\"og:image\" content=\"https:\/\/welovecinema.be\/wp-content\/uploads\/sites\/2\/2012\/02\/h\u00e9naut-pr\u00e9s1.jpg\" \/>\n\t<meta property=\"og:image:width\" content=\"650\" \/>\n\t<meta property=\"og:image:height\" content=\"431\" \/>\n\t<meta property=\"og:image:type\" content=\"image\/jpeg\" \/>\n<meta name=\"author\" content=\"Philippe.Pierquin\" \/>\n<meta name=\"twitter:card\" content=\"summary_large_image\" \/>\n<meta name=\"twitter:label1\" content=\"\u00c9crit par\" \/>\n\t<meta name=\"twitter:data1\" content=\"Philippe.Pierquin\" \/>\n\t<meta name=\"twitter:label2\" content=\"Dur\u00e9e de lecture estim\u00e9e\" \/>\n\t<meta name=\"twitter:data2\" content=\"2 minutes\" \/>\n<script type=\"application\/ld+json\" class=\"yoast-schema-graph\">{\"@context\":\"https:\/\/schema.org\",\"@graph\":[{\"@type\":\"Article\",\"@id\":\"https:\/\/welovecinema.be\/fr\/olivier-gourmet-politiquement-correct\/#article\",\"isPartOf\":{\"@id\":\"https:\/\/welovecinema.be\/fr\/olivier-gourmet-politiquement-correct\/\"},\"author\":{\"name\":\"Philippe.Pierquin\",\"@id\":\"https:\/\/welovecinema.be\/nl\/#\/schema\/person\/4b9b1d857f0943453a38a7c2859ef756\"},\"headline\":\"Olivier Gourmet Politiquement (in)correct\",\"datePublished\":\"2012-02-29T07:59:05+00:00\",\"dateModified\":\"2012-02-29T09:00:01+00:00\",\"mainEntityOfPage\":{\"@id\":\"https:\/\/welovecinema.be\/fr\/olivier-gourmet-politiquement-correct\/\"},\"wordCount\":395,\"publisher\":{\"@id\":\"https:\/\/welovecinema.be\/nl\/#organization\"},\"articleSection\":[\"Coming soon\",\"News\"],\"inLanguage\":\"fr-FR\"},{\"@type\":\"WebPage\",\"@id\":\"https:\/\/welovecinema.be\/fr\/olivier-gourmet-politiquement-correct\/\",\"url\":\"https:\/\/welovecinema.be\/fr\/olivier-gourmet-politiquement-correct\/\",\"name\":\"Olivier Gourmet Politiquement (in)correct - We Love Cinema\",\"isPartOf\":{\"@id\":\"https:\/\/welovecinema.be\/nl\/#website\"},\"datePublished\":\"2012-02-29T07:59:05+00:00\",\"dateModified\":\"2012-02-29T09:00:01+00:00\",\"breadcrumb\":{\"@id\":\"https:\/\/welovecinema.be\/fr\/olivier-gourmet-politiquement-correct\/#breadcrumb\"},\"inLanguage\":\"fr-FR\",\"potentialAction\":[{\"@type\":\"ReadAction\",\"target\":[\"https:\/\/welovecinema.be\/fr\/olivier-gourmet-politiquement-correct\/\"]}]},{\"@type\":\"BreadcrumbList\",\"@id\":\"https:\/\/welovecinema.be\/fr\/olivier-gourmet-politiquement-correct\/#breadcrumb\",\"itemListElement\":[{\"@type\":\"ListItem\",\"position\":1,\"name\":\"Accueil\",\"item\":\"https:\/\/welovecinema.be\/fr\/\"},{\"@type\":\"ListItem\",\"position\":2,\"name\":\"Olivier Gourmet Politiquement (in)correct\"}]},{\"@type\":\"WebSite\",\"@id\":\"https:\/\/welovecinema.be\/nl\/#website\",\"url\":\"https:\/\/welovecinema.be\/nl\/\",\"name\":\"We Love Cinema\",\"description\":\"Toute l\u2019information du cin\u00e9ma en Belgique\",\"publisher\":{\"@id\":\"https:\/\/welovecinema.be\/nl\/#organization\"},\"potentialAction\":[{\"@type\":\"SearchAction\",\"target\":{\"@type\":\"EntryPoint\",\"urlTemplate\":\"https:\/\/welovecinema.be\/nl\/?s={search_term_string}\"},\"query-input\":\"required name=search_term_string\"}],\"inLanguage\":\"fr-FR\"},{\"@type\":\"Organization\",\"@id\":\"https:\/\/welovecinema.be\/nl\/#organization\",\"name\":\"We Love Cinema\",\"url\":\"https:\/\/welovecinema.be\/nl\/\",\"logo\":{\"@type\":\"ImageObject\",\"inLanguage\":\"fr-FR\",\"@id\":\"https:\/\/welovecinema.be\/nl\/#\/schema\/logo\/image\/\",\"url\":\"https:\/\/welovecinema.be\/wp-content\/uploads\/sites\/2\/2023\/03\/Logo-We-Love-Cinema305x128.jpg\",\"contentUrl\":\"https:\/\/welovecinema.be\/wp-content\/uploads\/sites\/2\/2023\/03\/Logo-We-Love-Cinema305x128.jpg\",\"width\":305,\"height\":128,\"caption\":\"We Love Cinema\"},\"image\":{\"@id\":\"https:\/\/welovecinema.be\/nl\/#\/schema\/logo\/image\/\"},\"sameAs\":[\"https:\/\/www.facebook.com\/welovecinema.be\",\"https:\/\/www.youtube.com\/channel\/UCX5LYGVhnKvYauW4Nta4HJA\",\"https:\/\/www.instagram.com\/welovecinema.be\/\"]},{\"@type\":\"Person\",\"@id\":\"https:\/\/welovecinema.be\/nl\/#\/schema\/person\/4b9b1d857f0943453a38a7c2859ef756\",\"name\":\"Philippe.Pierquin\",\"url\":\"https:\/\/welovecinema.be\/fr\/author\/philippe-pierquin\/\"}]}<\/script>\n<!-- \/ Yoast SEO plugin. -->","yoast_head_json":{"title":"Olivier Gourmet  Politiquement (in)correct - We Love Cinema","robots":{"index":"index","follow":"follow","max-snippet":"max-snippet:-1","max-image-preview":"max-image-preview:large","max-video-preview":"max-video-preview:-1"},"canonical":"https:\/\/welovecinema.be\/fr\/olivier-gourmet-politiquement-correct\/","og_locale":"fr_FR","og_type":"article","og_title":"Olivier Gourmet  Politiquement (in)correct - We Love Cinema","og_description":"Les \u00e9lections fran\u00e7aises approchent. Qui de Fran\u00e7oise Hollande ou Nicolas Sarkozy sera le prochain pr\u00e9sident des Fran\u00e7ais? Et, surtout, qui sera le troisi\u00e8me homme, celui qui aura entre les mains le sort des deux autres \u00e0 l&rsquo;issue du premier tour? Fran\u00e7ois Bayrou ou Jean-Luc M\u00e9lenchon? \u00c0 moins que, l&rsquo;invit\u00e9-surprise soit Pierre H\u00e9naut\u2026.","og_url":"https:\/\/welovecinema.be\/fr\/olivier-gourmet-politiquement-correct\/","og_site_name":"We Love Cinema","article_publisher":"https:\/\/www.facebook.com\/welovecinema.be","article_published_time":"2012-02-29T07:59:05+00:00","article_modified_time":"2012-02-29T09:00:01+00:00","og_image":[{"width":"650","height":"431","url":"https:\/\/welovecinema.be\/wp-content\/uploads\/sites\/2\/2012\/02\/h\u00e9naut-pr\u00e9s1.jpg","type":"image\/jpeg"}],"author":"Philippe.Pierquin","twitter_card":"summary_large_image","twitter_misc":{"\u00c9crit par":"Philippe.Pierquin","Dur\u00e9e de lecture estim\u00e9e":"2 minutes"},"schema":{"@context":"https:\/\/schema.org","@graph":[{"@type":"Article","@id":"https:\/\/welovecinema.be\/fr\/olivier-gourmet-politiquement-correct\/#article","isPartOf":{"@id":"https:\/\/welovecinema.be\/fr\/olivier-gourmet-politiquement-correct\/"},"author":{"name":"Philippe.Pierquin","@id":"https:\/\/welovecinema.be\/nl\/#\/schema\/person\/4b9b1d857f0943453a38a7c2859ef756"},"headline":"Olivier Gourmet Politiquement (in)correct","datePublished":"2012-02-29T07:59:05+00:00","dateModified":"2012-02-29T09:00:01+00:00","mainEntityOfPage":{"@id":"https:\/\/welovecinema.be\/fr\/olivier-gourmet-politiquement-correct\/"},"wordCount":395,"publisher":{"@id":"https:\/\/welovecinema.be\/nl\/#organization"},"articleSection":["Coming soon","News"],"inLanguage":"fr-FR"},{"@type":"WebPage","@id":"https:\/\/welovecinema.be\/fr\/olivier-gourmet-politiquement-correct\/","url":"https:\/\/welovecinema.be\/fr\/olivier-gourmet-politiquement-correct\/","name":"Olivier Gourmet Politiquement (in)correct - We Love Cinema","isPartOf":{"@id":"https:\/\/welovecinema.be\/nl\/#website"},"datePublished":"2012-02-29T07:59:05+00:00","dateModified":"2012-02-29T09:00:01+00:00","breadcrumb":{"@id":"https:\/\/welovecinema.be\/fr\/olivier-gourmet-politiquement-correct\/#breadcrumb"},"inLanguage":"fr-FR","potentialAction":[{"@type":"ReadAction","target":["https:\/\/welovecinema.be\/fr\/olivier-gourmet-politiquement-correct\/"]}]},{"@type":"BreadcrumbList","@id":"https:\/\/welovecinema.be\/fr\/olivier-gourmet-politiquement-correct\/#breadcrumb","itemListElement":[{"@type":"ListItem","position":1,"name":"Accueil","item":"https:\/\/welovecinema.be\/fr\/"},{"@type":"ListItem","position":2,"name":"Olivier Gourmet Politiquement (in)correct"}]},{"@type":"WebSite","@id":"https:\/\/welovecinema.be\/nl\/#website","url":"https:\/\/welovecinema.be\/nl\/","name":"We Love Cinema","description":"Toute l\u2019information du cin\u00e9ma en Belgique","publisher":{"@id":"https:\/\/welovecinema.be\/nl\/#organization"},"potentialAction":[{"@type":"SearchAction","target":{"@type":"EntryPoint","urlTemplate":"https:\/\/welovecinema.be\/nl\/?s={search_term_string}"},"query-input":"required name=search_term_string"}],"inLanguage":"fr-FR"},{"@type":"Organization","@id":"https:\/\/welovecinema.be\/nl\/#organization","name":"We Love Cinema","url":"https:\/\/welovecinema.be\/nl\/","logo":{"@type":"ImageObject","inLanguage":"fr-FR","@id":"https:\/\/welovecinema.be\/nl\/#\/schema\/logo\/image\/","url":"https:\/\/welovecinema.be\/wp-content\/uploads\/sites\/2\/2023\/03\/Logo-We-Love-Cinema305x128.jpg","contentUrl":"https:\/\/welovecinema.be\/wp-content\/uploads\/sites\/2\/2023\/03\/Logo-We-Love-Cinema305x128.jpg","width":305,"height":128,"caption":"We Love Cinema"},"image":{"@id":"https:\/\/welovecinema.be\/nl\/#\/schema\/logo\/image\/"},"sameAs":["https:\/\/www.facebook.com\/welovecinema.be","https:\/\/www.youtube.com\/channel\/UCX5LYGVhnKvYauW4Nta4HJA","https:\/\/www.instagram.com\/welovecinema.be\/"]},{"@type":"Person","@id":"https:\/\/welovecinema.be\/nl\/#\/schema\/person\/4b9b1d857f0943453a38a7c2859ef756","name":"Philippe.Pierquin","url":"https:\/\/welovecinema.be\/fr\/author\/philippe-pierquin\/"}]}},"_links":{"self":[{"href":"https:\/\/welovecinema.be\/fr\/wp-json\/wp\/v2\/posts\/17028","targetHints":{"allow":["GET"]}}],"collection":[{"href":"https:\/\/welovecinema.be\/fr\/wp-json\/wp\/v2\/posts"}],"about":[{"href":"https:\/\/welovecinema.be\/fr\/wp-json\/wp\/v2\/types\/post"}],"author":[{"embeddable":true,"href":"https:\/\/welovecinema.be\/fr\/wp-json\/wp\/v2\/users\/7"}],"replies":[{"embeddable":true,"href":"https:\/\/welovecinema.be\/fr\/wp-json\/wp\/v2\/comments?post=17028"}],"version-history":[{"count":0,"href":"https:\/\/welovecinema.be\/fr\/wp-json\/wp\/v2\/posts\/17028\/revisions"}],"wp:featuredmedia":[{"embeddable":true,"href":"https:\/\/welovecinema.be\/fr\/wp-json\/wp\/v2\/media\/17031"}],"wp:attachment":[{"href":"https:\/\/welovecinema.be\/fr\/wp-json\/wp\/v2\/media?parent=17028"}],"wp:term":[{"taxonomy":"category","embeddable":true,"href":"https:\/\/welovecinema.be\/fr\/wp-json\/wp\/v2\/categories?post=17028"},{"taxonomy":"post_tag","embeddable":true,"href":"https:\/\/welovecinema.be\/fr\/wp-json\/wp\/v2\/tags?post=17028"}],"curies":[{"name":"wp","href":"https:\/\/api.w.org\/{rel}","templated":true}]}}