{"id":16328,"date":"2012-02-16T12:32:33","date_gmt":"2012-02-16T12:32:33","guid":{"rendered":"http:\/\/www.cinevox.be\/?p=16328"},"modified":"2012-02-15T09:35:46","modified_gmt":"2012-02-15T09:35:46","slug":"lhiver-dernier-bande-annonce","status":"publish","type":"post","link":"https:\/\/welovecinema.be\/fr\/lhiver-dernier-bande-annonce\/","title":{"rendered":"L&rsquo;Hiver Dernier &#8211; Bande annonce"},"content":{"rendered":"<p><em>L\u2019Hiver dernier<\/em> est le premier long m\u00e9trage de\u00a0<strong>John R. G. Shank<\/strong>.<\/p>\n<p>John est<strong> <\/strong>n\u00e9 en 1977, aux \u00c9tats-Unis, mais il a fait de la Belgique son pays d\u2019adoption depuis qu\u2019il a int\u00e9gr\u00e9 en 96, l\u2019Institut des Arts de Diffusion \u00e0 Bruxelles. Il travaille aujourd\u2019hui chez nous et jouit d\u2019ailleurs de la double nationalit\u00e9. Pour son premier long, produit par\u00a0<em>Tarantula<\/em> et s\u00e9lectionn\u00e9 \u00e0 la<a href=\"http:\/\/www.cinevox.be\/laisse-les-gondoles-a-venise\/\" target=\"_blank\"> 8<sup>e<\/sup> \u00e9dition des\u00a0<em>Venice days<\/em><\/a>, John a eu le nez fin en confiant le r\u00f4le principal \u00e0 l\u2019\u00e9patant<strong> Vincent Rotiers<\/strong>, un des jeunes acteurs fran\u00e7ais les plus intenses et prometteurs de sa g\u00e9n\u00e9ration. Le r\u00f4le ? Celui de Johan, 25 ans qui reprend la ferme de son p\u00e8re et y vit seul. Du matin au soir, il travaille, prenant soin de ses b\u00eates. Mais le labeur et la vie sont p\u00e9nibles. Alors que les terres s\u2019enfoncent dans l\u2019hiver, Johan perd pied. Il refuse de consid\u00e9rer les difficult\u00e9s financi\u00e8res de son exploitation, et tente, au-del\u00e0 de la raison, avec son corps et ses mains, de tenir ce qui ne peut \u00eatre retenu. En vain?<\/p>\n<p>&nbsp;<\/p>\n<p>L&rsquo;hiver dernier sur Cinevox:<\/p>\n<p><a href=\"http:\/\/www.cinevox.be\/laisse-les-gondoles-a-venise\/\" target=\"_blank\">Festival de Venise<\/a><\/p>\n","protected":false},"excerpt":{"rendered":"<p>L\u2019Hiver dernier est le premier long m\u00e9trage de\u00a0John R. G. Shank. John est n\u00e9 en 1977, aux \u00c9tats-Unis, mais il a fait de la Belgique son pays d\u2019adoption depuis qu\u2019il a int\u00e9gr\u00e9 en 96, l\u2019Institut des Arts de Diffusion \u00e0 Bruxelles. Il travaille aujourd\u2019hui chez nous et jouit d\u2019ailleurs de la double nationalit\u00e9. Pour son &hellip;<\/p>\n","protected":false},"author":7,"featured_media":16330,"comment_status":"closed","ping_status":"closed","sticky":false,"template":"","format":"standard","meta":{"ngg_post_thumbnail":0,"footnotes":""},"categories":[],"tags":[],"class_list":["post-16328","post","type-post","status-publish","format-standard","has-post-thumbnail",""],"yoast_head":"<!-- This site is optimized with the Yoast SEO plugin v20.4 - https:\/\/yoast.com\/wordpress\/plugins\/seo\/ -->\n<title>L&#039;Hiver Dernier - Bande annonce - We Love Cinema<\/title>\n<meta name=\"robots\" content=\"index, follow, max-snippet:-1, max-image-preview:large, max-video-preview:-1\" \/>\n<link rel=\"canonical\" href=\"https:\/\/welovecinema.be\/fr\/lhiver-dernier-bande-annonce\/\" \/>\n<meta property=\"og:locale\" content=\"fr_FR\" \/>\n<meta property=\"og:type\" content=\"article\" \/>\n<meta property=\"og:title\" content=\"L&#039;Hiver Dernier - Bande annonce - We Love Cinema\" \/>\n<meta property=\"og:description\" content=\"L\u2019Hiver dernier est le premier long m\u00e9trage de\u00a0John R. G. Shank. John est n\u00e9 en 1977, aux \u00c9tats-Unis, mais il a fait de la Belgique son pays d\u2019adoption depuis qu\u2019il a int\u00e9gr\u00e9 en 96, l\u2019Institut des Arts de Diffusion \u00e0 Bruxelles. Il travaille aujourd\u2019hui chez nous et jouit d\u2019ailleurs de la double nationalit\u00e9. Pour son &hellip;\" \/>\n<meta property=\"og:url\" content=\"https:\/\/welovecinema.be\/fr\/lhiver-dernier-bande-annonce\/\" \/>\n<meta property=\"og:site_name\" content=\"We Love Cinema\" \/>\n<meta property=\"article:publisher\" content=\"https:\/\/www.facebook.com\/welovecinema.be\" \/>\n<meta property=\"article:published_time\" content=\"2012-02-16T12:32:33+00:00\" \/>\n<meta property=\"article:modified_time\" content=\"2012-02-15T09:35:46+00:00\" \/>\n<meta property=\"og:image\" content=\"https:\/\/welovecinema.be\/wp-content\/uploads\/sites\/2\/2012\/02\/l_hiver_dernier-37.jpg\" \/>\n\t<meta property=\"og:image:width\" content=\"1175\" \/>\n\t<meta property=\"og:image:height\" content=\"500\" \/>\n\t<meta property=\"og:image:type\" content=\"image\/jpeg\" \/>\n<meta name=\"author\" content=\"Philippe.Pierquin\" \/>\n<meta name=\"twitter:card\" content=\"summary_large_image\" \/>\n<meta name=\"twitter:label1\" content=\"\u00c9crit par\" \/>\n\t<meta name=\"twitter:data1\" content=\"Philippe.Pierquin\" \/>\n\t<meta name=\"twitter:label2\" content=\"Dur\u00e9e de lecture estim\u00e9e\" \/>\n\t<meta name=\"twitter:data2\" content=\"1 minute\" \/>\n<script type=\"application\/ld+json\" class=\"yoast-schema-graph\">{\"@context\":\"https:\/\/schema.org\",\"@graph\":[{\"@type\":\"Article\",\"@id\":\"https:\/\/welovecinema.be\/fr\/lhiver-dernier-bande-annonce\/#article\",\"isPartOf\":{\"@id\":\"https:\/\/welovecinema.be\/fr\/lhiver-dernier-bande-annonce\/\"},\"author\":{\"name\":\"Philippe.Pierquin\",\"@id\":\"https:\/\/welovecinema.be\/nl\/#\/schema\/person\/4b9b1d857f0943453a38a7c2859ef756\"},\"headline\":\"L&rsquo;Hiver Dernier &#8211; Bande annonce\",\"datePublished\":\"2012-02-16T12:32:33+00:00\",\"dateModified\":\"2012-02-15T09:35:46+00:00\",\"mainEntityOfPage\":{\"@id\":\"https:\/\/welovecinema.be\/fr\/lhiver-dernier-bande-annonce\/\"},\"wordCount\":209,\"publisher\":{\"@id\":\"https:\/\/welovecinema.be\/nl\/#organization\"},\"inLanguage\":\"fr-FR\"},{\"@type\":\"WebPage\",\"@id\":\"https:\/\/welovecinema.be\/fr\/lhiver-dernier-bande-annonce\/\",\"url\":\"https:\/\/welovecinema.be\/fr\/lhiver-dernier-bande-annonce\/\",\"name\":\"L'Hiver Dernier - Bande annonce - We Love Cinema\",\"isPartOf\":{\"@id\":\"https:\/\/welovecinema.be\/nl\/#website\"},\"datePublished\":\"2012-02-16T12:32:33+00:00\",\"dateModified\":\"2012-02-15T09:35:46+00:00\",\"breadcrumb\":{\"@id\":\"https:\/\/welovecinema.be\/fr\/lhiver-dernier-bande-annonce\/#breadcrumb\"},\"inLanguage\":\"fr-FR\",\"potentialAction\":[{\"@type\":\"ReadAction\",\"target\":[\"https:\/\/welovecinema.be\/fr\/lhiver-dernier-bande-annonce\/\"]}]},{\"@type\":\"BreadcrumbList\",\"@id\":\"https:\/\/welovecinema.be\/fr\/lhiver-dernier-bande-annonce\/#breadcrumb\",\"itemListElement\":[{\"@type\":\"ListItem\",\"position\":1,\"name\":\"Accueil\",\"item\":\"https:\/\/welovecinema.be\/fr\/\"},{\"@type\":\"ListItem\",\"position\":2,\"name\":\"L&rsquo;Hiver Dernier &#8211; Bande annonce\"}]},{\"@type\":\"WebSite\",\"@id\":\"https:\/\/welovecinema.be\/nl\/#website\",\"url\":\"https:\/\/welovecinema.be\/nl\/\",\"name\":\"We Love Cinema\",\"description\":\"Toute l\u2019information du cin\u00e9ma en Belgique\",\"publisher\":{\"@id\":\"https:\/\/welovecinema.be\/nl\/#organization\"},\"potentialAction\":[{\"@type\":\"SearchAction\",\"target\":{\"@type\":\"EntryPoint\",\"urlTemplate\":\"https:\/\/welovecinema.be\/nl\/?s={search_term_string}\"},\"query-input\":\"required name=search_term_string\"}],\"inLanguage\":\"fr-FR\"},{\"@type\":\"Organization\",\"@id\":\"https:\/\/welovecinema.be\/nl\/#organization\",\"name\":\"We Love Cinema\",\"url\":\"https:\/\/welovecinema.be\/nl\/\",\"logo\":{\"@type\":\"ImageObject\",\"inLanguage\":\"fr-FR\",\"@id\":\"https:\/\/welovecinema.be\/nl\/#\/schema\/logo\/image\/\",\"url\":\"https:\/\/welovecinema.be\/wp-content\/uploads\/sites\/2\/2023\/03\/Logo-We-Love-Cinema305x128.jpg\",\"contentUrl\":\"https:\/\/welovecinema.be\/wp-content\/uploads\/sites\/2\/2023\/03\/Logo-We-Love-Cinema305x128.jpg\",\"width\":305,\"height\":128,\"caption\":\"We Love Cinema\"},\"image\":{\"@id\":\"https:\/\/welovecinema.be\/nl\/#\/schema\/logo\/image\/\"},\"sameAs\":[\"https:\/\/www.facebook.com\/welovecinema.be\",\"https:\/\/www.youtube.com\/channel\/UCX5LYGVhnKvYauW4Nta4HJA\",\"https:\/\/www.instagram.com\/welovecinema.be\/\"]},{\"@type\":\"Person\",\"@id\":\"https:\/\/welovecinema.be\/nl\/#\/schema\/person\/4b9b1d857f0943453a38a7c2859ef756\",\"name\":\"Philippe.Pierquin\",\"url\":\"https:\/\/welovecinema.be\/fr\/author\/philippe-pierquin\/\"}]}<\/script>\n<!-- \/ Yoast SEO plugin. -->","yoast_head_json":{"title":"L'Hiver Dernier - Bande annonce - We Love Cinema","robots":{"index":"index","follow":"follow","max-snippet":"max-snippet:-1","max-image-preview":"max-image-preview:large","max-video-preview":"max-video-preview:-1"},"canonical":"https:\/\/welovecinema.be\/fr\/lhiver-dernier-bande-annonce\/","og_locale":"fr_FR","og_type":"article","og_title":"L'Hiver Dernier - Bande annonce - We Love Cinema","og_description":"L\u2019Hiver dernier est le premier long m\u00e9trage de\u00a0John R. G. Shank. John est n\u00e9 en 1977, aux \u00c9tats-Unis, mais il a fait de la Belgique son pays d\u2019adoption depuis qu\u2019il a int\u00e9gr\u00e9 en 96, l\u2019Institut des Arts de Diffusion \u00e0 Bruxelles. Il travaille aujourd\u2019hui chez nous et jouit d\u2019ailleurs de la double nationalit\u00e9. Pour son &hellip;","og_url":"https:\/\/welovecinema.be\/fr\/lhiver-dernier-bande-annonce\/","og_site_name":"We Love Cinema","article_publisher":"https:\/\/www.facebook.com\/welovecinema.be","article_published_time":"2012-02-16T12:32:33+00:00","article_modified_time":"2012-02-15T09:35:46+00:00","og_image":[{"width":"1175","height":"500","url":"https:\/\/welovecinema.be\/wp-content\/uploads\/sites\/2\/2012\/02\/l_hiver_dernier-37.jpg","type":"image\/jpeg"}],"author":"Philippe.Pierquin","twitter_card":"summary_large_image","twitter_misc":{"\u00c9crit par":"Philippe.Pierquin","Dur\u00e9e de lecture estim\u00e9e":"1 minute"},"schema":{"@context":"https:\/\/schema.org","@graph":[{"@type":"Article","@id":"https:\/\/welovecinema.be\/fr\/lhiver-dernier-bande-annonce\/#article","isPartOf":{"@id":"https:\/\/welovecinema.be\/fr\/lhiver-dernier-bande-annonce\/"},"author":{"name":"Philippe.Pierquin","@id":"https:\/\/welovecinema.be\/nl\/#\/schema\/person\/4b9b1d857f0943453a38a7c2859ef756"},"headline":"L&rsquo;Hiver Dernier &#8211; Bande annonce","datePublished":"2012-02-16T12:32:33+00:00","dateModified":"2012-02-15T09:35:46+00:00","mainEntityOfPage":{"@id":"https:\/\/welovecinema.be\/fr\/lhiver-dernier-bande-annonce\/"},"wordCount":209,"publisher":{"@id":"https:\/\/welovecinema.be\/nl\/#organization"},"inLanguage":"fr-FR"},{"@type":"WebPage","@id":"https:\/\/welovecinema.be\/fr\/lhiver-dernier-bande-annonce\/","url":"https:\/\/welovecinema.be\/fr\/lhiver-dernier-bande-annonce\/","name":"L'Hiver Dernier - Bande annonce - We Love Cinema","isPartOf":{"@id":"https:\/\/welovecinema.be\/nl\/#website"},"datePublished":"2012-02-16T12:32:33+00:00","dateModified":"2012-02-15T09:35:46+00:00","breadcrumb":{"@id":"https:\/\/welovecinema.be\/fr\/lhiver-dernier-bande-annonce\/#breadcrumb"},"inLanguage":"fr-FR","potentialAction":[{"@type":"ReadAction","target":["https:\/\/welovecinema.be\/fr\/lhiver-dernier-bande-annonce\/"]}]},{"@type":"BreadcrumbList","@id":"https:\/\/welovecinema.be\/fr\/lhiver-dernier-bande-annonce\/#breadcrumb","itemListElement":[{"@type":"ListItem","position":1,"name":"Accueil","item":"https:\/\/welovecinema.be\/fr\/"},{"@type":"ListItem","position":2,"name":"L&rsquo;Hiver Dernier &#8211; Bande annonce"}]},{"@type":"WebSite","@id":"https:\/\/welovecinema.be\/nl\/#website","url":"https:\/\/welovecinema.be\/nl\/","name":"We Love Cinema","description":"Toute l\u2019information du cin\u00e9ma en Belgique","publisher":{"@id":"https:\/\/welovecinema.be\/nl\/#organization"},"potentialAction":[{"@type":"SearchAction","target":{"@type":"EntryPoint","urlTemplate":"https:\/\/welovecinema.be\/nl\/?s={search_term_string}"},"query-input":"required name=search_term_string"}],"inLanguage":"fr-FR"},{"@type":"Organization","@id":"https:\/\/welovecinema.be\/nl\/#organization","name":"We Love Cinema","url":"https:\/\/welovecinema.be\/nl\/","logo":{"@type":"ImageObject","inLanguage":"fr-FR","@id":"https:\/\/welovecinema.be\/nl\/#\/schema\/logo\/image\/","url":"https:\/\/welovecinema.be\/wp-content\/uploads\/sites\/2\/2023\/03\/Logo-We-Love-Cinema305x128.jpg","contentUrl":"https:\/\/welovecinema.be\/wp-content\/uploads\/sites\/2\/2023\/03\/Logo-We-Love-Cinema305x128.jpg","width":305,"height":128,"caption":"We Love Cinema"},"image":{"@id":"https:\/\/welovecinema.be\/nl\/#\/schema\/logo\/image\/"},"sameAs":["https:\/\/www.facebook.com\/welovecinema.be","https:\/\/www.youtube.com\/channel\/UCX5LYGVhnKvYauW4Nta4HJA","https:\/\/www.instagram.com\/welovecinema.be\/"]},{"@type":"Person","@id":"https:\/\/welovecinema.be\/nl\/#\/schema\/person\/4b9b1d857f0943453a38a7c2859ef756","name":"Philippe.Pierquin","url":"https:\/\/welovecinema.be\/fr\/author\/philippe-pierquin\/"}]}},"_links":{"self":[{"href":"https:\/\/welovecinema.be\/fr\/wp-json\/wp\/v2\/posts\/16328","targetHints":{"allow":["GET"]}}],"collection":[{"href":"https:\/\/welovecinema.be\/fr\/wp-json\/wp\/v2\/posts"}],"about":[{"href":"https:\/\/welovecinema.be\/fr\/wp-json\/wp\/v2\/types\/post"}],"author":[{"embeddable":true,"href":"https:\/\/welovecinema.be\/fr\/wp-json\/wp\/v2\/users\/7"}],"replies":[{"embeddable":true,"href":"https:\/\/welovecinema.be\/fr\/wp-json\/wp\/v2\/comments?post=16328"}],"version-history":[{"count":0,"href":"https:\/\/welovecinema.be\/fr\/wp-json\/wp\/v2\/posts\/16328\/revisions"}],"wp:featuredmedia":[{"embeddable":true,"href":"https:\/\/welovecinema.be\/fr\/wp-json\/wp\/v2\/media\/16330"}],"wp:attachment":[{"href":"https:\/\/welovecinema.be\/fr\/wp-json\/wp\/v2\/media?parent=16328"}],"wp:term":[{"taxonomy":"category","embeddable":true,"href":"https:\/\/welovecinema.be\/fr\/wp-json\/wp\/v2\/categories?post=16328"},{"taxonomy":"post_tag","embeddable":true,"href":"https:\/\/welovecinema.be\/fr\/wp-json\/wp\/v2\/tags?post=16328"}],"curies":[{"name":"wp","href":"https:\/\/api.w.org\/{rel}","templated":true}]}}