{"id":16192,"date":"2012-02-16T07:34:39","date_gmt":"2012-02-16T07:34:39","guid":{"rendered":"http:\/\/www.cinevox.be\/?p=16192"},"modified":"2012-02-19T12:51:50","modified_gmt":"2012-02-19T12:51:50","slug":"traveling-bruxelles-rennes-capitale-de-la-belgique","status":"publish","type":"post","link":"https:\/\/welovecinema.be\/fr\/traveling-bruxelles-rennes-capitale-de-la-belgique\/","title":{"rendered":"Travelling Bruxelles <br> Rennes, capitale de la Belgique"},"content":{"rendered":"<p>Mais o\u00f9 \u00e9taient donc toutes nos stars ces sept\u00a0derniers\u00a0jours? \u00a0Ni \u00e0 Bruxelles, ni \u00e0 Bougnies, ni \u00e0 Tournai, ni \u00e0 Habay-la-Vieille. Mais \u00e0 Rennes pour participer \u00a0au festival Travelling qui a r\u00e9ussi un v\u00e9ritable carton d&rsquo;audience. Ce mardi, un tas de s\u00e9ances ont m\u00eame \u00e9t\u00e9 ajout\u00e9es pour faire face \u00e0 la demande. Qui a dit que le cin\u00e9ma belge ne s&rsquo;exportait pas? Ou alors en festival devant des jurys conditionn\u00e9s. Le cin\u00e9ma belge pla\u00eet au public. Encore faut-il aller voir ces films formidables&#8230;<\/p>\n<p>Maryline Laurin, notre correspondante marseillaise en Bretagne\u00a0nous\u00a0a envoy\u00e9 quelques photos assorties de commentaires, que\u00a0nous\u00a0avons\u00a0compl\u00e9t\u00e9es avec quelques-unes des photographies officielles publi\u00e9es sur le site du festival.<\/p>\n<p>&nbsp;<\/p>\n<p><!--more--><\/p>\n<p>&nbsp;<\/p>\n<p><a rel=\"attachment wp-att-16194\" href=\"http:\/\/www.cinevox.be\/traveling-bruxelles-rennes-capitale-de-la-belgique\/2012-02-12-20h55_31\/\"><img loading=\"lazy\" decoding=\"async\" class=\"aligncenter size-full wp-image-16194\" title=\"2012-02-12 20h55_31\" src=\"http:\/\/www.cinevox.be\/wp-content\/uploads\/sites\/2\/2012\/02\/2012-02-12-20h55_31.png\" alt=\"\" width=\"591\" height=\"388\" srcset=\"https:\/\/welovecinema.be\/wp-content\/uploads\/sites\/2\/2012\/02\/2012-02-12-20h55_31.png 591w, https:\/\/welovecinema.be\/wp-content\/uploads\/sites\/2\/2012\/02\/2012-02-12-20h55_31-411x270.png 411w\" sizes=\"auto, (max-width: 591px) 100vw, 591px\" \/><\/a><\/p>\n<p style=\"text-align: right;\"><em>[Photo Gw\u00e9nael Saliou]<\/em><\/p>\n<p><em><br \/>\n<\/em><\/p>\n<p><a rel=\"attachment wp-att-16193\" href=\"http:\/\/www.cinevox.be\/traveling-bruxelles-rennes-capitale-de-la-belgique\/traveling-fee\/\"><img loading=\"lazy\" decoding=\"async\" class=\"alignright size-medium wp-image-16193\" title=\"traveling f\u00e9e\" src=\"http:\/\/www.cinevox.be\/wp-content\/uploads\/sites\/2\/2012\/02\/traveling-f\u00e9e-480x270.jpg\" alt=\"\" width=\"480\" height=\"270\" srcset=\"https:\/\/welovecinema.be\/wp-content\/uploads\/sites\/2\/2012\/02\/traveling-f\u00e9e-480x270.jpg 480w, https:\/\/welovecinema.be\/wp-content\/uploads\/sites\/2\/2012\/02\/traveling-f\u00e9e-200x113.jpg 200w, https:\/\/welovecinema.be\/wp-content\/uploads\/sites\/2\/2012\/02\/traveling-f\u00e9e-800x449.jpg 800w, https:\/\/welovecinema.be\/wp-content\/uploads\/sites\/2\/2012\/02\/traveling-f\u00e9e-300x169.jpg 300w, https:\/\/welovecinema.be\/wp-content\/uploads\/sites\/2\/2012\/02\/traveling-f\u00e9e-620x350.jpg 620w\" sizes=\"auto, (max-width: 480px) 100vw, 480px\" \/><\/a><\/p>\n<p>\u00a0\u00bb le BUZZ du festival Travelling Bruxelles: Abel et Gordon.<br \/>\nPour la le\u00e7on de cin\u00e9ma du duo accompagn\u00e9 de leur ami Normand Bruno Romy, il a fallu refuser du monde &#8230; Les enfants qui sortaient de la projection de \u00ab\u00a0La f\u00e9e\u00a0\u00bb(complet) \u00e9taient tout aussi enthousiastes que leurs parents; et avec une gaufre en plus , c&rsquo;\u00e9tait un bon dimanche !\u00a0\u00bb<br \/>\nDevant l&rsquo;engouement du public rennais et le nombre de personnes refus\u00e9es des projections d&rsquo;Abel et Gordon , des s\u00e9ances suppl\u00e9mentaires de \u00ab\u00a0Rumba\u00a0\u00bb et de \u00ab\u00a0La f\u00e9e\u00a0\u00bb ont \u00e9t\u00e9 programm\u00e9.<\/p>\n<p>&nbsp;<\/p>\n<p><a rel=\"attachment wp-att-16433\" href=\"http:\/\/www.cinevox.be\/traveling-bruxelles-rennes-capitale-de-la-belgique\/abel-et-gordon-conference-de-presse-2-1\/\"><img loading=\"lazy\" decoding=\"async\" class=\"aligncenter size-full wp-image-16433\" title=\"Abel et Gordon Conference de presse 2 (1)\" src=\"http:\/\/www.cinevox.be\/wp-content\/uploads\/sites\/2\/2012\/02\/Abel-et-Gordon-Conference-de-presse-2-1.jpg\" alt=\"\" width=\"1000\" height=\"607\" srcset=\"https:\/\/welovecinema.be\/wp-content\/uploads\/sites\/2\/2012\/02\/Abel-et-Gordon-Conference-de-presse-2-1.jpg 1000w, https:\/\/welovecinema.be\/wp-content\/uploads\/sites\/2\/2012\/02\/Abel-et-Gordon-Conference-de-presse-2-1-444x270.jpg 444w, https:\/\/welovecinema.be\/wp-content\/uploads\/sites\/2\/2012\/02\/Abel-et-Gordon-Conference-de-presse-2-1-800x485.jpg 800w\" sizes=\"auto, (max-width: 1000px) 100vw, 1000px\" \/><\/a><\/p>\n<p>&nbsp;<\/p>\n<p>&nbsp;<\/p>\n<p style=\"text-align: right;\"><a rel=\"attachment wp-att-16202\" href=\"http:\/\/www.cinevox.be\/traveling-bruxelles-rennes-capitale-de-la-belgique\/2012-02-12-20h53_33\/\"><img loading=\"lazy\" decoding=\"async\" class=\"aligncenter size-full wp-image-16202\" title=\"2012-02-12 20h53_33\" src=\"http:\/\/www.cinevox.be\/wp-content\/uploads\/sites\/2\/2012\/02\/2012-02-12-20h53_33.png\" alt=\"\" width=\"587\" height=\"329\" srcset=\"https:\/\/welovecinema.be\/wp-content\/uploads\/sites\/2\/2012\/02\/2012-02-12-20h53_33.png 587w, https:\/\/welovecinema.be\/wp-content\/uploads\/sites\/2\/2012\/02\/2012-02-12-20h53_33-200x113.png 200w, https:\/\/welovecinema.be\/wp-content\/uploads\/sites\/2\/2012\/02\/2012-02-12-20h53_33-480x270.png 480w, https:\/\/welovecinema.be\/wp-content\/uploads\/sites\/2\/2012\/02\/2012-02-12-20h53_33-300x169.png 300w\" sizes=\"auto, (max-width: 587px) 100vw, 587px\" \/><\/a><em>[Photo Gw\u00e9nael Saliou]<\/em><\/p>\n<p style=\"text-align: left;\">La Belgique, c&rsquo;est aussi le rock et la pop qui font bon m\u00e9nage avec le cin\u00e9ma. ici, la merveilleuse <strong>An Pierl\u00e9<\/strong> qui signa nagu\u00e8re la musique d&rsquo;<em>Eldorado. <\/em><\/p>\n<p>&nbsp;<\/p>\n<p><a rel=\"attachment wp-att-16197\" href=\"http:\/\/www.cinevox.be\/traveling-bruxelles-rennes-capitale-de-la-belgique\/2012-02-12-20h53_49-2\/\"><img loading=\"lazy\" decoding=\"async\" class=\"aligncenter size-full wp-image-16197\" title=\"2012-02-12 20h53_49\" src=\"http:\/\/www.cinevox.be\/wp-content\/uploads\/sites\/2\/2012\/02\/2012-02-12-20h53_491.png\" alt=\"\" width=\"628\" height=\"417\" srcset=\"https:\/\/welovecinema.be\/wp-content\/uploads\/sites\/2\/2012\/02\/2012-02-12-20h53_491.png 628w, https:\/\/welovecinema.be\/wp-content\/uploads\/sites\/2\/2012\/02\/2012-02-12-20h53_491-406x270.png 406w\" sizes=\"auto, (max-width: 628px) 100vw, 628px\" \/><\/a><\/p>\n<p style=\"text-align: right;\"><em>[Photo Gw\u00e9nael Saliou]<\/em><\/p>\n<p style=\"text-align: right;\"><em><br \/>\n<\/em><\/p>\n<p><a rel=\"attachment wp-att-16195\" href=\"http:\/\/www.cinevox.be\/traveling-bruxelles-rennes-capitale-de-la-belgique\/jaco-van-dormel\/\"><img loading=\"lazy\" decoding=\"async\" class=\"alignleft size-medium wp-image-16195\" title=\"Jaco Van Dormel\" src=\"http:\/\/www.cinevox.be\/wp-content\/uploads\/sites\/2\/2012\/02\/Jaco-Van-Dormel-371x270.jpg\" alt=\"\" width=\"371\" height=\"270\" srcset=\"https:\/\/welovecinema.be\/wp-content\/uploads\/sites\/2\/2012\/02\/Jaco-Van-Dormel-371x270.jpg 371w, https:\/\/welovecinema.be\/wp-content\/uploads\/sites\/2\/2012\/02\/Jaco-Van-Dormel-800x581.jpg 800w, https:\/\/welovecinema.be\/wp-content\/uploads\/sites\/2\/2012\/02\/Jaco-Van-Dormel.jpg 1456w\" sizes=\"auto, (max-width: 371px) 100vw, 371px\" \/><\/a><\/p>\n<p>\u00ab\u00a0Toto&#8230;\u00a0\u00bb au coll\u00e8ge ! \u00a0Jaco Van Dormael apr\u00e8s la projection de son film \u00ab\u00a0Toto le h\u00e9ros\u00a0\u00bb a rencontr\u00e9 les professeurs inclus dans le dispositif \u00a0\u00bb Coll\u00e8ge au cin\u00e9ma\u00a0\u00bb . \u00a0 \u00a0Les ann\u00e9es pass\u00e9es n&rsquo;ont rien enlev\u00e9 \u00e0 la magie de ce film parfait qui a suscit\u00e9 un foisonnement de questions auxquelles Jaco Van Darmael a r\u00e9pondu consciencieusement et avec sympathie.<\/p>\n<p>\u00c0 Rennes les fronti\u00e8res de lieux et de genres tombent. Tout se m\u00e9lange pour ne plus faire qu&rsquo;un cin\u00e9ma belge \u00e9mergeant o\u00f9 foisonnent les talents!<\/p>\n<p>&nbsp;<\/p>\n<p>&nbsp;<\/p>\n<p>&nbsp;<\/p>\n<p style=\"text-align: right;\"><a rel=\"attachment wp-att-16203\" href=\"http:\/\/www.cinevox.be\/traveling-bruxelles-rennes-capitale-de-la-belgique\/2012-02-12-20h55_10\/\"><img loading=\"lazy\" decoding=\"async\" class=\"aligncenter size-full wp-image-16203\" title=\"2012-02-12 20h55_10\" src=\"http:\/\/www.cinevox.be\/wp-content\/uploads\/sites\/2\/2012\/02\/2012-02-12-20h55_10.png\" alt=\"\" width=\"589\" height=\"391\" srcset=\"https:\/\/welovecinema.be\/wp-content\/uploads\/sites\/2\/2012\/02\/2012-02-12-20h55_10.png 589w, https:\/\/welovecinema.be\/wp-content\/uploads\/sites\/2\/2012\/02\/2012-02-12-20h55_10-406x270.png 406w\" sizes=\"auto, (max-width: 589px) 100vw, 589px\" \/><\/a><em>[Photo Gw\u00e9nael Saliou]<\/em><\/p>\n<p>Pic Pic Andr\u00e9 \u00e0\u00a0Rennes. <strong>Aubier<\/strong> et <strong>Patar <\/strong>(sur lesquels nous reviendrons demain sur ce site) \u00e9taient en Bretagne pour une le\u00e7on de cin\u00e9ma. Forc\u00e9ment inimitable.<\/p>\n<p>&nbsp;<\/p>\n<p>&nbsp;<\/p>\n<p><a rel=\"attachment wp-att-16198\" href=\"http:\/\/www.cinevox.be\/traveling-bruxelles-rennes-capitale-de-la-belgique\/dsc00493\/\"><img loading=\"lazy\" decoding=\"async\" class=\"aligncenter size-full wp-image-16198\" title=\"DSC00493\" src=\"http:\/\/www.cinevox.be\/wp-content\/uploads\/sites\/2\/2012\/02\/DSC00493.jpg\" alt=\"\" width=\"4000\" height=\"2248\" srcset=\"https:\/\/welovecinema.be\/wp-content\/uploads\/sites\/2\/2012\/02\/DSC00493.jpg 4000w, https:\/\/welovecinema.be\/wp-content\/uploads\/sites\/2\/2012\/02\/DSC00493-200x113.jpg 200w, https:\/\/welovecinema.be\/wp-content\/uploads\/sites\/2\/2012\/02\/DSC00493-480x270.jpg 480w, https:\/\/welovecinema.be\/wp-content\/uploads\/sites\/2\/2012\/02\/DSC00493-800x449.jpg 800w, https:\/\/welovecinema.be\/wp-content\/uploads\/sites\/2\/2012\/02\/DSC00493-300x169.jpg 300w\" sizes=\"auto, (max-width: 4000px) 100vw, 4000px\" \/><\/a><\/p>\n<p>&nbsp;<\/p>\n<p>\u00c0 la m\u00eame table, le d\u00e9jant\u00e9 J\u00e9r\u00f4me Lemaire r\u00e9alisateur du film \u00ab\u00a0Le Grand Tour\u00a0\u00bb, Philippe Kauffman son producteur (\u00ab\u00a0La Parti production\u00a0\u00bb), l&rsquo;inclassable Boris Lehman parlant \u00e0 l&rsquo;incontournable Louis H\u00e9liot conseiller cin\u00e9ma Centre Wallonie Bruxelles \u00e0 Paris . Le public a pu rencontrer chacun d&rsquo;eux au cours des nombreuses pr\u00e9sentations de leurs films et d\u00e9bats .<\/p>\n<p>&nbsp;<\/p>\n<p>&nbsp;<\/p>\n<p style=\"text-align: right;\"><a rel=\"attachment wp-att-16205\" href=\"http:\/\/www.cinevox.be\/traveling-bruxelles-rennes-capitale-de-la-belgique\/2012-02-12-20h55_52\/\"><img loading=\"lazy\" decoding=\"async\" class=\"aligncenter size-full wp-image-16205\" title=\"2012-02-12 20h55_52\" src=\"http:\/\/www.cinevox.be\/wp-content\/uploads\/sites\/2\/2012\/02\/2012-02-12-20h55_52.png\" alt=\"\" width=\"595\" height=\"390\" srcset=\"https:\/\/welovecinema.be\/wp-content\/uploads\/sites\/2\/2012\/02\/2012-02-12-20h55_52.png 595w, https:\/\/welovecinema.be\/wp-content\/uploads\/sites\/2\/2012\/02\/2012-02-12-20h55_52-411x270.png 411w\" sizes=\"auto, (max-width: 595px) 100vw, 595px\" \/><\/a><em>[Photo Gw\u00e9nael Saliou]<\/em><\/p>\n<p>Les entarteurs anarcho-syndicalistes belges \u00e9taient en direct sur Canal B, dans l&rsquo;\u00e9mission 90B. Ils se sont ensuite livr\u00e9 \u00e0 un happening anti-capitaliste d\u00e9jant\u00e9. On reconnait notamment Noel Godin et Jan Bucquoy,\u00a0plus\u00a0explicite sur la photo ci-dessous.<\/p>\n<p>A noter que Noel Godin a fait un tabac incroyable en rencontrant le public local qui, \u00e0 l&rsquo;issue de la s\u00e9ance, n&rsquo;entendait pas du tout le laisser partir.<\/p>\n<p>&nbsp;<\/p>\n<p><a rel=\"attachment wp-att-16223\" href=\"http:\/\/www.cinevox.be\/traveling-bruxelles-rennes-capitale-de-la-belgique\/2012-02-12-20h56_30\/\"><img loading=\"lazy\" decoding=\"async\" class=\"aligncenter size-full wp-image-16223\" title=\"2012-02-12 20h56_30\" src=\"http:\/\/www.cinevox.be\/wp-content\/uploads\/sites\/2\/2012\/02\/2012-02-12-20h56_30.png\" alt=\"\" width=\"393\" height=\"582\" srcset=\"https:\/\/welovecinema.be\/wp-content\/uploads\/sites\/2\/2012\/02\/2012-02-12-20h56_30.png 393w, https:\/\/welovecinema.be\/wp-content\/uploads\/sites\/2\/2012\/02\/2012-02-12-20h56_30-182x270.png 182w, https:\/\/welovecinema.be\/wp-content\/uploads\/sites\/2\/2012\/02\/2012-02-12-20h56_30-145x215.png 145w\" sizes=\"auto, (max-width: 393px) 100vw, 393px\" \/><\/a> [Photo Gw\u00e9nael Saliou]\n<p>&nbsp;<\/p>\n<p><a rel=\"attachment wp-att-16426\" href=\"http:\/\/www.cinevox.be\/traveling-bruxelles-rennes-capitale-de-la-belgique\/geoffrey-einthoven-2\/\"><img loading=\"lazy\" decoding=\"async\" class=\"alignleft size-large wp-image-16426\" title=\"Geoffrey Einthoven 2\" src=\"http:\/\/www.cinevox.be\/wp-content\/uploads\/sites\/2\/2012\/02\/Geoffrey-Einthoven-2-337x600.jpg\" alt=\"\" width=\"236\" height=\"420\" srcset=\"https:\/\/welovecinema.be\/wp-content\/uploads\/sites\/2\/2012\/02\/Geoffrey-Einthoven-2-337x600.jpg 337w, https:\/\/welovecinema.be\/wp-content\/uploads\/sites\/2\/2012\/02\/Geoffrey-Einthoven-2-151x270.jpg 151w\" sizes=\"auto, (max-width: 236px) 100vw, 236px\" \/><\/a>Geoffrey Einthoven rencontre son public. \u00a0A l&rsquo;issue de la projection, le d\u00e9bat se poursuit encore, avec entre autres des questions sur la n\u00e9cessit\u00e9 ou non de ne pas \u00a0avoir montr\u00e9 des sc\u00e8nes de sexe dans le film. Il est certain que le public rennais qui a pl\u00e9biscit\u00e9 le film va faire fonctionner le bouche \u00e0 oreille pour que \u201cHasta la vista\u201d soit bien accueilli lors de son imminente sortie en France le 7 mars.<\/p>\n<p style=\"text-align: -webkit-auto;\">(Toutes les photos non cr\u00e9dit\u00e9es, dont celle-ci, sont sign\u00e9es par Maryline Laurin)<\/p>\n","protected":false},"excerpt":{"rendered":"<p>Mais o\u00f9 \u00e9taient donc toutes nos stars ces sept\u00a0derniers\u00a0jours? \u00a0Ni \u00e0 Bruxelles, ni \u00e0 Bougnies, ni \u00e0 Tournai, ni \u00e0 Habay-la-Vieille. Mais \u00e0 Rennes pour participer \u00a0au festival Travelling qui a r\u00e9ussi un v\u00e9ritable carton d&rsquo;audience. Ce mardi, un tas de s\u00e9ances ont m\u00eame \u00e9t\u00e9 ajout\u00e9es pour faire face \u00e0 la demande. Qui a dit &hellip;<\/p>\n","protected":false},"author":7,"featured_media":16357,"comment_status":"closed","ping_status":"closed","sticky":false,"template":"","format":"standard","meta":{"ngg_post_thumbnail":0,"footnotes":""},"categories":[1923,7],"tags":[],"class_list":["post-16192","post","type-post","status-publish","format-standard","has-post-thumbnail","","category-en-bref","category-actualites"],"yoast_head":"<!-- This site is optimized with the Yoast SEO plugin v20.4 - https:\/\/yoast.com\/wordpress\/plugins\/seo\/ -->\n<title>Travelling Bruxelles  Rennes, capitale de la Belgique - We Love Cinema<\/title>\n<meta name=\"robots\" content=\"index, follow, max-snippet:-1, max-image-preview:large, max-video-preview:-1\" \/>\n<link rel=\"canonical\" href=\"https:\/\/welovecinema.be\/fr\/traveling-bruxelles-rennes-capitale-de-la-belgique\/\" \/>\n<meta property=\"og:locale\" content=\"fr_FR\" \/>\n<meta property=\"og:type\" content=\"article\" \/>\n<meta property=\"og:title\" content=\"Travelling Bruxelles  Rennes, capitale de la Belgique - We Love Cinema\" \/>\n<meta property=\"og:description\" content=\"Mais o\u00f9 \u00e9taient donc toutes nos stars ces sept\u00a0derniers\u00a0jours? \u00a0Ni \u00e0 Bruxelles, ni \u00e0 Bougnies, ni \u00e0 Tournai, ni \u00e0 Habay-la-Vieille. Mais \u00e0 Rennes pour participer \u00a0au festival Travelling qui a r\u00e9ussi un v\u00e9ritable carton d&rsquo;audience. Ce mardi, un tas de s\u00e9ances ont m\u00eame \u00e9t\u00e9 ajout\u00e9es pour faire face \u00e0 la demande. Qui a dit &hellip;\" \/>\n<meta property=\"og:url\" content=\"https:\/\/welovecinema.be\/fr\/traveling-bruxelles-rennes-capitale-de-la-belgique\/\" \/>\n<meta property=\"og:site_name\" content=\"We Love Cinema\" \/>\n<meta property=\"article:publisher\" content=\"https:\/\/www.facebook.com\/welovecinema.be\" \/>\n<meta property=\"article:published_time\" content=\"2012-02-16T07:34:39+00:00\" \/>\n<meta property=\"article:modified_time\" content=\"2012-02-19T12:51:50+00:00\" \/>\n<meta property=\"og:image\" content=\"https:\/\/welovecinema.be\/wp-content\/uploads\/sites\/2\/2012\/02\/invites2012.jpg\" \/>\n\t<meta property=\"og:image:width\" content=\"1030\" \/>\n\t<meta property=\"og:image:height\" content=\"600\" \/>\n\t<meta property=\"og:image:type\" content=\"image\/jpeg\" \/>\n<meta name=\"author\" content=\"Philippe.Pierquin\" \/>\n<meta name=\"twitter:card\" content=\"summary_large_image\" \/>\n<meta name=\"twitter:label1\" content=\"\u00c9crit par\" \/>\n\t<meta name=\"twitter:data1\" content=\"Philippe.Pierquin\" \/>\n\t<meta name=\"twitter:label2\" content=\"Dur\u00e9e de lecture estim\u00e9e\" \/>\n\t<meta name=\"twitter:data2\" content=\"3 minutes\" \/>\n<script type=\"application\/ld+json\" class=\"yoast-schema-graph\">{\"@context\":\"https:\/\/schema.org\",\"@graph\":[{\"@type\":\"Article\",\"@id\":\"https:\/\/welovecinema.be\/fr\/traveling-bruxelles-rennes-capitale-de-la-belgique\/#article\",\"isPartOf\":{\"@id\":\"https:\/\/welovecinema.be\/fr\/traveling-bruxelles-rennes-capitale-de-la-belgique\/\"},\"author\":{\"name\":\"Philippe.Pierquin\",\"@id\":\"https:\/\/welovecinema.be\/nl\/#\/schema\/person\/4b9b1d857f0943453a38a7c2859ef756\"},\"headline\":\"Travelling Bruxelles Rennes, capitale de la Belgique\",\"datePublished\":\"2012-02-16T07:34:39+00:00\",\"dateModified\":\"2012-02-19T12:51:50+00:00\",\"mainEntityOfPage\":{\"@id\":\"https:\/\/welovecinema.be\/fr\/traveling-bruxelles-rennes-capitale-de-la-belgique\/\"},\"wordCount\":639,\"publisher\":{\"@id\":\"https:\/\/welovecinema.be\/nl\/#organization\"},\"articleSection\":[\"En bref\",\"News\"],\"inLanguage\":\"fr-FR\"},{\"@type\":\"WebPage\",\"@id\":\"https:\/\/welovecinema.be\/fr\/traveling-bruxelles-rennes-capitale-de-la-belgique\/\",\"url\":\"https:\/\/welovecinema.be\/fr\/traveling-bruxelles-rennes-capitale-de-la-belgique\/\",\"name\":\"Travelling Bruxelles Rennes, capitale de la Belgique - We Love Cinema\",\"isPartOf\":{\"@id\":\"https:\/\/welovecinema.be\/nl\/#website\"},\"datePublished\":\"2012-02-16T07:34:39+00:00\",\"dateModified\":\"2012-02-19T12:51:50+00:00\",\"breadcrumb\":{\"@id\":\"https:\/\/welovecinema.be\/fr\/traveling-bruxelles-rennes-capitale-de-la-belgique\/#breadcrumb\"},\"inLanguage\":\"fr-FR\",\"potentialAction\":[{\"@type\":\"ReadAction\",\"target\":[\"https:\/\/welovecinema.be\/fr\/traveling-bruxelles-rennes-capitale-de-la-belgique\/\"]}]},{\"@type\":\"BreadcrumbList\",\"@id\":\"https:\/\/welovecinema.be\/fr\/traveling-bruxelles-rennes-capitale-de-la-belgique\/#breadcrumb\",\"itemListElement\":[{\"@type\":\"ListItem\",\"position\":1,\"name\":\"Accueil\",\"item\":\"https:\/\/welovecinema.be\/fr\/\"},{\"@type\":\"ListItem\",\"position\":2,\"name\":\"Travelling Bruxelles Rennes, capitale de la Belgique\"}]},{\"@type\":\"WebSite\",\"@id\":\"https:\/\/welovecinema.be\/nl\/#website\",\"url\":\"https:\/\/welovecinema.be\/nl\/\",\"name\":\"We Love Cinema\",\"description\":\"Toute l\u2019information du cin\u00e9ma en Belgique\",\"publisher\":{\"@id\":\"https:\/\/welovecinema.be\/nl\/#organization\"},\"potentialAction\":[{\"@type\":\"SearchAction\",\"target\":{\"@type\":\"EntryPoint\",\"urlTemplate\":\"https:\/\/welovecinema.be\/nl\/?s={search_term_string}\"},\"query-input\":\"required name=search_term_string\"}],\"inLanguage\":\"fr-FR\"},{\"@type\":\"Organization\",\"@id\":\"https:\/\/welovecinema.be\/nl\/#organization\",\"name\":\"We Love Cinema\",\"url\":\"https:\/\/welovecinema.be\/nl\/\",\"logo\":{\"@type\":\"ImageObject\",\"inLanguage\":\"fr-FR\",\"@id\":\"https:\/\/welovecinema.be\/nl\/#\/schema\/logo\/image\/\",\"url\":\"https:\/\/welovecinema.be\/wp-content\/uploads\/sites\/2\/2023\/03\/Logo-We-Love-Cinema305x128.jpg\",\"contentUrl\":\"https:\/\/welovecinema.be\/wp-content\/uploads\/sites\/2\/2023\/03\/Logo-We-Love-Cinema305x128.jpg\",\"width\":305,\"height\":128,\"caption\":\"We Love Cinema\"},\"image\":{\"@id\":\"https:\/\/welovecinema.be\/nl\/#\/schema\/logo\/image\/\"},\"sameAs\":[\"https:\/\/www.facebook.com\/welovecinema.be\",\"https:\/\/www.youtube.com\/channel\/UCX5LYGVhnKvYauW4Nta4HJA\",\"https:\/\/www.instagram.com\/welovecinema.be\/\"]},{\"@type\":\"Person\",\"@id\":\"https:\/\/welovecinema.be\/nl\/#\/schema\/person\/4b9b1d857f0943453a38a7c2859ef756\",\"name\":\"Philippe.Pierquin\",\"url\":\"https:\/\/welovecinema.be\/fr\/author\/philippe-pierquin\/\"}]}<\/script>\n<!-- \/ Yoast SEO plugin. -->","yoast_head_json":{"title":"Travelling Bruxelles  Rennes, capitale de la Belgique - We Love Cinema","robots":{"index":"index","follow":"follow","max-snippet":"max-snippet:-1","max-image-preview":"max-image-preview:large","max-video-preview":"max-video-preview:-1"},"canonical":"https:\/\/welovecinema.be\/fr\/traveling-bruxelles-rennes-capitale-de-la-belgique\/","og_locale":"fr_FR","og_type":"article","og_title":"Travelling Bruxelles  Rennes, capitale de la Belgique - We Love Cinema","og_description":"Mais o\u00f9 \u00e9taient donc toutes nos stars ces sept\u00a0derniers\u00a0jours? \u00a0Ni \u00e0 Bruxelles, ni \u00e0 Bougnies, ni \u00e0 Tournai, ni \u00e0 Habay-la-Vieille. Mais \u00e0 Rennes pour participer \u00a0au festival Travelling qui a r\u00e9ussi un v\u00e9ritable carton d&rsquo;audience. Ce mardi, un tas de s\u00e9ances ont m\u00eame \u00e9t\u00e9 ajout\u00e9es pour faire face \u00e0 la demande. Qui a dit &hellip;","og_url":"https:\/\/welovecinema.be\/fr\/traveling-bruxelles-rennes-capitale-de-la-belgique\/","og_site_name":"We Love Cinema","article_publisher":"https:\/\/www.facebook.com\/welovecinema.be","article_published_time":"2012-02-16T07:34:39+00:00","article_modified_time":"2012-02-19T12:51:50+00:00","og_image":[{"width":"1030","height":"600","url":"https:\/\/welovecinema.be\/wp-content\/uploads\/sites\/2\/2012\/02\/invites2012.jpg","type":"image\/jpeg"}],"author":"Philippe.Pierquin","twitter_card":"summary_large_image","twitter_misc":{"\u00c9crit par":"Philippe.Pierquin","Dur\u00e9e de lecture estim\u00e9e":"3 minutes"},"schema":{"@context":"https:\/\/schema.org","@graph":[{"@type":"Article","@id":"https:\/\/welovecinema.be\/fr\/traveling-bruxelles-rennes-capitale-de-la-belgique\/#article","isPartOf":{"@id":"https:\/\/welovecinema.be\/fr\/traveling-bruxelles-rennes-capitale-de-la-belgique\/"},"author":{"name":"Philippe.Pierquin","@id":"https:\/\/welovecinema.be\/nl\/#\/schema\/person\/4b9b1d857f0943453a38a7c2859ef756"},"headline":"Travelling Bruxelles Rennes, capitale de la Belgique","datePublished":"2012-02-16T07:34:39+00:00","dateModified":"2012-02-19T12:51:50+00:00","mainEntityOfPage":{"@id":"https:\/\/welovecinema.be\/fr\/traveling-bruxelles-rennes-capitale-de-la-belgique\/"},"wordCount":639,"publisher":{"@id":"https:\/\/welovecinema.be\/nl\/#organization"},"articleSection":["En bref","News"],"inLanguage":"fr-FR"},{"@type":"WebPage","@id":"https:\/\/welovecinema.be\/fr\/traveling-bruxelles-rennes-capitale-de-la-belgique\/","url":"https:\/\/welovecinema.be\/fr\/traveling-bruxelles-rennes-capitale-de-la-belgique\/","name":"Travelling Bruxelles Rennes, capitale de la Belgique - We Love Cinema","isPartOf":{"@id":"https:\/\/welovecinema.be\/nl\/#website"},"datePublished":"2012-02-16T07:34:39+00:00","dateModified":"2012-02-19T12:51:50+00:00","breadcrumb":{"@id":"https:\/\/welovecinema.be\/fr\/traveling-bruxelles-rennes-capitale-de-la-belgique\/#breadcrumb"},"inLanguage":"fr-FR","potentialAction":[{"@type":"ReadAction","target":["https:\/\/welovecinema.be\/fr\/traveling-bruxelles-rennes-capitale-de-la-belgique\/"]}]},{"@type":"BreadcrumbList","@id":"https:\/\/welovecinema.be\/fr\/traveling-bruxelles-rennes-capitale-de-la-belgique\/#breadcrumb","itemListElement":[{"@type":"ListItem","position":1,"name":"Accueil","item":"https:\/\/welovecinema.be\/fr\/"},{"@type":"ListItem","position":2,"name":"Travelling Bruxelles Rennes, capitale de la Belgique"}]},{"@type":"WebSite","@id":"https:\/\/welovecinema.be\/nl\/#website","url":"https:\/\/welovecinema.be\/nl\/","name":"We Love Cinema","description":"Toute l\u2019information du cin\u00e9ma en Belgique","publisher":{"@id":"https:\/\/welovecinema.be\/nl\/#organization"},"potentialAction":[{"@type":"SearchAction","target":{"@type":"EntryPoint","urlTemplate":"https:\/\/welovecinema.be\/nl\/?s={search_term_string}"},"query-input":"required name=search_term_string"}],"inLanguage":"fr-FR"},{"@type":"Organization","@id":"https:\/\/welovecinema.be\/nl\/#organization","name":"We Love Cinema","url":"https:\/\/welovecinema.be\/nl\/","logo":{"@type":"ImageObject","inLanguage":"fr-FR","@id":"https:\/\/welovecinema.be\/nl\/#\/schema\/logo\/image\/","url":"https:\/\/welovecinema.be\/wp-content\/uploads\/sites\/2\/2023\/03\/Logo-We-Love-Cinema305x128.jpg","contentUrl":"https:\/\/welovecinema.be\/wp-content\/uploads\/sites\/2\/2023\/03\/Logo-We-Love-Cinema305x128.jpg","width":305,"height":128,"caption":"We Love Cinema"},"image":{"@id":"https:\/\/welovecinema.be\/nl\/#\/schema\/logo\/image\/"},"sameAs":["https:\/\/www.facebook.com\/welovecinema.be","https:\/\/www.youtube.com\/channel\/UCX5LYGVhnKvYauW4Nta4HJA","https:\/\/www.instagram.com\/welovecinema.be\/"]},{"@type":"Person","@id":"https:\/\/welovecinema.be\/nl\/#\/schema\/person\/4b9b1d857f0943453a38a7c2859ef756","name":"Philippe.Pierquin","url":"https:\/\/welovecinema.be\/fr\/author\/philippe-pierquin\/"}]}},"_links":{"self":[{"href":"https:\/\/welovecinema.be\/fr\/wp-json\/wp\/v2\/posts\/16192","targetHints":{"allow":["GET"]}}],"collection":[{"href":"https:\/\/welovecinema.be\/fr\/wp-json\/wp\/v2\/posts"}],"about":[{"href":"https:\/\/welovecinema.be\/fr\/wp-json\/wp\/v2\/types\/post"}],"author":[{"embeddable":true,"href":"https:\/\/welovecinema.be\/fr\/wp-json\/wp\/v2\/users\/7"}],"replies":[{"embeddable":true,"href":"https:\/\/welovecinema.be\/fr\/wp-json\/wp\/v2\/comments?post=16192"}],"version-history":[{"count":0,"href":"https:\/\/welovecinema.be\/fr\/wp-json\/wp\/v2\/posts\/16192\/revisions"}],"wp:featuredmedia":[{"embeddable":true,"href":"https:\/\/welovecinema.be\/fr\/wp-json\/wp\/v2\/media\/16357"}],"wp:attachment":[{"href":"https:\/\/welovecinema.be\/fr\/wp-json\/wp\/v2\/media?parent=16192"}],"wp:term":[{"taxonomy":"category","embeddable":true,"href":"https:\/\/welovecinema.be\/fr\/wp-json\/wp\/v2\/categories?post=16192"},{"taxonomy":"post_tag","embeddable":true,"href":"https:\/\/welovecinema.be\/fr\/wp-json\/wp\/v2\/tags?post=16192"}],"curies":[{"name":"wp","href":"https:\/\/api.w.org\/{rel}","templated":true}]}}