{"id":157,"date":"2011-04-28T14:03:53","date_gmt":"2011-04-28T14:03:53","guid":{"rendered":"http:\/\/voice01.cblue.be\/www.cinevox.be\/?p=157"},"modified":"2022-09-19T14:54:05","modified_gmt":"2022-09-19T12:54:05","slug":"parce-quils-le-valent-bien","status":"publish","type":"post","link":"https:\/\/welovecinema.be\/fr\/parce-quils-le-valent-bien\/","title":{"rendered":"Les fr\u00e8res Dardenne : <br> Parce qu&rsquo;ils le valent bien."},"content":{"rendered":"<p>Un beau jour de mai 1999, les fr\u00e8res <strong>Dardenne<\/strong> sont devenus les porte-drapeaux de notre cin\u00e9ma. Pour la premi\u00e8re fois, sur la Croisette, un film belge remportait une Palme d&rsquo;Or : <em>Rosetta<\/em> entrait dans la l\u00e9gende. Bien s\u00fbr, il y avait eu avant cela un prix d&rsquo;interpr\u00e9tation pour <strong>Pascal Duquenne<\/strong> (partag\u00e9 avec Daniel Auteuil)\u00a0 dans le <em>Huiti\u00e8me Jour<\/em> du Belge <strong>Jaco Van Dormael.<\/strong> Mais la Palme d&rsquo;Or quand m\u00eame (d&rsquo;ailleurs doubl\u00e9e d&rsquo;un prix d&rsquo;interpr\u00e9tation pour <strong>Emilie Dequenne<\/strong>), c&rsquo;\u00e9tait encore autre chose\u2026<!--more--><\/p>\n<p>&nbsp;<\/p>\n<p>Depuis lors, vous le savez, l&rsquo;histoire a b\u00e9gay\u00e9: un prix d&rsquo;interpr\u00e9tation pour <strong>Olivier Gourmet<\/strong> dans <em>Le Fils<\/em>, un prix du sc\u00e9nario pour <em>Le Silence de Lorna<\/em> et entre-temps une deuxi\u00e8me Palme pour <em>L&rsquo;Enfant<\/em>. Avec deux r\u00e9compenses supr\u00eames sur la Croisette, Jean-Pierre et Luc Dardenne se sont hiss\u00e9s parmi l&rsquo;\u00e9lite du cin\u00e9ma mondial puisqu&rsquo;ils ne sont que cinq \u00e0 avoir r\u00e9ussi cet exploit (six si on compte les fr\u00e8res pour deux) : Emir Kusturica (1985 et 1995), les fr\u00e8res Dardenne donc (1999, 2005), Francis Ford Coppola (1974, 1979), Bille August (1988, 1992) et Shohei Imamura (1983, 1997). Impressionnant, non ?<\/p>\n<p>&nbsp;<\/p>\n<p>&nbsp;<\/p>\n<p>Nul n&rsquo;est proph\u00e8te en son pays, l&rsquo;adage se v\u00e9rifie chaque jour, surtout chez nous. Dans le cas des Fr\u00e8res, cette maxime confine \u00e0 la mal\u00e9diction. Bien s\u00fbr, parmi les cin\u00e9philes,<strong> Luc<\/strong> et <strong>Jean-Pierre<\/strong> sont des demi-dieux, mais le grand public les associe trop souvent \u00e0 un certain mis\u00e9rabilisme wallon alors qu&rsquo;ils sont au contraire deux des plus importants cin\u00e9astes de l&rsquo;histoire. Ces hommes tr\u00e8s impliqu\u00e9s socialement n&rsquo;ont pas peur, c&rsquo;est vrai, d&rsquo;ancrer leurs films dans une r\u00e9alit\u00e9 objective. Mais ils la transcendent par une vision originale et une ma\u00eetrise tr\u00e8s personnelle des cadres et du rythme. Ils ont un style c&rsquo;est \u00e9vident et ce style \u00e9volue de film en film; constamment ils se renouvellent, r\u00e9interpr\u00e8tent, r\u00e9inventent.<\/p>\n<p>&nbsp;<\/p>\n<p>Ce style, tr\u00e8s imm\u00e9diatement identifiable, est devenu aujourd&rsquo;hui bien plus qu&rsquo;une marque de fabrique; il est copi\u00e9 un peu partout par des fans, parfois tr\u00e8s renomm\u00e9s, qui ne tarissent pas d&rsquo;\u00e9loges d\u00e8s qu&rsquo;il s&rsquo;agit de parler des Fr\u00e8res. Vous avez vu <em>Black Swan<\/em> ? Et vous avez aim\u00e9? Darren Aronofsky, son r\u00e9alisateur, est tellement fan de <em>Rosetta<\/em> ou du <em>Fils<\/em> qu&rsquo;il n&rsquo;h\u00e9site pas \u00e0 filmer Natalie Portman de dos \u00e0 hauteur de nuque pendant un tr\u00e8s long plan-s\u00e9quence\u2026 r\u00e9plique d&rsquo;une sc\u00e8ne de The Wrestler, son pr\u00e9c\u00e9dent coup de poing, avec Mickey Rourke qui \u00e9tait un long hommage enthousiaste au cin\u00e9ma des Dardenne. David Cronenberg, artiste canadien mythique, s&#8217;emballe quand il \u00e9voque l&rsquo;oeuvre des fr\u00e8res. Et il en va de m\u00eame pour des tas de tr\u00e8s grands r\u00e9alisateurs de tous les pays. Ici, on ne s&rsquo;en rend pas toujours compte, mais les Dardenne sont des r\u00e9f\u00e9rences mondiales.<\/p>\n<p>&nbsp;<\/p>\n<p><a href=\"http:\/\/www.cinevox.be\/parce-quils-le-valent-bien\/renier-dardenne-2\/\" rel=\"attachment wp-att-599\"><img loading=\"lazy\" decoding=\"async\" class=\"alignleft size-medium wp-image-599\" title=\"renier dardenne\" src=\"http:\/\/www.cinevox.be\/wp-content\/uploads\/sites\/2\/2011\/04\/renier-dardenne1-406x270.jpg\" alt=\"\" width=\"406\" height=\"270\" srcset=\"https:\/\/welovecinema.be\/wp-content\/uploads\/sites\/2\/2011\/04\/renier-dardenne1-406x270.jpg 406w, https:\/\/welovecinema.be\/wp-content\/uploads\/sites\/2\/2011\/04\/renier-dardenne1.jpg 591w\" sizes=\"auto, (max-width: 406px) 100vw, 406px\" \/><\/a>Jean-Pierre et Luc ont un autre don: celui de d\u00e9nicher, et de r\u00e9v\u00e9ler des talents qui s&rsquo;affirmeront ensuite\u00a0 dans l&rsquo;univers du cin\u00e9ma. Avant <em>La Promesse<\/em>, on connaissait peu <strong>Olivier Gourmet<\/strong>. Avant <em>Rosetta<\/em>, personne n&rsquo;avait jamais entendu parler d&rsquo;<strong>\u00c9milie Dequenne<\/strong>. <strong>J\u00e9r\u00e9mie Renier<\/strong> qui est\u00a0 en train de tourner le biopic consacr\u00e9 \u00e0 <em>Cloclo <\/em>est le rejeton pr\u00e9f\u00e9r\u00e9 des fr\u00e8res, souvent pr\u00e9sent dans leurs films. Et \u00e0 ses c\u00f4t\u00e9s, dans <em>L&rsquo;Enfant<\/em>, a \u00e9t\u00e9 d\u00e9couverte <strong>D\u00e9borah Fran\u00e7ois,<\/strong> aujourd&rsquo;hui une vedette sur qui se construisent des projets ambitieux. Quant au jeune <strong>Thomas Doret <\/strong>qui est leur gamin au v\u00e9lo, m\u00eame Ladbrokes refuserait de payer le pari qu&rsquo;il risque de devenir un grand. C&rsquo;est une \u00e9vidence totale.<\/p>\n<p>&nbsp;<\/p>\n<p>Alors certes, les fr\u00e8res Dardenne pourraient continuer \u00e0 exister sans le soutien du grand public. Mais le spectateur belge francophone\u00a0 qui aime le cin\u00e9ma peut-il faire plus longtemps l&rsquo;impasse sur deux de ses meilleurs ambassadeurs ? S&rsquo;ils ont parfois \u00e9t\u00e9 qualifi\u00e9s d&rsquo;aust\u00e8res, les fr\u00e8res Dardenne nous offrent en 2011 leur film le plus engageant. <em>Le Gamin au V\u00e9lo,<\/em> s\u00e9lectionn\u00e9 \u00e0 Cannes et qui sort d\u00e9j\u00e0 le 18 mai, est lumineux, plut\u00f4t optimiste. Et surtout, il b\u00e9n\u00e9ficie, pour la premi\u00e8re fois, de l&rsquo;apport d&rsquo;une vraie star, jusqu&rsquo;ici \u00e9trang\u00e8re \u00e0 leur univers. Retrouver <strong>C\u00e9cile de France <\/strong>chez les fr\u00e8res Dardenne est pourtant presque une \u00e9vidence, l&rsquo;expression d&rsquo;un plaisir partag\u00e9, la combinaison de deux mondes dont on obtient ici le meilleur.<\/p>\n<p>&nbsp;<\/p>\n<p><a href=\"http:\/\/www.cinevox.be\/parce-quils-le-valent-bien\/gamin-1\/\" rel=\"attachment wp-att-592\"><img loading=\"lazy\" decoding=\"async\" class=\"alignright size-thumbnail wp-image-592\" title=\"gamin 1\" src=\"http:\/\/www.cinevox.be\/wp-content\/uploads\/sites\/2\/2011\/04\/gamin-1-200x113.jpg\" alt=\"\" width=\"200\" height=\"113\" srcset=\"https:\/\/welovecinema.be\/wp-content\/uploads\/sites\/2\/2011\/04\/gamin-1-200x113.jpg 200w, https:\/\/welovecinema.be\/wp-content\/uploads\/sites\/2\/2011\/04\/gamin-1-480x270.jpg 480w, https:\/\/welovecinema.be\/wp-content\/uploads\/sites\/2\/2011\/04\/gamin-1-300x169.jpg 300w\" sizes=\"auto, (max-width: 200px) 100vw, 200px\" \/><\/a><\/p>\n<p><em>Le Gamin au V\u00e9lo<\/em> devrait donc \u00eatre le premier film des fr\u00e8res Dardenne \u00e0 d\u00e9passer le cercle des cin\u00e9philes initi\u00e9s. Un indice qui ne trompe pas: les sites fran\u00e7ais les plus populaires en mati\u00e8re d&rsquo;actualit\u00e9s cin\u00e9matographiques se sont lanc\u00e9s dans une course effr\u00e9n\u00e9e pour diffuser en primeur la bande annonce du <em>Gamin au v\u00e9lo<\/em>, conscients que leur public aurait tr\u00e8s envie de d\u00e9couvrir ces premi\u00e8res images. Pour la petite histoire, c&rsquo;est Allo-Cin\u00e9 qui l&rsquo;a emport\u00e9.<\/p>\n<p>&nbsp;<\/p>\n<p>Et si vous vous demandez encore pourquoi vous devez\u00a0donner\u00a0une chance aux fr\u00e8res et vous plonger dans ce film, la r\u00e9ponse tient en quelques mots que nous avons \u00e9pingl\u00e9s en titre: parce qu&rsquo;ils le valent bien !<\/p>\n","protected":false},"excerpt":{"rendered":"<p>Un beau jour de mai 1999, les fr\u00e8res Dardenne sont devenus les porte-drapeaux de notre cin\u00e9ma. Pour la premi\u00e8re fois, sur la Croisette, un film belge remportait une Palme d&rsquo;Or : Rosetta entrait dans la l\u00e9gende. Bien s\u00fbr, il y avait eu avant cela un prix d&rsquo;interpr\u00e9tation pour Pascal Duquenne (partag\u00e9 avec Daniel Auteuil)\u00a0 dans &hellip;<\/p>\n","protected":false},"author":36,"featured_media":0,"comment_status":"closed","ping_status":"closed","sticky":false,"template":"","format":"standard","meta":{"ngg_post_thumbnail":0,"footnotes":""},"categories":[1978],"tags":[],"class_list":["post-157","post","type-post","status-publish","format-standard","","category-interviews"],"yoast_head":"<!-- This site is optimized with the Yoast SEO plugin v20.4 - https:\/\/yoast.com\/wordpress\/plugins\/seo\/ -->\n<title>Les fr\u00e8res Dardenne :  Parce qu&#039;ils le valent bien. - We Love Cinema<\/title>\n<meta name=\"robots\" content=\"index, follow, max-snippet:-1, max-image-preview:large, max-video-preview:-1\" \/>\n<link rel=\"canonical\" href=\"https:\/\/welovecinema.be\/fr\/parce-quils-le-valent-bien\/\" \/>\n<meta property=\"og:locale\" content=\"fr_FR\" \/>\n<meta property=\"og:type\" content=\"article\" \/>\n<meta property=\"og:title\" content=\"Les fr\u00e8res Dardenne :  Parce qu&#039;ils le valent bien. - We Love Cinema\" \/>\n<meta property=\"og:description\" content=\"Un beau jour de mai 1999, les fr\u00e8res Dardenne sont devenus les porte-drapeaux de notre cin\u00e9ma. Pour la premi\u00e8re fois, sur la Croisette, un film belge remportait une Palme d&rsquo;Or : Rosetta entrait dans la l\u00e9gende. Bien s\u00fbr, il y avait eu avant cela un prix d&rsquo;interpr\u00e9tation pour Pascal Duquenne (partag\u00e9 avec Daniel Auteuil)\u00a0 dans &hellip;\" \/>\n<meta property=\"og:url\" content=\"https:\/\/welovecinema.be\/fr\/parce-quils-le-valent-bien\/\" \/>\n<meta property=\"og:site_name\" content=\"We Love Cinema\" \/>\n<meta property=\"article:publisher\" content=\"https:\/\/www.facebook.com\/welovecinema.be\" \/>\n<meta property=\"article:published_time\" content=\"2011-04-28T14:03:53+00:00\" \/>\n<meta property=\"article:modified_time\" content=\"2022-09-19T12:54:05+00:00\" \/>\n<meta property=\"og:image\" content=\"http:\/\/www.cinevox.be\/wp-content\/uploads\/sites\/2\/2011\/04\/renier-dardenne1-406x270.jpg\" \/>\n<meta name=\"author\" content=\"Laurent\" \/>\n<meta name=\"twitter:card\" content=\"summary_large_image\" \/>\n<meta name=\"twitter:label1\" content=\"\u00c9crit par\" \/>\n\t<meta name=\"twitter:data1\" content=\"Laurent\" \/>\n\t<meta name=\"twitter:label2\" content=\"Dur\u00e9e de lecture estim\u00e9e\" \/>\n\t<meta name=\"twitter:data2\" content=\"4 minutes\" \/>\n<script type=\"application\/ld+json\" class=\"yoast-schema-graph\">{\"@context\":\"https:\/\/schema.org\",\"@graph\":[{\"@type\":\"Article\",\"@id\":\"https:\/\/welovecinema.be\/fr\/parce-quils-le-valent-bien\/#article\",\"isPartOf\":{\"@id\":\"https:\/\/welovecinema.be\/fr\/parce-quils-le-valent-bien\/\"},\"author\":{\"name\":\"Laurent\",\"@id\":\"https:\/\/welovecinema.be\/nl\/#\/schema\/person\/a07110839d59a016cbd2294e2aca8352\"},\"headline\":\"Les fr\u00e8res Dardenne : Parce qu&rsquo;ils le valent bien.\",\"datePublished\":\"2011-04-28T14:03:53+00:00\",\"dateModified\":\"2022-09-19T12:54:05+00:00\",\"mainEntityOfPage\":{\"@id\":\"https:\/\/welovecinema.be\/fr\/parce-quils-le-valent-bien\/\"},\"wordCount\":933,\"publisher\":{\"@id\":\"https:\/\/welovecinema.be\/nl\/#organization\"},\"articleSection\":[\"Rencontres\"],\"inLanguage\":\"fr-FR\"},{\"@type\":\"WebPage\",\"@id\":\"https:\/\/welovecinema.be\/fr\/parce-quils-le-valent-bien\/\",\"url\":\"https:\/\/welovecinema.be\/fr\/parce-quils-le-valent-bien\/\",\"name\":\"Les fr\u00e8res Dardenne : Parce qu'ils le valent bien. - We Love Cinema\",\"isPartOf\":{\"@id\":\"https:\/\/welovecinema.be\/nl\/#website\"},\"datePublished\":\"2011-04-28T14:03:53+00:00\",\"dateModified\":\"2022-09-19T12:54:05+00:00\",\"breadcrumb\":{\"@id\":\"https:\/\/welovecinema.be\/fr\/parce-quils-le-valent-bien\/#breadcrumb\"},\"inLanguage\":\"fr-FR\",\"potentialAction\":[{\"@type\":\"ReadAction\",\"target\":[\"https:\/\/welovecinema.be\/fr\/parce-quils-le-valent-bien\/\"]}]},{\"@type\":\"BreadcrumbList\",\"@id\":\"https:\/\/welovecinema.be\/fr\/parce-quils-le-valent-bien\/#breadcrumb\",\"itemListElement\":[{\"@type\":\"ListItem\",\"position\":1,\"name\":\"Accueil\",\"item\":\"https:\/\/welovecinema.be\/fr\/\"},{\"@type\":\"ListItem\",\"position\":2,\"name\":\"Les fr\u00e8res Dardenne : Parce qu&rsquo;ils le valent bien.\"}]},{\"@type\":\"WebSite\",\"@id\":\"https:\/\/welovecinema.be\/nl\/#website\",\"url\":\"https:\/\/welovecinema.be\/nl\/\",\"name\":\"We Love Cinema\",\"description\":\"Toute l\u2019information du cin\u00e9ma en Belgique\",\"publisher\":{\"@id\":\"https:\/\/welovecinema.be\/nl\/#organization\"},\"potentialAction\":[{\"@type\":\"SearchAction\",\"target\":{\"@type\":\"EntryPoint\",\"urlTemplate\":\"https:\/\/welovecinema.be\/nl\/?s={search_term_string}\"},\"query-input\":\"required name=search_term_string\"}],\"inLanguage\":\"fr-FR\"},{\"@type\":\"Organization\",\"@id\":\"https:\/\/welovecinema.be\/nl\/#organization\",\"name\":\"We Love Cinema\",\"url\":\"https:\/\/welovecinema.be\/nl\/\",\"logo\":{\"@type\":\"ImageObject\",\"inLanguage\":\"fr-FR\",\"@id\":\"https:\/\/welovecinema.be\/nl\/#\/schema\/logo\/image\/\",\"url\":\"https:\/\/welovecinema.be\/wp-content\/uploads\/sites\/2\/2023\/03\/Logo-We-Love-Cinema305x128.jpg\",\"contentUrl\":\"https:\/\/welovecinema.be\/wp-content\/uploads\/sites\/2\/2023\/03\/Logo-We-Love-Cinema305x128.jpg\",\"width\":305,\"height\":128,\"caption\":\"We Love Cinema\"},\"image\":{\"@id\":\"https:\/\/welovecinema.be\/nl\/#\/schema\/logo\/image\/\"},\"sameAs\":[\"https:\/\/www.facebook.com\/welovecinema.be\",\"https:\/\/www.youtube.com\/channel\/UCX5LYGVhnKvYauW4Nta4HJA\",\"https:\/\/www.instagram.com\/welovecinema.be\/\"]},{\"@type\":\"Person\",\"@id\":\"https:\/\/welovecinema.be\/nl\/#\/schema\/person\/a07110839d59a016cbd2294e2aca8352\",\"name\":\"Laurent\",\"sameAs\":[\"http:\/\/www.facebook.com\/laurent.jans\"],\"url\":\"https:\/\/welovecinema.be\/fr\/author\/laurent-jans\/\"}]}<\/script>\n<!-- \/ Yoast SEO plugin. -->","yoast_head_json":{"title":"Les fr\u00e8res Dardenne :  Parce qu'ils le valent bien. - We Love Cinema","robots":{"index":"index","follow":"follow","max-snippet":"max-snippet:-1","max-image-preview":"max-image-preview:large","max-video-preview":"max-video-preview:-1"},"canonical":"https:\/\/welovecinema.be\/fr\/parce-quils-le-valent-bien\/","og_locale":"fr_FR","og_type":"article","og_title":"Les fr\u00e8res Dardenne :  Parce qu'ils le valent bien. - We Love Cinema","og_description":"Un beau jour de mai 1999, les fr\u00e8res Dardenne sont devenus les porte-drapeaux de notre cin\u00e9ma. Pour la premi\u00e8re fois, sur la Croisette, un film belge remportait une Palme d&rsquo;Or : Rosetta entrait dans la l\u00e9gende. Bien s\u00fbr, il y avait eu avant cela un prix d&rsquo;interpr\u00e9tation pour Pascal Duquenne (partag\u00e9 avec Daniel Auteuil)\u00a0 dans &hellip;","og_url":"https:\/\/welovecinema.be\/fr\/parce-quils-le-valent-bien\/","og_site_name":"We Love Cinema","article_publisher":"https:\/\/www.facebook.com\/welovecinema.be","article_published_time":"2011-04-28T14:03:53+00:00","article_modified_time":"2022-09-19T12:54:05+00:00","og_image":[{"url":"http:\/\/www.cinevox.be\/wp-content\/uploads\/sites\/2\/2011\/04\/renier-dardenne1-406x270.jpg"}],"author":"Laurent","twitter_card":"summary_large_image","twitter_misc":{"\u00c9crit par":"Laurent","Dur\u00e9e de lecture estim\u00e9e":"4 minutes"},"schema":{"@context":"https:\/\/schema.org","@graph":[{"@type":"Article","@id":"https:\/\/welovecinema.be\/fr\/parce-quils-le-valent-bien\/#article","isPartOf":{"@id":"https:\/\/welovecinema.be\/fr\/parce-quils-le-valent-bien\/"},"author":{"name":"Laurent","@id":"https:\/\/welovecinema.be\/nl\/#\/schema\/person\/a07110839d59a016cbd2294e2aca8352"},"headline":"Les fr\u00e8res Dardenne : Parce qu&rsquo;ils le valent bien.","datePublished":"2011-04-28T14:03:53+00:00","dateModified":"2022-09-19T12:54:05+00:00","mainEntityOfPage":{"@id":"https:\/\/welovecinema.be\/fr\/parce-quils-le-valent-bien\/"},"wordCount":933,"publisher":{"@id":"https:\/\/welovecinema.be\/nl\/#organization"},"articleSection":["Rencontres"],"inLanguage":"fr-FR"},{"@type":"WebPage","@id":"https:\/\/welovecinema.be\/fr\/parce-quils-le-valent-bien\/","url":"https:\/\/welovecinema.be\/fr\/parce-quils-le-valent-bien\/","name":"Les fr\u00e8res Dardenne : Parce qu'ils le valent bien. - We Love Cinema","isPartOf":{"@id":"https:\/\/welovecinema.be\/nl\/#website"},"datePublished":"2011-04-28T14:03:53+00:00","dateModified":"2022-09-19T12:54:05+00:00","breadcrumb":{"@id":"https:\/\/welovecinema.be\/fr\/parce-quils-le-valent-bien\/#breadcrumb"},"inLanguage":"fr-FR","potentialAction":[{"@type":"ReadAction","target":["https:\/\/welovecinema.be\/fr\/parce-quils-le-valent-bien\/"]}]},{"@type":"BreadcrumbList","@id":"https:\/\/welovecinema.be\/fr\/parce-quils-le-valent-bien\/#breadcrumb","itemListElement":[{"@type":"ListItem","position":1,"name":"Accueil","item":"https:\/\/welovecinema.be\/fr\/"},{"@type":"ListItem","position":2,"name":"Les fr\u00e8res Dardenne : Parce qu&rsquo;ils le valent bien."}]},{"@type":"WebSite","@id":"https:\/\/welovecinema.be\/nl\/#website","url":"https:\/\/welovecinema.be\/nl\/","name":"We Love Cinema","description":"Toute l\u2019information du cin\u00e9ma en Belgique","publisher":{"@id":"https:\/\/welovecinema.be\/nl\/#organization"},"potentialAction":[{"@type":"SearchAction","target":{"@type":"EntryPoint","urlTemplate":"https:\/\/welovecinema.be\/nl\/?s={search_term_string}"},"query-input":"required name=search_term_string"}],"inLanguage":"fr-FR"},{"@type":"Organization","@id":"https:\/\/welovecinema.be\/nl\/#organization","name":"We Love Cinema","url":"https:\/\/welovecinema.be\/nl\/","logo":{"@type":"ImageObject","inLanguage":"fr-FR","@id":"https:\/\/welovecinema.be\/nl\/#\/schema\/logo\/image\/","url":"https:\/\/welovecinema.be\/wp-content\/uploads\/sites\/2\/2023\/03\/Logo-We-Love-Cinema305x128.jpg","contentUrl":"https:\/\/welovecinema.be\/wp-content\/uploads\/sites\/2\/2023\/03\/Logo-We-Love-Cinema305x128.jpg","width":305,"height":128,"caption":"We Love Cinema"},"image":{"@id":"https:\/\/welovecinema.be\/nl\/#\/schema\/logo\/image\/"},"sameAs":["https:\/\/www.facebook.com\/welovecinema.be","https:\/\/www.youtube.com\/channel\/UCX5LYGVhnKvYauW4Nta4HJA","https:\/\/www.instagram.com\/welovecinema.be\/"]},{"@type":"Person","@id":"https:\/\/welovecinema.be\/nl\/#\/schema\/person\/a07110839d59a016cbd2294e2aca8352","name":"Laurent","sameAs":["http:\/\/www.facebook.com\/laurent.jans"],"url":"https:\/\/welovecinema.be\/fr\/author\/laurent-jans\/"}]}},"_links":{"self":[{"href":"https:\/\/welovecinema.be\/fr\/wp-json\/wp\/v2\/posts\/157","targetHints":{"allow":["GET"]}}],"collection":[{"href":"https:\/\/welovecinema.be\/fr\/wp-json\/wp\/v2\/posts"}],"about":[{"href":"https:\/\/welovecinema.be\/fr\/wp-json\/wp\/v2\/types\/post"}],"author":[{"embeddable":true,"href":"https:\/\/welovecinema.be\/fr\/wp-json\/wp\/v2\/users\/36"}],"replies":[{"embeddable":true,"href":"https:\/\/welovecinema.be\/fr\/wp-json\/wp\/v2\/comments?post=157"}],"version-history":[{"count":0,"href":"https:\/\/welovecinema.be\/fr\/wp-json\/wp\/v2\/posts\/157\/revisions"}],"wp:attachment":[{"href":"https:\/\/welovecinema.be\/fr\/wp-json\/wp\/v2\/media?parent=157"}],"wp:term":[{"taxonomy":"category","embeddable":true,"href":"https:\/\/welovecinema.be\/fr\/wp-json\/wp\/v2\/categories?post=157"},{"taxonomy":"post_tag","embeddable":true,"href":"https:\/\/welovecinema.be\/fr\/wp-json\/wp\/v2\/tags?post=157"}],"curies":[{"name":"wp","href":"https:\/\/api.w.org\/{rel}","templated":true}]}}