{"id":15260,"date":"2012-02-05T13:29:15","date_gmt":"2012-02-05T13:29:15","guid":{"rendered":"http:\/\/www.cinevox.be\/?p=15260"},"modified":"2012-02-08T10:18:43","modified_gmt":"2012-02-08T10:18:43","slug":"les-geants-et-rundskop-les-nouveaux-fers-de-lance-du-cinema-belge","status":"publish","type":"post","link":"https:\/\/welovecinema.be\/fr\/les-geants-et-rundskop-les-nouveaux-fers-de-lance-du-cinema-belge\/","title":{"rendered":"Les G\u00e9ants et Rundskop <br> Les nouveaux fers de lance du cin\u00e9ma belge"},"content":{"rendered":"<p>D\u00e8s le d\u00e9part, le but des Magritte \u00e9tait d&rsquo;amener le cin\u00e9ma belge vers le public. Objectif : m\u00e9diatiser les artistes et les films qui ont fait l&rsquo;actualit\u00e9 durant un an. En 2011, certains ont reproch\u00e9 \u00e0 la manifestation d&rsquo;avoir plac\u00e9 un seul long m\u00e9trage sur un pi\u00e9destal, \u00a0ne laissant aux autres que des miettes. Quelques esprits soup\u00e7onneux (paranos?) ont alors imagin\u00e9 une manipulation occulte digne de la CIA. La deuxi\u00e8me \u00e9dition des Magritte remet les pendules \u00e0 l&rsquo;heure avec beaucoup de panache.<!--more--><\/p>\n<p>&nbsp;<\/p>\n<p>Si l&rsquo;an dernier, la c\u00e9r\u00e9monie des Magritte a pu d\u00e9cevoir ceux qui estiment que de tels prix ne doivent pas couronner un unique film, force est de constater que les r\u00e9compenses de ce deuxi\u00e8me \u00e9pisode ont \u00e9t\u00e9 globalement r\u00e9parties entre un grand nombre de titres effectivement proches les uns des autres par leurs qualit\u00e9s et leur originalit\u00e9. Mieux: la victoire d&rsquo;une actrice formidable comme <strong>Erika Sainte<\/strong> (r\u00e9v\u00e9lation f\u00e9minine) et les deux Magritte attribu\u00e9s \u00e0 <em>la F\u00e9e<\/em> montrent bien que tout le monde a sa chance et qu&rsquo;il ne suffit pas de tenter le lobbying \u00e0 grande \u00e9chelle pour s&rsquo;imposer.<\/p>\n<p>&nbsp;<\/p>\n<p><a rel=\"attachment wp-att-15270\" href=\"http:\/\/www.cinevox.be\/les-geants-et-rundskop-les-nouveaux-fers-de-lance-du-cinema-belge\/img_3985\/\"><img loading=\"lazy\" decoding=\"async\" class=\"aligncenter size-full wp-image-15270\" title=\"IMG_3985\" src=\"http:\/\/www.cinevox.be\/wp-content\/uploads\/sites\/2\/2012\/02\/IMG_3985.jpg\" alt=\"\" width=\"1024\" height=\"683\" srcset=\"https:\/\/welovecinema.be\/wp-content\/uploads\/sites\/2\/2012\/02\/IMG_3985.jpg 1024w, https:\/\/welovecinema.be\/wp-content\/uploads\/sites\/2\/2012\/02\/IMG_3985-404x270.jpg 404w, https:\/\/welovecinema.be\/wp-content\/uploads\/sites\/2\/2012\/02\/IMG_3985-800x533.jpg 800w\" sizes=\"auto, (max-width: 1024px) 100vw, 1024px\" \/><\/a><\/p>\n<p style=\"text-align: right;\"><em>[Philippe de Pierpont, Erika Sainte et le Michael Bier]<\/em><\/p>\n<p style=\"text-align: right;\"><em><br \/>\n<\/em><\/p>\n<p>Ni <strong>Philippe de Pierpont,<\/strong> ni <strong>Abel<\/strong> et <strong>Gordon<\/strong> n&rsquo;ont \u00e0 aucun moment essay\u00e9 d&rsquo;influencer le cours des votes. Et pourtant: ils sont au palmar\u00e8s. Sur les seules qualit\u00e9s de leur oeuvre.<\/p>\n<p>Mais, bien s\u00fbr, l&rsquo;histoire retiendra deux autres axes marquants \u00a0de ces Magritte 2012.<\/p>\n<p>&nbsp;<\/p>\n<p><a rel=\"attachment wp-att-15262\" href=\"http:\/\/www.cinevox.be\/les-geants-et-rundskop-les-nouveaux-fers-de-lance-du-cinema-belge\/image00001-5\/\"><img loading=\"lazy\" decoding=\"async\" class=\"aligncenter size-full wp-image-15262\" title=\"Image00001\" src=\"http:\/\/www.cinevox.be\/wp-content\/uploads\/sites\/2\/2012\/02\/Image000011.jpg\" alt=\"\" width=\"1024\" height=\"683\" srcset=\"https:\/\/welovecinema.be\/wp-content\/uploads\/sites\/2\/2012\/02\/Image000011.jpg 1024w, https:\/\/welovecinema.be\/wp-content\/uploads\/sites\/2\/2012\/02\/Image000011-404x270.jpg 404w, https:\/\/welovecinema.be\/wp-content\/uploads\/sites\/2\/2012\/02\/Image000011-800x533.jpg 800w\" sizes=\"auto, (max-width: 1024px) 100vw, 1024px\" \/><\/a><\/p>\n<p>&nbsp;<\/p>\n<p>Premi\u00e8re sensation : un long m\u00e9trage majoritairement flamand, <em>Rundskop <\/em>a remport\u00e9 quatre Magritte dans une comp\u00e9tition que certains estimaient trop francophone. Mieux : chacune des nominations du film de <strong>Michael Roskam<\/strong> \u00e9tait accueillie par des applaudissements un peu plus chaleureux que la moyenne. On ne vous parle m\u00eame pas de la seule \u00e9vocation du nom de <strong>Matthias Schoenaerts<\/strong> qui fit monter la temp\u00e9rature de la salle de quelques degr\u00e9s. <em>Rundskop <\/em>est un v\u00e9ritable ph\u00e9nom\u00e8ne. Avant sa r\u00e9cente ressortie en salles, il avait d\u00e9j\u00e0 drain\u00e9 500.000 spectateurs en Belgique. Toute l&rsquo;ann\u00e9e, il a r\u00e9colt\u00e9 des troph\u00e9es partout \u00e0 travers le monde, Matthias est devenu un des acteurs les plus hot du moment et, vous le savez, <em>Bullhead<\/em> (c&rsquo;est son titre international) est engag\u00e9 dans la derni\u00e8re ligne droite des Oscars dans la cat\u00e9gorie \u00ab\u00a0Meilleur film en langue \u00e9trang\u00e8re\u00a0\u00bb.<\/p>\n<p>Quand nous avons crois\u00e9 l&rsquo;\u00e9quipe flamande \u00e0 son arriv\u00e9e, <strong>Peter Bouckaert,<\/strong> le dynamique coproducteur du film nous expliqua qu&rsquo;il esp\u00e9rait deux r\u00e9compenses: meilleure coproduction flamande et meilleur acteur. Lorsque nous lui avons pronostiqu\u00e9 le prix du meilleur sc\u00e9nario et du meilleur montage, il a poliment souri. Et pourtant, nous avions mis en plein dans le mille. \u00ab\u00a0Incroyable,\u00a0\u00bb nous dit-il \u00e0 l&rsquo;issue de la c\u00e9r\u00e9monie. \u00ab\u00a0Et pour les Oscars, que voyez \u2013vous?\u00a0\u00bb \u00a0Pour ce sommet, on parierait h\u00e9las sur la victoire <em>d&rsquo;Une S\u00e9paration<\/em>. Mais on n&rsquo;est pas \u00e0 l&rsquo;abri d&rsquo;une merveilleuse surprise. Non, pas \u00e0 l&rsquo;abri !<\/p>\n<p>&nbsp;<\/p>\n<p style=\"text-align: right;\"><a rel=\"attachment wp-att-15263\" href=\"http:\/\/www.cinevox.be\/les-geants-et-rundskop-les-nouveaux-fers-de-lance-du-cinema-belge\/image00002-10\/\"><img loading=\"lazy\" decoding=\"async\" class=\"aligncenter size-full wp-image-15263\" title=\"Image00002\" src=\"http:\/\/www.cinevox.be\/wp-content\/uploads\/sites\/2\/2012\/02\/Image000021.jpg\" alt=\"\" width=\"1024\" height=\"683\" srcset=\"https:\/\/welovecinema.be\/wp-content\/uploads\/sites\/2\/2012\/02\/Image000021.jpg 1024w, https:\/\/welovecinema.be\/wp-content\/uploads\/sites\/2\/2012\/02\/Image000021-404x270.jpg 404w, https:\/\/welovecinema.be\/wp-content\/uploads\/sites\/2\/2012\/02\/Image000021-800x533.jpg 800w\" sizes=\"auto, (max-width: 1024px) 100vw, 1024px\" \/><\/a><em>[Gwen Berrou, Martin Nissen et Elise Ancion : des G\u00e9ants tout sourire] <\/em><\/p>\n<p>&nbsp;<\/p>\n<p>L&rsquo;autre camp qui exultait samedi soir est celui des <em>G\u00e9ants.<\/em> Car de toute \u00e9vidence, personne (m\u00eame pas nous ;-)) n&rsquo;avait pr\u00e9vu que le formidable film de <strong>Bouli <\/strong>serait le grand vainqueur de la remise des troph\u00e9es. Cinq titres, donc, \u00e0 porter au cr\u00e9dit de cette aventure que nous avons toujours d\u00e9fendue bec et ongles : meilleure photo (<strong>Jean-Paul De Zaeytijd<\/strong>), meilleur second r\u00f4le f\u00e9minin pour <strong>Gwen Berrou<\/strong>, meilleure musique pour <strong>Bram Van Parys<\/strong> (The Bony King of Nowhere) et surtout, surtout, l&rsquo;incroyable doubl\u00e9 : meilleure r\u00e9alisation et meilleur film.<\/p>\n<p>L&rsquo;air de rien, ce triomphe est un autre coup de tonnerre dans le petit monde du cin\u00e9ma belge. Face aux fr\u00e8res <strong>Dardenne<\/strong>, Bouli faisait un peu figure d&rsquo;outsider, mais ce sont surtout deux conceptions du cin\u00e9ma qui s&rsquo;opposait l\u00e0: une vision exigeante et un peu s\u00e8che, a priori r\u00e9serv\u00e9e \u00e0 des cin\u00e9philes et une envie d&rsquo;offrir un spectacle visuellement grandiose, \u00e0 l&rsquo;am\u00e9ricaine (mais sans les sous-titres ;-)). Cela dit, le cin\u00e9ma de Bouli est aussi un cin\u00e9ma d&rsquo;auteur (th\u00e9matique forte qui se d\u00e9veloppe de film en film, volont\u00e9 de plonger les personnages dans des d\u00e9cors qui magnifie la Wallonie) et celui des Dardenne s&rsquo;est largement ouvert au public avec <em>Le Gamin au V\u00e9lo<\/em> que tout le monde a qualifi\u00e9 de film lumineux et positif. Ce qu&rsquo;il est.<\/p>\n<p>Un coup d&rsquo;\u0153il au box-office nous d\u00e9montre d&rsquo;ailleurs que <em>le Gamin au V\u00e9lo<\/em> (un seul Magritte, incontournable, pour le fantastique <strong>Thomas Doret<\/strong>) a largement domin\u00e9 <em>Les G\u00e9ants<\/em> dans les salles, attirant plus d&rsquo;un million de spectateurs dans les pays o\u00f9 il a \u00e9t\u00e9 programm\u00e9.<\/p>\n<p>&nbsp;<\/p>\n<p><a rel=\"attachment wp-att-15271\" href=\"http:\/\/www.cinevox.be\/les-geants-et-rundskop-les-nouveaux-fers-de-lance-du-cinema-belge\/img_4057-2\/\"><img loading=\"lazy\" decoding=\"async\" class=\"aligncenter size-full wp-image-15271\" title=\"IMG_4057\" src=\"http:\/\/www.cinevox.be\/wp-content\/uploads\/sites\/2\/2012\/02\/IMG_40571.jpg\" alt=\"\" width=\"1024\" height=\"683\" srcset=\"https:\/\/welovecinema.be\/wp-content\/uploads\/sites\/2\/2012\/02\/IMG_40571.jpg 1024w, https:\/\/welovecinema.be\/wp-content\/uploads\/sites\/2\/2012\/02\/IMG_40571-404x270.jpg 404w, https:\/\/welovecinema.be\/wp-content\/uploads\/sites\/2\/2012\/02\/IMG_40571-800x533.jpg 800w\" sizes=\"auto, (max-width: 1024px) 100vw, 1024px\" \/><\/a><\/p>\n<p>&nbsp;<\/p>\n<p>Outre l&rsquo;opposition de style, c&rsquo;est donc plut\u00f4t \u00e0 une passation de pouvoir intra-muros qu&rsquo;on a assist\u00e9 hier. De l&rsquo;\u00e9tranger on aura peut-\u00eatre un peu de mal \u00e0 comprendre qu&rsquo;un film r\u00e9compens\u00e9 \u00e0 Cannes, aux European Film Awards, nomin\u00e9 aux Golden Globes et aux prix Lumi\u00e8re ait \u00e9t\u00e9 \u00e9cras\u00e9 par <em>Les G\u00e9ants<\/em>, mais chez nous, au-del\u00e0 du film lui-m\u00eame (formidable, nous n&rsquo;en d\u00e9mordrons pas) c&rsquo;est une vision du cin\u00e9ma qui s&rsquo;\u00e9loigne r\u00e9solument de l&rsquo;image traditionnellement accol\u00e9e \u00e0 la Belgique et une attitude g\u00e9n\u00e9reuse de constante ouverture qui a \u00e9t\u00e9 aussi r\u00e9compens\u00e9e.<\/p>\n<p>Un verdict qui, on l&rsquo;a bien senti dans la salle, \u00e9tait assez inattendu. Y compris dans le camp de Versus, producteur du film. \u00ab\u00a0C&rsquo;est incroyable ce qui nous arrive expliquait \u00e0 la r\u00e9ception <strong>\u00c9lise Ancion<\/strong>, la radieuse compagne et cosc\u00e9nariste de Bouli, nomin\u00e9e pour les meilleurs costumes. \u00ab\u00a0Je suis tellement heureuse pour toute l&rsquo;\u00e9quipe.\u00a0\u00bb \u00a0Ce n&rsquo;est pas <strong>Gwen Berrou<\/strong> qui la d\u00e9mentira, stup\u00e9faite d&rsquo;avoir re\u00e7u le Magritte du meilleur second r\u00f4le f\u00e9minin. \u00a0\u00bb Etre nomin\u00e9e \u00e9tait d\u00e9j\u00e0 une magnifique surprise, alors ce prix, c&rsquo;est totalement inesp\u00e9r\u00e9. Ce film a \u00e9t\u00e9 une merveilleuse aventure et nous sommes tous tellement heureux pour Bouli\u00a0\u00bb.<\/p>\n<p>&nbsp;<\/p>\n<p><a rel=\"attachment wp-att-15264\" href=\"http:\/\/www.cinevox.be\/les-geants-et-rundskop-les-nouveaux-fers-de-lance-du-cinema-belge\/image00003-6\/\"><img loading=\"lazy\" decoding=\"async\" class=\"aligncenter size-full wp-image-15264\" title=\"Image00003\" src=\"http:\/\/www.cinevox.be\/wp-content\/uploads\/sites\/2\/2012\/02\/Image000031.jpg\" alt=\"\" width=\"1024\" height=\"683\" srcset=\"https:\/\/welovecinema.be\/wp-content\/uploads\/sites\/2\/2012\/02\/Image000031.jpg 1024w, https:\/\/welovecinema.be\/wp-content\/uploads\/sites\/2\/2012\/02\/Image000031-404x270.jpg 404w, https:\/\/welovecinema.be\/wp-content\/uploads\/sites\/2\/2012\/02\/Image000031-800x533.jpg 800w\" sizes=\"auto, (max-width: 1024px) 100vw, 1024px\" \/><\/a><\/p>\n<p>&nbsp;<\/p>\n<p>Et Bouli justement, qu&rsquo;en pense-t-il? Rien de particulier. Il savoure, il fait le pitre, mais dans le fond on sait bien qu&rsquo;il n&rsquo;a pas l&rsquo;esprit de comp\u00e9tition. Sa grande satisfaction : que la profession le reconnaisse en tant que metteur en sc\u00e8ne, alors que beaucoup le voient encore plut\u00f4t acteur.<\/p>\n<p>Alors, oui il s&rsquo;amuse, il rigole. Il est heureux. C&rsquo;est g\u00e9ant !<\/p>\n<p>&nbsp;<\/p>\n<p>&nbsp;<\/p>\n<p>Le palmar\u00e8s complet est <a href=\"http:\/\/www.lesmagritteducinema.com\/palmares2012.php?\" target=\"_blank\">ICI<\/a><\/p>\n<p>&nbsp;<\/p>\n<p><em>(Toutes les photos\u00a0\u00a9 Philippe Pierquin\u00a0pour\u00a0Cinevox)<\/em><\/p>\n","protected":false},"excerpt":{"rendered":"<p>D\u00e8s le d\u00e9part, le but des Magritte \u00e9tait d&rsquo;amener le cin\u00e9ma belge vers le public. Objectif : m\u00e9diatiser les artistes et les films qui ont fait l&rsquo;actualit\u00e9 durant un an. En 2011, certains ont reproch\u00e9 \u00e0 la manifestation d&rsquo;avoir plac\u00e9 un seul long m\u00e9trage sur un pi\u00e9destal, \u00a0ne laissant aux autres que des miettes. Quelques &hellip;<\/p>\n","protected":false},"author":7,"featured_media":15266,"comment_status":"closed","ping_status":"closed","sticky":false,"template":"","format":"standard","meta":{"ngg_post_thumbnail":0,"footnotes":""},"categories":[12,7],"tags":[],"class_list":["post-15260","post","type-post","status-publish","format-standard","has-post-thumbnail","","category-awards","category-actualites"],"yoast_head":"<!-- This site is optimized with the Yoast SEO plugin v20.4 - https:\/\/yoast.com\/wordpress\/plugins\/seo\/ -->\n<title>Les G\u00e9ants et Rundskop  Les nouveaux fers de lance du cin\u00e9ma belge - We Love Cinema<\/title>\n<meta name=\"robots\" content=\"index, follow, max-snippet:-1, max-image-preview:large, max-video-preview:-1\" \/>\n<link rel=\"canonical\" href=\"https:\/\/welovecinema.be\/fr\/les-geants-et-rundskop-les-nouveaux-fers-de-lance-du-cinema-belge\/\" \/>\n<meta property=\"og:locale\" content=\"fr_FR\" \/>\n<meta property=\"og:type\" content=\"article\" \/>\n<meta property=\"og:title\" content=\"Les G\u00e9ants et Rundskop  Les nouveaux fers de lance du cin\u00e9ma belge - We Love Cinema\" \/>\n<meta property=\"og:description\" content=\"D\u00e8s le d\u00e9part, le but des Magritte \u00e9tait d&rsquo;amener le cin\u00e9ma belge vers le public. Objectif : m\u00e9diatiser les artistes et les films qui ont fait l&rsquo;actualit\u00e9 durant un an. En 2011, certains ont reproch\u00e9 \u00e0 la manifestation d&rsquo;avoir plac\u00e9 un seul long m\u00e9trage sur un pi\u00e9destal, \u00a0ne laissant aux autres que des miettes. Quelques &hellip;\" \/>\n<meta property=\"og:url\" content=\"https:\/\/welovecinema.be\/fr\/les-geants-et-rundskop-les-nouveaux-fers-de-lance-du-cinema-belge\/\" \/>\n<meta property=\"og:site_name\" content=\"We Love Cinema\" \/>\n<meta property=\"article:publisher\" content=\"https:\/\/www.facebook.com\/welovecinema.be\" \/>\n<meta property=\"article:published_time\" content=\"2012-02-05T13:29:15+00:00\" \/>\n<meta property=\"article:modified_time\" content=\"2012-02-08T10:18:43+00:00\" \/>\n<meta property=\"og:image\" content=\"https:\/\/welovecinema.be\/wp-content\/uploads\/sites\/2\/2012\/02\/IMG_4111.jpg\" \/>\n\t<meta property=\"og:image:width\" content=\"1024\" \/>\n\t<meta property=\"og:image:height\" content=\"606\" \/>\n\t<meta property=\"og:image:type\" content=\"image\/jpeg\" \/>\n<meta name=\"author\" content=\"Philippe.Pierquin\" \/>\n<meta name=\"twitter:card\" content=\"summary_large_image\" \/>\n<meta name=\"twitter:label1\" content=\"\u00c9crit par\" \/>\n\t<meta name=\"twitter:data1\" content=\"Philippe.Pierquin\" \/>\n\t<meta name=\"twitter:label2\" content=\"Dur\u00e9e de lecture estim\u00e9e\" \/>\n\t<meta name=\"twitter:data2\" content=\"5 minutes\" \/>\n<script type=\"application\/ld+json\" class=\"yoast-schema-graph\">{\"@context\":\"https:\/\/schema.org\",\"@graph\":[{\"@type\":\"Article\",\"@id\":\"https:\/\/welovecinema.be\/fr\/les-geants-et-rundskop-les-nouveaux-fers-de-lance-du-cinema-belge\/#article\",\"isPartOf\":{\"@id\":\"https:\/\/welovecinema.be\/fr\/les-geants-et-rundskop-les-nouveaux-fers-de-lance-du-cinema-belge\/\"},\"author\":{\"name\":\"Philippe.Pierquin\",\"@id\":\"https:\/\/welovecinema.be\/nl\/#\/schema\/person\/4b9b1d857f0943453a38a7c2859ef756\"},\"headline\":\"Les G\u00e9ants et Rundskop Les nouveaux fers de lance du cin\u00e9ma belge\",\"datePublished\":\"2012-02-05T13:29:15+00:00\",\"dateModified\":\"2012-02-08T10:18:43+00:00\",\"mainEntityOfPage\":{\"@id\":\"https:\/\/welovecinema.be\/fr\/les-geants-et-rundskop-les-nouveaux-fers-de-lance-du-cinema-belge\/\"},\"wordCount\":1161,\"publisher\":{\"@id\":\"https:\/\/welovecinema.be\/nl\/#organization\"},\"articleSection\":[\"Evenements\",\"News\"],\"inLanguage\":\"fr-FR\"},{\"@type\":\"WebPage\",\"@id\":\"https:\/\/welovecinema.be\/fr\/les-geants-et-rundskop-les-nouveaux-fers-de-lance-du-cinema-belge\/\",\"url\":\"https:\/\/welovecinema.be\/fr\/les-geants-et-rundskop-les-nouveaux-fers-de-lance-du-cinema-belge\/\",\"name\":\"Les G\u00e9ants et Rundskop Les nouveaux fers de lance du cin\u00e9ma belge - We Love Cinema\",\"isPartOf\":{\"@id\":\"https:\/\/welovecinema.be\/nl\/#website\"},\"datePublished\":\"2012-02-05T13:29:15+00:00\",\"dateModified\":\"2012-02-08T10:18:43+00:00\",\"breadcrumb\":{\"@id\":\"https:\/\/welovecinema.be\/fr\/les-geants-et-rundskop-les-nouveaux-fers-de-lance-du-cinema-belge\/#breadcrumb\"},\"inLanguage\":\"fr-FR\",\"potentialAction\":[{\"@type\":\"ReadAction\",\"target\":[\"https:\/\/welovecinema.be\/fr\/les-geants-et-rundskop-les-nouveaux-fers-de-lance-du-cinema-belge\/\"]}]},{\"@type\":\"BreadcrumbList\",\"@id\":\"https:\/\/welovecinema.be\/fr\/les-geants-et-rundskop-les-nouveaux-fers-de-lance-du-cinema-belge\/#breadcrumb\",\"itemListElement\":[{\"@type\":\"ListItem\",\"position\":1,\"name\":\"Accueil\",\"item\":\"https:\/\/welovecinema.be\/fr\/\"},{\"@type\":\"ListItem\",\"position\":2,\"name\":\"Les G\u00e9ants et Rundskop Les nouveaux fers de lance du cin\u00e9ma belge\"}]},{\"@type\":\"WebSite\",\"@id\":\"https:\/\/welovecinema.be\/nl\/#website\",\"url\":\"https:\/\/welovecinema.be\/nl\/\",\"name\":\"We Love Cinema\",\"description\":\"Toute l\u2019information du cin\u00e9ma en Belgique\",\"publisher\":{\"@id\":\"https:\/\/welovecinema.be\/nl\/#organization\"},\"potentialAction\":[{\"@type\":\"SearchAction\",\"target\":{\"@type\":\"EntryPoint\",\"urlTemplate\":\"https:\/\/welovecinema.be\/nl\/?s={search_term_string}\"},\"query-input\":\"required name=search_term_string\"}],\"inLanguage\":\"fr-FR\"},{\"@type\":\"Organization\",\"@id\":\"https:\/\/welovecinema.be\/nl\/#organization\",\"name\":\"We Love Cinema\",\"url\":\"https:\/\/welovecinema.be\/nl\/\",\"logo\":{\"@type\":\"ImageObject\",\"inLanguage\":\"fr-FR\",\"@id\":\"https:\/\/welovecinema.be\/nl\/#\/schema\/logo\/image\/\",\"url\":\"https:\/\/welovecinema.be\/wp-content\/uploads\/sites\/2\/2023\/03\/Logo-We-Love-Cinema305x128.jpg\",\"contentUrl\":\"https:\/\/welovecinema.be\/wp-content\/uploads\/sites\/2\/2023\/03\/Logo-We-Love-Cinema305x128.jpg\",\"width\":305,\"height\":128,\"caption\":\"We Love Cinema\"},\"image\":{\"@id\":\"https:\/\/welovecinema.be\/nl\/#\/schema\/logo\/image\/\"},\"sameAs\":[\"https:\/\/www.facebook.com\/welovecinema.be\",\"https:\/\/www.youtube.com\/channel\/UCX5LYGVhnKvYauW4Nta4HJA\",\"https:\/\/www.instagram.com\/welovecinema.be\/\"]},{\"@type\":\"Person\",\"@id\":\"https:\/\/welovecinema.be\/nl\/#\/schema\/person\/4b9b1d857f0943453a38a7c2859ef756\",\"name\":\"Philippe.Pierquin\",\"url\":\"https:\/\/welovecinema.be\/fr\/author\/philippe-pierquin\/\"}]}<\/script>\n<!-- \/ Yoast SEO plugin. -->","yoast_head_json":{"title":"Les G\u00e9ants et Rundskop  Les nouveaux fers de lance du cin\u00e9ma belge - We Love Cinema","robots":{"index":"index","follow":"follow","max-snippet":"max-snippet:-1","max-image-preview":"max-image-preview:large","max-video-preview":"max-video-preview:-1"},"canonical":"https:\/\/welovecinema.be\/fr\/les-geants-et-rundskop-les-nouveaux-fers-de-lance-du-cinema-belge\/","og_locale":"fr_FR","og_type":"article","og_title":"Les G\u00e9ants et Rundskop  Les nouveaux fers de lance du cin\u00e9ma belge - We Love Cinema","og_description":"D\u00e8s le d\u00e9part, le but des Magritte \u00e9tait d&rsquo;amener le cin\u00e9ma belge vers le public. Objectif : m\u00e9diatiser les artistes et les films qui ont fait l&rsquo;actualit\u00e9 durant un an. En 2011, certains ont reproch\u00e9 \u00e0 la manifestation d&rsquo;avoir plac\u00e9 un seul long m\u00e9trage sur un pi\u00e9destal, \u00a0ne laissant aux autres que des miettes. Quelques &hellip;","og_url":"https:\/\/welovecinema.be\/fr\/les-geants-et-rundskop-les-nouveaux-fers-de-lance-du-cinema-belge\/","og_site_name":"We Love Cinema","article_publisher":"https:\/\/www.facebook.com\/welovecinema.be","article_published_time":"2012-02-05T13:29:15+00:00","article_modified_time":"2012-02-08T10:18:43+00:00","og_image":[{"width":"1024","height":"606","url":"https:\/\/welovecinema.be\/wp-content\/uploads\/sites\/2\/2012\/02\/IMG_4111.jpg","type":"image\/jpeg"}],"author":"Philippe.Pierquin","twitter_card":"summary_large_image","twitter_misc":{"\u00c9crit par":"Philippe.Pierquin","Dur\u00e9e de lecture estim\u00e9e":"5 minutes"},"schema":{"@context":"https:\/\/schema.org","@graph":[{"@type":"Article","@id":"https:\/\/welovecinema.be\/fr\/les-geants-et-rundskop-les-nouveaux-fers-de-lance-du-cinema-belge\/#article","isPartOf":{"@id":"https:\/\/welovecinema.be\/fr\/les-geants-et-rundskop-les-nouveaux-fers-de-lance-du-cinema-belge\/"},"author":{"name":"Philippe.Pierquin","@id":"https:\/\/welovecinema.be\/nl\/#\/schema\/person\/4b9b1d857f0943453a38a7c2859ef756"},"headline":"Les G\u00e9ants et Rundskop Les nouveaux fers de lance du cin\u00e9ma belge","datePublished":"2012-02-05T13:29:15+00:00","dateModified":"2012-02-08T10:18:43+00:00","mainEntityOfPage":{"@id":"https:\/\/welovecinema.be\/fr\/les-geants-et-rundskop-les-nouveaux-fers-de-lance-du-cinema-belge\/"},"wordCount":1161,"publisher":{"@id":"https:\/\/welovecinema.be\/nl\/#organization"},"articleSection":["Evenements","News"],"inLanguage":"fr-FR"},{"@type":"WebPage","@id":"https:\/\/welovecinema.be\/fr\/les-geants-et-rundskop-les-nouveaux-fers-de-lance-du-cinema-belge\/","url":"https:\/\/welovecinema.be\/fr\/les-geants-et-rundskop-les-nouveaux-fers-de-lance-du-cinema-belge\/","name":"Les G\u00e9ants et Rundskop Les nouveaux fers de lance du cin\u00e9ma belge - We Love Cinema","isPartOf":{"@id":"https:\/\/welovecinema.be\/nl\/#website"},"datePublished":"2012-02-05T13:29:15+00:00","dateModified":"2012-02-08T10:18:43+00:00","breadcrumb":{"@id":"https:\/\/welovecinema.be\/fr\/les-geants-et-rundskop-les-nouveaux-fers-de-lance-du-cinema-belge\/#breadcrumb"},"inLanguage":"fr-FR","potentialAction":[{"@type":"ReadAction","target":["https:\/\/welovecinema.be\/fr\/les-geants-et-rundskop-les-nouveaux-fers-de-lance-du-cinema-belge\/"]}]},{"@type":"BreadcrumbList","@id":"https:\/\/welovecinema.be\/fr\/les-geants-et-rundskop-les-nouveaux-fers-de-lance-du-cinema-belge\/#breadcrumb","itemListElement":[{"@type":"ListItem","position":1,"name":"Accueil","item":"https:\/\/welovecinema.be\/fr\/"},{"@type":"ListItem","position":2,"name":"Les G\u00e9ants et Rundskop Les nouveaux fers de lance du cin\u00e9ma belge"}]},{"@type":"WebSite","@id":"https:\/\/welovecinema.be\/nl\/#website","url":"https:\/\/welovecinema.be\/nl\/","name":"We Love Cinema","description":"Toute l\u2019information du cin\u00e9ma en Belgique","publisher":{"@id":"https:\/\/welovecinema.be\/nl\/#organization"},"potentialAction":[{"@type":"SearchAction","target":{"@type":"EntryPoint","urlTemplate":"https:\/\/welovecinema.be\/nl\/?s={search_term_string}"},"query-input":"required name=search_term_string"}],"inLanguage":"fr-FR"},{"@type":"Organization","@id":"https:\/\/welovecinema.be\/nl\/#organization","name":"We Love Cinema","url":"https:\/\/welovecinema.be\/nl\/","logo":{"@type":"ImageObject","inLanguage":"fr-FR","@id":"https:\/\/welovecinema.be\/nl\/#\/schema\/logo\/image\/","url":"https:\/\/welovecinema.be\/wp-content\/uploads\/sites\/2\/2023\/03\/Logo-We-Love-Cinema305x128.jpg","contentUrl":"https:\/\/welovecinema.be\/wp-content\/uploads\/sites\/2\/2023\/03\/Logo-We-Love-Cinema305x128.jpg","width":305,"height":128,"caption":"We Love Cinema"},"image":{"@id":"https:\/\/welovecinema.be\/nl\/#\/schema\/logo\/image\/"},"sameAs":["https:\/\/www.facebook.com\/welovecinema.be","https:\/\/www.youtube.com\/channel\/UCX5LYGVhnKvYauW4Nta4HJA","https:\/\/www.instagram.com\/welovecinema.be\/"]},{"@type":"Person","@id":"https:\/\/welovecinema.be\/nl\/#\/schema\/person\/4b9b1d857f0943453a38a7c2859ef756","name":"Philippe.Pierquin","url":"https:\/\/welovecinema.be\/fr\/author\/philippe-pierquin\/"}]}},"_links":{"self":[{"href":"https:\/\/welovecinema.be\/fr\/wp-json\/wp\/v2\/posts\/15260","targetHints":{"allow":["GET"]}}],"collection":[{"href":"https:\/\/welovecinema.be\/fr\/wp-json\/wp\/v2\/posts"}],"about":[{"href":"https:\/\/welovecinema.be\/fr\/wp-json\/wp\/v2\/types\/post"}],"author":[{"embeddable":true,"href":"https:\/\/welovecinema.be\/fr\/wp-json\/wp\/v2\/users\/7"}],"replies":[{"embeddable":true,"href":"https:\/\/welovecinema.be\/fr\/wp-json\/wp\/v2\/comments?post=15260"}],"version-history":[{"count":0,"href":"https:\/\/welovecinema.be\/fr\/wp-json\/wp\/v2\/posts\/15260\/revisions"}],"wp:featuredmedia":[{"embeddable":true,"href":"https:\/\/welovecinema.be\/fr\/wp-json\/wp\/v2\/media\/15266"}],"wp:attachment":[{"href":"https:\/\/welovecinema.be\/fr\/wp-json\/wp\/v2\/media?parent=15260"}],"wp:term":[{"taxonomy":"category","embeddable":true,"href":"https:\/\/welovecinema.be\/fr\/wp-json\/wp\/v2\/categories?post=15260"},{"taxonomy":"post_tag","embeddable":true,"href":"https:\/\/welovecinema.be\/fr\/wp-json\/wp\/v2\/tags?post=15260"}],"curies":[{"name":"wp","href":"https:\/\/api.w.org\/{rel}","templated":true}]}}