{"id":1495,"date":"2011-05-15T07:47:57","date_gmt":"2011-05-15T07:47:57","guid":{"rendered":"http:\/\/www.cinevox.be\/?p=1495"},"modified":"2014-05-12T17:29:59","modified_gmt":"2014-05-12T15:29:59","slug":"le-gamin-au-velo-en-avant-marches","status":"publish","type":"post","link":"https:\/\/welovecinema.be\/fr\/le-gamin-au-velo-en-avant-marches\/","title":{"rendered":"Le Gamin au V\u00e9lo : <br> En avant\u2026 Marches !"},"content":{"rendered":"<p>C&rsquo;est l&rsquo;histoire d&rsquo;un gamin, plac\u00e9 dans une institution en attendant que son p\u00e8re se sorte des ennuis financiers dans lesquels il se d\u00e9bat. Mais la situation s&rsquo;\u00e9ternise et le paternel ne donne plus signe de vie.\u00a0 \u00c0 vrai dire, il a quitt\u00e9 l&rsquo;appartement dans lequel il vivait et il est introuvable. Il aurait m\u00eame vendu la bicyclette de son fils.<\/p>\n<p>Heureusement, dans cette fable solaire, inhabituellement optimiste dans l&rsquo;univers des Dardenne, il y a une bonne f\u00e9e (c&rsquo;est le point commun entre trois de nos films \u00e0 Cannes : <em>Le Gamin au V\u00e9lo, Les G\u00e9ants <\/em>et\u2026 <em>La F\u00e9e<\/em>). Elle est coiffeuse, s&rsquo;appelle Samantha, retrouve et rach\u00e8te le v\u00e9lo du gamin et le lui rapporte. \u00c0 partir de l\u00e0 il ne va plus la l\u00e2cher. \u00c7a tombe bien, elle est tr\u00e8s r\u00e9ceptive, d&rsquo;une gentillesse quasi extraterrestre.<\/p>\n<p><!--more--><\/p>\n<p>\u00ab\u00a0&#8211; On ne voulait pas lui donner une raison pr\u00e9cise d&rsquo;agir ainsi, pr\u00e9cise <strong>Luc Dardenne<\/strong>. Elle se prend d&rsquo;affection pour ce m\u00f4me et, sans sentimentalisme, tente de le remettre sur les rails. Parce que c&rsquo;est comme \u00e7a que \u00e7a doit \u00eatre. Aujourd&rsquo;hui, dans un monde profond\u00e9ment individualiste, ce genre d&rsquo;attitude surprend. Mais c&rsquo;est \u00e7a qui est bizarre: que la gentillesse ou la bont\u00e9 soient source d&rsquo;\u00e9tonnement.\u00a0\u00bb<\/p>\n<p>Tourn\u00e9 en \u00e9t\u00e9, lumineux donc, et servi par une star, <strong>C\u00e9cile de France<\/strong>, ce qui est tr\u00e8s inhabituel dans l&rsquo;univers des fr\u00e8res, <em>Le Gamin au V\u00e9lo<\/em> comporte n\u00e9anmoins de nombreux points communs avec les autres \u0153uvres du duo. Il y est par exemple question de probl\u00e8mes familiaux, plus pr\u00e9cis\u00e9ment d&rsquo;une filiation difficile. Dans <em>Le Focus Vif<\/em> de la semaine, <strong>Louis Danvers<\/strong> souligne que ce Cyril pourrait tr\u00e8s bien \u00eatre l&rsquo;Enfant du film homonyme qui a re\u00e7u la Palme en 2005. Dans les deux cas, le paternel est d&rsquo;ailleurs camp\u00e9 par un <strong>J\u00e9r\u00e9mie Renier<\/strong> qui, en deux sc\u00e8nes ici, nous montre une fois encore qu&rsquo;il est de la trempe des g\u00e9ants.<\/p>\n<p>Ultime rapport \u00e9vident avec <em>La Promesse, Rosetta, le Fils<\/em> ou <em>l&rsquo;Enfant<\/em>, Luc et Jean-Pierre Dardenne ont d\u00e9nich\u00e9 un jeune acteur, inconnu au bataillon, et qui par son aplomb, son naturel et son incroyable pr\u00e9sence \u00e0 l&rsquo;\u00e9cran, a imm\u00e9diatement boulevers\u00e9 tous les spectateurs qui ont eu la chance de d\u00e9couvrir le film en primeur. Ce <strong>Thomas Doret<\/strong> ne s&rsquo;arr\u00eatera pas en si bon chemin, c&rsquo;est clair.<\/p>\n<p>S\u00e9lectionn\u00e9s pour la cinqui\u00e8me fois en douze ans en comp\u00e9tition officielle cannoise (les Dardenne r\u00e9alisent un film tous les trois ans, le compte est bon), Jean-Pierre et Luc sont aujourd&rsquo;hui pr\u00e9sent\u00e9s comme des favoris. <a href=\"http:\/\/www.cinevox.be\/les-belges-a-cannes-un-sacre-majeur-tous-les-trois-ans\/\" target=\"_blank\">Sur base des statistiques<\/a>, normal qu&rsquo;ils soient cit\u00e9s. Mais eux-m\u00eames ne sont pas d&rsquo;accord avec cette \u00e9tiquette. Comme ils nous l&rsquo;expliquent <span style=\"text-decoration: underline;\"><a href=\"http:\/\/www.cinevox.be\/videos\/dardenne-3eme-palme\/\" target=\"_blank\">dans ce\u00a0director&rsquo;s cut<\/a><\/span>, ils ont m\u00eame choisi de sortir leur film en salles en plein festival. Soit trois jours apr\u00e8s la pr\u00e9sentation sur la Croisette, mais quatre jours avant la proclamation des r\u00e9sultats.<\/p>\n<p>La strat\u00e9gie est d&rsquo;une grande intelligence: l&rsquo;accueil critique ne devait pas poser de probl\u00e8me. Jusqu&rsquo;ici tous les journalistes qui l&rsquo;ont vu se sont emball\u00e9s pour ce nouvel opus. Il \u00e9tait logique de penser qu&rsquo;il en irait de m\u00eame pour l&rsquo;immense majorit\u00e9 des envoy\u00e9s sp\u00e9ciaux cannois. Aucune raison qu&rsquo;il en soit autrement puisque <em>Le Gamin au V\u00e9lo<\/em> est totalement r\u00e9ussi. Beaucoup pr\u00e9tendent d&rsquo;ailleurs que c&rsquo;est l&rsquo;\u0153uvre des Dardenne qui, pour la premi\u00e8re fois, conna\u00eetra un vrai succ\u00e8s public. Les tweets qui ont vol\u00e9 \u00e0 travers le monde d\u00e8s la sortie de la vision de presse (voir sur notre <a href=\"http:\/\/www.facebook.com\/pages\/CINEVOX-le-cin%C3%A9ma-vu-par-les-Belges\/167552173303535?sk=wall\" target=\"_blank\">page Facebook<\/a>) ont imm\u00e9diatement confirm\u00e9 cette bonne impression. L&rsquo;enthousiasme est assez unanime. La tonalit\u00e9 des articles demain et des r\u00e9actions sur les radios et t\u00e9l\u00e9s devraient \u00eatre \u00e0 l&rsquo;avenant.<\/p>\n<p>Sur cette rampe de lancement id\u00e9ale, <em>Le Gamin au V\u00e9lo<\/em> pourrait attirer d&#8217;embl\u00e9e une premi\u00e8re vague de cin\u00e9philes forc\u00e9ment int\u00e9ress\u00e9s et inform\u00e9s. Un troph\u00e9e suppl\u00e9mentaire ne ferait qu&rsquo;augmenter le bouche \u00e0 oreille. Mais les fr\u00e8res n&rsquo;y pensent pas et ils sont d\u00e9j\u00e0 tout heureux d&rsquo;\u00eatre \u00e0 Cannes cette ann\u00e9e : une trentaine de films retenus sur 1700 propos\u00e9s, \u00e7a repr\u00e9sente moins de 2% de chance de se retrouver au Palais. Alors, sans esp\u00e9rer quoi que ce soit de plus que le bonheur d&rsquo;\u00eatre l\u00e0, savourons le plaisir de voir tout ce monde monter les marches ce dimanche pour saluer le talent d&rsquo;une \u00e9quipe, l&rsquo;identit\u00e9 d&rsquo;une r\u00e9gion, une vision unique et une exigence qui ne s&rsquo;est jamais d\u00e9mentie au fil des ans.<\/p>\n<p>&nbsp;<\/p>\n<p>&nbsp;<\/p>\n","protected":false},"excerpt":{"rendered":"<p>C&rsquo;est l&rsquo;histoire d&rsquo;un gamin, plac\u00e9 dans une institution en attendant que son p\u00e8re se sorte des ennuis financiers dans lesquels il se d\u00e9bat. Mais la situation s&rsquo;\u00e9ternise et le paternel ne donne plus signe de vie.\u00a0 \u00c0 vrai dire, il a quitt\u00e9 l&rsquo;appartement dans lequel il vivait et il est introuvable. Il aurait m\u00eame vendu &hellip;<\/p>\n","protected":false},"author":7,"featured_media":1497,"comment_status":"closed","ping_status":"closed","sticky":false,"template":"","format":"standard","meta":{"ngg_post_thumbnail":0,"footnotes":""},"categories":[10,7],"tags":[],"class_list":["post-1495","post","type-post","status-publish","format-standard","has-post-thumbnail","","category-a-l-affiche","category-actualites"],"yoast_head":"<!-- This site is optimized with the Yoast SEO plugin v20.4 - https:\/\/yoast.com\/wordpress\/plugins\/seo\/ -->\n<title>Le Gamin au V\u00e9lo :  En avant\u2026 Marches ! - We Love Cinema<\/title>\n<meta name=\"robots\" content=\"index, follow, max-snippet:-1, max-image-preview:large, max-video-preview:-1\" \/>\n<link rel=\"canonical\" href=\"https:\/\/welovecinema.be\/fr\/le-gamin-au-velo-en-avant-marches\/\" \/>\n<meta property=\"og:locale\" content=\"fr_FR\" \/>\n<meta property=\"og:type\" content=\"article\" \/>\n<meta property=\"og:title\" content=\"Le Gamin au V\u00e9lo :  En avant\u2026 Marches ! - We Love Cinema\" \/>\n<meta property=\"og:description\" content=\"C&rsquo;est l&rsquo;histoire d&rsquo;un gamin, plac\u00e9 dans une institution en attendant que son p\u00e8re se sorte des ennuis financiers dans lesquels il se d\u00e9bat. Mais la situation s&rsquo;\u00e9ternise et le paternel ne donne plus signe de vie.\u00a0 \u00c0 vrai dire, il a quitt\u00e9 l&rsquo;appartement dans lequel il vivait et il est introuvable. Il aurait m\u00eame vendu &hellip;\" \/>\n<meta property=\"og:url\" content=\"https:\/\/welovecinema.be\/fr\/le-gamin-au-velo-en-avant-marches\/\" \/>\n<meta property=\"og:site_name\" content=\"We Love Cinema\" \/>\n<meta property=\"article:publisher\" content=\"https:\/\/www.facebook.com\/welovecinema.be\" \/>\n<meta property=\"article:published_time\" content=\"2011-05-15T07:47:57+00:00\" \/>\n<meta property=\"article:modified_time\" content=\"2014-05-12T15:29:59+00:00\" \/>\n<meta property=\"og:image\" content=\"https:\/\/welovecinema.be\/wp-content\/uploads\/sites\/2\/2011\/05\/gamin4b.jpg\" \/>\n\t<meta property=\"og:image:width\" content=\"1000\" \/>\n\t<meta property=\"og:image:height\" content=\"664\" \/>\n\t<meta property=\"og:image:type\" content=\"image\/jpeg\" \/>\n<meta name=\"author\" content=\"Philippe.Pierquin\" \/>\n<meta name=\"twitter:card\" content=\"summary_large_image\" \/>\n<meta name=\"twitter:label1\" content=\"\u00c9crit par\" \/>\n\t<meta name=\"twitter:data1\" content=\"Philippe.Pierquin\" \/>\n\t<meta name=\"twitter:label2\" content=\"Dur\u00e9e de lecture estim\u00e9e\" \/>\n\t<meta name=\"twitter:data2\" content=\"4 minutes\" \/>\n<script type=\"application\/ld+json\" class=\"yoast-schema-graph\">{\"@context\":\"https:\/\/schema.org\",\"@graph\":[{\"@type\":\"Article\",\"@id\":\"https:\/\/welovecinema.be\/fr\/le-gamin-au-velo-en-avant-marches\/#article\",\"isPartOf\":{\"@id\":\"https:\/\/welovecinema.be\/fr\/le-gamin-au-velo-en-avant-marches\/\"},\"author\":{\"name\":\"Philippe.Pierquin\",\"@id\":\"https:\/\/welovecinema.be\/nl\/#\/schema\/person\/4b9b1d857f0943453a38a7c2859ef756\"},\"headline\":\"Le Gamin au V\u00e9lo : En avant\u2026 Marches !\",\"datePublished\":\"2011-05-15T07:47:57+00:00\",\"dateModified\":\"2014-05-12T15:29:59+00:00\",\"mainEntityOfPage\":{\"@id\":\"https:\/\/welovecinema.be\/fr\/le-gamin-au-velo-en-avant-marches\/\"},\"wordCount\":844,\"publisher\":{\"@id\":\"https:\/\/welovecinema.be\/nl\/#organization\"},\"articleSection\":[\"A l'affiche\",\"News\"],\"inLanguage\":\"fr-FR\"},{\"@type\":\"WebPage\",\"@id\":\"https:\/\/welovecinema.be\/fr\/le-gamin-au-velo-en-avant-marches\/\",\"url\":\"https:\/\/welovecinema.be\/fr\/le-gamin-au-velo-en-avant-marches\/\",\"name\":\"Le Gamin au V\u00e9lo : En avant\u2026 Marches ! - We Love Cinema\",\"isPartOf\":{\"@id\":\"https:\/\/welovecinema.be\/nl\/#website\"},\"datePublished\":\"2011-05-15T07:47:57+00:00\",\"dateModified\":\"2014-05-12T15:29:59+00:00\",\"breadcrumb\":{\"@id\":\"https:\/\/welovecinema.be\/fr\/le-gamin-au-velo-en-avant-marches\/#breadcrumb\"},\"inLanguage\":\"fr-FR\",\"potentialAction\":[{\"@type\":\"ReadAction\",\"target\":[\"https:\/\/welovecinema.be\/fr\/le-gamin-au-velo-en-avant-marches\/\"]}]},{\"@type\":\"BreadcrumbList\",\"@id\":\"https:\/\/welovecinema.be\/fr\/le-gamin-au-velo-en-avant-marches\/#breadcrumb\",\"itemListElement\":[{\"@type\":\"ListItem\",\"position\":1,\"name\":\"Accueil\",\"item\":\"https:\/\/welovecinema.be\/fr\/\"},{\"@type\":\"ListItem\",\"position\":2,\"name\":\"Le Gamin au V\u00e9lo : En avant\u2026 Marches !\"}]},{\"@type\":\"WebSite\",\"@id\":\"https:\/\/welovecinema.be\/nl\/#website\",\"url\":\"https:\/\/welovecinema.be\/nl\/\",\"name\":\"We Love Cinema\",\"description\":\"Toute l\u2019information du cin\u00e9ma en Belgique\",\"publisher\":{\"@id\":\"https:\/\/welovecinema.be\/nl\/#organization\"},\"potentialAction\":[{\"@type\":\"SearchAction\",\"target\":{\"@type\":\"EntryPoint\",\"urlTemplate\":\"https:\/\/welovecinema.be\/nl\/?s={search_term_string}\"},\"query-input\":\"required name=search_term_string\"}],\"inLanguage\":\"fr-FR\"},{\"@type\":\"Organization\",\"@id\":\"https:\/\/welovecinema.be\/nl\/#organization\",\"name\":\"We Love Cinema\",\"url\":\"https:\/\/welovecinema.be\/nl\/\",\"logo\":{\"@type\":\"ImageObject\",\"inLanguage\":\"fr-FR\",\"@id\":\"https:\/\/welovecinema.be\/nl\/#\/schema\/logo\/image\/\",\"url\":\"https:\/\/welovecinema.be\/wp-content\/uploads\/sites\/2\/2023\/03\/Logo-We-Love-Cinema305x128.jpg\",\"contentUrl\":\"https:\/\/welovecinema.be\/wp-content\/uploads\/sites\/2\/2023\/03\/Logo-We-Love-Cinema305x128.jpg\",\"width\":305,\"height\":128,\"caption\":\"We Love Cinema\"},\"image\":{\"@id\":\"https:\/\/welovecinema.be\/nl\/#\/schema\/logo\/image\/\"},\"sameAs\":[\"https:\/\/www.facebook.com\/welovecinema.be\",\"https:\/\/www.youtube.com\/channel\/UCX5LYGVhnKvYauW4Nta4HJA\",\"https:\/\/www.instagram.com\/welovecinema.be\/\"]},{\"@type\":\"Person\",\"@id\":\"https:\/\/welovecinema.be\/nl\/#\/schema\/person\/4b9b1d857f0943453a38a7c2859ef756\",\"name\":\"Philippe.Pierquin\",\"url\":\"https:\/\/welovecinema.be\/fr\/author\/philippe-pierquin\/\"}]}<\/script>\n<!-- \/ Yoast SEO plugin. -->","yoast_head_json":{"title":"Le Gamin au V\u00e9lo :  En avant\u2026 Marches ! - We Love Cinema","robots":{"index":"index","follow":"follow","max-snippet":"max-snippet:-1","max-image-preview":"max-image-preview:large","max-video-preview":"max-video-preview:-1"},"canonical":"https:\/\/welovecinema.be\/fr\/le-gamin-au-velo-en-avant-marches\/","og_locale":"fr_FR","og_type":"article","og_title":"Le Gamin au V\u00e9lo :  En avant\u2026 Marches ! - We Love Cinema","og_description":"C&rsquo;est l&rsquo;histoire d&rsquo;un gamin, plac\u00e9 dans une institution en attendant que son p\u00e8re se sorte des ennuis financiers dans lesquels il se d\u00e9bat. Mais la situation s&rsquo;\u00e9ternise et le paternel ne donne plus signe de vie.\u00a0 \u00c0 vrai dire, il a quitt\u00e9 l&rsquo;appartement dans lequel il vivait et il est introuvable. Il aurait m\u00eame vendu &hellip;","og_url":"https:\/\/welovecinema.be\/fr\/le-gamin-au-velo-en-avant-marches\/","og_site_name":"We Love Cinema","article_publisher":"https:\/\/www.facebook.com\/welovecinema.be","article_published_time":"2011-05-15T07:47:57+00:00","article_modified_time":"2014-05-12T15:29:59+00:00","og_image":[{"width":"1000","height":"664","url":"https:\/\/welovecinema.be\/wp-content\/uploads\/sites\/2\/2011\/05\/gamin4b.jpg","type":"image\/jpeg"}],"author":"Philippe.Pierquin","twitter_card":"summary_large_image","twitter_misc":{"\u00c9crit par":"Philippe.Pierquin","Dur\u00e9e de lecture estim\u00e9e":"4 minutes"},"schema":{"@context":"https:\/\/schema.org","@graph":[{"@type":"Article","@id":"https:\/\/welovecinema.be\/fr\/le-gamin-au-velo-en-avant-marches\/#article","isPartOf":{"@id":"https:\/\/welovecinema.be\/fr\/le-gamin-au-velo-en-avant-marches\/"},"author":{"name":"Philippe.Pierquin","@id":"https:\/\/welovecinema.be\/nl\/#\/schema\/person\/4b9b1d857f0943453a38a7c2859ef756"},"headline":"Le Gamin au V\u00e9lo : En avant\u2026 Marches !","datePublished":"2011-05-15T07:47:57+00:00","dateModified":"2014-05-12T15:29:59+00:00","mainEntityOfPage":{"@id":"https:\/\/welovecinema.be\/fr\/le-gamin-au-velo-en-avant-marches\/"},"wordCount":844,"publisher":{"@id":"https:\/\/welovecinema.be\/nl\/#organization"},"articleSection":["A l'affiche","News"],"inLanguage":"fr-FR"},{"@type":"WebPage","@id":"https:\/\/welovecinema.be\/fr\/le-gamin-au-velo-en-avant-marches\/","url":"https:\/\/welovecinema.be\/fr\/le-gamin-au-velo-en-avant-marches\/","name":"Le Gamin au V\u00e9lo : En avant\u2026 Marches ! - We Love Cinema","isPartOf":{"@id":"https:\/\/welovecinema.be\/nl\/#website"},"datePublished":"2011-05-15T07:47:57+00:00","dateModified":"2014-05-12T15:29:59+00:00","breadcrumb":{"@id":"https:\/\/welovecinema.be\/fr\/le-gamin-au-velo-en-avant-marches\/#breadcrumb"},"inLanguage":"fr-FR","potentialAction":[{"@type":"ReadAction","target":["https:\/\/welovecinema.be\/fr\/le-gamin-au-velo-en-avant-marches\/"]}]},{"@type":"BreadcrumbList","@id":"https:\/\/welovecinema.be\/fr\/le-gamin-au-velo-en-avant-marches\/#breadcrumb","itemListElement":[{"@type":"ListItem","position":1,"name":"Accueil","item":"https:\/\/welovecinema.be\/fr\/"},{"@type":"ListItem","position":2,"name":"Le Gamin au V\u00e9lo : En avant\u2026 Marches !"}]},{"@type":"WebSite","@id":"https:\/\/welovecinema.be\/nl\/#website","url":"https:\/\/welovecinema.be\/nl\/","name":"We Love Cinema","description":"Toute l\u2019information du cin\u00e9ma en Belgique","publisher":{"@id":"https:\/\/welovecinema.be\/nl\/#organization"},"potentialAction":[{"@type":"SearchAction","target":{"@type":"EntryPoint","urlTemplate":"https:\/\/welovecinema.be\/nl\/?s={search_term_string}"},"query-input":"required name=search_term_string"}],"inLanguage":"fr-FR"},{"@type":"Organization","@id":"https:\/\/welovecinema.be\/nl\/#organization","name":"We Love Cinema","url":"https:\/\/welovecinema.be\/nl\/","logo":{"@type":"ImageObject","inLanguage":"fr-FR","@id":"https:\/\/welovecinema.be\/nl\/#\/schema\/logo\/image\/","url":"https:\/\/welovecinema.be\/wp-content\/uploads\/sites\/2\/2023\/03\/Logo-We-Love-Cinema305x128.jpg","contentUrl":"https:\/\/welovecinema.be\/wp-content\/uploads\/sites\/2\/2023\/03\/Logo-We-Love-Cinema305x128.jpg","width":305,"height":128,"caption":"We Love Cinema"},"image":{"@id":"https:\/\/welovecinema.be\/nl\/#\/schema\/logo\/image\/"},"sameAs":["https:\/\/www.facebook.com\/welovecinema.be","https:\/\/www.youtube.com\/channel\/UCX5LYGVhnKvYauW4Nta4HJA","https:\/\/www.instagram.com\/welovecinema.be\/"]},{"@type":"Person","@id":"https:\/\/welovecinema.be\/nl\/#\/schema\/person\/4b9b1d857f0943453a38a7c2859ef756","name":"Philippe.Pierquin","url":"https:\/\/welovecinema.be\/fr\/author\/philippe-pierquin\/"}]}},"_links":{"self":[{"href":"https:\/\/welovecinema.be\/fr\/wp-json\/wp\/v2\/posts\/1495","targetHints":{"allow":["GET"]}}],"collection":[{"href":"https:\/\/welovecinema.be\/fr\/wp-json\/wp\/v2\/posts"}],"about":[{"href":"https:\/\/welovecinema.be\/fr\/wp-json\/wp\/v2\/types\/post"}],"author":[{"embeddable":true,"href":"https:\/\/welovecinema.be\/fr\/wp-json\/wp\/v2\/users\/7"}],"replies":[{"embeddable":true,"href":"https:\/\/welovecinema.be\/fr\/wp-json\/wp\/v2\/comments?post=1495"}],"version-history":[{"count":0,"href":"https:\/\/welovecinema.be\/fr\/wp-json\/wp\/v2\/posts\/1495\/revisions"}],"wp:featuredmedia":[{"embeddable":true,"href":"https:\/\/welovecinema.be\/fr\/wp-json\/wp\/v2\/media\/1497"}],"wp:attachment":[{"href":"https:\/\/welovecinema.be\/fr\/wp-json\/wp\/v2\/media?parent=1495"}],"wp:term":[{"taxonomy":"category","embeddable":true,"href":"https:\/\/welovecinema.be\/fr\/wp-json\/wp\/v2\/categories?post=1495"},{"taxonomy":"post_tag","embeddable":true,"href":"https:\/\/welovecinema.be\/fr\/wp-json\/wp\/v2\/tags?post=1495"}],"curies":[{"name":"wp","href":"https:\/\/api.w.org\/{rel}","templated":true}]}}