{"id":144,"date":"2011-05-13T08:55:17","date_gmt":"2011-05-13T08:55:17","guid":{"rendered":"http:\/\/voice01.cblue.be\/www.cinevox.be\/?p=144"},"modified":"2011-06-07T14:54:03","modified_gmt":"2011-06-07T14:54:03","slug":"les-belges-adorent-la-croisette-et-vice-versa","status":"publish","type":"post","link":"https:\/\/welovecinema.be\/fr\/les-belges-adorent-la-croisette-et-vice-versa\/","title":{"rendered":"Les Belges adorent la Croisette (et vice-versa)."},"content":{"rendered":"<p>Le Festival de Cannes d\u00e9bute ce 11 mai et quelques films, r\u00e9alisateurs, actrices ou acteurs belges risquent \u00e0 nouveau d&rsquo;y jouer un r\u00f4le en vue. En comp\u00e9tition officielle, <strong>les Fr\u00e8res Dardenne <\/strong>pr\u00e9sentent <em>Le Gamin au V\u00e9lo<\/em>, leur nouveau film ensoleill\u00e9, avec une exceptionnelle <strong>C\u00e9cile de France.<\/strong> Si les fr\u00e8res, d\u00e9j\u00e0 deux fois couronn\u00e9s, remportaient une nouvelle Palme, ce serait une premi\u00e8re dans l&rsquo;histoire du cin\u00e9ma. Quant \u00e0 <strong>Olivier Gourmet<\/strong>, un de leurs acteurs f\u00e9tiches, qui appara\u00eet d&rsquo;ailleurs dans <em>Le Gamin<\/em>, il est la vedette de <em>L&rsquo;Exercice de l&rsquo;\u00c9tat<\/em>, un film fran\u00e7ais coproduit chez nous par\u2026 les Fr\u00e8res Dardenne et propos\u00e9 dans la section <em>Un certain regard<\/em>. Joli coup double, non?<!--more--><\/p>\n<p>Au fil des ans, le cin\u00e9ma belge s&rsquo;installe de plus en plus solidement au Festival de Cannes. Ces derni\u00e8res ann\u00e9es, on retrouve en moyenne dans les diff\u00e9rentes sections quatre films produits ou coproduits en Belgique francophone et aussi quelques films flamands, parfois tr\u00e8s remarqu\u00e9s, comme <em>Aanrijding in Moscow<\/em> ou <em>La Merditude des Choses<\/em> qui a secou\u00e9 la Croisette l&rsquo;an dernier. Comme vous le lirez <a href=\"http:\/\/www.cinevox.be\/les-belges-a-cannes-un-sacre-majeur-tous-les-trois-ans\/\" target=\"_blank\">ici<\/a>, depuis 1996, le succ\u00e8s de notre cin\u00e9ma ne se d\u00e9ment pas.<\/p>\n<p>Le Festival de Cannes propose quatre sections principales: la s\u00e9lection officielle avec une comp\u00e9tition opposant une vingtaine de films, U<em>n Certain Regard<\/em>, comp\u00e9tition annexe qui regroupe des oeuvres plus cin\u00e9philes ou atypiques, L<em>a Quinzaine des R\u00e9alisateurs <\/em>dont nous vous parlons <a href=\"http:\/\/www.cinevox.be\/la-belgique-na-pas-perdu-sa-quinzaine\/\" target=\"_blank\">ici<\/a> et <em>La Semaine de la Critique<\/em> qui, comme son nom l&rsquo;indique est compos\u00e9e de longs m\u00e9trages s\u00e9lectionn\u00e9s par les journalistes.<\/p>\n<p>Sur 1715 films propos\u00e9s aux s\u00e9lectionneurs, 49 longs m\u00e9trages repr\u00e9sentant 33 pays de production ont \u00e9t\u00e9 retenus en S\u00e9lection officielle pour cette 64e \u00e9dition du Festival de Cannes. 19 sont en comp\u00e9tition ce qui est tr\u00e8s peu par rapport \u00e0 tous les grands noms qui se pressaient au portillon. Croire que certains r\u00e9alisateurs n&rsquo;ont qu&rsquo;\u00e0 se pr\u00e9senter pour \u00eatre adoub\u00e9s est donc une erreur. Il serait vraiment idiot de bouder la nouvelle performance des <strong>Fr\u00e8res Dardenne<\/strong>.<\/p>\n<p><a rel=\"attachment wp-att-560\" href=\"http:\/\/www.cinevox.be\/les-belges-adorent-la-croisette-et-vice-versa\/gamin\/\" target=\"_blank\"><img loading=\"lazy\" decoding=\"async\" class=\"alignleft size-thumbnail wp-image-560\" title=\"gamin\" src=\"http:\/\/www.cinevox.be\/wp-content\/uploads\/sites\/2\/2011\/04\/gamin-200x113.jpg\" alt=\"\" width=\"200\" height=\"113\" srcset=\"https:\/\/welovecinema.be\/wp-content\/uploads\/sites\/2\/2011\/04\/gamin-200x113.jpg 200w, https:\/\/welovecinema.be\/wp-content\/uploads\/sites\/2\/2011\/04\/gamin-480x270.jpg 480w, https:\/\/welovecinema.be\/wp-content\/uploads\/sites\/2\/2011\/04\/gamin-300x169.jpg 300w, https:\/\/welovecinema.be\/wp-content\/uploads\/sites\/2\/2011\/04\/gamin-620x350.jpg 620w\" sizes=\"auto, (max-width: 200px) 100vw, 200px\" \/><\/a><\/p>\n<p>Apr\u00e8s deux Palmes, un prix d&rsquo;interpr\u00e9tation pour <strong>Olivier Gourmet<\/strong> et un prix du sc\u00e9nario que vont nous ramener les fr\u00e8res cette ann\u00e9e ? Leur <em>Gamin au V\u00e9lo<\/em> est un film assez diff\u00e9rent de ce qu&rsquo;ils ont produit jusqu&rsquo;ici. Plus solaire, il met en sc\u00e8ne un jeune acteur prodigieux, <strong>Thomas Doret <\/strong>et\u00a0une star, la bellissima\u00a0<strong><strong>C\u00e9cile de France. <\/strong><\/strong>C&rsquo;est une premi\u00e8re chez les r\u00e9alisateurs. \u00c9videmment, la concurrence sera \u00e2pre puisque face \u00e0 Luc et Jean-Pierre on note (au hasard) les pr\u00e9sences de <strong>Nanni Moretti, Aki Kaurismaki, Lars Von Trier<\/strong> (pr\u00e9c\u00e9d\u00e9 d&rsquo;une rumeur dithyrambique), du rarissime <strong>Terrence Malick<\/strong> ou encore de <strong>Pedro Almodovar<\/strong> qu&rsquo;on pensait ne plus revoir en comp\u00e9tition tant il y fut malheureux par le pass\u00e9.<\/p>\n<p><a rel=\"attachment wp-att-575\" href=\"http:\/\/www.cinevox.be\/les-belges-adorent-la-croisette-et-vice-versa\/gourmet-3\/\" target=\"_blank\"><img loading=\"lazy\" decoding=\"async\" class=\"alignright size-thumbnail wp-image-575\" title=\"gourmet 3\" src=\"http:\/\/www.cinevox.be\/wp-content\/uploads\/sites\/2\/2011\/04\/gourmet-3-200x113.jpg\" alt=\"\" width=\"200\" height=\"113\" srcset=\"https:\/\/welovecinema.be\/wp-content\/uploads\/sites\/2\/2011\/04\/gourmet-3-200x113.jpg 200w, https:\/\/welovecinema.be\/wp-content\/uploads\/sites\/2\/2011\/04\/gourmet-3-480x270.jpg 480w, https:\/\/welovecinema.be\/wp-content\/uploads\/sites\/2\/2011\/04\/gourmet-3-300x169.jpg 300w, https:\/\/welovecinema.be\/wp-content\/uploads\/sites\/2\/2011\/04\/gourmet-3-620x350.jpg 620w\" sizes=\"auto, (max-width: 200px) 100vw, 200px\" \/><\/a><\/p>\n<p><strong>Olivier Gourmet<\/strong> sera, lui, un des p\u00f4les d&rsquo;attraction d&rsquo;<em>Un Certain Regard<\/em>. C&rsquo;est sur ce tremplin que l&rsquo;acteur belge qui tourne le plus aujourd&rsquo;hui d\u00e9montrera aux cin\u00e9philes du monde entier ses aptitudes politiques. Dans <em>L&rsquo;Exercice de l&rsquo;\u00c9tat<\/em>, il est un ministre fran\u00e7ais, affect\u00e9 aux transports et confront\u00e9 aux difficult\u00e9s de sa charge. Son personnage complexe et riche devrait retenir l&rsquo;attention. Dans son \u00e9quipe, on trouve <strong>Zabou Breitman<\/strong>, attach\u00e9e de presse d\u00e9vou\u00e9e, et <strong>Michel Blanc<\/strong> en dir cab&rsquo; rompu aux arcanes du pouvoir. Deux des meilleurs acteurs fran\u00e7ais qui bossent pour Olivier Gourmet, c&rsquo;est la classe ! <em>L&rsquo;Exercice de l&rsquo;\u00c9tat <\/em>est le troisi\u00e8me long m\u00e9trage de <strong>Pierre Schoeller<\/strong> apr\u00e8s <em>Z\u00e9ro D\u00e9faut<\/em> et <em>Versailles,<\/em> excellent film triste avec le regrett\u00e9 Guillaume Depardieu.<\/p>\n<p>Le r\u00e9alisateur<strong> Emir Kusturica<\/strong> dirigera le Jury <em>Un Certain Regard<\/em> tandis que <strong>Robert de Niro, <\/strong>l\u00e9gende vivante du cin\u00e9ma, sera pr\u00e9sident du jury de la comp\u00e9tition officielle. Avec, \u00e0 la clef, des prix pour les petits Belges ? On n&rsquo;en serait pas plus \u00e9tonn\u00e9 que cela: c&rsquo;est presque devenu une habitude\u2026<\/p>\n","protected":false},"excerpt":{"rendered":"<p>Le Festival de Cannes d\u00e9bute ce 11 mai et quelques films, r\u00e9alisateurs, actrices ou acteurs belges risquent \u00e0 nouveau d&rsquo;y jouer un r\u00f4le en vue. En comp\u00e9tition officielle, les Fr\u00e8res Dardenne pr\u00e9sentent Le Gamin au V\u00e9lo, leur nouveau film ensoleill\u00e9, avec une exceptionnelle C\u00e9cile de France. Si les fr\u00e8res, d\u00e9j\u00e0 deux fois couronn\u00e9s, remportaient une &hellip;<\/p>\n","protected":false},"author":36,"featured_media":707,"comment_status":"closed","ping_status":"closed","sticky":false,"template":"","format":"standard","meta":{"ngg_post_thumbnail":0,"footnotes":""},"categories":[1923],"tags":[],"class_list":["post-144","post","type-post","status-publish","format-standard","has-post-thumbnail","","category-en-bref"],"yoast_head":"<!-- This site is optimized with the Yoast SEO plugin v20.4 - https:\/\/yoast.com\/wordpress\/plugins\/seo\/ -->\n<title>Les Belges adorent la Croisette (et vice-versa). - We Love Cinema<\/title>\n<meta name=\"robots\" content=\"index, follow, max-snippet:-1, max-image-preview:large, max-video-preview:-1\" \/>\n<link rel=\"canonical\" href=\"https:\/\/welovecinema.be\/fr\/les-belges-adorent-la-croisette-et-vice-versa\/\" \/>\n<meta property=\"og:locale\" content=\"fr_FR\" \/>\n<meta property=\"og:type\" content=\"article\" \/>\n<meta property=\"og:title\" content=\"Les Belges adorent la Croisette (et vice-versa). - We Love Cinema\" \/>\n<meta property=\"og:description\" content=\"Le Festival de Cannes d\u00e9bute ce 11 mai et quelques films, r\u00e9alisateurs, actrices ou acteurs belges risquent \u00e0 nouveau d&rsquo;y jouer un r\u00f4le en vue. En comp\u00e9tition officielle, les Fr\u00e8res Dardenne pr\u00e9sentent Le Gamin au V\u00e9lo, leur nouveau film ensoleill\u00e9, avec une exceptionnelle C\u00e9cile de France. Si les fr\u00e8res, d\u00e9j\u00e0 deux fois couronn\u00e9s, remportaient une &hellip;\" \/>\n<meta property=\"og:url\" content=\"https:\/\/welovecinema.be\/fr\/les-belges-adorent-la-croisette-et-vice-versa\/\" \/>\n<meta property=\"og:site_name\" content=\"We Love Cinema\" \/>\n<meta property=\"article:publisher\" content=\"https:\/\/www.facebook.com\/welovecinema.be\" \/>\n<meta property=\"article:published_time\" content=\"2011-05-13T08:55:17+00:00\" \/>\n<meta property=\"article:modified_time\" content=\"2011-06-07T14:54:03+00:00\" \/>\n<meta property=\"og:image\" content=\"https:\/\/welovecinema.be\/wp-content\/uploads\/sites\/2\/2011\/04\/03C003C004175878-photo-l-affiche-du-64eme-festival-de-cannes-2011.jpg\" \/>\n\t<meta property=\"og:image:width\" content=\"717\" \/>\n\t<meta property=\"og:image:height\" content=\"478\" \/>\n\t<meta property=\"og:image:type\" content=\"image\/jpeg\" \/>\n<meta name=\"author\" content=\"Laurent\" \/>\n<meta name=\"twitter:card\" content=\"summary_large_image\" \/>\n<meta name=\"twitter:label1\" content=\"\u00c9crit par\" \/>\n\t<meta name=\"twitter:data1\" content=\"Laurent\" \/>\n\t<meta name=\"twitter:label2\" content=\"Dur\u00e9e de lecture estim\u00e9e\" \/>\n\t<meta name=\"twitter:data2\" content=\"3 minutes\" \/>\n<script type=\"application\/ld+json\" class=\"yoast-schema-graph\">{\"@context\":\"https:\/\/schema.org\",\"@graph\":[{\"@type\":\"Article\",\"@id\":\"https:\/\/welovecinema.be\/fr\/les-belges-adorent-la-croisette-et-vice-versa\/#article\",\"isPartOf\":{\"@id\":\"https:\/\/welovecinema.be\/fr\/les-belges-adorent-la-croisette-et-vice-versa\/\"},\"author\":{\"name\":\"Laurent\",\"@id\":\"https:\/\/welovecinema.be\/nl\/#\/schema\/person\/a07110839d59a016cbd2294e2aca8352\"},\"headline\":\"Les Belges adorent la Croisette (et vice-versa).\",\"datePublished\":\"2011-05-13T08:55:17+00:00\",\"dateModified\":\"2011-06-07T14:54:03+00:00\",\"mainEntityOfPage\":{\"@id\":\"https:\/\/welovecinema.be\/fr\/les-belges-adorent-la-croisette-et-vice-versa\/\"},\"wordCount\":711,\"publisher\":{\"@id\":\"https:\/\/welovecinema.be\/nl\/#organization\"},\"articleSection\":[\"En bref\"],\"inLanguage\":\"fr-FR\"},{\"@type\":\"WebPage\",\"@id\":\"https:\/\/welovecinema.be\/fr\/les-belges-adorent-la-croisette-et-vice-versa\/\",\"url\":\"https:\/\/welovecinema.be\/fr\/les-belges-adorent-la-croisette-et-vice-versa\/\",\"name\":\"Les Belges adorent la Croisette (et vice-versa). - We Love Cinema\",\"isPartOf\":{\"@id\":\"https:\/\/welovecinema.be\/nl\/#website\"},\"datePublished\":\"2011-05-13T08:55:17+00:00\",\"dateModified\":\"2011-06-07T14:54:03+00:00\",\"breadcrumb\":{\"@id\":\"https:\/\/welovecinema.be\/fr\/les-belges-adorent-la-croisette-et-vice-versa\/#breadcrumb\"},\"inLanguage\":\"fr-FR\",\"potentialAction\":[{\"@type\":\"ReadAction\",\"target\":[\"https:\/\/welovecinema.be\/fr\/les-belges-adorent-la-croisette-et-vice-versa\/\"]}]},{\"@type\":\"BreadcrumbList\",\"@id\":\"https:\/\/welovecinema.be\/fr\/les-belges-adorent-la-croisette-et-vice-versa\/#breadcrumb\",\"itemListElement\":[{\"@type\":\"ListItem\",\"position\":1,\"name\":\"Accueil\",\"item\":\"https:\/\/welovecinema.be\/fr\/\"},{\"@type\":\"ListItem\",\"position\":2,\"name\":\"Les Belges adorent la Croisette (et vice-versa).\"}]},{\"@type\":\"WebSite\",\"@id\":\"https:\/\/welovecinema.be\/nl\/#website\",\"url\":\"https:\/\/welovecinema.be\/nl\/\",\"name\":\"We Love Cinema\",\"description\":\"Toute l\u2019information du cin\u00e9ma en Belgique\",\"publisher\":{\"@id\":\"https:\/\/welovecinema.be\/nl\/#organization\"},\"potentialAction\":[{\"@type\":\"SearchAction\",\"target\":{\"@type\":\"EntryPoint\",\"urlTemplate\":\"https:\/\/welovecinema.be\/nl\/?s={search_term_string}\"},\"query-input\":\"required name=search_term_string\"}],\"inLanguage\":\"fr-FR\"},{\"@type\":\"Organization\",\"@id\":\"https:\/\/welovecinema.be\/nl\/#organization\",\"name\":\"We Love Cinema\",\"url\":\"https:\/\/welovecinema.be\/nl\/\",\"logo\":{\"@type\":\"ImageObject\",\"inLanguage\":\"fr-FR\",\"@id\":\"https:\/\/welovecinema.be\/nl\/#\/schema\/logo\/image\/\",\"url\":\"https:\/\/welovecinema.be\/wp-content\/uploads\/sites\/2\/2023\/03\/Logo-We-Love-Cinema305x128.jpg\",\"contentUrl\":\"https:\/\/welovecinema.be\/wp-content\/uploads\/sites\/2\/2023\/03\/Logo-We-Love-Cinema305x128.jpg\",\"width\":305,\"height\":128,\"caption\":\"We Love Cinema\"},\"image\":{\"@id\":\"https:\/\/welovecinema.be\/nl\/#\/schema\/logo\/image\/\"},\"sameAs\":[\"https:\/\/www.facebook.com\/welovecinema.be\",\"https:\/\/www.youtube.com\/channel\/UCX5LYGVhnKvYauW4Nta4HJA\",\"https:\/\/www.instagram.com\/welovecinema.be\/\"]},{\"@type\":\"Person\",\"@id\":\"https:\/\/welovecinema.be\/nl\/#\/schema\/person\/a07110839d59a016cbd2294e2aca8352\",\"name\":\"Laurent\",\"sameAs\":[\"http:\/\/www.facebook.com\/laurent.jans\"],\"url\":\"https:\/\/welovecinema.be\/fr\/author\/laurent-jans\/\"}]}<\/script>\n<!-- \/ Yoast SEO plugin. -->","yoast_head_json":{"title":"Les Belges adorent la Croisette (et vice-versa). - We Love Cinema","robots":{"index":"index","follow":"follow","max-snippet":"max-snippet:-1","max-image-preview":"max-image-preview:large","max-video-preview":"max-video-preview:-1"},"canonical":"https:\/\/welovecinema.be\/fr\/les-belges-adorent-la-croisette-et-vice-versa\/","og_locale":"fr_FR","og_type":"article","og_title":"Les Belges adorent la Croisette (et vice-versa). - We Love Cinema","og_description":"Le Festival de Cannes d\u00e9bute ce 11 mai et quelques films, r\u00e9alisateurs, actrices ou acteurs belges risquent \u00e0 nouveau d&rsquo;y jouer un r\u00f4le en vue. En comp\u00e9tition officielle, les Fr\u00e8res Dardenne pr\u00e9sentent Le Gamin au V\u00e9lo, leur nouveau film ensoleill\u00e9, avec une exceptionnelle C\u00e9cile de France. Si les fr\u00e8res, d\u00e9j\u00e0 deux fois couronn\u00e9s, remportaient une &hellip;","og_url":"https:\/\/welovecinema.be\/fr\/les-belges-adorent-la-croisette-et-vice-versa\/","og_site_name":"We Love Cinema","article_publisher":"https:\/\/www.facebook.com\/welovecinema.be","article_published_time":"2011-05-13T08:55:17+00:00","article_modified_time":"2011-06-07T14:54:03+00:00","og_image":[{"width":"717","height":"478","url":"https:\/\/welovecinema.be\/wp-content\/uploads\/sites\/2\/2011\/04\/03C003C004175878-photo-l-affiche-du-64eme-festival-de-cannes-2011.jpg","type":"image\/jpeg"}],"author":"Laurent","twitter_card":"summary_large_image","twitter_misc":{"\u00c9crit par":"Laurent","Dur\u00e9e de lecture estim\u00e9e":"3 minutes"},"schema":{"@context":"https:\/\/schema.org","@graph":[{"@type":"Article","@id":"https:\/\/welovecinema.be\/fr\/les-belges-adorent-la-croisette-et-vice-versa\/#article","isPartOf":{"@id":"https:\/\/welovecinema.be\/fr\/les-belges-adorent-la-croisette-et-vice-versa\/"},"author":{"name":"Laurent","@id":"https:\/\/welovecinema.be\/nl\/#\/schema\/person\/a07110839d59a016cbd2294e2aca8352"},"headline":"Les Belges adorent la Croisette (et vice-versa).","datePublished":"2011-05-13T08:55:17+00:00","dateModified":"2011-06-07T14:54:03+00:00","mainEntityOfPage":{"@id":"https:\/\/welovecinema.be\/fr\/les-belges-adorent-la-croisette-et-vice-versa\/"},"wordCount":711,"publisher":{"@id":"https:\/\/welovecinema.be\/nl\/#organization"},"articleSection":["En bref"],"inLanguage":"fr-FR"},{"@type":"WebPage","@id":"https:\/\/welovecinema.be\/fr\/les-belges-adorent-la-croisette-et-vice-versa\/","url":"https:\/\/welovecinema.be\/fr\/les-belges-adorent-la-croisette-et-vice-versa\/","name":"Les Belges adorent la Croisette (et vice-versa). - We Love Cinema","isPartOf":{"@id":"https:\/\/welovecinema.be\/nl\/#website"},"datePublished":"2011-05-13T08:55:17+00:00","dateModified":"2011-06-07T14:54:03+00:00","breadcrumb":{"@id":"https:\/\/welovecinema.be\/fr\/les-belges-adorent-la-croisette-et-vice-versa\/#breadcrumb"},"inLanguage":"fr-FR","potentialAction":[{"@type":"ReadAction","target":["https:\/\/welovecinema.be\/fr\/les-belges-adorent-la-croisette-et-vice-versa\/"]}]},{"@type":"BreadcrumbList","@id":"https:\/\/welovecinema.be\/fr\/les-belges-adorent-la-croisette-et-vice-versa\/#breadcrumb","itemListElement":[{"@type":"ListItem","position":1,"name":"Accueil","item":"https:\/\/welovecinema.be\/fr\/"},{"@type":"ListItem","position":2,"name":"Les Belges adorent la Croisette (et vice-versa)."}]},{"@type":"WebSite","@id":"https:\/\/welovecinema.be\/nl\/#website","url":"https:\/\/welovecinema.be\/nl\/","name":"We Love Cinema","description":"Toute l\u2019information du cin\u00e9ma en Belgique","publisher":{"@id":"https:\/\/welovecinema.be\/nl\/#organization"},"potentialAction":[{"@type":"SearchAction","target":{"@type":"EntryPoint","urlTemplate":"https:\/\/welovecinema.be\/nl\/?s={search_term_string}"},"query-input":"required name=search_term_string"}],"inLanguage":"fr-FR"},{"@type":"Organization","@id":"https:\/\/welovecinema.be\/nl\/#organization","name":"We Love Cinema","url":"https:\/\/welovecinema.be\/nl\/","logo":{"@type":"ImageObject","inLanguage":"fr-FR","@id":"https:\/\/welovecinema.be\/nl\/#\/schema\/logo\/image\/","url":"https:\/\/welovecinema.be\/wp-content\/uploads\/sites\/2\/2023\/03\/Logo-We-Love-Cinema305x128.jpg","contentUrl":"https:\/\/welovecinema.be\/wp-content\/uploads\/sites\/2\/2023\/03\/Logo-We-Love-Cinema305x128.jpg","width":305,"height":128,"caption":"We Love Cinema"},"image":{"@id":"https:\/\/welovecinema.be\/nl\/#\/schema\/logo\/image\/"},"sameAs":["https:\/\/www.facebook.com\/welovecinema.be","https:\/\/www.youtube.com\/channel\/UCX5LYGVhnKvYauW4Nta4HJA","https:\/\/www.instagram.com\/welovecinema.be\/"]},{"@type":"Person","@id":"https:\/\/welovecinema.be\/nl\/#\/schema\/person\/a07110839d59a016cbd2294e2aca8352","name":"Laurent","sameAs":["http:\/\/www.facebook.com\/laurent.jans"],"url":"https:\/\/welovecinema.be\/fr\/author\/laurent-jans\/"}]}},"_links":{"self":[{"href":"https:\/\/welovecinema.be\/fr\/wp-json\/wp\/v2\/posts\/144","targetHints":{"allow":["GET"]}}],"collection":[{"href":"https:\/\/welovecinema.be\/fr\/wp-json\/wp\/v2\/posts"}],"about":[{"href":"https:\/\/welovecinema.be\/fr\/wp-json\/wp\/v2\/types\/post"}],"author":[{"embeddable":true,"href":"https:\/\/welovecinema.be\/fr\/wp-json\/wp\/v2\/users\/36"}],"replies":[{"embeddable":true,"href":"https:\/\/welovecinema.be\/fr\/wp-json\/wp\/v2\/comments?post=144"}],"version-history":[{"count":0,"href":"https:\/\/welovecinema.be\/fr\/wp-json\/wp\/v2\/posts\/144\/revisions"}],"wp:featuredmedia":[{"embeddable":true,"href":"https:\/\/welovecinema.be\/fr\/wp-json\/wp\/v2\/media\/707"}],"wp:attachment":[{"href":"https:\/\/welovecinema.be\/fr\/wp-json\/wp\/v2\/media?parent=144"}],"wp:term":[{"taxonomy":"category","embeddable":true,"href":"https:\/\/welovecinema.be\/fr\/wp-json\/wp\/v2\/categories?post=144"},{"taxonomy":"post_tag","embeddable":true,"href":"https:\/\/welovecinema.be\/fr\/wp-json\/wp\/v2\/tags?post=144"}],"curies":[{"name":"wp","href":"https:\/\/api.w.org\/{rel}","templated":true}]}}