{"id":14227,"date":"2012-01-24T14:04:20","date_gmt":"2012-01-24T14:04:20","guid":{"rendered":"http:\/\/www.cinevox.be\/?p=14227"},"modified":"2012-01-25T06:23:05","modified_gmt":"2012-01-25T06:23:05","slug":"officiel-un-boeuf-belge-aux-oscars","status":"publish","type":"post","link":"https:\/\/welovecinema.be\/fr\/officiel-un-boeuf-belge-aux-oscars\/","title":{"rendered":"Officiel : un b\u0153uf belge aux Oscars !"},"content":{"rendered":"<p>C&rsquo;est la grande nouvelle de ce d\u00e9but d&rsquo;ann\u00e9e pour le cin\u00e9ma belge: <em>Rundskop<\/em> est nomm\u00e9 aux Oscars dans la cat\u00e9gorie \u00ab\u00a0Meilleur film en langue \u00e9trang\u00e8re\u00a0\u00bb. Habituez-vous d\u00e9sormais \u00e0 l&rsquo;entendre appeler <em>Bullhead,<\/em> son titre international.<\/p>\n<p>Ses adversaires :<em> Footnote, In Darkness<\/em>, le qu\u00e9b\u00e9cois <em>Monsieur Lazhar <\/em>et le favori : <em>Une s\u00e9paration<\/em> qui a d\u00e9j\u00e0 battu <em>Le Gamin au V\u00e9lo<\/em> aux Golden Globes.<\/p>\n<p><!--more--><\/p>\n<p>&nbsp;<\/p>\n<p>Il y a tout juste un an sortait un \u00ab\u00a0petit film belge\u00a0\u00bb, coproduit par les trois r\u00e9gions, un thriller rural un peu \u00e9trange qui virait progressivement au drame psychologique. Douze mois plus tard, pr\u00e8s de 500.000 personnes l&rsquo;ont vu en Belgique, il va \u00eatre distribu\u00e9 un peu partout \u00e0 l&rsquo;\u00e9tranger, a remport\u00e9 une liste hallucinante de prix dans des festivals divers et tr\u00e8s vari\u00e9s \u00e0 travers le monde et vient donc d&rsquo;\u00eatre nomin\u00e9 aux Oscars. A 14h45 cet apr\u00e8s-midi !<\/p>\n<p>&nbsp;<\/p>\n<p><a rel=\"attachment wp-att-14228\" href=\"http:\/\/www.cinevox.be\/officiel-un-boeuf-belge-aux-oscars\/rk-11-2\/\"><img loading=\"lazy\" decoding=\"async\" class=\"aligncenter size-full wp-image-14228\" title=\"rk 11\" src=\"http:\/\/www.cinevox.be\/wp-content\/uploads\/sites\/2\/2012\/01\/rk-11.jpg\" alt=\"\" width=\"720\" height=\"280\" srcset=\"https:\/\/welovecinema.be\/wp-content\/uploads\/sites\/2\/2012\/01\/rk-11.jpg 720w, https:\/\/welovecinema.be\/wp-content\/uploads\/sites\/2\/2012\/01\/rk-11-480x186.jpg 480w\" sizes=\"auto, (max-width: 720px) 100vw, 720px\" \/><\/a><\/p>\n<p>&nbsp;<\/p>\n<p>Le destin du premier long m\u00e9trage (!) de <strong>Michael Roskam<\/strong> est simplement incroyable. Hallucinant, en fait. Mais quel plaisir ! Plaisir de voir le triomphe d&rsquo;un grand film de cin\u00e9ma, reconnu \u00e0 la fois par le public, la critique et les professionnels. Plaisir aussi d&rsquo;assister \u00e0 l&rsquo;explosion m\u00e9diatique d&rsquo;un immense acteur : <strong>Matthias Schoenaerts<\/strong>, c&rsquo;est officiel est d\u00e9sormais un monstre sacr\u00e9 chez nous. Et ailleurs.<\/p>\n<p>Quel honneur aussi pour le casting wallon, <strong>Jeanne Dandoy<\/strong> et<strong> David Murgia <\/strong> en t\u00eate, d&rsquo;\u00eatre en course pour ce titre si convoit\u00e9 \u00e0 travers la plan\u00e8te.<\/p>\n<p>&nbsp;<\/p>\n<p>Nous bouillons donc d&rsquo;impatience de suivre cette 84e c\u00e9r\u00e9monie des Oscars qui se d\u00e9roulera le 26 f\u00e9vrier. Avant cela, <em>Rundskop<\/em> est engag\u00e9 dans la course aux Magritte du cin\u00e9ma belge. Il va de soi que cette nomination exceptionnelle en plein 2e tour de scrutin devrait laisser des traces sur la sc\u00e8ne du Square, le 4 f\u00e9vrier.<\/p>\n<p>&nbsp;<\/p>\n<p>&nbsp;<\/p>\n<p><strong>Sur le m\u00eame sujet (A voir\/A lire) :<\/strong><\/p>\n<p><a href=\"http:\/\/www.cinevox.be\/videos\/rundskop\/\">http:\/\/www.cinevox.be\/videos\/rundskop\/<\/a><\/p>\n<p><a href=\"http:\/\/www.cinevox.be\/rundskoptete-de-boeuf-leffet%E2%80%A6-boeuf\/\">http:\/\/www.cinevox.be\/rundskoptete-de-boeuf-leffet%E2%80%A6-boeuf\/<\/a><\/p>\n<p><a href=\"http:\/\/www.cinevox.be\/rundskop-il-y-en-a-un-peu-plus-je-vous-le-mets-quand-meme\/\">http:\/\/www.cinevox.be\/rundskop-il-y-en-a-un-peu-plus-je-vous-le-mets-quand-meme\/<\/a><\/p>\n<p><a href=\"http:\/\/www.cinevox.be\/pas-de-pitie-pour-les-vegetariens\/\">http:\/\/www.cinevox.be\/pas-de-pitie-pour-les-vegetariens\/<\/a><\/p>\n<p><a href=\"http:\/\/www.cinevox.be\/un-oscar-pour-une-tete-de-boeuf\/\">http:\/\/www.cinevox.be\/un-oscar-pour-une-tete-de-boeuf\/<\/a><\/p>\n<p><a href=\"http:\/\/www.cinevox.be\/rundskop-triomphe-aux-afi-matthias-fait-un-effet-boeuf-a-l-a\/\">http:\/\/www.cinevox.be\/rundskop-triomphe-aux-afi-matthias-fait-un-effet-boeuf-a-l-a\/<\/a><\/p>\n<p><a href=\"http:\/\/www.cinevox.be\/rundskop-du-boeuf-au-bff\/\">http:\/\/www.cinevox.be\/rundskop-du-boeuf-au-bff\/<\/a><\/p>\n","protected":false},"excerpt":{"rendered":"<p>C&rsquo;est la grande nouvelle de ce d\u00e9but d&rsquo;ann\u00e9e pour le cin\u00e9ma belge: Rundskop est nomm\u00e9 aux Oscars dans la cat\u00e9gorie \u00ab\u00a0Meilleur film en langue \u00e9trang\u00e8re\u00a0\u00bb. Habituez-vous d\u00e9sormais \u00e0 l&rsquo;entendre appeler Bullhead, son titre international. Ses adversaires : Footnote, In Darkness, le qu\u00e9b\u00e9cois Monsieur Lazhar et le favori : Une s\u00e9paration qui a d\u00e9j\u00e0 battu Le &hellip;<\/p>\n","protected":false},"author":7,"featured_media":14300,"comment_status":"closed","ping_status":"closed","sticky":false,"template":"","format":"standard","meta":{"ngg_post_thumbnail":0,"footnotes":""},"categories":[12,7],"tags":[],"class_list":["post-14227","post","type-post","status-publish","format-standard","has-post-thumbnail","","category-awards","category-actualites"],"yoast_head":"<!-- This site is optimized with the Yoast SEO plugin v20.4 - https:\/\/yoast.com\/wordpress\/plugins\/seo\/ -->\n<title>Officiel : un b\u0153uf belge aux Oscars ! - We Love Cinema<\/title>\n<meta name=\"robots\" content=\"index, follow, max-snippet:-1, max-image-preview:large, max-video-preview:-1\" \/>\n<link rel=\"canonical\" href=\"https:\/\/welovecinema.be\/fr\/officiel-un-boeuf-belge-aux-oscars\/\" \/>\n<meta property=\"og:locale\" content=\"fr_FR\" \/>\n<meta property=\"og:type\" content=\"article\" \/>\n<meta property=\"og:title\" content=\"Officiel : un b\u0153uf belge aux Oscars ! - We Love Cinema\" \/>\n<meta property=\"og:description\" content=\"C&rsquo;est la grande nouvelle de ce d\u00e9but d&rsquo;ann\u00e9e pour le cin\u00e9ma belge: Rundskop est nomm\u00e9 aux Oscars dans la cat\u00e9gorie \u00ab\u00a0Meilleur film en langue \u00e9trang\u00e8re\u00a0\u00bb. Habituez-vous d\u00e9sormais \u00e0 l&rsquo;entendre appeler Bullhead, son titre international. Ses adversaires : Footnote, In Darkness, le qu\u00e9b\u00e9cois Monsieur Lazhar et le favori : Une s\u00e9paration qui a d\u00e9j\u00e0 battu Le &hellip;\" \/>\n<meta property=\"og:url\" content=\"https:\/\/welovecinema.be\/fr\/officiel-un-boeuf-belge-aux-oscars\/\" \/>\n<meta property=\"og:site_name\" content=\"We Love Cinema\" \/>\n<meta property=\"article:publisher\" content=\"https:\/\/www.facebook.com\/welovecinema.be\" \/>\n<meta property=\"article:published_time\" content=\"2012-01-24T14:04:20+00:00\" \/>\n<meta property=\"article:modified_time\" content=\"2012-01-25T06:23:05+00:00\" \/>\n<meta property=\"og:image\" content=\"https:\/\/welovecinema.be\/wp-content\/uploads\/sites\/2\/2012\/01\/405585_10150545905429029_737689028_8938695_1547108490_n1.jpg\" \/>\n\t<meta property=\"og:image:width\" content=\"470\" \/>\n\t<meta property=\"og:image:height\" content=\"264\" \/>\n\t<meta property=\"og:image:type\" content=\"image\/jpeg\" \/>\n<meta name=\"author\" content=\"Philippe.Pierquin\" \/>\n<meta name=\"twitter:card\" content=\"summary_large_image\" \/>\n<meta name=\"twitter:label1\" content=\"\u00c9crit par\" \/>\n\t<meta name=\"twitter:data1\" content=\"Philippe.Pierquin\" \/>\n\t<meta name=\"twitter:label2\" content=\"Dur\u00e9e de lecture estim\u00e9e\" \/>\n\t<meta name=\"twitter:data2\" content=\"2 minutes\" \/>\n<script type=\"application\/ld+json\" class=\"yoast-schema-graph\">{\"@context\":\"https:\/\/schema.org\",\"@graph\":[{\"@type\":\"Article\",\"@id\":\"https:\/\/welovecinema.be\/fr\/officiel-un-boeuf-belge-aux-oscars\/#article\",\"isPartOf\":{\"@id\":\"https:\/\/welovecinema.be\/fr\/officiel-un-boeuf-belge-aux-oscars\/\"},\"author\":{\"name\":\"Philippe.Pierquin\",\"@id\":\"https:\/\/welovecinema.be\/nl\/#\/schema\/person\/4b9b1d857f0943453a38a7c2859ef756\"},\"headline\":\"Officiel : un b\u0153uf belge aux Oscars !\",\"datePublished\":\"2012-01-24T14:04:20+00:00\",\"dateModified\":\"2012-01-25T06:23:05+00:00\",\"mainEntityOfPage\":{\"@id\":\"https:\/\/welovecinema.be\/fr\/officiel-un-boeuf-belge-aux-oscars\/\"},\"wordCount\":376,\"publisher\":{\"@id\":\"https:\/\/welovecinema.be\/nl\/#organization\"},\"articleSection\":[\"Evenements\",\"News\"],\"inLanguage\":\"fr-FR\"},{\"@type\":\"WebPage\",\"@id\":\"https:\/\/welovecinema.be\/fr\/officiel-un-boeuf-belge-aux-oscars\/\",\"url\":\"https:\/\/welovecinema.be\/fr\/officiel-un-boeuf-belge-aux-oscars\/\",\"name\":\"Officiel : un b\u0153uf belge aux Oscars ! - We Love Cinema\",\"isPartOf\":{\"@id\":\"https:\/\/welovecinema.be\/nl\/#website\"},\"datePublished\":\"2012-01-24T14:04:20+00:00\",\"dateModified\":\"2012-01-25T06:23:05+00:00\",\"breadcrumb\":{\"@id\":\"https:\/\/welovecinema.be\/fr\/officiel-un-boeuf-belge-aux-oscars\/#breadcrumb\"},\"inLanguage\":\"fr-FR\",\"potentialAction\":[{\"@type\":\"ReadAction\",\"target\":[\"https:\/\/welovecinema.be\/fr\/officiel-un-boeuf-belge-aux-oscars\/\"]}]},{\"@type\":\"BreadcrumbList\",\"@id\":\"https:\/\/welovecinema.be\/fr\/officiel-un-boeuf-belge-aux-oscars\/#breadcrumb\",\"itemListElement\":[{\"@type\":\"ListItem\",\"position\":1,\"name\":\"Accueil\",\"item\":\"https:\/\/welovecinema.be\/fr\/\"},{\"@type\":\"ListItem\",\"position\":2,\"name\":\"Officiel : un b\u0153uf belge aux Oscars !\"}]},{\"@type\":\"WebSite\",\"@id\":\"https:\/\/welovecinema.be\/nl\/#website\",\"url\":\"https:\/\/welovecinema.be\/nl\/\",\"name\":\"We Love Cinema\",\"description\":\"Toute l\u2019information du cin\u00e9ma en Belgique\",\"publisher\":{\"@id\":\"https:\/\/welovecinema.be\/nl\/#organization\"},\"potentialAction\":[{\"@type\":\"SearchAction\",\"target\":{\"@type\":\"EntryPoint\",\"urlTemplate\":\"https:\/\/welovecinema.be\/nl\/?s={search_term_string}\"},\"query-input\":\"required name=search_term_string\"}],\"inLanguage\":\"fr-FR\"},{\"@type\":\"Organization\",\"@id\":\"https:\/\/welovecinema.be\/nl\/#organization\",\"name\":\"We Love Cinema\",\"url\":\"https:\/\/welovecinema.be\/nl\/\",\"logo\":{\"@type\":\"ImageObject\",\"inLanguage\":\"fr-FR\",\"@id\":\"https:\/\/welovecinema.be\/nl\/#\/schema\/logo\/image\/\",\"url\":\"https:\/\/welovecinema.be\/wp-content\/uploads\/sites\/2\/2023\/03\/Logo-We-Love-Cinema305x128.jpg\",\"contentUrl\":\"https:\/\/welovecinema.be\/wp-content\/uploads\/sites\/2\/2023\/03\/Logo-We-Love-Cinema305x128.jpg\",\"width\":305,\"height\":128,\"caption\":\"We Love Cinema\"},\"image\":{\"@id\":\"https:\/\/welovecinema.be\/nl\/#\/schema\/logo\/image\/\"},\"sameAs\":[\"https:\/\/www.facebook.com\/welovecinema.be\",\"https:\/\/www.youtube.com\/channel\/UCX5LYGVhnKvYauW4Nta4HJA\",\"https:\/\/www.instagram.com\/welovecinema.be\/\"]},{\"@type\":\"Person\",\"@id\":\"https:\/\/welovecinema.be\/nl\/#\/schema\/person\/4b9b1d857f0943453a38a7c2859ef756\",\"name\":\"Philippe.Pierquin\",\"url\":\"https:\/\/welovecinema.be\/fr\/author\/philippe-pierquin\/\"}]}<\/script>\n<!-- \/ Yoast SEO plugin. -->","yoast_head_json":{"title":"Officiel : un b\u0153uf belge aux Oscars ! - We Love Cinema","robots":{"index":"index","follow":"follow","max-snippet":"max-snippet:-1","max-image-preview":"max-image-preview:large","max-video-preview":"max-video-preview:-1"},"canonical":"https:\/\/welovecinema.be\/fr\/officiel-un-boeuf-belge-aux-oscars\/","og_locale":"fr_FR","og_type":"article","og_title":"Officiel : un b\u0153uf belge aux Oscars ! - We Love Cinema","og_description":"C&rsquo;est la grande nouvelle de ce d\u00e9but d&rsquo;ann\u00e9e pour le cin\u00e9ma belge: Rundskop est nomm\u00e9 aux Oscars dans la cat\u00e9gorie \u00ab\u00a0Meilleur film en langue \u00e9trang\u00e8re\u00a0\u00bb. Habituez-vous d\u00e9sormais \u00e0 l&rsquo;entendre appeler Bullhead, son titre international. Ses adversaires : Footnote, In Darkness, le qu\u00e9b\u00e9cois Monsieur Lazhar et le favori : Une s\u00e9paration qui a d\u00e9j\u00e0 battu Le &hellip;","og_url":"https:\/\/welovecinema.be\/fr\/officiel-un-boeuf-belge-aux-oscars\/","og_site_name":"We Love Cinema","article_publisher":"https:\/\/www.facebook.com\/welovecinema.be","article_published_time":"2012-01-24T14:04:20+00:00","article_modified_time":"2012-01-25T06:23:05+00:00","og_image":[{"width":"470","height":"264","url":"https:\/\/welovecinema.be\/wp-content\/uploads\/sites\/2\/2012\/01\/405585_10150545905429029_737689028_8938695_1547108490_n1.jpg","type":"image\/jpeg"}],"author":"Philippe.Pierquin","twitter_card":"summary_large_image","twitter_misc":{"\u00c9crit par":"Philippe.Pierquin","Dur\u00e9e de lecture estim\u00e9e":"2 minutes"},"schema":{"@context":"https:\/\/schema.org","@graph":[{"@type":"Article","@id":"https:\/\/welovecinema.be\/fr\/officiel-un-boeuf-belge-aux-oscars\/#article","isPartOf":{"@id":"https:\/\/welovecinema.be\/fr\/officiel-un-boeuf-belge-aux-oscars\/"},"author":{"name":"Philippe.Pierquin","@id":"https:\/\/welovecinema.be\/nl\/#\/schema\/person\/4b9b1d857f0943453a38a7c2859ef756"},"headline":"Officiel : un b\u0153uf belge aux Oscars !","datePublished":"2012-01-24T14:04:20+00:00","dateModified":"2012-01-25T06:23:05+00:00","mainEntityOfPage":{"@id":"https:\/\/welovecinema.be\/fr\/officiel-un-boeuf-belge-aux-oscars\/"},"wordCount":376,"publisher":{"@id":"https:\/\/welovecinema.be\/nl\/#organization"},"articleSection":["Evenements","News"],"inLanguage":"fr-FR"},{"@type":"WebPage","@id":"https:\/\/welovecinema.be\/fr\/officiel-un-boeuf-belge-aux-oscars\/","url":"https:\/\/welovecinema.be\/fr\/officiel-un-boeuf-belge-aux-oscars\/","name":"Officiel : un b\u0153uf belge aux Oscars ! - We Love Cinema","isPartOf":{"@id":"https:\/\/welovecinema.be\/nl\/#website"},"datePublished":"2012-01-24T14:04:20+00:00","dateModified":"2012-01-25T06:23:05+00:00","breadcrumb":{"@id":"https:\/\/welovecinema.be\/fr\/officiel-un-boeuf-belge-aux-oscars\/#breadcrumb"},"inLanguage":"fr-FR","potentialAction":[{"@type":"ReadAction","target":["https:\/\/welovecinema.be\/fr\/officiel-un-boeuf-belge-aux-oscars\/"]}]},{"@type":"BreadcrumbList","@id":"https:\/\/welovecinema.be\/fr\/officiel-un-boeuf-belge-aux-oscars\/#breadcrumb","itemListElement":[{"@type":"ListItem","position":1,"name":"Accueil","item":"https:\/\/welovecinema.be\/fr\/"},{"@type":"ListItem","position":2,"name":"Officiel : un b\u0153uf belge aux Oscars !"}]},{"@type":"WebSite","@id":"https:\/\/welovecinema.be\/nl\/#website","url":"https:\/\/welovecinema.be\/nl\/","name":"We Love Cinema","description":"Toute l\u2019information du cin\u00e9ma en Belgique","publisher":{"@id":"https:\/\/welovecinema.be\/nl\/#organization"},"potentialAction":[{"@type":"SearchAction","target":{"@type":"EntryPoint","urlTemplate":"https:\/\/welovecinema.be\/nl\/?s={search_term_string}"},"query-input":"required name=search_term_string"}],"inLanguage":"fr-FR"},{"@type":"Organization","@id":"https:\/\/welovecinema.be\/nl\/#organization","name":"We Love Cinema","url":"https:\/\/welovecinema.be\/nl\/","logo":{"@type":"ImageObject","inLanguage":"fr-FR","@id":"https:\/\/welovecinema.be\/nl\/#\/schema\/logo\/image\/","url":"https:\/\/welovecinema.be\/wp-content\/uploads\/sites\/2\/2023\/03\/Logo-We-Love-Cinema305x128.jpg","contentUrl":"https:\/\/welovecinema.be\/wp-content\/uploads\/sites\/2\/2023\/03\/Logo-We-Love-Cinema305x128.jpg","width":305,"height":128,"caption":"We Love Cinema"},"image":{"@id":"https:\/\/welovecinema.be\/nl\/#\/schema\/logo\/image\/"},"sameAs":["https:\/\/www.facebook.com\/welovecinema.be","https:\/\/www.youtube.com\/channel\/UCX5LYGVhnKvYauW4Nta4HJA","https:\/\/www.instagram.com\/welovecinema.be\/"]},{"@type":"Person","@id":"https:\/\/welovecinema.be\/nl\/#\/schema\/person\/4b9b1d857f0943453a38a7c2859ef756","name":"Philippe.Pierquin","url":"https:\/\/welovecinema.be\/fr\/author\/philippe-pierquin\/"}]}},"_links":{"self":[{"href":"https:\/\/welovecinema.be\/fr\/wp-json\/wp\/v2\/posts\/14227","targetHints":{"allow":["GET"]}}],"collection":[{"href":"https:\/\/welovecinema.be\/fr\/wp-json\/wp\/v2\/posts"}],"about":[{"href":"https:\/\/welovecinema.be\/fr\/wp-json\/wp\/v2\/types\/post"}],"author":[{"embeddable":true,"href":"https:\/\/welovecinema.be\/fr\/wp-json\/wp\/v2\/users\/7"}],"replies":[{"embeddable":true,"href":"https:\/\/welovecinema.be\/fr\/wp-json\/wp\/v2\/comments?post=14227"}],"version-history":[{"count":0,"href":"https:\/\/welovecinema.be\/fr\/wp-json\/wp\/v2\/posts\/14227\/revisions"}],"wp:featuredmedia":[{"embeddable":true,"href":"https:\/\/welovecinema.be\/fr\/wp-json\/wp\/v2\/media\/14300"}],"wp:attachment":[{"href":"https:\/\/welovecinema.be\/fr\/wp-json\/wp\/v2\/media?parent=14227"}],"wp:term":[{"taxonomy":"category","embeddable":true,"href":"https:\/\/welovecinema.be\/fr\/wp-json\/wp\/v2\/categories?post=14227"},{"taxonomy":"post_tag","embeddable":true,"href":"https:\/\/welovecinema.be\/fr\/wp-json\/wp\/v2\/tags?post=14227"}],"curies":[{"name":"wp","href":"https:\/\/api.w.org\/{rel}","templated":true}]}}