{"id":14131,"date":"2012-01-23T20:37:56","date_gmt":"2012-01-23T20:37:56","guid":{"rendered":"http:\/\/www.cinevox.be\/?p=14131"},"modified":"2012-02-10T13:17:28","modified_gmt":"2012-02-10T13:17:28","slug":"dans-les-coulisses-de-lalpe-dhuez","status":"publish","type":"post","link":"https:\/\/welovecinema.be\/fr\/dans-les-coulisses-de-lalpe-dhuez\/","title":{"rendered":"Il \u00e9tait une fois&#8230; les coulisses de l&rsquo;Alpe d&rsquo;Huez"},"content":{"rendered":"<p>Apr\u00e8s les photos officielles, quelques clich\u00e9s plus exclusifs pour clore le comique chapitre alpestre. C&rsquo;est <strong>Christian Merret-Palmair <\/strong>qui tient (en g\u00e9n\u00e9ral) l&rsquo;appareil et <strong>Charlie Dupont<\/strong> qui commente les clich\u00e9s. Pas de prix\u00a0pour\u00a0<em>Il\u00a0\u00c9tait\u00a0une fois une fois<\/em>, mais des souvenirs ind\u00e9l\u00e9biles (et souvent d\u00e9biles). R\u00e9ciproques d&rsquo;ailleurs si on en juge par l&rsquo;article qui clot cette page.<!--more--><\/p>\n<p>&nbsp;<\/p>\n<p>Jour 1 : pr\u00e9chauffage (Avant premi\u00e8re \u00e0 Valencienne, Douai et Villeneuve D&rsquo;asq)<\/p>\n<p>\u00ab\u00a0Les gens du nords ont dans le coeur le soleil qu&rsquo;ils n&rsquo;ont pas \u00e0 l&rsquo;ext\u00e9rieur\u00a0\u00bb &#8211; Enrico Macias\u00a0\u00bb<\/p>\n<p>C&rsquo;est pour \u00e7a qu&rsquo;en Belgique, on dit qu&rsquo;ils habitent au sud\u00a0\u00bb &#8211; Charlie Dupont<\/p>\n<p>&nbsp;<\/p>\n<p><a rel=\"attachment wp-att-14132\" href=\"http:\/\/www.cinevox.be\/dans-les-coulisses-de-lalpe-dhuez\/l1020211\/\"><img loading=\"lazy\" decoding=\"async\" class=\"aligncenter size-full wp-image-14132\" title=\"L1020211\" src=\"http:\/\/www.cinevox.be\/wp-content\/uploads\/sites\/2\/2012\/01\/L1020211.jpg\" alt=\"\" width=\"640\" height=\"427\" srcset=\"https:\/\/welovecinema.be\/wp-content\/uploads\/sites\/2\/2012\/01\/L1020211.jpg 640w, https:\/\/welovecinema.be\/wp-content\/uploads\/sites\/2\/2012\/01\/L1020211-404x270.jpg 404w\" sizes=\"auto, (max-width: 640px) 100vw, 640px\" \/><\/a><\/p>\n<p>&nbsp;<\/p>\n<p><a rel=\"attachment wp-att-14133\" href=\"http:\/\/www.cinevox.be\/dans-les-coulisses-de-lalpe-dhuez\/l1020250\/\"><img loading=\"lazy\" decoding=\"async\" class=\"aligncenter size-full wp-image-14133\" title=\"L1020250\" src=\"http:\/\/www.cinevox.be\/wp-content\/uploads\/sites\/2\/2012\/01\/L1020250.jpg\" alt=\"\" width=\"640\" height=\"427\" srcset=\"https:\/\/welovecinema.be\/wp-content\/uploads\/sites\/2\/2012\/01\/L1020250.jpg 640w, https:\/\/welovecinema.be\/wp-content\/uploads\/sites\/2\/2012\/01\/L1020250-404x270.jpg 404w\" sizes=\"auto, (max-width: 640px) 100vw, 640px\" \/><\/a><\/p>\n<p>&nbsp;<\/p>\n<p><a rel=\"attachment wp-att-14134\" href=\"http:\/\/www.cinevox.be\/dans-les-coulisses-de-lalpe-dhuez\/l1020251-1\/\"><img loading=\"lazy\" decoding=\"async\" class=\"aligncenter size-full wp-image-14134\" title=\"L1020251 (1)\" src=\"http:\/\/www.cinevox.be\/wp-content\/uploads\/sites\/2\/2012\/01\/L1020251-1.jpg\" alt=\"\" width=\"640\" height=\"427\" srcset=\"https:\/\/welovecinema.be\/wp-content\/uploads\/sites\/2\/2012\/01\/L1020251-1.jpg 640w, https:\/\/welovecinema.be\/wp-content\/uploads\/sites\/2\/2012\/01\/L1020251-1-404x270.jpg 404w\" sizes=\"auto, (max-width: 640px) 100vw, 640px\" \/><\/a><\/p>\n<p>&nbsp;<\/p>\n<p>Jour 2: \u00a0arriv\u00e9e \u00e0 l&rsquo;Alpe d&rsquo;Huez. La grande famille du cin\u00e9ma franco belge de \u00ab\u00a0Il \u00e9tait une fois\u00a0\u00bb s&rsquo;est \u00e9largi d&rsquo;une Garbarski qui passait par l\u00e0.<\/p>\n<p>&nbsp;<\/p>\n<p><a rel=\"attachment wp-att-14135\" href=\"http:\/\/www.cinevox.be\/dans-les-coulisses-de-lalpe-dhuez\/l1020339\/\"><img loading=\"lazy\" decoding=\"async\" class=\"aligncenter size-full wp-image-14135\" title=\"L1020339\" src=\"http:\/\/www.cinevox.be\/wp-content\/uploads\/sites\/2\/2012\/01\/L1020339.jpg\" alt=\"\" width=\"640\" height=\"480\" srcset=\"https:\/\/welovecinema.be\/wp-content\/uploads\/sites\/2\/2012\/01\/L1020339.jpg 640w, https:\/\/welovecinema.be\/wp-content\/uploads\/sites\/2\/2012\/01\/L1020339-360x270.jpg 360w, https:\/\/welovecinema.be\/wp-content\/uploads\/sites\/2\/2012\/01\/L1020339-300x225.jpg 300w\" sizes=\"auto, (max-width: 640px) 100vw, 640px\" \/><\/a><\/p>\n<p>&nbsp;<\/p>\n<p><a rel=\"attachment wp-att-14137\" href=\"http:\/\/www.cinevox.be\/dans-les-coulisses-de-lalpe-dhuez\/l1020372-2\/\"><img loading=\"lazy\" decoding=\"async\" class=\"aligncenter size-full wp-image-14137\" title=\"L1020372\" src=\"http:\/\/www.cinevox.be\/wp-content\/uploads\/sites\/2\/2012\/01\/L10203721.jpg\" alt=\"\" width=\"480\" height=\"480\" srcset=\"https:\/\/welovecinema.be\/wp-content\/uploads\/sites\/2\/2012\/01\/L10203721.jpg 480w, https:\/\/welovecinema.be\/wp-content\/uploads\/sites\/2\/2012\/01\/L10203721-270x270.jpg 270w, https:\/\/welovecinema.be\/wp-content\/uploads\/sites\/2\/2012\/01\/L10203721-87x87.jpg 87w\" sizes=\"auto, (max-width: 480px) 100vw, 480px\" \/><\/a><\/p>\n<p>&nbsp;<\/p>\n<p>Jour 3: Michel Drucker r\u00e9clame la naturalisation belge. On lui accorde.<\/p>\n<p>&nbsp;<\/p>\n<p><a rel=\"attachment wp-att-14140\" href=\"http:\/\/www.cinevox.be\/dans-les-coulisses-de-lalpe-dhuez\/l1020417\/\"><img loading=\"lazy\" decoding=\"async\" class=\"aligncenter size-full wp-image-14140\" title=\"L1020417\" src=\"http:\/\/www.cinevox.be\/wp-content\/uploads\/sites\/2\/2012\/01\/L1020417.jpg\" alt=\"\" width=\"640\" height=\"480\" srcset=\"https:\/\/welovecinema.be\/wp-content\/uploads\/sites\/2\/2012\/01\/L1020417.jpg 640w, https:\/\/welovecinema.be\/wp-content\/uploads\/sites\/2\/2012\/01\/L1020417-360x270.jpg 360w, https:\/\/welovecinema.be\/wp-content\/uploads\/sites\/2\/2012\/01\/L1020417-300x225.jpg 300w\" sizes=\"auto, (max-width: 640px) 100vw, 640px\" \/><\/a><\/p>\n<p>&nbsp;<\/p>\n<p><a rel=\"attachment wp-att-14138\" href=\"http:\/\/www.cinevox.be\/dans-les-coulisses-de-lalpe-dhuez\/l1020399\/\"><img loading=\"lazy\" decoding=\"async\" class=\"aligncenter size-full wp-image-14138\" title=\"L1020399\" src=\"http:\/\/www.cinevox.be\/wp-content\/uploads\/sites\/2\/2012\/01\/L1020399.jpg\" alt=\"\" width=\"640\" height=\"480\" srcset=\"https:\/\/welovecinema.be\/wp-content\/uploads\/sites\/2\/2012\/01\/L1020399.jpg 640w, https:\/\/welovecinema.be\/wp-content\/uploads\/sites\/2\/2012\/01\/L1020399-360x270.jpg 360w, https:\/\/welovecinema.be\/wp-content\/uploads\/sites\/2\/2012\/01\/L1020399-300x225.jpg 300w\" sizes=\"auto, (max-width: 640px) 100vw, 640px\" \/><\/a><\/p>\n<p>&nbsp;<\/p>\n<p>Jours 3 toujours: Heckel et Jeckel, tu peux les mettre sur n&rsquo;importe quelle branche d&rsquo;arbre, y&rsquo;a toujours un moment o\u00f9 ils chantent \u00ab\u00a0Jules C\u00e9sar\u00a0\u00bb<\/p>\n<p>Ici en interview pour Canal +.<\/p>\n<p>&nbsp;<\/p>\n<p>&nbsp;<\/p>\n<p><a rel=\"attachment wp-att-14139\" href=\"http:\/\/www.cinevox.be\/dans-les-coulisses-de-lalpe-dhuez\/l1020442\/\"><img loading=\"lazy\" decoding=\"async\" class=\"aligncenter size-full wp-image-14139\" title=\"L1020442\" src=\"http:\/\/www.cinevox.be\/wp-content\/uploads\/sites\/2\/2012\/01\/L1020442.jpg\" alt=\"\" width=\"640\" height=\"480\" srcset=\"https:\/\/welovecinema.be\/wp-content\/uploads\/sites\/2\/2012\/01\/L1020442.jpg 640w, https:\/\/welovecinema.be\/wp-content\/uploads\/sites\/2\/2012\/01\/L1020442-360x270.jpg 360w, https:\/\/welovecinema.be\/wp-content\/uploads\/sites\/2\/2012\/01\/L1020442-300x225.jpg 300w\" sizes=\"auto, (max-width: 640px) 100vw, 640px\" \/><\/a><\/p>\n<p>&nbsp;<\/p>\n<p><a rel=\"attachment wp-att-14141\" href=\"http:\/\/www.cinevox.be\/dans-les-coulisses-de-lalpe-dhuez\/l1020444\/\"><img loading=\"lazy\" decoding=\"async\" class=\"aligncenter size-full wp-image-14141\" title=\"L1020444\" src=\"http:\/\/www.cinevox.be\/wp-content\/uploads\/sites\/2\/2012\/01\/L1020444.jpg\" alt=\"\" width=\"640\" height=\"480\" srcset=\"https:\/\/welovecinema.be\/wp-content\/uploads\/sites\/2\/2012\/01\/L1020444.jpg 640w, https:\/\/welovecinema.be\/wp-content\/uploads\/sites\/2\/2012\/01\/L1020444-360x270.jpg 360w, https:\/\/welovecinema.be\/wp-content\/uploads\/sites\/2\/2012\/01\/L1020444-300x225.jpg 300w\" sizes=\"auto, (max-width: 640px) 100vw, 640px\" \/><\/a><\/p>\n<p>&nbsp;<\/p>\n<p>Jour 4: Quel que soit le palmares, c&rsquo;est Daniel qui pr\u00e9v\u00f4t.<br \/>\nQue le film re\u00e7oive l&rsquo;enthousiasme du ma\u00eetre, c&rsquo;est comme un C\u00e9sar. Mais c&rsquo;est un Daniel.Ici avec CMerret et sa douce, MillaEt plus bas en famille avec sa femme Fran\u00e7oise et Jean-Luc, leur fils.<\/p>\n<p>&nbsp;<\/p>\n<p><a rel=\"attachment wp-att-14142\" href=\"http:\/\/www.cinevox.be\/dans-les-coulisses-de-lalpe-dhuez\/l1020467\/\"><img loading=\"lazy\" decoding=\"async\" class=\"aligncenter size-full wp-image-14142\" title=\"L1020467\" src=\"http:\/\/www.cinevox.be\/wp-content\/uploads\/sites\/2\/2012\/01\/L1020467.jpg\" alt=\"\" width=\"640\" height=\"427\" srcset=\"https:\/\/welovecinema.be\/wp-content\/uploads\/sites\/2\/2012\/01\/L1020467.jpg 640w, https:\/\/welovecinema.be\/wp-content\/uploads\/sites\/2\/2012\/01\/L1020467-404x270.jpg 404w\" sizes=\"auto, (max-width: 640px) 100vw, 640px\" \/><\/a><\/p>\n<p>&nbsp;<\/p>\n<p><a rel=\"attachment wp-att-14143\" href=\"http:\/\/www.cinevox.be\/dans-les-coulisses-de-lalpe-dhuez\/l1020501\/\"><img loading=\"lazy\" decoding=\"async\" class=\"aligncenter size-full wp-image-14143\" title=\"L1020501\" src=\"http:\/\/www.cinevox.be\/wp-content\/uploads\/sites\/2\/2012\/01\/L1020501.jpg\" alt=\"\" width=\"640\" height=\"425\" srcset=\"https:\/\/welovecinema.be\/wp-content\/uploads\/sites\/2\/2012\/01\/L1020501.jpg 640w, https:\/\/welovecinema.be\/wp-content\/uploads\/sites\/2\/2012\/01\/L1020501-406x270.jpg 406w\" sizes=\"auto, (max-width: 640px) 100vw, 640px\" \/><\/a><\/p>\n<p>&nbsp;<\/p>\n<p><a rel=\"attachment wp-att-14144\" href=\"http:\/\/www.cinevox.be\/dans-les-coulisses-de-lalpe-dhuez\/l1020508\/\"><img loading=\"lazy\" decoding=\"async\" class=\"aligncenter size-full wp-image-14144\" title=\"L1020508\" src=\"http:\/\/www.cinevox.be\/wp-content\/uploads\/sites\/2\/2012\/01\/L1020508.jpg\" alt=\"\" width=\"640\" height=\"425\" srcset=\"https:\/\/welovecinema.be\/wp-content\/uploads\/sites\/2\/2012\/01\/L1020508.jpg 640w, https:\/\/welovecinema.be\/wp-content\/uploads\/sites\/2\/2012\/01\/L1020508-406x270.jpg 406w\" sizes=\"auto, (max-width: 640px) 100vw, 640px\" \/><\/a><\/p>\n<p>&nbsp;<\/p>\n<p>Et pour conclure, l&rsquo;article du Dauphin\u00e9 Lib\u00e9r\u00e9 qui \u00e9lude le palmar\u00e8s et encense \u00ab\u00a0Il \u00e9tait une fois une fois. \u00a0\u00bb Ha ces Belges, ils savent mettre l&rsquo;ambiance. Et si tu sais le faire, tu peux le faire !<\/p>\n<p>&nbsp;<\/p>\n<p><a rel=\"attachment wp-att-14146\" href=\"http:\/\/www.cinevox.be\/dans-les-coulisses-de-lalpe-dhuez\/img064-2\/\"><img loading=\"lazy\" decoding=\"async\" class=\"aligncenter size-full wp-image-14146\" title=\"img064\" src=\"http:\/\/www.cinevox.be\/wp-content\/uploads\/sites\/2\/2012\/01\/img0641.jpg\" alt=\"\" width=\"538\" height=\"1342\" srcset=\"https:\/\/welovecinema.be\/wp-content\/uploads\/sites\/2\/2012\/01\/img0641.jpg 538w, https:\/\/welovecinema.be\/wp-content\/uploads\/sites\/2\/2012\/01\/img0641-108x270.jpg 108w, https:\/\/welovecinema.be\/wp-content\/uploads\/sites\/2\/2012\/01\/img0641-240x600.jpg 240w\" sizes=\"auto, (max-width: 538px) 100vw, 538px\" \/><\/a><\/p>\n","protected":false},"excerpt":{"rendered":"<p>Apr\u00e8s les photos officielles, quelques clich\u00e9s plus exclusifs pour clore le comique chapitre alpestre. C&rsquo;est Christian Merret-Palmair qui tient (en g\u00e9n\u00e9ral) l&rsquo;appareil et Charlie Dupont qui commente les clich\u00e9s. Pas de prix\u00a0pour\u00a0Il\u00a0\u00c9tait\u00a0une fois une fois, mais des souvenirs ind\u00e9l\u00e9biles (et souvent d\u00e9biles). R\u00e9ciproques d&rsquo;ailleurs si on en juge par l&rsquo;article qui clot cette page.<\/p>\n","protected":false},"author":7,"featured_media":14173,"comment_status":"closed","ping_status":"closed","sticky":false,"template":"","format":"standard","meta":{"ngg_post_thumbnail":0,"footnotes":""},"categories":[1923,7],"tags":[],"class_list":["post-14131","post","type-post","status-publish","format-standard","has-post-thumbnail","","category-en-bref","category-actualites"],"yoast_head":"<!-- This site is optimized with the Yoast SEO plugin v20.4 - https:\/\/yoast.com\/wordpress\/plugins\/seo\/ -->\n<title>Il \u00e9tait une fois... les coulisses de l&#039;Alpe d&#039;Huez - We Love Cinema<\/title>\n<meta name=\"robots\" content=\"index, follow, max-snippet:-1, max-image-preview:large, max-video-preview:-1\" \/>\n<link rel=\"canonical\" href=\"https:\/\/welovecinema.be\/fr\/dans-les-coulisses-de-lalpe-dhuez\/\" \/>\n<meta property=\"og:locale\" content=\"fr_FR\" \/>\n<meta property=\"og:type\" content=\"article\" \/>\n<meta property=\"og:title\" content=\"Il \u00e9tait une fois... les coulisses de l&#039;Alpe d&#039;Huez - We Love Cinema\" \/>\n<meta property=\"og:description\" content=\"Apr\u00e8s les photos officielles, quelques clich\u00e9s plus exclusifs pour clore le comique chapitre alpestre. C&rsquo;est Christian Merret-Palmair qui tient (en g\u00e9n\u00e9ral) l&rsquo;appareil et Charlie Dupont qui commente les clich\u00e9s. Pas de prix\u00a0pour\u00a0Il\u00a0\u00c9tait\u00a0une fois une fois, mais des souvenirs ind\u00e9l\u00e9biles (et souvent d\u00e9biles). R\u00e9ciproques d&rsquo;ailleurs si on en juge par l&rsquo;article qui clot cette page.\" \/>\n<meta property=\"og:url\" content=\"https:\/\/welovecinema.be\/fr\/dans-les-coulisses-de-lalpe-dhuez\/\" \/>\n<meta property=\"og:site_name\" content=\"We Love Cinema\" \/>\n<meta property=\"article:publisher\" content=\"https:\/\/www.facebook.com\/welovecinema.be\" \/>\n<meta property=\"article:published_time\" content=\"2012-01-23T20:37:56+00:00\" \/>\n<meta property=\"article:modified_time\" content=\"2012-02-10T13:17:28+00:00\" \/>\n<meta property=\"og:image\" content=\"https:\/\/welovecinema.be\/wp-content\/uploads\/sites\/2\/2012\/01\/L10204671.jpg\" \/>\n\t<meta property=\"og:image:width\" content=\"640\" \/>\n\t<meta property=\"og:image:height\" content=\"427\" \/>\n\t<meta property=\"og:image:type\" content=\"image\/jpeg\" \/>\n<meta name=\"author\" content=\"Philippe.Pierquin\" \/>\n<meta name=\"twitter:card\" content=\"summary_large_image\" \/>\n<meta name=\"twitter:label1\" content=\"\u00c9crit par\" \/>\n\t<meta name=\"twitter:data1\" content=\"Philippe.Pierquin\" \/>\n\t<meta name=\"twitter:label2\" content=\"Dur\u00e9e de lecture estim\u00e9e\" \/>\n\t<meta name=\"twitter:data2\" content=\"1 minute\" \/>\n<script type=\"application\/ld+json\" class=\"yoast-schema-graph\">{\"@context\":\"https:\/\/schema.org\",\"@graph\":[{\"@type\":\"Article\",\"@id\":\"https:\/\/welovecinema.be\/fr\/dans-les-coulisses-de-lalpe-dhuez\/#article\",\"isPartOf\":{\"@id\":\"https:\/\/welovecinema.be\/fr\/dans-les-coulisses-de-lalpe-dhuez\/\"},\"author\":{\"name\":\"Philippe.Pierquin\",\"@id\":\"https:\/\/welovecinema.be\/nl\/#\/schema\/person\/4b9b1d857f0943453a38a7c2859ef756\"},\"headline\":\"Il \u00e9tait une fois&#8230; les coulisses de l&rsquo;Alpe d&rsquo;Huez\",\"datePublished\":\"2012-01-23T20:37:56+00:00\",\"dateModified\":\"2012-02-10T13:17:28+00:00\",\"mainEntityOfPage\":{\"@id\":\"https:\/\/welovecinema.be\/fr\/dans-les-coulisses-de-lalpe-dhuez\/\"},\"wordCount\":319,\"publisher\":{\"@id\":\"https:\/\/welovecinema.be\/nl\/#organization\"},\"articleSection\":[\"En bref\",\"News\"],\"inLanguage\":\"fr-FR\"},{\"@type\":\"WebPage\",\"@id\":\"https:\/\/welovecinema.be\/fr\/dans-les-coulisses-de-lalpe-dhuez\/\",\"url\":\"https:\/\/welovecinema.be\/fr\/dans-les-coulisses-de-lalpe-dhuez\/\",\"name\":\"Il \u00e9tait une fois... les coulisses de l'Alpe d'Huez - We Love Cinema\",\"isPartOf\":{\"@id\":\"https:\/\/welovecinema.be\/nl\/#website\"},\"datePublished\":\"2012-01-23T20:37:56+00:00\",\"dateModified\":\"2012-02-10T13:17:28+00:00\",\"breadcrumb\":{\"@id\":\"https:\/\/welovecinema.be\/fr\/dans-les-coulisses-de-lalpe-dhuez\/#breadcrumb\"},\"inLanguage\":\"fr-FR\",\"potentialAction\":[{\"@type\":\"ReadAction\",\"target\":[\"https:\/\/welovecinema.be\/fr\/dans-les-coulisses-de-lalpe-dhuez\/\"]}]},{\"@type\":\"BreadcrumbList\",\"@id\":\"https:\/\/welovecinema.be\/fr\/dans-les-coulisses-de-lalpe-dhuez\/#breadcrumb\",\"itemListElement\":[{\"@type\":\"ListItem\",\"position\":1,\"name\":\"Accueil\",\"item\":\"https:\/\/welovecinema.be\/fr\/\"},{\"@type\":\"ListItem\",\"position\":2,\"name\":\"Il \u00e9tait une fois&#8230; les coulisses de l&rsquo;Alpe d&rsquo;Huez\"}]},{\"@type\":\"WebSite\",\"@id\":\"https:\/\/welovecinema.be\/nl\/#website\",\"url\":\"https:\/\/welovecinema.be\/nl\/\",\"name\":\"We Love Cinema\",\"description\":\"Toute l\u2019information du cin\u00e9ma en Belgique\",\"publisher\":{\"@id\":\"https:\/\/welovecinema.be\/nl\/#organization\"},\"potentialAction\":[{\"@type\":\"SearchAction\",\"target\":{\"@type\":\"EntryPoint\",\"urlTemplate\":\"https:\/\/welovecinema.be\/nl\/?s={search_term_string}\"},\"query-input\":\"required name=search_term_string\"}],\"inLanguage\":\"fr-FR\"},{\"@type\":\"Organization\",\"@id\":\"https:\/\/welovecinema.be\/nl\/#organization\",\"name\":\"We Love Cinema\",\"url\":\"https:\/\/welovecinema.be\/nl\/\",\"logo\":{\"@type\":\"ImageObject\",\"inLanguage\":\"fr-FR\",\"@id\":\"https:\/\/welovecinema.be\/nl\/#\/schema\/logo\/image\/\",\"url\":\"https:\/\/welovecinema.be\/wp-content\/uploads\/sites\/2\/2023\/03\/Logo-We-Love-Cinema305x128.jpg\",\"contentUrl\":\"https:\/\/welovecinema.be\/wp-content\/uploads\/sites\/2\/2023\/03\/Logo-We-Love-Cinema305x128.jpg\",\"width\":305,\"height\":128,\"caption\":\"We Love Cinema\"},\"image\":{\"@id\":\"https:\/\/welovecinema.be\/nl\/#\/schema\/logo\/image\/\"},\"sameAs\":[\"https:\/\/www.facebook.com\/welovecinema.be\",\"https:\/\/www.youtube.com\/channel\/UCX5LYGVhnKvYauW4Nta4HJA\",\"https:\/\/www.instagram.com\/welovecinema.be\/\"]},{\"@type\":\"Person\",\"@id\":\"https:\/\/welovecinema.be\/nl\/#\/schema\/person\/4b9b1d857f0943453a38a7c2859ef756\",\"name\":\"Philippe.Pierquin\",\"url\":\"https:\/\/welovecinema.be\/fr\/author\/philippe-pierquin\/\"}]}<\/script>\n<!-- \/ Yoast SEO plugin. -->","yoast_head_json":{"title":"Il \u00e9tait une fois... les coulisses de l'Alpe d'Huez - We Love Cinema","robots":{"index":"index","follow":"follow","max-snippet":"max-snippet:-1","max-image-preview":"max-image-preview:large","max-video-preview":"max-video-preview:-1"},"canonical":"https:\/\/welovecinema.be\/fr\/dans-les-coulisses-de-lalpe-dhuez\/","og_locale":"fr_FR","og_type":"article","og_title":"Il \u00e9tait une fois... les coulisses de l'Alpe d'Huez - We Love Cinema","og_description":"Apr\u00e8s les photos officielles, quelques clich\u00e9s plus exclusifs pour clore le comique chapitre alpestre. C&rsquo;est Christian Merret-Palmair qui tient (en g\u00e9n\u00e9ral) l&rsquo;appareil et Charlie Dupont qui commente les clich\u00e9s. Pas de prix\u00a0pour\u00a0Il\u00a0\u00c9tait\u00a0une fois une fois, mais des souvenirs ind\u00e9l\u00e9biles (et souvent d\u00e9biles). R\u00e9ciproques d&rsquo;ailleurs si on en juge par l&rsquo;article qui clot cette page.","og_url":"https:\/\/welovecinema.be\/fr\/dans-les-coulisses-de-lalpe-dhuez\/","og_site_name":"We Love Cinema","article_publisher":"https:\/\/www.facebook.com\/welovecinema.be","article_published_time":"2012-01-23T20:37:56+00:00","article_modified_time":"2012-02-10T13:17:28+00:00","og_image":[{"width":"640","height":"427","url":"https:\/\/welovecinema.be\/wp-content\/uploads\/sites\/2\/2012\/01\/L10204671.jpg","type":"image\/jpeg"}],"author":"Philippe.Pierquin","twitter_card":"summary_large_image","twitter_misc":{"\u00c9crit par":"Philippe.Pierquin","Dur\u00e9e de lecture estim\u00e9e":"1 minute"},"schema":{"@context":"https:\/\/schema.org","@graph":[{"@type":"Article","@id":"https:\/\/welovecinema.be\/fr\/dans-les-coulisses-de-lalpe-dhuez\/#article","isPartOf":{"@id":"https:\/\/welovecinema.be\/fr\/dans-les-coulisses-de-lalpe-dhuez\/"},"author":{"name":"Philippe.Pierquin","@id":"https:\/\/welovecinema.be\/nl\/#\/schema\/person\/4b9b1d857f0943453a38a7c2859ef756"},"headline":"Il \u00e9tait une fois&#8230; les coulisses de l&rsquo;Alpe d&rsquo;Huez","datePublished":"2012-01-23T20:37:56+00:00","dateModified":"2012-02-10T13:17:28+00:00","mainEntityOfPage":{"@id":"https:\/\/welovecinema.be\/fr\/dans-les-coulisses-de-lalpe-dhuez\/"},"wordCount":319,"publisher":{"@id":"https:\/\/welovecinema.be\/nl\/#organization"},"articleSection":["En bref","News"],"inLanguage":"fr-FR"},{"@type":"WebPage","@id":"https:\/\/welovecinema.be\/fr\/dans-les-coulisses-de-lalpe-dhuez\/","url":"https:\/\/welovecinema.be\/fr\/dans-les-coulisses-de-lalpe-dhuez\/","name":"Il \u00e9tait une fois... les coulisses de l'Alpe d'Huez - We Love Cinema","isPartOf":{"@id":"https:\/\/welovecinema.be\/nl\/#website"},"datePublished":"2012-01-23T20:37:56+00:00","dateModified":"2012-02-10T13:17:28+00:00","breadcrumb":{"@id":"https:\/\/welovecinema.be\/fr\/dans-les-coulisses-de-lalpe-dhuez\/#breadcrumb"},"inLanguage":"fr-FR","potentialAction":[{"@type":"ReadAction","target":["https:\/\/welovecinema.be\/fr\/dans-les-coulisses-de-lalpe-dhuez\/"]}]},{"@type":"BreadcrumbList","@id":"https:\/\/welovecinema.be\/fr\/dans-les-coulisses-de-lalpe-dhuez\/#breadcrumb","itemListElement":[{"@type":"ListItem","position":1,"name":"Accueil","item":"https:\/\/welovecinema.be\/fr\/"},{"@type":"ListItem","position":2,"name":"Il \u00e9tait une fois&#8230; les coulisses de l&rsquo;Alpe d&rsquo;Huez"}]},{"@type":"WebSite","@id":"https:\/\/welovecinema.be\/nl\/#website","url":"https:\/\/welovecinema.be\/nl\/","name":"We Love Cinema","description":"Toute l\u2019information du cin\u00e9ma en Belgique","publisher":{"@id":"https:\/\/welovecinema.be\/nl\/#organization"},"potentialAction":[{"@type":"SearchAction","target":{"@type":"EntryPoint","urlTemplate":"https:\/\/welovecinema.be\/nl\/?s={search_term_string}"},"query-input":"required name=search_term_string"}],"inLanguage":"fr-FR"},{"@type":"Organization","@id":"https:\/\/welovecinema.be\/nl\/#organization","name":"We Love Cinema","url":"https:\/\/welovecinema.be\/nl\/","logo":{"@type":"ImageObject","inLanguage":"fr-FR","@id":"https:\/\/welovecinema.be\/nl\/#\/schema\/logo\/image\/","url":"https:\/\/welovecinema.be\/wp-content\/uploads\/sites\/2\/2023\/03\/Logo-We-Love-Cinema305x128.jpg","contentUrl":"https:\/\/welovecinema.be\/wp-content\/uploads\/sites\/2\/2023\/03\/Logo-We-Love-Cinema305x128.jpg","width":305,"height":128,"caption":"We Love Cinema"},"image":{"@id":"https:\/\/welovecinema.be\/nl\/#\/schema\/logo\/image\/"},"sameAs":["https:\/\/www.facebook.com\/welovecinema.be","https:\/\/www.youtube.com\/channel\/UCX5LYGVhnKvYauW4Nta4HJA","https:\/\/www.instagram.com\/welovecinema.be\/"]},{"@type":"Person","@id":"https:\/\/welovecinema.be\/nl\/#\/schema\/person\/4b9b1d857f0943453a38a7c2859ef756","name":"Philippe.Pierquin","url":"https:\/\/welovecinema.be\/fr\/author\/philippe-pierquin\/"}]}},"_links":{"self":[{"href":"https:\/\/welovecinema.be\/fr\/wp-json\/wp\/v2\/posts\/14131","targetHints":{"allow":["GET"]}}],"collection":[{"href":"https:\/\/welovecinema.be\/fr\/wp-json\/wp\/v2\/posts"}],"about":[{"href":"https:\/\/welovecinema.be\/fr\/wp-json\/wp\/v2\/types\/post"}],"author":[{"embeddable":true,"href":"https:\/\/welovecinema.be\/fr\/wp-json\/wp\/v2\/users\/7"}],"replies":[{"embeddable":true,"href":"https:\/\/welovecinema.be\/fr\/wp-json\/wp\/v2\/comments?post=14131"}],"version-history":[{"count":0,"href":"https:\/\/welovecinema.be\/fr\/wp-json\/wp\/v2\/posts\/14131\/revisions"}],"wp:featuredmedia":[{"embeddable":true,"href":"https:\/\/welovecinema.be\/fr\/wp-json\/wp\/v2\/media\/14173"}],"wp:attachment":[{"href":"https:\/\/welovecinema.be\/fr\/wp-json\/wp\/v2\/media?parent=14131"}],"wp:term":[{"taxonomy":"category","embeddable":true,"href":"https:\/\/welovecinema.be\/fr\/wp-json\/wp\/v2\/categories?post=14131"},{"taxonomy":"post_tag","embeddable":true,"href":"https:\/\/welovecinema.be\/fr\/wp-json\/wp\/v2\/tags?post=14131"}],"curies":[{"name":"wp","href":"https:\/\/api.w.org\/{rel}","templated":true}]}}