{"id":14047,"date":"2012-01-22T22:50:35","date_gmt":"2012-01-22T22:50:35","guid":{"rendered":"http:\/\/www.cinevox.be\/?p=14047"},"modified":"2012-01-23T09:02:47","modified_gmt":"2012-01-23T09:02:47","slug":"alpe-dhuez-mon-humour","status":"publish","type":"post","link":"https:\/\/welovecinema.be\/fr\/alpe-dhuez-mon-humour\/","title":{"rendered":"Alpe d&rsquo;Huez, mon humour&#8230;"},"content":{"rendered":"<p>Le 15e festival international du film de com\u00e9die de l\u2019Alpe d\u2019Huez a v\u00e9cu. Et bien v\u00e9cu.<\/p>\n<p>Trois films majo- ou minoritairement belges \u00e9taient \u00e0 l&rsquo;affiche de la comp\u00e9tition et ont fait pas mal de bruit. Si on y ajoute <strong>Virginie Efira<\/strong> dans le jury ou <strong>Helena Noguerra<\/strong> venue pr\u00e9senter <em>La Clinique de l&rsquo;Amour<\/em>, \u00e7a nous donne une pr\u00e9sence bleu-blanc-belge \u00a0hors norme.<!--more--><\/p>\n<p>&nbsp;<\/p>\n<p>Comme \u00e0 son excellente habitude, <em>Hasta La Vista<\/em> a remport\u00e9 le prix du public du Festival. \u00c0 moins de deux mois de la sortie fran\u00e7aise du film (flamand rappelons-le, m\u00eame si emmen\u00e9 par une actrice francophone), sortie orchestr\u00e9e par la soci\u00e9t\u00e9 de Claude Lelouch totalement fan du film, c&rsquo;est de tr\u00e8s bon augure.<\/p>\n<p>Pour f\u00eater ce final en fanfare, voici un nouvel album photo. Pour d\u00e9couvrir toutes les photos des autres films et des vid\u00e9os assez amusantes en g\u00e9n\u00e9ral, nous vous conseillons d\u2019aller jeter un coup d\u2019\u0153il sur <a href=\"http:\/\/www.alpedhuez.com\/comedie\/index.php\" target=\"_blank\">ce site fun et d\u00e9contract\u00e9<\/a> ! Longue vie, donc au festival international du film de com\u00e9die de l\u2019Alpe d\u2019Huez.<\/p>\n<p>Et \u00e0 l&rsquo;ann\u00e9e prochaine?<\/p>\n<p>&nbsp;<\/p>\n<p>&nbsp;<\/p>\n<p><a rel=\"attachment wp-att-14048\" href=\"http:\/\/www.cinevox.be\/alpe-dhuez-mon-humour\/397490_306323639413632_157286550984009_882818_1025355875_n\/\"><img loading=\"lazy\" decoding=\"async\" class=\"aligncenter size-full wp-image-14048\" title=\"397490_306323639413632_157286550984009_882818_1025355875_n\" src=\"http:\/\/www.cinevox.be\/wp-content\/uploads\/sites\/2\/2012\/01\/397490_306323639413632_157286550984009_882818_1025355875_n.jpg\" alt=\"\" width=\"960\" height=\"640\" srcset=\"https:\/\/welovecinema.be\/wp-content\/uploads\/sites\/2\/2012\/01\/397490_306323639413632_157286550984009_882818_1025355875_n.jpg 960w, https:\/\/welovecinema.be\/wp-content\/uploads\/sites\/2\/2012\/01\/397490_306323639413632_157286550984009_882818_1025355875_n-405x270.jpg 405w, https:\/\/welovecinema.be\/wp-content\/uploads\/sites\/2\/2012\/01\/397490_306323639413632_157286550984009_882818_1025355875_n-800x533.jpg 800w\" sizes=\"auto, (max-width: 960px) 100vw, 960px\" \/><\/a><\/p>\n<p style=\"text-align: right;\"><em>\u00a9 ATG | Julia Brechler<\/em><\/p>\n<p>&nbsp;<\/p>\n<p><a rel=\"attachment wp-att-14049\" href=\"http:\/\/www.cinevox.be\/alpe-dhuez-mon-humour\/arthur-dupont-2\/\"><img loading=\"lazy\" decoding=\"async\" class=\"aligncenter size-full wp-image-14049\" title=\"arthur dupont (2)\" src=\"http:\/\/www.cinevox.be\/wp-content\/uploads\/sites\/2\/2012\/01\/arthur-dupont-2.jpg\" alt=\"\" width=\"960\" height=\"641\" srcset=\"https:\/\/welovecinema.be\/wp-content\/uploads\/sites\/2\/2012\/01\/arthur-dupont-2.jpg 960w, https:\/\/welovecinema.be\/wp-content\/uploads\/sites\/2\/2012\/01\/arthur-dupont-2-404x270.jpg 404w, https:\/\/welovecinema.be\/wp-content\/uploads\/sites\/2\/2012\/01\/arthur-dupont-2-800x534.jpg 800w\" sizes=\"auto, (max-width: 960px) 100vw, 960px\" \/><\/a><\/p>\n<p style=\"text-align: right;\">L&rsquo;autre Dupont du festival. Arthur est une des deux vedettes du film <a href=\"http:\/\/www.cinevox.be\/simon-julien-les-freres-dardennes\/\" target=\"_blank\">Mobil Home <\/a>qu&rsquo;on attend \u00e9norm\u00e9ment \u00e0 Cinevox<em> &#8211; \u00a9 ATG | Olivier Vigerie<\/em><\/p>\n<p style=\"text-align: right;\">&nbsp;<\/p>\n<p><a rel=\"attachment wp-att-14050\" href=\"http:\/\/www.cinevox.be\/alpe-dhuez-mon-humour\/helena-samsue-comme-une-folle-2\/\"><img loading=\"lazy\" decoding=\"async\" class=\"aligncenter size-full wp-image-14050\" title=\"Helena s'amsue comme une folle (2)\" src=\"http:\/\/www.cinevox.be\/wp-content\/uploads\/sites\/2\/2012\/01\/Helena-samsue-comme-une-folle-2.jpg\" alt=\"\" width=\"960\" height=\"641\" srcset=\"https:\/\/welovecinema.be\/wp-content\/uploads\/sites\/2\/2012\/01\/Helena-samsue-comme-une-folle-2.jpg 960w, https:\/\/welovecinema.be\/wp-content\/uploads\/sites\/2\/2012\/01\/Helena-samsue-comme-une-folle-2-404x270.jpg 404w, https:\/\/welovecinema.be\/wp-content\/uploads\/sites\/2\/2012\/01\/Helena-samsue-comme-une-folle-2-800x534.jpg 800w\" sizes=\"auto, (max-width: 960px) 100vw, 960px\" \/><\/a><\/p>\n<p style=\"text-align: right;\"><strong>Helena Noguerra <\/strong>qui pr\u00e9sentera la deuxi\u00e8me \u00e9dition des Magritte le 4 f\u00e9vrier (\u00e0 droite) \u00e9tait \u00e0 l&rsquo;Alpe d&rsquo;Huez pour d\u00e9fendre La Clinique de l&rsquo;Amour\u00a0&#8211;\u00a0<em>\u00a9 ATG | Olivier Vigerie<\/em><\/p>\n<p>&nbsp;<\/p>\n<p><a rel=\"attachment wp-att-14051\" href=\"http:\/\/www.cinevox.be\/alpe-dhuez-mon-humour\/virginie-fait-de-la-moto-neige\/\"><img loading=\"lazy\" decoding=\"async\" class=\"aligncenter size-full wp-image-14051\" title=\"virginie fait de la moto (neige)\" src=\"http:\/\/www.cinevox.be\/wp-content\/uploads\/sites\/2\/2012\/01\/virginie-fait-de-la-moto-neige.jpg\" alt=\"\" width=\"960\" height=\"640\" srcset=\"https:\/\/welovecinema.be\/wp-content\/uploads\/sites\/2\/2012\/01\/virginie-fait-de-la-moto-neige.jpg 960w, https:\/\/welovecinema.be\/wp-content\/uploads\/sites\/2\/2012\/01\/virginie-fait-de-la-moto-neige-405x270.jpg 405w, https:\/\/welovecinema.be\/wp-content\/uploads\/sites\/2\/2012\/01\/virginie-fait-de-la-moto-neige-800x533.jpg 800w\" sizes=\"auto, (max-width: 960px) 100vw, 960px\" \/><\/a><\/p>\n<p style=\"text-align: right;\">Avant de\u00a0rallier\u00a0la salle de projection, <strong>Virginie Efira<\/strong> s&rsquo;\u00e9clate en moto neige : la classe!<\/p>\n<p style=\"text-align: right;\"><em>\u00a9ATG | Emmanuel Gond<\/em><\/p>\n<p>&nbsp;<\/p>\n<p><a rel=\"attachment wp-att-14066\" href=\"http:\/\/www.cinevox.be\/alpe-dhuez-mon-humour\/408607_306323729413623_157286550984009_882820_1777055044_n\/\"><img loading=\"lazy\" decoding=\"async\" class=\"aligncenter size-full wp-image-14066\" title=\"408607_306323729413623_157286550984009_882820_1777055044_n\" src=\"http:\/\/www.cinevox.be\/wp-content\/uploads\/sites\/2\/2012\/01\/408607_306323729413623_157286550984009_882820_1777055044_n.jpg\" alt=\"\" width=\"960\" height=\"640\" srcset=\"https:\/\/welovecinema.be\/wp-content\/uploads\/sites\/2\/2012\/01\/408607_306323729413623_157286550984009_882820_1777055044_n.jpg 960w, https:\/\/welovecinema.be\/wp-content\/uploads\/sites\/2\/2012\/01\/408607_306323729413623_157286550984009_882820_1777055044_n-405x270.jpg 405w, https:\/\/welovecinema.be\/wp-content\/uploads\/sites\/2\/2012\/01\/408607_306323729413623_157286550984009_882820_1777055044_n-800x533.jpg 800w\" sizes=\"auto, (max-width: 960px) 100vw, 960px\" \/><\/a><\/p>\n<p style=\"text-align: right;\"><em>\u00a9 ATG | Julia Brechler<\/em><\/p>\n<div style=\"text-align: right;\"><em><br \/>\n<\/em><\/div>\n<p><a rel=\"attachment wp-att-14052\" href=\"http:\/\/www.cinevox.be\/alpe-dhuez-mon-humour\/le-jury-ve-a-droite\/\"><img loading=\"lazy\" decoding=\"async\" class=\"aligncenter size-full wp-image-14052\" title=\"le jury (VE \u00e0 droite)\" src=\"http:\/\/www.cinevox.be\/wp-content\/uploads\/sites\/2\/2012\/01\/le-jury-VE-\u00e0-droite.jpg\" alt=\"\" width=\"960\" height=\"641\" srcset=\"https:\/\/welovecinema.be\/wp-content\/uploads\/sites\/2\/2012\/01\/le-jury-VE-\u00e0-droite.jpg 960w, https:\/\/welovecinema.be\/wp-content\/uploads\/sites\/2\/2012\/01\/le-jury-VE-\u00e0-droite-404x270.jpg 404w, https:\/\/welovecinema.be\/wp-content\/uploads\/sites\/2\/2012\/01\/le-jury-VE-\u00e0-droite-800x534.jpg 800w\" sizes=\"auto, (max-width: 960px) 100vw, 960px\" \/><\/a><\/p>\n<p style=\"text-align: right;\">Le jury du festival : Virginie Efira \u00e0\u00a0l\u2019extr\u00eame-droite. Avec elle, de gauche \u00e0 droite: Jean-Paul Rouve, Alice Taglioni, Gille Lellouche (le pr\u00e9sident), Muriel Robin et Cl\u00e9ment Sibony<em> \u00a9 Julia Brechler<\/em><\/p>\n<p>&nbsp;<\/p>\n<p><a rel=\"attachment wp-att-14053\" href=\"http:\/\/www.cinevox.be\/alpe-dhuez-mon-humour\/helena\/\"><img loading=\"lazy\" decoding=\"async\" class=\"aligncenter size-full wp-image-14053\" title=\"Helena\" src=\"http:\/\/www.cinevox.be\/wp-content\/uploads\/sites\/2\/2012\/01\/Helena.jpg\" alt=\"\" width=\"960\" height=\"641\" srcset=\"https:\/\/welovecinema.be\/wp-content\/uploads\/sites\/2\/2012\/01\/Helena.jpg 960w, https:\/\/welovecinema.be\/wp-content\/uploads\/sites\/2\/2012\/01\/Helena-404x270.jpg 404w, https:\/\/welovecinema.be\/wp-content\/uploads\/sites\/2\/2012\/01\/Helena-800x534.jpg 800w\" sizes=\"auto, (max-width: 960px) 100vw, 960px\" \/><\/a><\/p>\n<p style=\"text-align: right;\">En grande forme Helena Noguerra, non ?<em> \u00a9 ATG | Audrey Delbru<\/em><\/p>\n<p>&nbsp;<\/p>\n<p><a rel=\"attachment wp-att-14054\" href=\"http:\/\/www.cinevox.be\/alpe-dhuez-mon-humour\/hasta-la-vista-4\/\"><img loading=\"lazy\" decoding=\"async\" class=\"aligncenter size-full wp-image-14054\" title=\"hasta la vista (4)\" src=\"http:\/\/www.cinevox.be\/wp-content\/uploads\/sites\/2\/2012\/01\/hasta-la-vista-4.jpg\" alt=\"\" width=\"960\" height=\"641\" srcset=\"https:\/\/welovecinema.be\/wp-content\/uploads\/sites\/2\/2012\/01\/hasta-la-vista-4.jpg 960w, https:\/\/welovecinema.be\/wp-content\/uploads\/sites\/2\/2012\/01\/hasta-la-vista-4-404x270.jpg 404w, https:\/\/welovecinema.be\/wp-content\/uploads\/sites\/2\/2012\/01\/hasta-la-vista-4-800x534.jpg 800w\" sizes=\"auto, (max-width: 960px) 100vw, 960px\" \/><\/a><\/p>\n<p style=\"text-align: right;\">L&rsquo;\u00e9quipe d&rsquo;<em>Hasta La Vista<\/em>, un des trois films tr\u00e8s belges en comp\u00e9tition avec son distributeur fran\u00e7ais Claude Lelouch \u00e0 gauche \u00e0 c\u00f4t\u00e9 d&rsquo;<strong>Isabelle De Hertogh<\/strong><em> <\/em><\/p>\n<p style=\"text-align: right;\"><em>\u00a9ATG | Julia Brechler<\/em><\/p>\n<p style=\"text-align: right;\"><em><br \/>\n<\/em><\/p>\n<p><a rel=\"attachment wp-att-14055\" href=\"http:\/\/www.cinevox.be\/alpe-dhuez-mon-humour\/hasta-la-vista-2-2\/\"><img loading=\"lazy\" decoding=\"async\" class=\"aligncenter size-full wp-image-14055\" title=\"hasta la vista (2)\" src=\"http:\/\/www.cinevox.be\/wp-content\/uploads\/sites\/2\/2012\/01\/hasta-la-vista-2.jpg\" alt=\"\" width=\"960\" height=\"641\" srcset=\"https:\/\/welovecinema.be\/wp-content\/uploads\/sites\/2\/2012\/01\/hasta-la-vista-2.jpg 960w, https:\/\/welovecinema.be\/wp-content\/uploads\/sites\/2\/2012\/01\/hasta-la-vista-2-404x270.jpg 404w, https:\/\/welovecinema.be\/wp-content\/uploads\/sites\/2\/2012\/01\/hasta-la-vista-2-800x534.jpg 800w\" sizes=\"auto, (max-width: 960px) 100vw, 960px\" \/><\/a><\/p>\n<p style=\"text-align: right;\"><em>\u00a9 ATG |\u00a0<a href=\"http:\/\/www.facebook.com\/profile.php?id=1025741217\">Emmanuel Gond<\/a><\/em><\/p>\n<p>&nbsp;<\/p>\n<p><a rel=\"attachment wp-att-14056\" href=\"http:\/\/www.cinevox.be\/alpe-dhuez-mon-humour\/397122_305739332805396_157286550984009_881444_68133683_n-2\/\"><img loading=\"lazy\" decoding=\"async\" class=\"aligncenter size-full wp-image-14056\" title=\"397122_305739332805396_157286550984009_881444_68133683_n\" src=\"http:\/\/www.cinevox.be\/wp-content\/uploads\/sites\/2\/2012\/01\/397122_305739332805396_157286550984009_881444_68133683_n1.jpg\" alt=\"\" width=\"960\" height=\"640\" srcset=\"https:\/\/welovecinema.be\/wp-content\/uploads\/sites\/2\/2012\/01\/397122_305739332805396_157286550984009_881444_68133683_n1.jpg 960w, https:\/\/welovecinema.be\/wp-content\/uploads\/sites\/2\/2012\/01\/397122_305739332805396_157286550984009_881444_68133683_n1-405x270.jpg 405w, https:\/\/welovecinema.be\/wp-content\/uploads\/sites\/2\/2012\/01\/397122_305739332805396_157286550984009_881444_68133683_n1-800x533.jpg 800w\" sizes=\"auto, (max-width: 960px) 100vw, 960px\" \/><\/a><\/p>\n<p style=\"text-align: right;\">Il \u00e9tait une fois une fois, l&rsquo;\u00e9quipe au grand complet : pour plus d&rsquo;infos, voyez notre article consacr\u00e9 au passage du film \u00e0 l&rsquo;Alpe d&rsquo;Huez avec toutes les photos officielles, c&rsquo;est <a href=\"http:\/\/www.cinevox.be\/il-etait-une-fois-lalpe-dhuez\/\" target=\"_blank\">ici<\/a><em> \u00a9ATG |\u00a0<a href=\"http:\/\/www.facebook.com\/profile.php?id=1025741217\">Emmanuel Gond<\/a><\/em><\/p>\n<p>&nbsp;<\/p>\n<p><a rel=\"attachment wp-att-14057\" href=\"http:\/\/www.cinevox.be\/alpe-dhuez-mon-humour\/407981_306322112747118_157286550984009_882779_1774691693_n\/\"><img loading=\"lazy\" decoding=\"async\" class=\"aligncenter size-full wp-image-14057\" title=\"407981_306322112747118_157286550984009_882779_1774691693_n\" src=\"http:\/\/www.cinevox.be\/wp-content\/uploads\/sites\/2\/2012\/01\/407981_306322112747118_157286550984009_882779_1774691693_n.jpg\" alt=\"\" width=\"960\" height=\"640\" srcset=\"https:\/\/welovecinema.be\/wp-content\/uploads\/sites\/2\/2012\/01\/407981_306322112747118_157286550984009_882779_1774691693_n.jpg 960w, https:\/\/welovecinema.be\/wp-content\/uploads\/sites\/2\/2012\/01\/407981_306322112747118_157286550984009_882779_1774691693_n-405x270.jpg 405w, https:\/\/welovecinema.be\/wp-content\/uploads\/sites\/2\/2012\/01\/407981_306322112747118_157286550984009_882779_1774691693_n-800x533.jpg 800w\" sizes=\"auto, (max-width: 960px) 100vw, 960px\" \/><\/a><\/p>\n<p style=\"text-align: right;\">Charlie Dupont tout sourire<em> \u00a9ATG | OlivierVigerie<\/em><\/p>\n<p style=\"text-align: right;\"><em><br \/>\n<\/em><\/p>\n<p><a rel=\"attachment wp-att-14058\" href=\"http:\/\/www.cinevox.be\/alpe-dhuez-mon-humour\/393817_306322722747057_157286550984009_882793_1284445012_n\/\"><img loading=\"lazy\" decoding=\"async\" class=\"aligncenter size-full wp-image-14058\" title=\"393817_306322722747057_157286550984009_882793_1284445012_n\" src=\"http:\/\/www.cinevox.be\/wp-content\/uploads\/sites\/2\/2012\/01\/393817_306322722747057_157286550984009_882793_1284445012_n.jpg\" alt=\"\" width=\"960\" height=\"640\" srcset=\"https:\/\/welovecinema.be\/wp-content\/uploads\/sites\/2\/2012\/01\/393817_306322722747057_157286550984009_882793_1284445012_n.jpg 960w, https:\/\/welovecinema.be\/wp-content\/uploads\/sites\/2\/2012\/01\/393817_306322722747057_157286550984009_882793_1284445012_n-405x270.jpg 405w, https:\/\/welovecinema.be\/wp-content\/uploads\/sites\/2\/2012\/01\/393817_306322722747057_157286550984009_882793_1284445012_n-800x533.jpg 800w\" sizes=\"auto, (max-width: 960px) 100vw, 960px\" \/><\/a><\/p>\n<p style=\"text-align: right;\">Le dernier film belge en comp\u00e9tition : <em>Torpedo. <\/em>Audrey Dana a rejoint Fran\u00e7ois Damiens (un habitu\u00e9 des lieux) et Matthieu Donck <em> \u00a9 ATG | Emmanuel Gond<\/em><\/p>\n<p>&nbsp;<\/p>\n<p><a rel=\"attachment wp-att-14059\" href=\"http:\/\/www.cinevox.be\/alpe-dhuez-mon-humour\/395430_306322746080388_157286550984009_882794_407590829_n\/\"><img loading=\"lazy\" decoding=\"async\" class=\"aligncenter size-full wp-image-14059\" title=\"395430_306322746080388_157286550984009_882794_407590829_n\" src=\"http:\/\/www.cinevox.be\/wp-content\/uploads\/sites\/2\/2012\/01\/395430_306322746080388_157286550984009_882794_407590829_n.jpg\" alt=\"\" width=\"960\" height=\"640\" srcset=\"https:\/\/welovecinema.be\/wp-content\/uploads\/sites\/2\/2012\/01\/395430_306322746080388_157286550984009_882794_407590829_n.jpg 960w, https:\/\/welovecinema.be\/wp-content\/uploads\/sites\/2\/2012\/01\/395430_306322746080388_157286550984009_882794_407590829_n-405x270.jpg 405w, https:\/\/welovecinema.be\/wp-content\/uploads\/sites\/2\/2012\/01\/395430_306322746080388_157286550984009_882794_407590829_n-800x533.jpg 800w\" sizes=\"auto, (max-width: 960px) 100vw, 960px\" \/><\/a><\/p>\n<p style=\"text-align: left;\">Quelques impressions de Matthieu Donck \u00a0(r\u00e9alisateur de\u00a0<a href=\"http:\/\/www.facebook.com\/torpedolefilm\">Torp\u00e9do &#8211; Le film<\/a>) \u00a0:<\/p>\n<p style=\"text-align: left;\">\u00a0\u00bb Le film a \u00e9t\u00e9 formidablement accueilli. Tant par les pros (qui nous ont fait de (vraiment) super compliments que le public (qui selon indiscr\u00e9tion \u00e0 aussi vot\u00e9 en masse, nous n&rsquo;\u00e9tions pas tr\u00e8s loin..)\u00a0\u00bb &#8211; Matthieu Donck (r\u00e9alisateur). Partie remise donc pour le Festival de l&rsquo;Alpe d&rsquo;Huez m\u00eame si \u00e7a a \u00e9t\u00e9 un vrai moment de bonheur pour toute l&rsquo;\u00e9quipe \u00a0C&rsquo;\u00e9tait g\u00e9nial de voir le film \u00eatre si bien re\u00e7u! Avoir les retours si positifs d&rsquo;acteurs de qualit\u00e9qu&rsquo;on appr\u00e9cie fait chaud au coeur. La presse fran\u00e7aise est tr\u00e8s enthousiaste, ce festival aura vraiment boost\u00e9 le film.\u00a0\u00bb<\/p>\n<p style=\"text-align: right;\"><em>\u00a9 ATG | Emmanuel Gond<\/em><\/p>\n<p style=\"text-align: right;\">&nbsp;<\/p>\n<p><a rel=\"attachment wp-att-14060\" href=\"http:\/\/www.cinevox.be\/alpe-dhuez-mon-humour\/397360_306584896054173_157286550984009_883530_1352572366_n\/\"><img loading=\"lazy\" decoding=\"async\" class=\"aligncenter size-full wp-image-14060\" title=\"397360_306584896054173_157286550984009_883530_1352572366_n\" src=\"http:\/\/www.cinevox.be\/wp-content\/uploads\/sites\/2\/2012\/01\/397360_306584896054173_157286550984009_883530_1352572366_n.jpg\" alt=\"\" width=\"960\" height=\"640\" srcset=\"https:\/\/welovecinema.be\/wp-content\/uploads\/sites\/2\/2012\/01\/397360_306584896054173_157286550984009_883530_1352572366_n.jpg 960w, https:\/\/welovecinema.be\/wp-content\/uploads\/sites\/2\/2012\/01\/397360_306584896054173_157286550984009_883530_1352572366_n-405x270.jpg 405w, https:\/\/welovecinema.be\/wp-content\/uploads\/sites\/2\/2012\/01\/397360_306584896054173_157286550984009_883530_1352572366_n-800x533.jpg 800w\" sizes=\"auto, (max-width: 960px) 100vw, 960px\" \/><\/a><\/p>\n<p style=\"text-align: right;\">Le jury s&rsquo;appr\u00eate \u00e0 annoncer les r\u00e9sultats de la d\u00e9lib\u00e9ration<em> \u00a9 ATG | Julia Brechler<\/em><\/p>\n<p style=\"text-align: right;\">&nbsp;<\/p>\n<p><a rel=\"attachment wp-att-14061\" href=\"http:\/\/www.cinevox.be\/alpe-dhuez-mon-humour\/403708_306584736054189_157286550984009_883524_1533605412_n\/\"><img loading=\"lazy\" decoding=\"async\" class=\"aligncenter size-full wp-image-14061\" title=\"403708_306584736054189_157286550984009_883524_1533605412_n\" src=\"http:\/\/www.cinevox.be\/wp-content\/uploads\/sites\/2\/2012\/01\/403708_306584736054189_157286550984009_883524_1533605412_n.jpg\" alt=\"\" width=\"960\" height=\"640\" srcset=\"https:\/\/welovecinema.be\/wp-content\/uploads\/sites\/2\/2012\/01\/403708_306584736054189_157286550984009_883524_1533605412_n.jpg 960w, https:\/\/welovecinema.be\/wp-content\/uploads\/sites\/2\/2012\/01\/403708_306584736054189_157286550984009_883524_1533605412_n-405x270.jpg 405w, https:\/\/welovecinema.be\/wp-content\/uploads\/sites\/2\/2012\/01\/403708_306584736054189_157286550984009_883524_1533605412_n-800x533.jpg 800w\" sizes=\"auto, (max-width: 960px) 100vw, 960px\" \/><\/a><\/p>\n<p style=\"text-align: right;\">Les laur\u00e9ats d\u00e9filent les uns apr\u00e8s les\u00a0autres. Le festival s&rsquo;ach\u00e8ve. Et <em>Hasta La Vista<\/em> remporte \u00e0 nouveau le prix du public : une merveilleuse habitude qui promet le meilleur pour la sortie fran\u00e7aise.<\/p>\n<p style=\"text-align: right;\"><em>\u00a9 ATG | Julia Brechler<\/em><\/p>\n","protected":false},"excerpt":{"rendered":"<p>Le 15e festival international du film de com\u00e9die de l\u2019Alpe d\u2019Huez a v\u00e9cu. Et bien v\u00e9cu. Trois films majo- ou minoritairement belges \u00e9taient \u00e0 l&rsquo;affiche de la comp\u00e9tition et ont fait pas mal de bruit. Si on y ajoute Virginie Efira dans le jury ou Helena Noguerra venue pr\u00e9senter La Clinique de l&rsquo;Amour, \u00e7a nous &hellip;<\/p>\n","protected":false},"author":7,"featured_media":14074,"comment_status":"closed","ping_status":"closed","sticky":false,"template":"","format":"standard","meta":{"ngg_post_thumbnail":0,"footnotes":""},"categories":[12,7],"tags":[],"class_list":["post-14047","post","type-post","status-publish","format-standard","has-post-thumbnail","","category-awards","category-actualites"],"yoast_head":"<!-- This site is optimized with the Yoast SEO plugin v20.4 - https:\/\/yoast.com\/wordpress\/plugins\/seo\/ -->\n<title>Alpe d&#039;Huez, mon humour... - We Love Cinema<\/title>\n<meta name=\"robots\" content=\"index, follow, max-snippet:-1, max-image-preview:large, max-video-preview:-1\" \/>\n<link rel=\"canonical\" href=\"https:\/\/welovecinema.be\/fr\/alpe-dhuez-mon-humour\/\" \/>\n<meta property=\"og:locale\" content=\"fr_FR\" \/>\n<meta property=\"og:type\" content=\"article\" \/>\n<meta property=\"og:title\" content=\"Alpe d&#039;Huez, mon humour... - We Love Cinema\" \/>\n<meta property=\"og:description\" content=\"Le 15e festival international du film de com\u00e9die de l\u2019Alpe d\u2019Huez a v\u00e9cu. Et bien v\u00e9cu. Trois films majo- ou minoritairement belges \u00e9taient \u00e0 l&rsquo;affiche de la comp\u00e9tition et ont fait pas mal de bruit. Si on y ajoute Virginie Efira dans le jury ou Helena Noguerra venue pr\u00e9senter La Clinique de l&rsquo;Amour, \u00e7a nous &hellip;\" \/>\n<meta property=\"og:url\" content=\"https:\/\/welovecinema.be\/fr\/alpe-dhuez-mon-humour\/\" \/>\n<meta property=\"og:site_name\" content=\"We Love Cinema\" \/>\n<meta property=\"article:publisher\" content=\"https:\/\/www.facebook.com\/welovecinema.be\" \/>\n<meta property=\"article:published_time\" content=\"2012-01-22T22:50:35+00:00\" \/>\n<meta property=\"article:modified_time\" content=\"2012-01-23T09:02:47+00:00\" \/>\n<meta property=\"og:image\" content=\"https:\/\/welovecinema.be\/wp-content\/uploads\/sites\/2\/2012\/01\/hasta-la-vista.jpg\" \/>\n\t<meta property=\"og:image:width\" content=\"960\" \/>\n\t<meta property=\"og:image:height\" content=\"641\" \/>\n\t<meta property=\"og:image:type\" content=\"image\/jpeg\" \/>\n<meta name=\"author\" content=\"Philippe.Pierquin\" \/>\n<meta name=\"twitter:card\" content=\"summary_large_image\" \/>\n<meta name=\"twitter:label1\" content=\"\u00c9crit par\" \/>\n\t<meta name=\"twitter:data1\" content=\"Philippe.Pierquin\" \/>\n\t<meta name=\"twitter:label2\" content=\"Dur\u00e9e de lecture estim\u00e9e\" \/>\n\t<meta name=\"twitter:data2\" content=\"3 minutes\" \/>\n<script type=\"application\/ld+json\" class=\"yoast-schema-graph\">{\"@context\":\"https:\/\/schema.org\",\"@graph\":[{\"@type\":\"Article\",\"@id\":\"https:\/\/welovecinema.be\/fr\/alpe-dhuez-mon-humour\/#article\",\"isPartOf\":{\"@id\":\"https:\/\/welovecinema.be\/fr\/alpe-dhuez-mon-humour\/\"},\"author\":{\"name\":\"Philippe.Pierquin\",\"@id\":\"https:\/\/welovecinema.be\/nl\/#\/schema\/person\/4b9b1d857f0943453a38a7c2859ef756\"},\"headline\":\"Alpe d&rsquo;Huez, mon humour&#8230;\",\"datePublished\":\"2012-01-22T22:50:35+00:00\",\"dateModified\":\"2012-01-23T09:02:47+00:00\",\"mainEntityOfPage\":{\"@id\":\"https:\/\/welovecinema.be\/fr\/alpe-dhuez-mon-humour\/\"},\"wordCount\":628,\"publisher\":{\"@id\":\"https:\/\/welovecinema.be\/nl\/#organization\"},\"articleSection\":[\"Evenements\",\"News\"],\"inLanguage\":\"fr-FR\"},{\"@type\":\"WebPage\",\"@id\":\"https:\/\/welovecinema.be\/fr\/alpe-dhuez-mon-humour\/\",\"url\":\"https:\/\/welovecinema.be\/fr\/alpe-dhuez-mon-humour\/\",\"name\":\"Alpe d'Huez, mon humour... - We Love Cinema\",\"isPartOf\":{\"@id\":\"https:\/\/welovecinema.be\/nl\/#website\"},\"datePublished\":\"2012-01-22T22:50:35+00:00\",\"dateModified\":\"2012-01-23T09:02:47+00:00\",\"breadcrumb\":{\"@id\":\"https:\/\/welovecinema.be\/fr\/alpe-dhuez-mon-humour\/#breadcrumb\"},\"inLanguage\":\"fr-FR\",\"potentialAction\":[{\"@type\":\"ReadAction\",\"target\":[\"https:\/\/welovecinema.be\/fr\/alpe-dhuez-mon-humour\/\"]}]},{\"@type\":\"BreadcrumbList\",\"@id\":\"https:\/\/welovecinema.be\/fr\/alpe-dhuez-mon-humour\/#breadcrumb\",\"itemListElement\":[{\"@type\":\"ListItem\",\"position\":1,\"name\":\"Accueil\",\"item\":\"https:\/\/welovecinema.be\/fr\/\"},{\"@type\":\"ListItem\",\"position\":2,\"name\":\"Alpe d&rsquo;Huez, mon humour&#8230;\"}]},{\"@type\":\"WebSite\",\"@id\":\"https:\/\/welovecinema.be\/nl\/#website\",\"url\":\"https:\/\/welovecinema.be\/nl\/\",\"name\":\"We Love Cinema\",\"description\":\"Toute l\u2019information du cin\u00e9ma en Belgique\",\"publisher\":{\"@id\":\"https:\/\/welovecinema.be\/nl\/#organization\"},\"potentialAction\":[{\"@type\":\"SearchAction\",\"target\":{\"@type\":\"EntryPoint\",\"urlTemplate\":\"https:\/\/welovecinema.be\/nl\/?s={search_term_string}\"},\"query-input\":\"required name=search_term_string\"}],\"inLanguage\":\"fr-FR\"},{\"@type\":\"Organization\",\"@id\":\"https:\/\/welovecinema.be\/nl\/#organization\",\"name\":\"We Love Cinema\",\"url\":\"https:\/\/welovecinema.be\/nl\/\",\"logo\":{\"@type\":\"ImageObject\",\"inLanguage\":\"fr-FR\",\"@id\":\"https:\/\/welovecinema.be\/nl\/#\/schema\/logo\/image\/\",\"url\":\"https:\/\/welovecinema.be\/wp-content\/uploads\/sites\/2\/2023\/03\/Logo-We-Love-Cinema305x128.jpg\",\"contentUrl\":\"https:\/\/welovecinema.be\/wp-content\/uploads\/sites\/2\/2023\/03\/Logo-We-Love-Cinema305x128.jpg\",\"width\":305,\"height\":128,\"caption\":\"We Love Cinema\"},\"image\":{\"@id\":\"https:\/\/welovecinema.be\/nl\/#\/schema\/logo\/image\/\"},\"sameAs\":[\"https:\/\/www.facebook.com\/welovecinema.be\",\"https:\/\/www.youtube.com\/channel\/UCX5LYGVhnKvYauW4Nta4HJA\",\"https:\/\/www.instagram.com\/welovecinema.be\/\"]},{\"@type\":\"Person\",\"@id\":\"https:\/\/welovecinema.be\/nl\/#\/schema\/person\/4b9b1d857f0943453a38a7c2859ef756\",\"name\":\"Philippe.Pierquin\",\"url\":\"https:\/\/welovecinema.be\/fr\/author\/philippe-pierquin\/\"}]}<\/script>\n<!-- \/ Yoast SEO plugin. -->","yoast_head_json":{"title":"Alpe d'Huez, mon humour... - We Love Cinema","robots":{"index":"index","follow":"follow","max-snippet":"max-snippet:-1","max-image-preview":"max-image-preview:large","max-video-preview":"max-video-preview:-1"},"canonical":"https:\/\/welovecinema.be\/fr\/alpe-dhuez-mon-humour\/","og_locale":"fr_FR","og_type":"article","og_title":"Alpe d'Huez, mon humour... - We Love Cinema","og_description":"Le 15e festival international du film de com\u00e9die de l\u2019Alpe d\u2019Huez a v\u00e9cu. Et bien v\u00e9cu. Trois films majo- ou minoritairement belges \u00e9taient \u00e0 l&rsquo;affiche de la comp\u00e9tition et ont fait pas mal de bruit. Si on y ajoute Virginie Efira dans le jury ou Helena Noguerra venue pr\u00e9senter La Clinique de l&rsquo;Amour, \u00e7a nous &hellip;","og_url":"https:\/\/welovecinema.be\/fr\/alpe-dhuez-mon-humour\/","og_site_name":"We Love Cinema","article_publisher":"https:\/\/www.facebook.com\/welovecinema.be","article_published_time":"2012-01-22T22:50:35+00:00","article_modified_time":"2012-01-23T09:02:47+00:00","og_image":[{"width":"960","height":"641","url":"https:\/\/welovecinema.be\/wp-content\/uploads\/sites\/2\/2012\/01\/hasta-la-vista.jpg","type":"image\/jpeg"}],"author":"Philippe.Pierquin","twitter_card":"summary_large_image","twitter_misc":{"\u00c9crit par":"Philippe.Pierquin","Dur\u00e9e de lecture estim\u00e9e":"3 minutes"},"schema":{"@context":"https:\/\/schema.org","@graph":[{"@type":"Article","@id":"https:\/\/welovecinema.be\/fr\/alpe-dhuez-mon-humour\/#article","isPartOf":{"@id":"https:\/\/welovecinema.be\/fr\/alpe-dhuez-mon-humour\/"},"author":{"name":"Philippe.Pierquin","@id":"https:\/\/welovecinema.be\/nl\/#\/schema\/person\/4b9b1d857f0943453a38a7c2859ef756"},"headline":"Alpe d&rsquo;Huez, mon humour&#8230;","datePublished":"2012-01-22T22:50:35+00:00","dateModified":"2012-01-23T09:02:47+00:00","mainEntityOfPage":{"@id":"https:\/\/welovecinema.be\/fr\/alpe-dhuez-mon-humour\/"},"wordCount":628,"publisher":{"@id":"https:\/\/welovecinema.be\/nl\/#organization"},"articleSection":["Evenements","News"],"inLanguage":"fr-FR"},{"@type":"WebPage","@id":"https:\/\/welovecinema.be\/fr\/alpe-dhuez-mon-humour\/","url":"https:\/\/welovecinema.be\/fr\/alpe-dhuez-mon-humour\/","name":"Alpe d'Huez, mon humour... - We Love Cinema","isPartOf":{"@id":"https:\/\/welovecinema.be\/nl\/#website"},"datePublished":"2012-01-22T22:50:35+00:00","dateModified":"2012-01-23T09:02:47+00:00","breadcrumb":{"@id":"https:\/\/welovecinema.be\/fr\/alpe-dhuez-mon-humour\/#breadcrumb"},"inLanguage":"fr-FR","potentialAction":[{"@type":"ReadAction","target":["https:\/\/welovecinema.be\/fr\/alpe-dhuez-mon-humour\/"]}]},{"@type":"BreadcrumbList","@id":"https:\/\/welovecinema.be\/fr\/alpe-dhuez-mon-humour\/#breadcrumb","itemListElement":[{"@type":"ListItem","position":1,"name":"Accueil","item":"https:\/\/welovecinema.be\/fr\/"},{"@type":"ListItem","position":2,"name":"Alpe d&rsquo;Huez, mon humour&#8230;"}]},{"@type":"WebSite","@id":"https:\/\/welovecinema.be\/nl\/#website","url":"https:\/\/welovecinema.be\/nl\/","name":"We Love Cinema","description":"Toute l\u2019information du cin\u00e9ma en Belgique","publisher":{"@id":"https:\/\/welovecinema.be\/nl\/#organization"},"potentialAction":[{"@type":"SearchAction","target":{"@type":"EntryPoint","urlTemplate":"https:\/\/welovecinema.be\/nl\/?s={search_term_string}"},"query-input":"required name=search_term_string"}],"inLanguage":"fr-FR"},{"@type":"Organization","@id":"https:\/\/welovecinema.be\/nl\/#organization","name":"We Love Cinema","url":"https:\/\/welovecinema.be\/nl\/","logo":{"@type":"ImageObject","inLanguage":"fr-FR","@id":"https:\/\/welovecinema.be\/nl\/#\/schema\/logo\/image\/","url":"https:\/\/welovecinema.be\/wp-content\/uploads\/sites\/2\/2023\/03\/Logo-We-Love-Cinema305x128.jpg","contentUrl":"https:\/\/welovecinema.be\/wp-content\/uploads\/sites\/2\/2023\/03\/Logo-We-Love-Cinema305x128.jpg","width":305,"height":128,"caption":"We Love Cinema"},"image":{"@id":"https:\/\/welovecinema.be\/nl\/#\/schema\/logo\/image\/"},"sameAs":["https:\/\/www.facebook.com\/welovecinema.be","https:\/\/www.youtube.com\/channel\/UCX5LYGVhnKvYauW4Nta4HJA","https:\/\/www.instagram.com\/welovecinema.be\/"]},{"@type":"Person","@id":"https:\/\/welovecinema.be\/nl\/#\/schema\/person\/4b9b1d857f0943453a38a7c2859ef756","name":"Philippe.Pierquin","url":"https:\/\/welovecinema.be\/fr\/author\/philippe-pierquin\/"}]}},"_links":{"self":[{"href":"https:\/\/welovecinema.be\/fr\/wp-json\/wp\/v2\/posts\/14047","targetHints":{"allow":["GET"]}}],"collection":[{"href":"https:\/\/welovecinema.be\/fr\/wp-json\/wp\/v2\/posts"}],"about":[{"href":"https:\/\/welovecinema.be\/fr\/wp-json\/wp\/v2\/types\/post"}],"author":[{"embeddable":true,"href":"https:\/\/welovecinema.be\/fr\/wp-json\/wp\/v2\/users\/7"}],"replies":[{"embeddable":true,"href":"https:\/\/welovecinema.be\/fr\/wp-json\/wp\/v2\/comments?post=14047"}],"version-history":[{"count":0,"href":"https:\/\/welovecinema.be\/fr\/wp-json\/wp\/v2\/posts\/14047\/revisions"}],"wp:featuredmedia":[{"embeddable":true,"href":"https:\/\/welovecinema.be\/fr\/wp-json\/wp\/v2\/media\/14074"}],"wp:attachment":[{"href":"https:\/\/welovecinema.be\/fr\/wp-json\/wp\/v2\/media?parent=14047"}],"wp:term":[{"taxonomy":"category","embeddable":true,"href":"https:\/\/welovecinema.be\/fr\/wp-json\/wp\/v2\/categories?post=14047"},{"taxonomy":"post_tag","embeddable":true,"href":"https:\/\/welovecinema.be\/fr\/wp-json\/wp\/v2\/tags?post=14047"}],"curies":[{"name":"wp","href":"https:\/\/api.w.org\/{rel}","templated":true}]}}