{"id":1396,"date":"2011-09-28T06:25:35","date_gmt":"2011-09-28T06:25:35","guid":{"rendered":"http:\/\/www.cinevox.be\/?p=1396"},"modified":"2011-09-28T07:59:27","modified_gmt":"2011-09-28T07:59:27","slug":"abel-et-gordon-un-amour-feerique","status":"publish","type":"post","link":"https:\/\/welovecinema.be\/fr\/abel-et-gordon-un-amour-feerique\/","title":{"rendered":"La F\u00e9e :<br>Havre de paix et de po\u00e9sie"},"content":{"rendered":"<p>Le 12 mai dernier, <em>La F\u00e9e<\/em> a donc ouvert la <em>Quinzaine des R\u00e9alisateurs<\/em> cannoise. Un honneur pour un film belge. Perp\u00e9tu\u00e9 la semaine derni\u00e8re par des\u00a0apparitions\u00a0f\u00e9\u00e9riques dans le cadre des <a href=\"http:\/\/www.cinevox.be\/bnp-paribas-fortis-film-days-la-fee-ouvre-les-cinevox-happenings\/\" target=\"_blank\">BNP Paribas Fortis Film Days<\/a>. (Dominique) Abel et (Fiona) Gordon ont parcouru la communaut\u00e9 fran\u00e7aise de Bruxelles \u00e0 Braine L&rsquo;Alleud en passant par Namur et Tournai.<\/p>\n<p><!--more-->Comme\u00a0vous le savez \u00e0 pr\u00e9sent, <em>La F\u00e9e<\/em> est donc le troisi\u00e8me long m\u00e9trage de <strong>Dominique Abel, Fiona Gordon<\/strong> et <strong>Bruno Romy<\/strong>. Le trio a impos\u00e9 sur les \u00e9crans un univers qui ne ressemble \u00e0 aucun autre. <em>Iceberg <\/em>et <em>Rumba,<\/em> bien que fort diff\u00e9rents, d\u00e9finissaient d\u00e9j\u00e0 la marque de fabrique de cette bande de clowns (rien de p\u00e9joratif, au contraire : ils le revendiquent clairement !): des films o\u00f9 les paroles sont rares, o\u00f9 les corps sont rois; d&rsquo;improbables chor\u00e9graphies, de l&rsquo;humour surr\u00e9aliste, des couleurs \u00e9tonnantes, de la po\u00e9sie loufoque; et de l&rsquo;amour. Toujours. Si vous avez vu notre <a href=\"http:\/\/www.cinevox.be\/grand-ecran\/\" target=\"_blank\">Grand Ecran<\/a> du mois de juin ou regard\u00e9 <a href=\"http:\/\/www.cinevox.be\/directors-cut\/\" target=\"_blank\">les director&rsquo;s cut qui leur sont consacr\u00e9s<\/a>, vous avez d\u00e9j\u00e0 remarqu\u00e9 que Fiona et Dominique, partenaires \u00e0 la ville et ins\u00e9parables dans leur art, justifient avec une pointe d&rsquo;ironie pourquoi il ne sera sans doute jamais question d&rsquo;autre chose dans leurs histoires.<\/p>\n<p><a rel=\"attachment wp-att-8782\" href=\"http:\/\/www.cinevox.be\/abel-et-gordon-un-amour-feerique\/_man7066\/\"><img loading=\"lazy\" decoding=\"async\" class=\"alignright size-medium wp-image-8782\" title=\"_MAN7066\" src=\"http:\/\/www.cinevox.be\/wp-content\/uploads\/sites\/2\/2011\/09\/MAN7066-406x270.jpg\" alt=\"\" width=\"406\" height=\"270\" srcset=\"https:\/\/welovecinema.be\/wp-content\/uploads\/sites\/2\/2011\/09\/MAN7066-406x270.jpg 406w, https:\/\/welovecinema.be\/wp-content\/uploads\/sites\/2\/2011\/09\/MAN7066-800x532.jpg 800w, https:\/\/welovecinema.be\/wp-content\/uploads\/sites\/2\/2011\/09\/MAN7066.jpg 1000w\" sizes=\"auto, (max-width: 406px) 100vw, 406px\" \/><\/a>D&rsquo;o\u00f9 la suggestion perfide de notre journaliste, constamment \u00e0 l&rsquo;aff\u00fbt d&rsquo;une information croquignolette: inventer d&rsquo;incessantes romances \u00e0 l&rsquo;\u00e9cran, est-ce pour entretenir la flamme de la passion qui br\u00fble en coulisse ? Caramba ! Rat\u00e9 ! Comme nous l&rsquo;explique une Fiona soudain tr\u00e8s (faussement) s\u00e9rieuse: \u00ab\u00a0Non, pas du tout. Ce qui se passe \u00e0 l&rsquo;\u00e9cran est totalement professionnel (l\u00e0, elle laisse quand m\u00eame \u00e9chapper un sourire en coin). Notre vie est notre vie et pour travailler, pour gagner des sous, on fait des films.\u00a0\u00bb L\u00e0, c&rsquo;est Dominique qui se marre.<\/p>\n<p>Fiona et Dominique forment un couple formidable, qui s&rsquo;est rencontr\u00e9 en 1980, pour l&rsquo;amour\u2026 du spectacle. Quand \u00a0on les voit, dans toute leur magnifique \u00e9vidence, on peut se dire que la vie est bien faite, car si on y regarde de plus pr\u00e8s, combien de chances avaient-ils de se croiser un jour ?<\/p>\n<p>\u00ab\u00a0Moi, je suis canadienne, explique Fiona. N\u00e9e en Australie. Dominique est belge. On s&rsquo;est crois\u00e9s \u00e0 Paris. Et puis, nous voil\u00e0 !\u00a0\u00bb<\/p>\n<p>Ces pigeons voyageurs qui vivent \u00e0 Anderlecht ne se sont pourtant jamais vraiment pos\u00e9s. Leur art, essentiellement corporel, leur a toujours permis de voyager \u00e0 travers le monde sans se trouver bloqu\u00e9s par la barri\u00e8re de la langue. Ou si peu.<\/p>\n<p><a rel=\"attachment wp-att-3590\" href=\"http:\/\/www.cinevox.be\/abel-et-gordon-un-amour-feerique\/fee-13-2\/\"><img loading=\"lazy\" decoding=\"async\" class=\"alignleft size-medium wp-image-3590\" title=\"f\u00e9e 13\" src=\"http:\/\/www.cinevox.be\/wp-content\/uploads\/sites\/2\/2011\/06\/f\u00e9e-13-405x270.jpg\" alt=\"\" width=\"405\" height=\"270\" srcset=\"https:\/\/welovecinema.be\/wp-content\/uploads\/sites\/2\/2011\/06\/f\u00e9e-13-405x270.jpg 405w, https:\/\/welovecinema.be\/wp-content\/uploads\/sites\/2\/2011\/06\/f\u00e9e-13.jpg 600w\" sizes=\"auto, (max-width: 405px) 100vw, 405px\" \/><\/a>\u00ab\u00a0Nos spectacles sont burlesques, enfin c&rsquo;est comme \u00e7a qu&rsquo;on nous d\u00e9finit; nous nous voyons plut\u00f4t comme des clowns. Quel que soit l&rsquo;endroit o\u00f9 nous jouons, nous essayons de traduire les quelques mots que nous disons, mais ces spectacles tr\u00e8s visuels sont universels. Les films sont une continuit\u00e9 de nos spectacles et ils voyagent tout aussi bien. Avec <em>Rumba<\/em>, nous sommes all\u00e9s en Chine, en Argentine, en Afrique et dans un tas d&rsquo;autres pays. C&rsquo;est vraiment bien de voir que \u00e7a peut toucher tout le monde.<\/p>\n<p>Son aventure professionnelle, le couple la m\u00e8ne en trio depuis quelques ann\u00e9es puisqu&rsquo;ils travaillent de concert avec <strong>Bruno Romy<\/strong>, un pr\u00e9cieux adjuvant qui leur permet de trancher lorsque Dominique et Fiona h\u00e9sitent, se confrontent ou s&rsquo;\u00e9tripent (il s&rsquo;agit d&rsquo;une image, car ces deux-l\u00e0, hyper sympathiques, sont aussi totalement non-violents).<\/p>\n<p>\u00ab\u00a0Bruno habite \u00e0 Caen. Un peu comme nous, il a un pass\u00e9 de th\u00e9\u00e2tre et de cirque. Il nous a rejoints avant de tourner <em>Iceberg <\/em>et, depuis, nous travaillons ensemble.\u00a0\u00bb<\/p>\n<p><em>La F\u00e9e<\/em> est donc la troisi\u00e8me \u00e9tape longue distance des zamoureux d&rsquo;Anderlecht, leur deuxi\u00e8me \u00e0 les mener \u00e0 Cannes o\u00f9 ils comptent bien arpenter la Croisette sur leur scooter bleu ciel. Oui, celui qu&rsquo;on voit dans le film et qu&rsquo;ils utilisent aussi pour traverser Bruxelles, d&rsquo;interviews en rendez-vous.<\/p>\n<p><a rel=\"attachment wp-att-3591\" href=\"http:\/\/www.cinevox.be\/abel-et-gordon-un-amour-feerique\/fee-11\/\"><img loading=\"lazy\" decoding=\"async\" class=\"alignright size-medium wp-image-3591\" title=\"f\u00e9e 11\" src=\"http:\/\/www.cinevox.be\/wp-content\/uploads\/sites\/2\/2011\/06\/f\u00e9e-11-473x270.jpg\" alt=\"\" width=\"473\" height=\"270\" srcset=\"https:\/\/welovecinema.be\/wp-content\/uploads\/sites\/2\/2011\/06\/f\u00e9e-11-473x270.jpg 473w, https:\/\/welovecinema.be\/wp-content\/uploads\/sites\/2\/2011\/06\/f\u00e9e-11-200x113.jpg 200w, https:\/\/welovecinema.be\/wp-content\/uploads\/sites\/2\/2011\/06\/f\u00e9e-11-800x456.jpg 800w, https:\/\/welovecinema.be\/wp-content\/uploads\/sites\/2\/2011\/06\/f\u00e9e-11.jpg 852w\" sizes=\"auto, (max-width: 473px) 100vw, 473px\" \/><\/a>Pour les besoins du tournage, ils l&rsquo;ont d\u00e9j\u00e0 transport\u00e9 au Havre. Le Havre, havre de paix ? Mais qu&rsquo;est-ce qui pousse tant de cin\u00e9astes \u00e0 planter leur cam\u00e9ra dans le port nordiste ? Avec Fiona et Dominique, Aki Kaurism\u00e4ki (pour un film pr\u00e9sent\u00e9 \u00e0 Cannes, baptis\u00e9 du nom de la ville) et Lucas Belvaux (Une Nuit) ont, eux aussi, choisi de tourner leur nouveau film l\u00e0-bas.<\/p>\n<p>Une id\u00e9e de Bruno Romy, peut-\u00eatre ? Puisque l&rsquo;homme est un Normand bon teint.<\/p>\n<p>\u00a0\u00bb Il adore sa r\u00e9gion\u00a0\u00bb, confirme Dominique. \u00ab\u00a0Nous aimons aussi beaucoup le coin, \u00e7a tombait bien. C&rsquo;est vrai que, pour l&rsquo;instant, Le Havre attire beaucoup de gens. Ce n&rsquo;est pas surprenant, car la ville est tr\u00e8s sp\u00e9ciale: c&rsquo;est un port, un amas d&rsquo;industries, c&rsquo;est de la p\u00e9trochimie, ce sont des montagnes de containers qui arrivent sur d&rsquo;immenses cargos \u00e0 longueur de journ\u00e9e, qui rentrent carr\u00e9ment dans la ville. Le Havre, c&rsquo;est une esp\u00e8ce de maquette g\u00e9ante parce que l&rsquo;endroit a \u00e9t\u00e9 bombard\u00e9 pendant la guerre et qu&rsquo;un architecte (ndlr. Auguste Perret) a tout r\u00e9invent\u00e9 dans un style unique, typique des ann\u00e9es 50. Quand on est l\u00e0, au centre, on ne sait pas vraiment \u00e0 quelle \u00e9poque, ni o\u00f9 on se trouve. Est-on en 2011 ou en 1955 ? Est-on \u00e0 Berlin-Est ou aux \u00c9tats-Unis ? C&rsquo;est un cadre \u00e9tonnant. Si on avait pu construire un d\u00e9cor grandeur nature pour illustrer ce que nous voulions pour <em>La F\u00e9e,<\/em> je pense qu&rsquo;on l&rsquo;aurait con\u00e7u comme \u00e7a\u00a0\u00bb.<\/p>\n<p>D&rsquo;une ville c\u00f4ti\u00e8re \u00e0 une autre, \u00a0<em>La F\u00e9e<\/em> a fil\u00e9 du Havre au Festival de Cannes. Trois ans apr\u00e8s y avoir pr\u00e9sent\u00e9 <em>Rumba<\/em> dans un petit coin de la semaine de la critique, Dominique et Fiona sont revenus en proue de la Quinzaine des r\u00e9alisateurs. Le pas en avant est impressionnant. Aujourd&rsquo;hui, il arrive dans nos salles: ici en projection classique et l\u00e0 en <a href=\"http:\/\/www.cinevox.be\/la-fee-numerique\/\" target=\"_blank\">num\u00e9rique<\/a>.<\/p>\n<p>Allumez les projecteurs : c&rsquo;est dr\u00f4le, c&rsquo;est \u00e9mouvant, c&rsquo;est tout ce qu&rsquo;on aime!<\/p>\n<p>&nbsp;<\/p>\n<p>&nbsp;<\/p>\n","protected":false},"excerpt":{"rendered":"<p>Le 12 mai dernier, La F\u00e9e a donc ouvert la Quinzaine des R\u00e9alisateurs cannoise. Un honneur pour un film belge. Perp\u00e9tu\u00e9 la semaine derni\u00e8re par des\u00a0apparitions\u00a0f\u00e9\u00e9riques dans le cadre des BNP Paribas Fortis Film Days. (Dominique) Abel et (Fiona) Gordon ont parcouru la communaut\u00e9 fran\u00e7aise de Bruxelles \u00e0 Braine L&rsquo;Alleud en passant par Namur et &hellip;<\/p>\n","protected":false},"author":7,"featured_media":3596,"comment_status":"closed","ping_status":"closed","sticky":false,"template":"","format":"standard","meta":{"ngg_post_thumbnail":0,"footnotes":""},"categories":[10,7],"tags":[],"class_list":["post-1396","post","type-post","status-publish","format-standard","has-post-thumbnail","","category-a-l-affiche","category-actualites"],"yoast_head":"<!-- This site is optimized with the Yoast SEO plugin v20.4 - https:\/\/yoast.com\/wordpress\/plugins\/seo\/ -->\n<title>La F\u00e9e :Havre de paix et de po\u00e9sie - We Love Cinema<\/title>\n<meta name=\"robots\" content=\"index, follow, max-snippet:-1, max-image-preview:large, max-video-preview:-1\" \/>\n<link rel=\"canonical\" href=\"https:\/\/welovecinema.be\/fr\/abel-et-gordon-un-amour-feerique\/\" \/>\n<meta property=\"og:locale\" content=\"fr_FR\" \/>\n<meta property=\"og:type\" content=\"article\" \/>\n<meta property=\"og:title\" content=\"La F\u00e9e :Havre de paix et de po\u00e9sie - We Love Cinema\" \/>\n<meta property=\"og:description\" content=\"Le 12 mai dernier, La F\u00e9e a donc ouvert la Quinzaine des R\u00e9alisateurs cannoise. Un honneur pour un film belge. Perp\u00e9tu\u00e9 la semaine derni\u00e8re par des\u00a0apparitions\u00a0f\u00e9\u00e9riques dans le cadre des BNP Paribas Fortis Film Days. (Dominique) Abel et (Fiona) Gordon ont parcouru la communaut\u00e9 fran\u00e7aise de Bruxelles \u00e0 Braine L&rsquo;Alleud en passant par Namur et &hellip;\" \/>\n<meta property=\"og:url\" content=\"https:\/\/welovecinema.be\/fr\/abel-et-gordon-un-amour-feerique\/\" \/>\n<meta property=\"og:site_name\" content=\"We Love Cinema\" \/>\n<meta property=\"article:publisher\" content=\"https:\/\/www.facebook.com\/welovecinema.be\" \/>\n<meta property=\"article:published_time\" content=\"2011-09-28T06:25:35+00:00\" \/>\n<meta property=\"article:modified_time\" content=\"2011-09-28T07:59:27+00:00\" \/>\n<meta property=\"og:image\" content=\"https:\/\/welovecinema.be\/wp-content\/uploads\/sites\/2\/2011\/06\/f\u00e9e-15.jpg\" \/>\n\t<meta property=\"og:image:width\" content=\"600\" \/>\n\t<meta property=\"og:image:height\" content=\"400\" \/>\n\t<meta property=\"og:image:type\" content=\"image\/jpeg\" \/>\n<meta name=\"author\" content=\"Philippe.Pierquin\" \/>\n<meta name=\"twitter:card\" content=\"summary_large_image\" \/>\n<meta name=\"twitter:label1\" content=\"\u00c9crit par\" \/>\n\t<meta name=\"twitter:data1\" content=\"Philippe.Pierquin\" \/>\n\t<meta name=\"twitter:label2\" content=\"Dur\u00e9e de lecture estim\u00e9e\" \/>\n\t<meta name=\"twitter:data2\" content=\"5 minutes\" \/>\n<script type=\"application\/ld+json\" class=\"yoast-schema-graph\">{\"@context\":\"https:\/\/schema.org\",\"@graph\":[{\"@type\":\"Article\",\"@id\":\"https:\/\/welovecinema.be\/fr\/abel-et-gordon-un-amour-feerique\/#article\",\"isPartOf\":{\"@id\":\"https:\/\/welovecinema.be\/fr\/abel-et-gordon-un-amour-feerique\/\"},\"author\":{\"name\":\"Philippe.Pierquin\",\"@id\":\"https:\/\/welovecinema.be\/nl\/#\/schema\/person\/4b9b1d857f0943453a38a7c2859ef756\"},\"headline\":\"La F\u00e9e : Havre de paix et de po\u00e9sie\",\"datePublished\":\"2011-09-28T06:25:35+00:00\",\"dateModified\":\"2011-09-28T07:59:27+00:00\",\"mainEntityOfPage\":{\"@id\":\"https:\/\/welovecinema.be\/fr\/abel-et-gordon-un-amour-feerique\/\"},\"wordCount\":1045,\"publisher\":{\"@id\":\"https:\/\/welovecinema.be\/nl\/#organization\"},\"articleSection\":[\"A l'affiche\",\"News\"],\"inLanguage\":\"fr-FR\"},{\"@type\":\"WebPage\",\"@id\":\"https:\/\/welovecinema.be\/fr\/abel-et-gordon-un-amour-feerique\/\",\"url\":\"https:\/\/welovecinema.be\/fr\/abel-et-gordon-un-amour-feerique\/\",\"name\":\"La F\u00e9e : Havre de paix et de po\u00e9sie - We Love Cinema\",\"isPartOf\":{\"@id\":\"https:\/\/welovecinema.be\/nl\/#website\"},\"datePublished\":\"2011-09-28T06:25:35+00:00\",\"dateModified\":\"2011-09-28T07:59:27+00:00\",\"breadcrumb\":{\"@id\":\"https:\/\/welovecinema.be\/fr\/abel-et-gordon-un-amour-feerique\/#breadcrumb\"},\"inLanguage\":\"fr-FR\",\"potentialAction\":[{\"@type\":\"ReadAction\",\"target\":[\"https:\/\/welovecinema.be\/fr\/abel-et-gordon-un-amour-feerique\/\"]}]},{\"@type\":\"BreadcrumbList\",\"@id\":\"https:\/\/welovecinema.be\/fr\/abel-et-gordon-un-amour-feerique\/#breadcrumb\",\"itemListElement\":[{\"@type\":\"ListItem\",\"position\":1,\"name\":\"Accueil\",\"item\":\"https:\/\/welovecinema.be\/fr\/\"},{\"@type\":\"ListItem\",\"position\":2,\"name\":\"La F\u00e9e :Havre de paix et de po\u00e9sie\"}]},{\"@type\":\"WebSite\",\"@id\":\"https:\/\/welovecinema.be\/nl\/#website\",\"url\":\"https:\/\/welovecinema.be\/nl\/\",\"name\":\"We Love Cinema\",\"description\":\"Toute l\u2019information du cin\u00e9ma en Belgique\",\"publisher\":{\"@id\":\"https:\/\/welovecinema.be\/nl\/#organization\"},\"potentialAction\":[{\"@type\":\"SearchAction\",\"target\":{\"@type\":\"EntryPoint\",\"urlTemplate\":\"https:\/\/welovecinema.be\/nl\/?s={search_term_string}\"},\"query-input\":\"required name=search_term_string\"}],\"inLanguage\":\"fr-FR\"},{\"@type\":\"Organization\",\"@id\":\"https:\/\/welovecinema.be\/nl\/#organization\",\"name\":\"We Love Cinema\",\"url\":\"https:\/\/welovecinema.be\/nl\/\",\"logo\":{\"@type\":\"ImageObject\",\"inLanguage\":\"fr-FR\",\"@id\":\"https:\/\/welovecinema.be\/nl\/#\/schema\/logo\/image\/\",\"url\":\"https:\/\/welovecinema.be\/wp-content\/uploads\/sites\/2\/2023\/03\/Logo-We-Love-Cinema305x128.jpg\",\"contentUrl\":\"https:\/\/welovecinema.be\/wp-content\/uploads\/sites\/2\/2023\/03\/Logo-We-Love-Cinema305x128.jpg\",\"width\":305,\"height\":128,\"caption\":\"We Love Cinema\"},\"image\":{\"@id\":\"https:\/\/welovecinema.be\/nl\/#\/schema\/logo\/image\/\"},\"sameAs\":[\"https:\/\/www.facebook.com\/welovecinema.be\",\"https:\/\/www.youtube.com\/channel\/UCX5LYGVhnKvYauW4Nta4HJA\",\"https:\/\/www.instagram.com\/welovecinema.be\/\"]},{\"@type\":\"Person\",\"@id\":\"https:\/\/welovecinema.be\/nl\/#\/schema\/person\/4b9b1d857f0943453a38a7c2859ef756\",\"name\":\"Philippe.Pierquin\",\"url\":\"https:\/\/welovecinema.be\/fr\/author\/philippe-pierquin\/\"}]}<\/script>\n<!-- \/ Yoast SEO plugin. -->","yoast_head_json":{"title":"La F\u00e9e :Havre de paix et de po\u00e9sie - We Love Cinema","robots":{"index":"index","follow":"follow","max-snippet":"max-snippet:-1","max-image-preview":"max-image-preview:large","max-video-preview":"max-video-preview:-1"},"canonical":"https:\/\/welovecinema.be\/fr\/abel-et-gordon-un-amour-feerique\/","og_locale":"fr_FR","og_type":"article","og_title":"La F\u00e9e :Havre de paix et de po\u00e9sie - We Love Cinema","og_description":"Le 12 mai dernier, La F\u00e9e a donc ouvert la Quinzaine des R\u00e9alisateurs cannoise. Un honneur pour un film belge. Perp\u00e9tu\u00e9 la semaine derni\u00e8re par des\u00a0apparitions\u00a0f\u00e9\u00e9riques dans le cadre des BNP Paribas Fortis Film Days. (Dominique) Abel et (Fiona) Gordon ont parcouru la communaut\u00e9 fran\u00e7aise de Bruxelles \u00e0 Braine L&rsquo;Alleud en passant par Namur et &hellip;","og_url":"https:\/\/welovecinema.be\/fr\/abel-et-gordon-un-amour-feerique\/","og_site_name":"We Love Cinema","article_publisher":"https:\/\/www.facebook.com\/welovecinema.be","article_published_time":"2011-09-28T06:25:35+00:00","article_modified_time":"2011-09-28T07:59:27+00:00","og_image":[{"width":"600","height":"400","url":"https:\/\/welovecinema.be\/wp-content\/uploads\/sites\/2\/2011\/06\/f\u00e9e-15.jpg","type":"image\/jpeg"}],"author":"Philippe.Pierquin","twitter_card":"summary_large_image","twitter_misc":{"\u00c9crit par":"Philippe.Pierquin","Dur\u00e9e de lecture estim\u00e9e":"5 minutes"},"schema":{"@context":"https:\/\/schema.org","@graph":[{"@type":"Article","@id":"https:\/\/welovecinema.be\/fr\/abel-et-gordon-un-amour-feerique\/#article","isPartOf":{"@id":"https:\/\/welovecinema.be\/fr\/abel-et-gordon-un-amour-feerique\/"},"author":{"name":"Philippe.Pierquin","@id":"https:\/\/welovecinema.be\/nl\/#\/schema\/person\/4b9b1d857f0943453a38a7c2859ef756"},"headline":"La F\u00e9e : Havre de paix et de po\u00e9sie","datePublished":"2011-09-28T06:25:35+00:00","dateModified":"2011-09-28T07:59:27+00:00","mainEntityOfPage":{"@id":"https:\/\/welovecinema.be\/fr\/abel-et-gordon-un-amour-feerique\/"},"wordCount":1045,"publisher":{"@id":"https:\/\/welovecinema.be\/nl\/#organization"},"articleSection":["A l'affiche","News"],"inLanguage":"fr-FR"},{"@type":"WebPage","@id":"https:\/\/welovecinema.be\/fr\/abel-et-gordon-un-amour-feerique\/","url":"https:\/\/welovecinema.be\/fr\/abel-et-gordon-un-amour-feerique\/","name":"La F\u00e9e : Havre de paix et de po\u00e9sie - We Love Cinema","isPartOf":{"@id":"https:\/\/welovecinema.be\/nl\/#website"},"datePublished":"2011-09-28T06:25:35+00:00","dateModified":"2011-09-28T07:59:27+00:00","breadcrumb":{"@id":"https:\/\/welovecinema.be\/fr\/abel-et-gordon-un-amour-feerique\/#breadcrumb"},"inLanguage":"fr-FR","potentialAction":[{"@type":"ReadAction","target":["https:\/\/welovecinema.be\/fr\/abel-et-gordon-un-amour-feerique\/"]}]},{"@type":"BreadcrumbList","@id":"https:\/\/welovecinema.be\/fr\/abel-et-gordon-un-amour-feerique\/#breadcrumb","itemListElement":[{"@type":"ListItem","position":1,"name":"Accueil","item":"https:\/\/welovecinema.be\/fr\/"},{"@type":"ListItem","position":2,"name":"La F\u00e9e :Havre de paix et de po\u00e9sie"}]},{"@type":"WebSite","@id":"https:\/\/welovecinema.be\/nl\/#website","url":"https:\/\/welovecinema.be\/nl\/","name":"We Love Cinema","description":"Toute l\u2019information du cin\u00e9ma en Belgique","publisher":{"@id":"https:\/\/welovecinema.be\/nl\/#organization"},"potentialAction":[{"@type":"SearchAction","target":{"@type":"EntryPoint","urlTemplate":"https:\/\/welovecinema.be\/nl\/?s={search_term_string}"},"query-input":"required name=search_term_string"}],"inLanguage":"fr-FR"},{"@type":"Organization","@id":"https:\/\/welovecinema.be\/nl\/#organization","name":"We Love Cinema","url":"https:\/\/welovecinema.be\/nl\/","logo":{"@type":"ImageObject","inLanguage":"fr-FR","@id":"https:\/\/welovecinema.be\/nl\/#\/schema\/logo\/image\/","url":"https:\/\/welovecinema.be\/wp-content\/uploads\/sites\/2\/2023\/03\/Logo-We-Love-Cinema305x128.jpg","contentUrl":"https:\/\/welovecinema.be\/wp-content\/uploads\/sites\/2\/2023\/03\/Logo-We-Love-Cinema305x128.jpg","width":305,"height":128,"caption":"We Love Cinema"},"image":{"@id":"https:\/\/welovecinema.be\/nl\/#\/schema\/logo\/image\/"},"sameAs":["https:\/\/www.facebook.com\/welovecinema.be","https:\/\/www.youtube.com\/channel\/UCX5LYGVhnKvYauW4Nta4HJA","https:\/\/www.instagram.com\/welovecinema.be\/"]},{"@type":"Person","@id":"https:\/\/welovecinema.be\/nl\/#\/schema\/person\/4b9b1d857f0943453a38a7c2859ef756","name":"Philippe.Pierquin","url":"https:\/\/welovecinema.be\/fr\/author\/philippe-pierquin\/"}]}},"_links":{"self":[{"href":"https:\/\/welovecinema.be\/fr\/wp-json\/wp\/v2\/posts\/1396","targetHints":{"allow":["GET"]}}],"collection":[{"href":"https:\/\/welovecinema.be\/fr\/wp-json\/wp\/v2\/posts"}],"about":[{"href":"https:\/\/welovecinema.be\/fr\/wp-json\/wp\/v2\/types\/post"}],"author":[{"embeddable":true,"href":"https:\/\/welovecinema.be\/fr\/wp-json\/wp\/v2\/users\/7"}],"replies":[{"embeddable":true,"href":"https:\/\/welovecinema.be\/fr\/wp-json\/wp\/v2\/comments?post=1396"}],"version-history":[{"count":0,"href":"https:\/\/welovecinema.be\/fr\/wp-json\/wp\/v2\/posts\/1396\/revisions"}],"wp:featuredmedia":[{"embeddable":true,"href":"https:\/\/welovecinema.be\/fr\/wp-json\/wp\/v2\/media\/3596"}],"wp:attachment":[{"href":"https:\/\/welovecinema.be\/fr\/wp-json\/wp\/v2\/media?parent=1396"}],"wp:term":[{"taxonomy":"category","embeddable":true,"href":"https:\/\/welovecinema.be\/fr\/wp-json\/wp\/v2\/categories?post=1396"},{"taxonomy":"post_tag","embeddable":true,"href":"https:\/\/welovecinema.be\/fr\/wp-json\/wp\/v2\/tags?post=1396"}],"curies":[{"name":"wp","href":"https:\/\/api.w.org\/{rel}","templated":true}]}}