{"id":13744,"date":"2012-01-18T09:09:49","date_gmt":"2012-01-18T09:09:49","guid":{"rendered":"http:\/\/www.cinevox.be\/?p=13744"},"modified":"2012-01-19T10:28:53","modified_gmt":"2012-01-19T10:28:53","slug":"13744","status":"publish","type":"post","link":"https:\/\/welovecinema.be\/fr\/13744\/","title":{"rendered":"Il \u00e9tait une fois une premi\u00e8re mondiale"},"content":{"rendered":"<p>On a enfin d\u00e9couvert <em>Il \u00e9tait une fois une fois.<\/em> Il \u00e9tait temps. Voil\u00e0 pr\u00e8s d&rsquo;un an qu&rsquo;on a lu le sc\u00e9nario et qu&rsquo;on tr\u00e9pigne en attendant de voir ce qu&rsquo;en a fait \u00e0 l&rsquo;\u00e9cran <strong>Christian Merret-Palmair, <\/strong>le r\u00e9alisateur du mythique <em>Les Portes de la Gloire<\/em>.<\/p>\n<p>Un mois avant la sortie officielle, quelques\u00a0jours\u00a0avant la projection du film au festival de l&rsquo;Alpe d&rsquo;Huez, c&rsquo;est donc Bruxelles, et plus pr\u00e9cis\u00e9ment la salle RTL-Club qui a \u00e9t\u00e9 choisie pour la premi\u00e8re mondiale. Un cocon feutr\u00e9 pour une exclusivit\u00e9 VIP o\u00f9 se pressait une horde de BWB, Bekende Wallen en Brusseleers. Parmi eux, les tr\u00e8s chanceux vainqueurs de notre concours Cinevox venus confronter leur Belgatitude \u00e0 celle de <strong>Jean-Luc Couchard<\/strong> et <strong>Charlie Dupont<\/strong>.<\/p>\n<p>Verdict?<\/p>\n<p><!--more--><\/p>\n<p>&nbsp;<\/p>\n<p>En plein dans le mille, \u00c9mile ! <em>Il \u00e9tait une fois une fois <\/em>est ce qu&rsquo;il promettait : une tuerie pour ceux qui adorent l&rsquo;humour non sensique belgo-belge, une\u00a0rafale de blagues et de <a rel=\"attachment wp-att-13847\" href=\"http:\/\/www.cinevox.be\/13744\/image003-3\/\"><img loading=\"lazy\" decoding=\"async\" class=\"alignright size-medium wp-image-13847\" title=\"image003\" src=\"http:\/\/www.cinevox.be\/wp-content\/uploads\/sites\/2\/2012\/01\/image0032-197x270.jpg\" alt=\"\" width=\"197\" height=\"270\" srcset=\"https:\/\/welovecinema.be\/wp-content\/uploads\/sites\/2\/2012\/01\/image0032-197x270.jpg 197w, https:\/\/welovecinema.be\/wp-content\/uploads\/sites\/2\/2012\/01\/image0032.jpg 428w\" sizes=\"auto, (max-width: 197px) 100vw, 197px\" \/><\/a>situations cocasses qui s&rsquo;encha\u00eenent, s&#8217;empilent et s&rsquo;accumulent pendant 1h30 (qu&rsquo;on ne voit pas filer) avec des moments cultissimes \u00e0 la pelle\u00a0:<strong> Jean-Luc Couchard <\/strong>en slip l\u00e9opard\u00a0se livrant \u00e0 un karaok\u00e9 cin\u00e9matographique sur <em>Bodyguard<\/em>, <strong>Charlie Dupont<\/strong> passant en revue les diff\u00e9rents accents belges, <strong>Fran\u00e7ois-Xavier Demaison<\/strong> expliquant la Belgique \u00e0 une Fran\u00e7aise; \u00a0la sc\u00e8ne du pain perdu aussi (plus d\u00e9velopp\u00e9e et dr\u00f4le que dans le trailer), le test \u00ab\u00a0Rosetta\u00a0\u00bb subi par <strong>Anne Marivin<\/strong>\u2026. Et plein plein d&rsquo;autres.<\/p>\n<p>Le tout servi sur un rythme effr\u00e9n\u00e9 et soutenu par une v\u00e9ritable histoire bien huil\u00e9e et plut\u00f4t impr\u00e9visible qui\u00a0ravira les fans de <em>Dikkenek <\/em>(priorit\u00e9 absolue pour ceux-ci)<em>, Very Bad Trip<\/em>, <em>Dodgeball,\u00a0Rien que pour vos cheveux<\/em> et ce genre de joyeuset\u00e9s. Et du Grand Jojo aussi, bien s\u00fbr\u2026<\/p>\n<p>&nbsp;<\/p>\n<p>Dans la salle, un \u00e9tat d&rsquo;hilarit\u00e9 permanent quasi g\u00e9n\u00e9ral et des \u00e9clats de rire tonitruants, voire m\u00eame des applaudissements \u00e0 certains moments-cl\u00e9s. Une atmosph\u00e8re joyeuse qui a d\u00fbr\u00e9 plusieurs heures \u00e0 l&rsquo;occasion d&rsquo;un drink fort soign\u00e9. Pas \u00e0 dire : <em>Scope Pictures<\/em>, producteur belge du film sait recevoir !<\/p>\n<p>Plut\u00f4t qu&rsquo;un long article, nous vous proposons un petit topo en photos. Comme si vous y \u00e9tiez. Ou presque.<\/p>\n<p>&nbsp;<\/p>\n<p>&nbsp;<\/p>\n[A Lire :\u00a0<a href=\"http:\/\/www.cinevox.be\/?p=12658\" target=\"_blank\">Cinevox vous invite \u00e0 la premi\u00e8re mondiale !<\/a>,\u00a0<a href=\"http:\/\/www.cinevox.be\/?p=12566\" target=\"_blank\">Coups de zoom sur 2012 [1]<\/a>, <a href=\"http:\/\/www.cinevox.be\/les-belges-a-paris-eclats-de-rire-garantis\/\" target=\"_blank\">Les Belges \u00e0 Paris<\/a>, <a href=\"http:\/\/www.cinevox.be\/?p=4884\" target=\"_blank\">Il \u00e9tait une fois&#8230; Jean-Luc Couchard <\/a><\/p>\n<p>A voir :\u00a0<a href=\"http:\/\/www.cinevox.be\/?p=12632\" target=\"_blank\">Pierre Papier Ciseau<\/a>, <a href=\"http:\/\/www.cinevox.be\/videos\/grand-ecran-3\/\" target=\"_blank\">Grand Ecran Cinevox n\u00b03<\/a> ]\n<p>&nbsp;<\/p>\n<p><a rel=\"attachment wp-att-13763\" href=\"http:\/\/www.cinevox.be\/13744\/img_3834\/\"><img loading=\"lazy\" decoding=\"async\" class=\"aligncenter size-full wp-image-13763\" title=\"IMG_3834\" src=\"http:\/\/www.cinevox.be\/wp-content\/uploads\/sites\/2\/2012\/01\/IMG_3834.jpg\" alt=\"\" width=\"1024\" height=\"683\" srcset=\"https:\/\/welovecinema.be\/wp-content\/uploads\/sites\/2\/2012\/01\/IMG_3834.jpg 1024w, https:\/\/welovecinema.be\/wp-content\/uploads\/sites\/2\/2012\/01\/IMG_3834-404x270.jpg 404w, https:\/\/welovecinema.be\/wp-content\/uploads\/sites\/2\/2012\/01\/IMG_3834-800x533.jpg 800w\" sizes=\"auto, (max-width: 1024px) 100vw, 1024px\" \/><\/a>Poussons la porte du RTL House&#8230; L\u00e0, sur la droite, la salle qui va accueillir la premi\u00e8re mondiale de<em> Il \u00e9tait une fois une fois.<\/em>..<\/p>\n<p>&nbsp;<\/p>\n<p><a rel=\"attachment wp-att-13764\" href=\"http:\/\/www.cinevox.be\/13744\/img_3818\/\"><img loading=\"lazy\" decoding=\"async\" class=\"aligncenter size-full wp-image-13764\" title=\"IMG_3818\" src=\"http:\/\/www.cinevox.be\/wp-content\/uploads\/sites\/2\/2012\/01\/IMG_3818.jpg\" alt=\"\" width=\"1024\" height=\"683\" srcset=\"https:\/\/welovecinema.be\/wp-content\/uploads\/sites\/2\/2012\/01\/IMG_3818.jpg 1024w, https:\/\/welovecinema.be\/wp-content\/uploads\/sites\/2\/2012\/01\/IMG_3818-404x270.jpg 404w, https:\/\/welovecinema.be\/wp-content\/uploads\/sites\/2\/2012\/01\/IMG_3818-800x533.jpg 800w\" sizes=\"auto, (max-width: 1024px) 100vw, 1024px\" \/><\/a>Dans le couloir, <strong>Charlie <del>Winston <\/del> Dupont<\/strong> (avec son joli petit chapeau) fait encore le malin avec beau-papa Garbarski, mais il n&rsquo;en pense pas moins. L&rsquo;estomac est nou\u00e9.\u00a0Le public attend d\u00e9j\u00e0 dans la salle.<\/p>\n<p>&nbsp;<\/p>\n<p><a rel=\"attachment wp-att-13746\" href=\"http:\/\/www.cinevox.be\/13744\/img_3853\/\"><img loading=\"lazy\" decoding=\"async\" class=\"aligncenter size-full wp-image-13746\" title=\"IMG_3853\" src=\"http:\/\/www.cinevox.be\/wp-content\/uploads\/sites\/2\/2012\/01\/IMG_3853.jpg\" alt=\"\" width=\"1024\" height=\"683\" srcset=\"https:\/\/welovecinema.be\/wp-content\/uploads\/sites\/2\/2012\/01\/IMG_3853.jpg 1024w, https:\/\/welovecinema.be\/wp-content\/uploads\/sites\/2\/2012\/01\/IMG_3853-404x270.jpg 404w, https:\/\/welovecinema.be\/wp-content\/uploads\/sites\/2\/2012\/01\/IMG_3853-800x533.jpg 800w\" sizes=\"auto, (max-width: 1024px) 100vw, 1024px\" \/><\/a><\/p>\n<p>Tout le monde s&rsquo;installe. La premi\u00e8re mondiale de <em>Il \u00e9tait une fois une fois<\/em> c&rsquo;\u00e9tait l&rsquo;occasion de croiser la plus\u00a0belle\u00a0concentration de people belgo-belges au\u00a0m\u00e8tre\u00a0carr\u00e9 de ce c\u00f4t\u00e9-ci des Magritte. Vous reconnaissez qui sur cette photo? Il y a des humoristes, des acteurs, des pr\u00e9sentateurs t\u00e9l\u00e9, des journalistes et m\u00eame le\u00a0directeur\u00a0de Cinevox, c&rsquo;est dire&#8230;<\/p>\n<p>&nbsp;<\/p>\n<p><a rel=\"attachment wp-att-13747\" href=\"http:\/\/www.cinevox.be\/13744\/img_3840\/\"><img loading=\"lazy\" decoding=\"async\" class=\"aligncenter size-full wp-image-13747\" title=\"IMG_3840\" src=\"http:\/\/www.cinevox.be\/wp-content\/uploads\/sites\/2\/2012\/01\/IMG_3840.jpg\" alt=\"\" width=\"1024\" height=\"683\" srcset=\"https:\/\/welovecinema.be\/wp-content\/uploads\/sites\/2\/2012\/01\/IMG_3840.jpg 1024w, https:\/\/welovecinema.be\/wp-content\/uploads\/sites\/2\/2012\/01\/IMG_3840-404x270.jpg 404w, https:\/\/welovecinema.be\/wp-content\/uploads\/sites\/2\/2012\/01\/IMG_3840-800x533.jpg 800w\" sizes=\"auto, (max-width: 1024px) 100vw, 1024px\" \/><\/a><\/p>\n<p>Oui, <strong>Jacques Mercier<\/strong> \u00e9tait pr\u00e9sent. Quand on parle de Belgique, \u00e7a l&rsquo;int\u00e9resse forc\u00e9ment.<\/p>\n<p>&nbsp;<\/p>\n<p><a rel=\"attachment wp-att-13752\" href=\"http:\/\/www.cinevox.be\/13744\/img_3844\/\"><img loading=\"lazy\" decoding=\"async\" class=\"aligncenter size-full wp-image-13752\" title=\"IMG_3844\" src=\"http:\/\/www.cinevox.be\/wp-content\/uploads\/sites\/2\/2012\/01\/IMG_3844.jpg\" alt=\"\" width=\"1024\" height=\"683\" srcset=\"https:\/\/welovecinema.be\/wp-content\/uploads\/sites\/2\/2012\/01\/IMG_3844.jpg 1024w, https:\/\/welovecinema.be\/wp-content\/uploads\/sites\/2\/2012\/01\/IMG_3844-404x270.jpg 404w, https:\/\/welovecinema.be\/wp-content\/uploads\/sites\/2\/2012\/01\/IMG_3844-800x533.jpg 800w\" sizes=\"auto, (max-width: 1024px) 100vw, 1024px\" \/><\/a><\/p>\n<p>Deux des paires de\u00a0lunettes\u00a0les\u00a0plus\u00a0fameuses du Royaume :\u00a0<strong>Philippe\u00a0Reynaert<\/strong>, pr\u00e9sentateur de Cin\u00e9 Station et directeur de Wallimage avec <strong>Philippe Geluck<\/strong>, papa du\u00a0plus\u00a0c\u00e9l\u00e8bre f\u00e9lid\u00e9 du pays. Cit\u00e9 dans le film, d&rsquo;ailleurs.<\/p>\n<p>&nbsp;<\/p>\n<p><a rel=\"attachment wp-att-13753\" href=\"http:\/\/www.cinevox.be\/13744\/img_3854\/\"><img loading=\"lazy\" decoding=\"async\" class=\"aligncenter size-full wp-image-13753\" title=\"IMG_3854\" src=\"http:\/\/www.cinevox.be\/wp-content\/uploads\/sites\/2\/2012\/01\/IMG_3854.jpg\" alt=\"\" width=\"1024\" height=\"683\" srcset=\"https:\/\/welovecinema.be\/wp-content\/uploads\/sites\/2\/2012\/01\/IMG_3854.jpg 1024w, https:\/\/welovecinema.be\/wp-content\/uploads\/sites\/2\/2012\/01\/IMG_3854-404x270.jpg 404w, https:\/\/welovecinema.be\/wp-content\/uploads\/sites\/2\/2012\/01\/IMG_3854-800x533.jpg 800w\" sizes=\"auto, (max-width: 1024px) 100vw, 1024px\" \/><\/a><\/p>\n<p>Madame Charlie Dupont elle -m\u00eame, <strong>Tania Garbarski<\/strong>, donc.<\/p>\n<p>&nbsp;<\/p>\n<p><a rel=\"attachment wp-att-13745\" href=\"http:\/\/www.cinevox.be\/13744\/img_3868\/\"><img loading=\"lazy\" decoding=\"async\" class=\"aligncenter size-full wp-image-13745\" title=\"IMG_3868\" src=\"http:\/\/www.cinevox.be\/wp-content\/uploads\/sites\/2\/2012\/01\/IMG_3868.jpg\" alt=\"\" width=\"1024\" height=\"549\" srcset=\"https:\/\/welovecinema.be\/wp-content\/uploads\/sites\/2\/2012\/01\/IMG_3868.jpg 1024w, https:\/\/welovecinema.be\/wp-content\/uploads\/sites\/2\/2012\/01\/IMG_3868-480x257.jpg 480w, https:\/\/welovecinema.be\/wp-content\/uploads\/sites\/2\/2012\/01\/IMG_3868-800x428.jpg 800w\" sizes=\"auto, (max-width: 1024px) 100vw, 1024px\" \/><\/a><\/p>\n<p><strong>Fabrice Delville<\/strong>,\u00a0Directeur g\u00e9n\u00e9ral de Scope Pictures pr\u00e9sente les protagonistes de la soir\u00e9e :\u00a0<strong>Christian Merret-Palmair<\/strong>, le r\u00e9alisateur,\u00a0<strong>Jean Luc Couchard<\/strong> et\u00a0<strong>Charlie Dupont<\/strong>, les acteurs belges les plus cultes du moment. Ce qui donne dans le d\u00e9tail :<\/p>\n<p>&nbsp;<\/p>\n<p><a rel=\"attachment wp-att-13777\" href=\"http:\/\/www.cinevox.be\/13744\/img_3899\/\"><img loading=\"lazy\" decoding=\"async\" class=\"aligncenter size-full wp-image-13777\" title=\"IMG_3899\" src=\"http:\/\/www.cinevox.be\/wp-content\/uploads\/sites\/2\/2012\/01\/IMG_3899.jpg\" alt=\"\" width=\"1024\" height=\"683\" srcset=\"https:\/\/welovecinema.be\/wp-content\/uploads\/sites\/2\/2012\/01\/IMG_3899.jpg 1024w, https:\/\/welovecinema.be\/wp-content\/uploads\/sites\/2\/2012\/01\/IMG_3899-404x270.jpg 404w, https:\/\/welovecinema.be\/wp-content\/uploads\/sites\/2\/2012\/01\/IMG_3899-800x533.jpg 800w\" sizes=\"auto, (max-width: 1024px) 100vw, 1024px\" \/><\/a><\/p>\n<p>&nbsp;<\/p>\n<p><a rel=\"attachment wp-att-13778\" href=\"http:\/\/www.cinevox.be\/13744\/img_3881\/\"><img loading=\"lazy\" decoding=\"async\" class=\"aligncenter size-full wp-image-13778\" title=\"IMG_3881\" src=\"http:\/\/www.cinevox.be\/wp-content\/uploads\/sites\/2\/2012\/01\/IMG_3881.jpg\" alt=\"\" width=\"1024\" height=\"699\" srcset=\"https:\/\/welovecinema.be\/wp-content\/uploads\/sites\/2\/2012\/01\/IMG_3881.jpg 1024w, https:\/\/welovecinema.be\/wp-content\/uploads\/sites\/2\/2012\/01\/IMG_3881-395x270.jpg 395w, https:\/\/welovecinema.be\/wp-content\/uploads\/sites\/2\/2012\/01\/IMG_3881-800x546.jpg 800w\" sizes=\"auto, (max-width: 1024px) 100vw, 1024px\" \/><\/a><\/p>\n<p>&nbsp;<\/p>\n<p><a rel=\"attachment wp-att-13779\" href=\"http:\/\/www.cinevox.be\/13744\/img_3893\/\"><img loading=\"lazy\" decoding=\"async\" class=\"aligncenter size-full wp-image-13779\" title=\"IMG_3893\" src=\"http:\/\/www.cinevox.be\/wp-content\/uploads\/sites\/2\/2012\/01\/IMG_3893.jpg\" alt=\"\" width=\"1024\" height=\"683\" srcset=\"https:\/\/welovecinema.be\/wp-content\/uploads\/sites\/2\/2012\/01\/IMG_3893.jpg 1024w, https:\/\/welovecinema.be\/wp-content\/uploads\/sites\/2\/2012\/01\/IMG_3893-404x270.jpg 404w, https:\/\/welovecinema.be\/wp-content\/uploads\/sites\/2\/2012\/01\/IMG_3893-800x533.jpg 800w\" sizes=\"auto, (max-width: 1024px) 100vw, 1024px\" \/><\/a><\/p>\n<p>&nbsp;<\/p>\n<p><a rel=\"attachment wp-att-13755\" href=\"http:\/\/www.cinevox.be\/13744\/img_3827\/\"><img loading=\"lazy\" decoding=\"async\" class=\"aligncenter size-full wp-image-13755\" title=\"IMG_3827\" src=\"http:\/\/www.cinevox.be\/wp-content\/uploads\/sites\/2\/2012\/01\/IMG_3827.jpg\" alt=\"\" width=\"1024\" height=\"683\" srcset=\"https:\/\/welovecinema.be\/wp-content\/uploads\/sites\/2\/2012\/01\/IMG_3827.jpg 1024w, https:\/\/welovecinema.be\/wp-content\/uploads\/sites\/2\/2012\/01\/IMG_3827-404x270.jpg 404w, https:\/\/welovecinema.be\/wp-content\/uploads\/sites\/2\/2012\/01\/IMG_3827-800x533.jpg 800w\" sizes=\"auto, (max-width: 1024px) 100vw, 1024px\" \/><\/a><\/p>\n<p>L&rsquo;homme aux\u00a0lunettes, c&rsquo;est <strong>David Hainaut<\/strong>, nouveau pr\u00e9sident de l&rsquo;union de la presse cin\u00e9matographique belge. Jeudi, il se fendra d&rsquo;une carte blanche sur notre site. Welcome, pr\u00e9sident ! A sa droite, <strong>Olivier Clinckart <\/strong>qui est lui le pr\u00e9sident de\u00a0l&rsquo;U.C.C. (Union de la Critique de Cin\u00e9ma). Et \u00a0\u00e0 gauche, <strong>Eric Larcin. <\/strong><\/p>\n<p>&nbsp;<\/p>\n<p><a rel=\"attachment wp-att-13756\" href=\"http:\/\/www.cinevox.be\/13744\/img_3910\/\"><img loading=\"lazy\" decoding=\"async\" class=\"aligncenter size-full wp-image-13756\" title=\"IMG_3910\" src=\"http:\/\/www.cinevox.be\/wp-content\/uploads\/sites\/2\/2012\/01\/IMG_3910.jpg\" alt=\"\" width=\"1024\" height=\"683\" srcset=\"https:\/\/welovecinema.be\/wp-content\/uploads\/sites\/2\/2012\/01\/IMG_3910.jpg 1024w, https:\/\/welovecinema.be\/wp-content\/uploads\/sites\/2\/2012\/01\/IMG_3910-404x270.jpg 404w, https:\/\/welovecinema.be\/wp-content\/uploads\/sites\/2\/2012\/01\/IMG_3910-800x533.jpg 800w\" sizes=\"auto, (max-width: 1024px) 100vw, 1024px\" \/><\/a><\/p>\n<p><strong>Benny B<\/strong>. au jus d&rsquo;orange. Mais oui&#8230;<\/p>\n<p>&nbsp;<\/p>\n<p><a rel=\"attachment wp-att-13774\" href=\"http:\/\/www.cinevox.be\/13744\/img_3908\/\"><img loading=\"lazy\" decoding=\"async\" class=\"aligncenter size-full wp-image-13774\" title=\"IMG_3908\" src=\"http:\/\/www.cinevox.be\/wp-content\/uploads\/sites\/2\/2012\/01\/IMG_3908.jpg\" alt=\"\" width=\"1024\" height=\"683\" srcset=\"https:\/\/welovecinema.be\/wp-content\/uploads\/sites\/2\/2012\/01\/IMG_3908.jpg 1024w, https:\/\/welovecinema.be\/wp-content\/uploads\/sites\/2\/2012\/01\/IMG_3908-404x270.jpg 404w, https:\/\/welovecinema.be\/wp-content\/uploads\/sites\/2\/2012\/01\/IMG_3908-800x533.jpg 800w\" sizes=\"auto, (max-width: 1024px) 100vw, 1024px\" \/><\/a>Et Voo, \u00e7a va? Non, j&rsquo;ai le bourdon.\u00a0<strong>Laurent D&rsquo;Elia<\/strong>, monsieur Garbarski&#8230; \u00e0 la t\u00e9l\u00e9 et <strong>Christophe Bourdon<\/strong> qui n&rsquo;est\u00a0pas\u00a0un pigeon.<\/p>\n<p>&nbsp;<\/p>\n<p><a rel=\"attachment wp-att-13758\" href=\"http:\/\/www.cinevox.be\/13744\/img_3914\/\"><img loading=\"lazy\" decoding=\"async\" class=\"aligncenter size-full wp-image-13758\" title=\"IMG_3914\" src=\"http:\/\/www.cinevox.be\/wp-content\/uploads\/sites\/2\/2012\/01\/IMG_3914.jpg\" alt=\"\" width=\"1024\" height=\"683\" srcset=\"https:\/\/welovecinema.be\/wp-content\/uploads\/sites\/2\/2012\/01\/IMG_3914.jpg 1024w, https:\/\/welovecinema.be\/wp-content\/uploads\/sites\/2\/2012\/01\/IMG_3914-404x270.jpg 404w, https:\/\/welovecinema.be\/wp-content\/uploads\/sites\/2\/2012\/01\/IMG_3914-800x533.jpg 800w\" sizes=\"auto, (max-width: 1024px) 100vw, 1024px\" \/><\/a><\/p>\n<p><strong>Bernard Yerles <\/strong>a le don d&rsquo;ubiquit\u00e9. Alors qu&rsquo;il d\u00e9couvrait <em>Il \u00e9tait une fois une fois<\/em>, il \u00e9tait aussi sur la Premi\u00e8re dans la s\u00e9rie <em>A Tort ou \u00e0 Raison .<\/em><\/p>\n<p>&nbsp;<\/p>\n<p><a rel=\"attachment wp-att-13759\" href=\"http:\/\/www.cinevox.be\/13744\/img_3915\/\"><img loading=\"lazy\" decoding=\"async\" class=\"aligncenter size-full wp-image-13759\" title=\"IMG_3915\" src=\"http:\/\/www.cinevox.be\/wp-content\/uploads\/sites\/2\/2012\/01\/IMG_3915.jpg\" alt=\"\" width=\"1024\" height=\"683\" srcset=\"https:\/\/welovecinema.be\/wp-content\/uploads\/sites\/2\/2012\/01\/IMG_3915.jpg 1024w, https:\/\/welovecinema.be\/wp-content\/uploads\/sites\/2\/2012\/01\/IMG_3915-404x270.jpg 404w, https:\/\/welovecinema.be\/wp-content\/uploads\/sites\/2\/2012\/01\/IMG_3915-800x533.jpg 800w\" sizes=\"auto, (max-width: 1024px) 100vw, 1024px\" \/><\/a><\/p>\n<p><strong>Charlie\u00a0<del>Winston <\/del> Dupont<\/strong> prend une le\u00e7on de culture avec\u00a0<strong>Eric Russon<\/strong>. Dis, Charlie, si tu continues \u00e0 ennuyer le monsieur, tu vas forc\u00e9ment en prendre une \ud83d\ude09<br \/>\nCe qui fait beaucoup rire <strong>Alain De Greef<\/strong> \u00e0 l&rsquo;arri\u00e8re plan.<\/p>\n<p>&nbsp;<\/p>\n<p><a rel=\"attachment wp-att-13760\" href=\"http:\/\/www.cinevox.be\/13744\/img_3839\/\"><img loading=\"lazy\" decoding=\"async\" class=\"aligncenter size-full wp-image-13760\" title=\"IMG_3839\" src=\"http:\/\/www.cinevox.be\/wp-content\/uploads\/sites\/2\/2012\/01\/IMG_3839.jpg\" alt=\"\" width=\"1024\" height=\"683\" srcset=\"https:\/\/welovecinema.be\/wp-content\/uploads\/sites\/2\/2012\/01\/IMG_3839.jpg 1024w, https:\/\/welovecinema.be\/wp-content\/uploads\/sites\/2\/2012\/01\/IMG_3839-404x270.jpg 404w, https:\/\/welovecinema.be\/wp-content\/uploads\/sites\/2\/2012\/01\/IMG_3839-800x533.jpg 800w\" sizes=\"auto, (max-width: 1024px) 100vw, 1024px\" \/><\/a><\/p>\n<p><strong>Scope Pictures<\/strong> coproduit le film en Belgique. Et la soci\u00e9t\u00e9 a le chic pour r\u00e9ussir les avant-premi\u00e8res sympathiques et choyer ses invit\u00e9s. Ici : <strong>Genevi\u00e8ve Lemal<\/strong> et\u00a0<strong>Alain-Gilles Viellevoye<\/strong>,\u00a0respectivement\u00a0Fondatrice &amp; Pr\u00e9sidente du Conseil d&rsquo;Administration et\u00a0Marketing &amp; Communications Manager.<\/p>\n<p>&nbsp;<\/p>\n<p><a rel=\"attachment wp-att-13761\" href=\"http:\/\/www.cinevox.be\/13744\/img_3925\/\"><img loading=\"lazy\" decoding=\"async\" class=\"aligncenter size-full wp-image-13761\" title=\"IMG_3925\" src=\"http:\/\/www.cinevox.be\/wp-content\/uploads\/sites\/2\/2012\/01\/IMG_3925.jpg\" alt=\"\" width=\"1024\" height=\"683\" srcset=\"https:\/\/welovecinema.be\/wp-content\/uploads\/sites\/2\/2012\/01\/IMG_3925.jpg 1024w, https:\/\/welovecinema.be\/wp-content\/uploads\/sites\/2\/2012\/01\/IMG_3925-404x270.jpg 404w, https:\/\/welovecinema.be\/wp-content\/uploads\/sites\/2\/2012\/01\/IMG_3925-800x533.jpg 800w\" sizes=\"auto, (max-width: 1024px) 100vw, 1024px\" \/><\/a><\/p>\n<p>Dans une salle derri\u00e8re le bar, Scope a install\u00e9 des PC. Objectif : faire enregistrer quelques phrases en belge par les BWB pr\u00e9sents \u00e0 la soir\u00e9e. Ici\u00a0<strong>Mourade Zeguendi,<\/strong> l&rsquo;homme des <em>Barons,<\/em> de <em>Taxi 4, Go Fast<\/em> ou <em>JCVD<\/em>. Notre <strong>Jamel<\/strong> \u00e0 nous, quoi&#8230;<\/p>\n<p>Le r\u00e9sultat de ces sessions est \u00e0 voir <a href=\"http:\/\/iletaitunefoisunefois.be\/galerie-video\" target=\"_blank\">ici<\/a>. D\u00e9lire assur\u00e9.<\/p>\n<p>&nbsp;<\/p>\n<p><a rel=\"attachment wp-att-13762\" href=\"http:\/\/www.cinevox.be\/13744\/img_3929\/\"><img loading=\"lazy\" decoding=\"async\" class=\"aligncenter size-full wp-image-13762\" title=\"IMG_3929\" src=\"http:\/\/www.cinevox.be\/wp-content\/uploads\/sites\/2\/2012\/01\/IMG_3929.jpg\" alt=\"\" width=\"1024\" height=\"683\" srcset=\"https:\/\/welovecinema.be\/wp-content\/uploads\/sites\/2\/2012\/01\/IMG_3929.jpg 1024w, https:\/\/welovecinema.be\/wp-content\/uploads\/sites\/2\/2012\/01\/IMG_3929-404x270.jpg 404w, https:\/\/welovecinema.be\/wp-content\/uploads\/sites\/2\/2012\/01\/IMG_3929-800x533.jpg 800w\" sizes=\"auto, (max-width: 1024px) 100vw, 1024px\" \/><\/a><\/p>\n<p><strong>St\u00e9phane Pauwels<\/strong> a lui aussi test\u00e9 son accent. Pas besoin de test ADN, on n&rsquo;a aucun doute sur sa belgitude<\/p>\n<p>&nbsp;<\/p>\n<p><a rel=\"attachment wp-att-13805\" href=\"http:\/\/www.cinevox.be\/13744\/img_3922-2\/\"><img loading=\"lazy\" decoding=\"async\" class=\"aligncenter size-full wp-image-13805\" title=\"IMG_3922\" src=\"http:\/\/www.cinevox.be\/wp-content\/uploads\/sites\/2\/2012\/01\/IMG_39221.jpg\" alt=\"\" width=\"1024\" height=\"683\" srcset=\"https:\/\/welovecinema.be\/wp-content\/uploads\/sites\/2\/2012\/01\/IMG_39221.jpg 1024w, https:\/\/welovecinema.be\/wp-content\/uploads\/sites\/2\/2012\/01\/IMG_39221-404x270.jpg 404w, https:\/\/welovecinema.be\/wp-content\/uploads\/sites\/2\/2012\/01\/IMG_39221-800x533.jpg 800w\" sizes=\"auto, (max-width: 1024px) 100vw, 1024px\" \/><\/a>Et au bout du compte? Belgium twelve points. On est peut-\u00eatre nuls \u00e0 l&rsquo;Eurovision et pas terribles au foot, mais on sait se marrer, \u00e7a c&rsquo;est s\u00fbr !<\/p>\n","protected":false},"excerpt":{"rendered":"<p>On a enfin d\u00e9couvert Il \u00e9tait une fois une fois. Il \u00e9tait temps. Voil\u00e0 pr\u00e8s d&rsquo;un an qu&rsquo;on a lu le sc\u00e9nario et qu&rsquo;on tr\u00e9pigne en attendant de voir ce qu&rsquo;en a fait \u00e0 l&rsquo;\u00e9cran Christian Merret-Palmair, le r\u00e9alisateur du mythique Les Portes de la Gloire. Un mois avant la sortie officielle, quelques\u00a0jours\u00a0avant la projection &hellip;<\/p>\n","protected":false},"author":7,"featured_media":13835,"comment_status":"closed","ping_status":"closed","sticky":false,"template":"","format":"standard","meta":{"ngg_post_thumbnail":0,"footnotes":""},"categories":[1923,7],"tags":[],"class_list":["post-13744","post","type-post","status-publish","format-standard","has-post-thumbnail","","category-en-bref","category-actualites"],"yoast_head":"<!-- This site is optimized with the Yoast SEO plugin v20.4 - https:\/\/yoast.com\/wordpress\/plugins\/seo\/ -->\n<title>Il \u00e9tait une fois une premi\u00e8re mondiale - We Love Cinema<\/title>\n<meta name=\"robots\" content=\"index, follow, max-snippet:-1, max-image-preview:large, max-video-preview:-1\" \/>\n<link rel=\"canonical\" href=\"https:\/\/welovecinema.be\/fr\/13744\/\" \/>\n<meta property=\"og:locale\" content=\"fr_FR\" \/>\n<meta property=\"og:type\" content=\"article\" \/>\n<meta property=\"og:title\" content=\"Il \u00e9tait une fois une premi\u00e8re mondiale - We Love Cinema\" \/>\n<meta property=\"og:description\" content=\"On a enfin d\u00e9couvert Il \u00e9tait une fois une fois. Il \u00e9tait temps. Voil\u00e0 pr\u00e8s d&rsquo;un an qu&rsquo;on a lu le sc\u00e9nario et qu&rsquo;on tr\u00e9pigne en attendant de voir ce qu&rsquo;en a fait \u00e0 l&rsquo;\u00e9cran Christian Merret-Palmair, le r\u00e9alisateur du mythique Les Portes de la Gloire. Un mois avant la sortie officielle, quelques\u00a0jours\u00a0avant la projection &hellip;\" \/>\n<meta property=\"og:url\" content=\"https:\/\/welovecinema.be\/fr\/13744\/\" \/>\n<meta property=\"og:site_name\" content=\"We Love Cinema\" \/>\n<meta property=\"article:publisher\" content=\"https:\/\/www.facebook.com\/welovecinema.be\" \/>\n<meta property=\"article:published_time\" content=\"2012-01-18T09:09:49+00:00\" \/>\n<meta property=\"article:modified_time\" content=\"2012-01-19T10:28:53+00:00\" \/>\n<meta property=\"og:image\" content=\"https:\/\/welovecinema.be\/wp-content\/uploads\/sites\/2\/2012\/01\/IMG_3876.jpg\" \/>\n\t<meta property=\"og:image:width\" content=\"1024\" \/>\n\t<meta property=\"og:image:height\" content=\"683\" \/>\n\t<meta property=\"og:image:type\" content=\"image\/jpeg\" \/>\n<meta name=\"author\" content=\"Philippe.Pierquin\" \/>\n<meta name=\"twitter:card\" content=\"summary_large_image\" \/>\n<meta name=\"twitter:label1\" content=\"\u00c9crit par\" \/>\n\t<meta name=\"twitter:data1\" content=\"Philippe.Pierquin\" \/>\n\t<meta name=\"twitter:label2\" content=\"Dur\u00e9e de lecture estim\u00e9e\" \/>\n\t<meta name=\"twitter:data2\" content=\"5 minutes\" \/>\n<script type=\"application\/ld+json\" class=\"yoast-schema-graph\">{\"@context\":\"https:\/\/schema.org\",\"@graph\":[{\"@type\":\"Article\",\"@id\":\"https:\/\/welovecinema.be\/fr\/13744\/#article\",\"isPartOf\":{\"@id\":\"https:\/\/welovecinema.be\/fr\/13744\/\"},\"author\":{\"name\":\"Philippe.Pierquin\",\"@id\":\"https:\/\/welovecinema.be\/nl\/#\/schema\/person\/4b9b1d857f0943453a38a7c2859ef756\"},\"headline\":\"Il \u00e9tait une fois une premi\u00e8re mondiale\",\"datePublished\":\"2012-01-18T09:09:49+00:00\",\"dateModified\":\"2012-01-19T10:28:53+00:00\",\"mainEntityOfPage\":{\"@id\":\"https:\/\/welovecinema.be\/fr\/13744\/\"},\"wordCount\":1016,\"publisher\":{\"@id\":\"https:\/\/welovecinema.be\/nl\/#organization\"},\"articleSection\":[\"En bref\",\"News\"],\"inLanguage\":\"fr-FR\"},{\"@type\":\"WebPage\",\"@id\":\"https:\/\/welovecinema.be\/fr\/13744\/\",\"url\":\"https:\/\/welovecinema.be\/fr\/13744\/\",\"name\":\"Il \u00e9tait une fois une premi\u00e8re mondiale - We Love Cinema\",\"isPartOf\":{\"@id\":\"https:\/\/welovecinema.be\/nl\/#website\"},\"datePublished\":\"2012-01-18T09:09:49+00:00\",\"dateModified\":\"2012-01-19T10:28:53+00:00\",\"breadcrumb\":{\"@id\":\"https:\/\/welovecinema.be\/fr\/13744\/#breadcrumb\"},\"inLanguage\":\"fr-FR\",\"potentialAction\":[{\"@type\":\"ReadAction\",\"target\":[\"https:\/\/welovecinema.be\/fr\/13744\/\"]}]},{\"@type\":\"BreadcrumbList\",\"@id\":\"https:\/\/welovecinema.be\/fr\/13744\/#breadcrumb\",\"itemListElement\":[{\"@type\":\"ListItem\",\"position\":1,\"name\":\"Accueil\",\"item\":\"https:\/\/welovecinema.be\/fr\/\"},{\"@type\":\"ListItem\",\"position\":2,\"name\":\"Il \u00e9tait une fois une premi\u00e8re mondiale\"}]},{\"@type\":\"WebSite\",\"@id\":\"https:\/\/welovecinema.be\/nl\/#website\",\"url\":\"https:\/\/welovecinema.be\/nl\/\",\"name\":\"We Love Cinema\",\"description\":\"Toute l\u2019information du cin\u00e9ma en Belgique\",\"publisher\":{\"@id\":\"https:\/\/welovecinema.be\/nl\/#organization\"},\"potentialAction\":[{\"@type\":\"SearchAction\",\"target\":{\"@type\":\"EntryPoint\",\"urlTemplate\":\"https:\/\/welovecinema.be\/nl\/?s={search_term_string}\"},\"query-input\":\"required name=search_term_string\"}],\"inLanguage\":\"fr-FR\"},{\"@type\":\"Organization\",\"@id\":\"https:\/\/welovecinema.be\/nl\/#organization\",\"name\":\"We Love Cinema\",\"url\":\"https:\/\/welovecinema.be\/nl\/\",\"logo\":{\"@type\":\"ImageObject\",\"inLanguage\":\"fr-FR\",\"@id\":\"https:\/\/welovecinema.be\/nl\/#\/schema\/logo\/image\/\",\"url\":\"https:\/\/welovecinema.be\/wp-content\/uploads\/sites\/2\/2023\/03\/Logo-We-Love-Cinema305x128.jpg\",\"contentUrl\":\"https:\/\/welovecinema.be\/wp-content\/uploads\/sites\/2\/2023\/03\/Logo-We-Love-Cinema305x128.jpg\",\"width\":305,\"height\":128,\"caption\":\"We Love Cinema\"},\"image\":{\"@id\":\"https:\/\/welovecinema.be\/nl\/#\/schema\/logo\/image\/\"},\"sameAs\":[\"https:\/\/www.facebook.com\/welovecinema.be\",\"https:\/\/www.youtube.com\/channel\/UCX5LYGVhnKvYauW4Nta4HJA\",\"https:\/\/www.instagram.com\/welovecinema.be\/\"]},{\"@type\":\"Person\",\"@id\":\"https:\/\/welovecinema.be\/nl\/#\/schema\/person\/4b9b1d857f0943453a38a7c2859ef756\",\"name\":\"Philippe.Pierquin\",\"url\":\"https:\/\/welovecinema.be\/fr\/author\/philippe-pierquin\/\"}]}<\/script>\n<!-- \/ Yoast SEO plugin. -->","yoast_head_json":{"title":"Il \u00e9tait une fois une premi\u00e8re mondiale - We Love Cinema","robots":{"index":"index","follow":"follow","max-snippet":"max-snippet:-1","max-image-preview":"max-image-preview:large","max-video-preview":"max-video-preview:-1"},"canonical":"https:\/\/welovecinema.be\/fr\/13744\/","og_locale":"fr_FR","og_type":"article","og_title":"Il \u00e9tait une fois une premi\u00e8re mondiale - We Love Cinema","og_description":"On a enfin d\u00e9couvert Il \u00e9tait une fois une fois. Il \u00e9tait temps. Voil\u00e0 pr\u00e8s d&rsquo;un an qu&rsquo;on a lu le sc\u00e9nario et qu&rsquo;on tr\u00e9pigne en attendant de voir ce qu&rsquo;en a fait \u00e0 l&rsquo;\u00e9cran Christian Merret-Palmair, le r\u00e9alisateur du mythique Les Portes de la Gloire. Un mois avant la sortie officielle, quelques\u00a0jours\u00a0avant la projection &hellip;","og_url":"https:\/\/welovecinema.be\/fr\/13744\/","og_site_name":"We Love Cinema","article_publisher":"https:\/\/www.facebook.com\/welovecinema.be","article_published_time":"2012-01-18T09:09:49+00:00","article_modified_time":"2012-01-19T10:28:53+00:00","og_image":[{"width":"1024","height":"683","url":"https:\/\/welovecinema.be\/wp-content\/uploads\/sites\/2\/2012\/01\/IMG_3876.jpg","type":"image\/jpeg"}],"author":"Philippe.Pierquin","twitter_card":"summary_large_image","twitter_misc":{"\u00c9crit par":"Philippe.Pierquin","Dur\u00e9e de lecture estim\u00e9e":"5 minutes"},"schema":{"@context":"https:\/\/schema.org","@graph":[{"@type":"Article","@id":"https:\/\/welovecinema.be\/fr\/13744\/#article","isPartOf":{"@id":"https:\/\/welovecinema.be\/fr\/13744\/"},"author":{"name":"Philippe.Pierquin","@id":"https:\/\/welovecinema.be\/nl\/#\/schema\/person\/4b9b1d857f0943453a38a7c2859ef756"},"headline":"Il \u00e9tait une fois une premi\u00e8re mondiale","datePublished":"2012-01-18T09:09:49+00:00","dateModified":"2012-01-19T10:28:53+00:00","mainEntityOfPage":{"@id":"https:\/\/welovecinema.be\/fr\/13744\/"},"wordCount":1016,"publisher":{"@id":"https:\/\/welovecinema.be\/nl\/#organization"},"articleSection":["En bref","News"],"inLanguage":"fr-FR"},{"@type":"WebPage","@id":"https:\/\/welovecinema.be\/fr\/13744\/","url":"https:\/\/welovecinema.be\/fr\/13744\/","name":"Il \u00e9tait une fois une premi\u00e8re mondiale - We Love Cinema","isPartOf":{"@id":"https:\/\/welovecinema.be\/nl\/#website"},"datePublished":"2012-01-18T09:09:49+00:00","dateModified":"2012-01-19T10:28:53+00:00","breadcrumb":{"@id":"https:\/\/welovecinema.be\/fr\/13744\/#breadcrumb"},"inLanguage":"fr-FR","potentialAction":[{"@type":"ReadAction","target":["https:\/\/welovecinema.be\/fr\/13744\/"]}]},{"@type":"BreadcrumbList","@id":"https:\/\/welovecinema.be\/fr\/13744\/#breadcrumb","itemListElement":[{"@type":"ListItem","position":1,"name":"Accueil","item":"https:\/\/welovecinema.be\/fr\/"},{"@type":"ListItem","position":2,"name":"Il \u00e9tait une fois une premi\u00e8re mondiale"}]},{"@type":"WebSite","@id":"https:\/\/welovecinema.be\/nl\/#website","url":"https:\/\/welovecinema.be\/nl\/","name":"We Love Cinema","description":"Toute l\u2019information du cin\u00e9ma en Belgique","publisher":{"@id":"https:\/\/welovecinema.be\/nl\/#organization"},"potentialAction":[{"@type":"SearchAction","target":{"@type":"EntryPoint","urlTemplate":"https:\/\/welovecinema.be\/nl\/?s={search_term_string}"},"query-input":"required name=search_term_string"}],"inLanguage":"fr-FR"},{"@type":"Organization","@id":"https:\/\/welovecinema.be\/nl\/#organization","name":"We Love Cinema","url":"https:\/\/welovecinema.be\/nl\/","logo":{"@type":"ImageObject","inLanguage":"fr-FR","@id":"https:\/\/welovecinema.be\/nl\/#\/schema\/logo\/image\/","url":"https:\/\/welovecinema.be\/wp-content\/uploads\/sites\/2\/2023\/03\/Logo-We-Love-Cinema305x128.jpg","contentUrl":"https:\/\/welovecinema.be\/wp-content\/uploads\/sites\/2\/2023\/03\/Logo-We-Love-Cinema305x128.jpg","width":305,"height":128,"caption":"We Love Cinema"},"image":{"@id":"https:\/\/welovecinema.be\/nl\/#\/schema\/logo\/image\/"},"sameAs":["https:\/\/www.facebook.com\/welovecinema.be","https:\/\/www.youtube.com\/channel\/UCX5LYGVhnKvYauW4Nta4HJA","https:\/\/www.instagram.com\/welovecinema.be\/"]},{"@type":"Person","@id":"https:\/\/welovecinema.be\/nl\/#\/schema\/person\/4b9b1d857f0943453a38a7c2859ef756","name":"Philippe.Pierquin","url":"https:\/\/welovecinema.be\/fr\/author\/philippe-pierquin\/"}]}},"_links":{"self":[{"href":"https:\/\/welovecinema.be\/fr\/wp-json\/wp\/v2\/posts\/13744","targetHints":{"allow":["GET"]}}],"collection":[{"href":"https:\/\/welovecinema.be\/fr\/wp-json\/wp\/v2\/posts"}],"about":[{"href":"https:\/\/welovecinema.be\/fr\/wp-json\/wp\/v2\/types\/post"}],"author":[{"embeddable":true,"href":"https:\/\/welovecinema.be\/fr\/wp-json\/wp\/v2\/users\/7"}],"replies":[{"embeddable":true,"href":"https:\/\/welovecinema.be\/fr\/wp-json\/wp\/v2\/comments?post=13744"}],"version-history":[{"count":0,"href":"https:\/\/welovecinema.be\/fr\/wp-json\/wp\/v2\/posts\/13744\/revisions"}],"wp:featuredmedia":[{"embeddable":true,"href":"https:\/\/welovecinema.be\/fr\/wp-json\/wp\/v2\/media\/13835"}],"wp:attachment":[{"href":"https:\/\/welovecinema.be\/fr\/wp-json\/wp\/v2\/media?parent=13744"}],"wp:term":[{"taxonomy":"category","embeddable":true,"href":"https:\/\/welovecinema.be\/fr\/wp-json\/wp\/v2\/categories?post=13744"},{"taxonomy":"post_tag","embeddable":true,"href":"https:\/\/welovecinema.be\/fr\/wp-json\/wp\/v2\/tags?post=13744"}],"curies":[{"name":"wp","href":"https:\/\/api.w.org\/{rel}","templated":true}]}}