{"id":13696,"date":"2012-01-19T09:28:32","date_gmt":"2012-01-19T09:28:32","guid":{"rendered":"http:\/\/www.cinevox.be\/?p=13696"},"modified":"2012-01-19T12:06:02","modified_gmt":"2012-01-19T12:06:02","slug":"david-hainaut-nouveau-president-de-lupcb","status":"publish","type":"post","link":"https:\/\/welovecinema.be\/fr\/david-hainaut-nouveau-president-de-lupcb\/","title":{"rendered":"David Hainaut : nouveau pr\u00e9sident de l&rsquo;UPCB"},"content":{"rendered":"<p>Ce jeudi 12 janvier s\u2019est tenue \u00e0 Bruxelles l\u2019Assembl\u00e9e G\u00e9n\u00e9rale de l\u2019Union de la Presse Cin\u00e9matographique Belge (UPCB). L\u2019organisme, qui existe en Belgique depuis 1925, regroupe une centaine de journalistes et de r\u00e9dacteurs ayant un lien \u00e9troit avec le cin\u00e9ma.<\/p>\n<p>Les membres ont d\u00e9sign\u00e9 le successeur de St\u00e9phane Fefer, au terme de son mandat de cinq ans. Il s\u2019agit de <strong>David Hainaut<\/strong>, un journaliste de 32 ans sp\u00e9cialis\u00e9 dans le domaine depuis 5 ans, et qui \u0153uvre ind\u00e9pendamment pour plusieurs m\u00e9dias <em>(Be TV, Cinergie, La Tribune de Bruxelles, Le Soir <\/em>et <em>Moustique<\/em>, entre autres).<\/p>\n<p>L&rsquo;occasion pour nous d&rsquo;ouvrir notre site \u00e0 ce sympathique journaliste fort talentueux qui signe ici la premi\u00e8re carte blanche de <a href=\"http:\/\/www.cinevox.be\/?p=1032\" target=\"_blank\">Cinevox <\/a>r\u00e9dig\u00e9e par un professionnel ext\u00e9rieur \u00e0 l&rsquo;\u00e9quipe.<\/p>\n<p>&nbsp;<\/p>\n<p><!--more--><\/p>\n<p>&nbsp;<\/p>\n<p><em>\u00ab\u00a0Davantage qu\u2019un simple titre honorifique, cette pr\u00e9sidence me permet d\u2019acc\u00e9der \u00e0 un poste repr\u00e9sentatif d\u2019un noble art. J\u2019ai envie de d\u00e9fendre une profession qui m\u2019est ch\u00e8re, tout en essayant de partager ma passion pour le cin\u00e9ma. Une passion cultiv\u00e9e ces derni\u00e8res ann\u00e9es lors de mes reportages sur les tournages, pendant mes centaines d\u2019entretiens ou encore, durant la couverture de festivals. <\/em><\/p>\n<p><em>Il me sera \u00e9videmment impossible d\u2019agir seul. Mon r\u00f4le va donc d\u2019\u00eatre d\u2019essayer de f\u00e9d\u00e9rer des professionnels autour d\u2019un art n\u00e9 pour toucher le plus large public. L\u2019un des d\u00e9fis de l\u2019UPCB sera de continuer \u00e0 faire mieux conna\u00eetre le cin\u00e9ma, belge notamment. Notre cin\u00e9ma, qu\u2019il soit flamand ou francophone, est continuellement salu\u00e9 dans le monde entier, et g\u00e9n\u00e8re probablement le vivier de talents le plus large pour un territoire aussi restreint que le n\u00f4tre. Nous devons plus que jamais en avoir conscience.<\/em><\/p>\n<p><em>En ce sens, toute initiative m\u00e9diatique, qu\u2019elle \u00e9mane des grands m\u00e9dias traditionnels et neutres que nous connaissons tous, &#8211; mais \u00e9galement des diff\u00e9rents supports num\u00e9riques, aussi diff\u00e9rents soient-ils (Cinenews, Cinergie, Cinevox, Univercin\u00e9\u2026) est extr\u00eamement capitale pour contribuer \u00e0 faire \u00e9voluer les mentalit\u00e9s.<\/em><\/p>\n<p><em>L\u2019arriv\u00e9e aussi, d\u2019une grande r\u00e9compense cin\u00e9matographique en F\u00e9d\u00e9ration Wallonie-Bruxelles &#8211; Les Magritte -, dont la c\u00e9r\u00e9monie sera diffus\u00e9e dans le monde entier gr\u00e2ce \u00e0 TV5 \u2013 soit un potentiel de 200 millions de foyers \u2013 est pour moi primordiale. Selon une r\u00e9cente enqu\u00eate, 70% des Belges francophones ont d\u00e9j\u00e0 entendu parler des Magritte et les professionnels \u00e9trangers nous questionnent continuellement sur l\u2019\u00e9v\u00e8nement. Il faut dire que la qualit\u00e9 du plateau des deux premi\u00e8res \u00e9ditions \u2013 dont la prochaine se tiendra le 4 f\u00e9vrier &#8211; n\u2019a rien \u00e0 envier \u00e0 certaines \u00e9ditions des C\u00e9sars.<\/em><\/p>\n<p><em>Bref, l\u2019UPCB et ses membres esp\u00e8rent donc jouer un r\u00f4le aussi pr\u00e9pond\u00e9rant qu\u2019actif dans cette \u00e8re nouvelle, liant au\u00a0plus\u00a0pr\u00e8s m\u00e9dias et publics. Une collaboration \u00e9troite entre professionnels qui, esp\u00e9rons-le, fera na\u00eetre bien de nouvelles passions pour le 7<sup>\u00e8me<\/sup> art!<\/em><\/p>\n<p>David Hainaut, Pr\u00e9sident de l\u2019Union de la Presse Cin\u00e9matographique Belge (UPCB)<em> <\/em><a href=\"mailto:Hainaut.David@gmail.com\">Hainaut.David@gmail.com<\/a> <em> <\/em><\/p>\n","protected":false},"excerpt":{"rendered":"<p>Ce jeudi 12 janvier s\u2019est tenue \u00e0 Bruxelles l\u2019Assembl\u00e9e G\u00e9n\u00e9rale de l\u2019Union de la Presse Cin\u00e9matographique Belge (UPCB). L\u2019organisme, qui existe en Belgique depuis 1925, regroupe une centaine de journalistes et de r\u00e9dacteurs ayant un lien \u00e9troit avec le cin\u00e9ma. Les membres ont d\u00e9sign\u00e9 le successeur de St\u00e9phane Fefer, au terme de son mandat de &hellip;<\/p>\n","protected":false},"author":7,"featured_media":13701,"comment_status":"closed","ping_status":"closed","sticky":false,"template":"","format":"standard","meta":{"ngg_post_thumbnail":0,"footnotes":""},"categories":[1923],"tags":[],"class_list":["post-13696","post","type-post","status-publish","format-standard","has-post-thumbnail","","category-en-bref"],"yoast_head":"<!-- This site is optimized with the Yoast SEO plugin v20.4 - https:\/\/yoast.com\/wordpress\/plugins\/seo\/ -->\n<title>David Hainaut : nouveau pr\u00e9sident de l&#039;UPCB - We Love Cinema<\/title>\n<meta name=\"robots\" content=\"index, follow, max-snippet:-1, max-image-preview:large, max-video-preview:-1\" \/>\n<link rel=\"canonical\" href=\"https:\/\/welovecinema.be\/fr\/david-hainaut-nouveau-president-de-lupcb\/\" \/>\n<meta property=\"og:locale\" content=\"fr_FR\" \/>\n<meta property=\"og:type\" content=\"article\" \/>\n<meta property=\"og:title\" content=\"David Hainaut : nouveau pr\u00e9sident de l&#039;UPCB - We Love Cinema\" \/>\n<meta property=\"og:description\" content=\"Ce jeudi 12 janvier s\u2019est tenue \u00e0 Bruxelles l\u2019Assembl\u00e9e G\u00e9n\u00e9rale de l\u2019Union de la Presse Cin\u00e9matographique Belge (UPCB). L\u2019organisme, qui existe en Belgique depuis 1925, regroupe une centaine de journalistes et de r\u00e9dacteurs ayant un lien \u00e9troit avec le cin\u00e9ma. Les membres ont d\u00e9sign\u00e9 le successeur de St\u00e9phane Fefer, au terme de son mandat de &hellip;\" \/>\n<meta property=\"og:url\" content=\"https:\/\/welovecinema.be\/fr\/david-hainaut-nouveau-president-de-lupcb\/\" \/>\n<meta property=\"og:site_name\" content=\"We Love Cinema\" \/>\n<meta property=\"article:publisher\" content=\"https:\/\/www.facebook.com\/welovecinema.be\" \/>\n<meta property=\"article:published_time\" content=\"2012-01-19T09:28:32+00:00\" \/>\n<meta property=\"article:modified_time\" content=\"2012-01-19T12:06:02+00:00\" \/>\n<meta property=\"og:image\" content=\"https:\/\/welovecinema.be\/wp-content\/uploads\/sites\/2\/2012\/01\/BER_0346b.jpg\" \/>\n\t<meta property=\"og:image:width\" content=\"1181\" \/>\n\t<meta property=\"og:image:height\" content=\"1082\" \/>\n\t<meta property=\"og:image:type\" content=\"image\/jpeg\" \/>\n<meta name=\"author\" content=\"Philippe.Pierquin\" \/>\n<meta name=\"twitter:card\" content=\"summary_large_image\" \/>\n<meta name=\"twitter:label1\" content=\"\u00c9crit par\" \/>\n\t<meta name=\"twitter:data1\" content=\"Philippe.Pierquin\" \/>\n\t<meta name=\"twitter:label2\" content=\"Dur\u00e9e de lecture estim\u00e9e\" \/>\n\t<meta name=\"twitter:data2\" content=\"3 minutes\" \/>\n<script type=\"application\/ld+json\" class=\"yoast-schema-graph\">{\"@context\":\"https:\/\/schema.org\",\"@graph\":[{\"@type\":\"Article\",\"@id\":\"https:\/\/welovecinema.be\/fr\/david-hainaut-nouveau-president-de-lupcb\/#article\",\"isPartOf\":{\"@id\":\"https:\/\/welovecinema.be\/fr\/david-hainaut-nouveau-president-de-lupcb\/\"},\"author\":{\"name\":\"Philippe.Pierquin\",\"@id\":\"https:\/\/welovecinema.be\/nl\/#\/schema\/person\/4b9b1d857f0943453a38a7c2859ef756\"},\"headline\":\"David Hainaut : nouveau pr\u00e9sident de l&rsquo;UPCB\",\"datePublished\":\"2012-01-19T09:28:32+00:00\",\"dateModified\":\"2012-01-19T12:06:02+00:00\",\"mainEntityOfPage\":{\"@id\":\"https:\/\/welovecinema.be\/fr\/david-hainaut-nouveau-president-de-lupcb\/\"},\"wordCount\":543,\"publisher\":{\"@id\":\"https:\/\/welovecinema.be\/nl\/#organization\"},\"articleSection\":[\"En bref\"],\"inLanguage\":\"fr-FR\"},{\"@type\":\"WebPage\",\"@id\":\"https:\/\/welovecinema.be\/fr\/david-hainaut-nouveau-president-de-lupcb\/\",\"url\":\"https:\/\/welovecinema.be\/fr\/david-hainaut-nouveau-president-de-lupcb\/\",\"name\":\"David Hainaut : nouveau pr\u00e9sident de l'UPCB - We Love Cinema\",\"isPartOf\":{\"@id\":\"https:\/\/welovecinema.be\/nl\/#website\"},\"datePublished\":\"2012-01-19T09:28:32+00:00\",\"dateModified\":\"2012-01-19T12:06:02+00:00\",\"breadcrumb\":{\"@id\":\"https:\/\/welovecinema.be\/fr\/david-hainaut-nouveau-president-de-lupcb\/#breadcrumb\"},\"inLanguage\":\"fr-FR\",\"potentialAction\":[{\"@type\":\"ReadAction\",\"target\":[\"https:\/\/welovecinema.be\/fr\/david-hainaut-nouveau-president-de-lupcb\/\"]}]},{\"@type\":\"BreadcrumbList\",\"@id\":\"https:\/\/welovecinema.be\/fr\/david-hainaut-nouveau-president-de-lupcb\/#breadcrumb\",\"itemListElement\":[{\"@type\":\"ListItem\",\"position\":1,\"name\":\"Accueil\",\"item\":\"https:\/\/welovecinema.be\/fr\/\"},{\"@type\":\"ListItem\",\"position\":2,\"name\":\"David Hainaut : nouveau pr\u00e9sident de l&rsquo;UPCB\"}]},{\"@type\":\"WebSite\",\"@id\":\"https:\/\/welovecinema.be\/nl\/#website\",\"url\":\"https:\/\/welovecinema.be\/nl\/\",\"name\":\"We Love Cinema\",\"description\":\"Toute l\u2019information du cin\u00e9ma en Belgique\",\"publisher\":{\"@id\":\"https:\/\/welovecinema.be\/nl\/#organization\"},\"potentialAction\":[{\"@type\":\"SearchAction\",\"target\":{\"@type\":\"EntryPoint\",\"urlTemplate\":\"https:\/\/welovecinema.be\/nl\/?s={search_term_string}\"},\"query-input\":\"required name=search_term_string\"}],\"inLanguage\":\"fr-FR\"},{\"@type\":\"Organization\",\"@id\":\"https:\/\/welovecinema.be\/nl\/#organization\",\"name\":\"We Love Cinema\",\"url\":\"https:\/\/welovecinema.be\/nl\/\",\"logo\":{\"@type\":\"ImageObject\",\"inLanguage\":\"fr-FR\",\"@id\":\"https:\/\/welovecinema.be\/nl\/#\/schema\/logo\/image\/\",\"url\":\"https:\/\/welovecinema.be\/wp-content\/uploads\/sites\/2\/2023\/03\/Logo-We-Love-Cinema305x128.jpg\",\"contentUrl\":\"https:\/\/welovecinema.be\/wp-content\/uploads\/sites\/2\/2023\/03\/Logo-We-Love-Cinema305x128.jpg\",\"width\":305,\"height\":128,\"caption\":\"We Love Cinema\"},\"image\":{\"@id\":\"https:\/\/welovecinema.be\/nl\/#\/schema\/logo\/image\/\"},\"sameAs\":[\"https:\/\/www.facebook.com\/welovecinema.be\",\"https:\/\/www.youtube.com\/channel\/UCX5LYGVhnKvYauW4Nta4HJA\",\"https:\/\/www.instagram.com\/welovecinema.be\/\"]},{\"@type\":\"Person\",\"@id\":\"https:\/\/welovecinema.be\/nl\/#\/schema\/person\/4b9b1d857f0943453a38a7c2859ef756\",\"name\":\"Philippe.Pierquin\",\"url\":\"https:\/\/welovecinema.be\/fr\/author\/philippe-pierquin\/\"}]}<\/script>\n<!-- \/ Yoast SEO plugin. -->","yoast_head_json":{"title":"David Hainaut : nouveau pr\u00e9sident de l'UPCB - We Love Cinema","robots":{"index":"index","follow":"follow","max-snippet":"max-snippet:-1","max-image-preview":"max-image-preview:large","max-video-preview":"max-video-preview:-1"},"canonical":"https:\/\/welovecinema.be\/fr\/david-hainaut-nouveau-president-de-lupcb\/","og_locale":"fr_FR","og_type":"article","og_title":"David Hainaut : nouveau pr\u00e9sident de l'UPCB - We Love Cinema","og_description":"Ce jeudi 12 janvier s\u2019est tenue \u00e0 Bruxelles l\u2019Assembl\u00e9e G\u00e9n\u00e9rale de l\u2019Union de la Presse Cin\u00e9matographique Belge (UPCB). L\u2019organisme, qui existe en Belgique depuis 1925, regroupe une centaine de journalistes et de r\u00e9dacteurs ayant un lien \u00e9troit avec le cin\u00e9ma. Les membres ont d\u00e9sign\u00e9 le successeur de St\u00e9phane Fefer, au terme de son mandat de &hellip;","og_url":"https:\/\/welovecinema.be\/fr\/david-hainaut-nouveau-president-de-lupcb\/","og_site_name":"We Love Cinema","article_publisher":"https:\/\/www.facebook.com\/welovecinema.be","article_published_time":"2012-01-19T09:28:32+00:00","article_modified_time":"2012-01-19T12:06:02+00:00","og_image":[{"width":"1181","height":"1082","url":"https:\/\/welovecinema.be\/wp-content\/uploads\/sites\/2\/2012\/01\/BER_0346b.jpg","type":"image\/jpeg"}],"author":"Philippe.Pierquin","twitter_card":"summary_large_image","twitter_misc":{"\u00c9crit par":"Philippe.Pierquin","Dur\u00e9e de lecture estim\u00e9e":"3 minutes"},"schema":{"@context":"https:\/\/schema.org","@graph":[{"@type":"Article","@id":"https:\/\/welovecinema.be\/fr\/david-hainaut-nouveau-president-de-lupcb\/#article","isPartOf":{"@id":"https:\/\/welovecinema.be\/fr\/david-hainaut-nouveau-president-de-lupcb\/"},"author":{"name":"Philippe.Pierquin","@id":"https:\/\/welovecinema.be\/nl\/#\/schema\/person\/4b9b1d857f0943453a38a7c2859ef756"},"headline":"David Hainaut : nouveau pr\u00e9sident de l&rsquo;UPCB","datePublished":"2012-01-19T09:28:32+00:00","dateModified":"2012-01-19T12:06:02+00:00","mainEntityOfPage":{"@id":"https:\/\/welovecinema.be\/fr\/david-hainaut-nouveau-president-de-lupcb\/"},"wordCount":543,"publisher":{"@id":"https:\/\/welovecinema.be\/nl\/#organization"},"articleSection":["En bref"],"inLanguage":"fr-FR"},{"@type":"WebPage","@id":"https:\/\/welovecinema.be\/fr\/david-hainaut-nouveau-president-de-lupcb\/","url":"https:\/\/welovecinema.be\/fr\/david-hainaut-nouveau-president-de-lupcb\/","name":"David Hainaut : nouveau pr\u00e9sident de l'UPCB - We Love Cinema","isPartOf":{"@id":"https:\/\/welovecinema.be\/nl\/#website"},"datePublished":"2012-01-19T09:28:32+00:00","dateModified":"2012-01-19T12:06:02+00:00","breadcrumb":{"@id":"https:\/\/welovecinema.be\/fr\/david-hainaut-nouveau-president-de-lupcb\/#breadcrumb"},"inLanguage":"fr-FR","potentialAction":[{"@type":"ReadAction","target":["https:\/\/welovecinema.be\/fr\/david-hainaut-nouveau-president-de-lupcb\/"]}]},{"@type":"BreadcrumbList","@id":"https:\/\/welovecinema.be\/fr\/david-hainaut-nouveau-president-de-lupcb\/#breadcrumb","itemListElement":[{"@type":"ListItem","position":1,"name":"Accueil","item":"https:\/\/welovecinema.be\/fr\/"},{"@type":"ListItem","position":2,"name":"David Hainaut : nouveau pr\u00e9sident de l&rsquo;UPCB"}]},{"@type":"WebSite","@id":"https:\/\/welovecinema.be\/nl\/#website","url":"https:\/\/welovecinema.be\/nl\/","name":"We Love Cinema","description":"Toute l\u2019information du cin\u00e9ma en Belgique","publisher":{"@id":"https:\/\/welovecinema.be\/nl\/#organization"},"potentialAction":[{"@type":"SearchAction","target":{"@type":"EntryPoint","urlTemplate":"https:\/\/welovecinema.be\/nl\/?s={search_term_string}"},"query-input":"required name=search_term_string"}],"inLanguage":"fr-FR"},{"@type":"Organization","@id":"https:\/\/welovecinema.be\/nl\/#organization","name":"We Love Cinema","url":"https:\/\/welovecinema.be\/nl\/","logo":{"@type":"ImageObject","inLanguage":"fr-FR","@id":"https:\/\/welovecinema.be\/nl\/#\/schema\/logo\/image\/","url":"https:\/\/welovecinema.be\/wp-content\/uploads\/sites\/2\/2023\/03\/Logo-We-Love-Cinema305x128.jpg","contentUrl":"https:\/\/welovecinema.be\/wp-content\/uploads\/sites\/2\/2023\/03\/Logo-We-Love-Cinema305x128.jpg","width":305,"height":128,"caption":"We Love Cinema"},"image":{"@id":"https:\/\/welovecinema.be\/nl\/#\/schema\/logo\/image\/"},"sameAs":["https:\/\/www.facebook.com\/welovecinema.be","https:\/\/www.youtube.com\/channel\/UCX5LYGVhnKvYauW4Nta4HJA","https:\/\/www.instagram.com\/welovecinema.be\/"]},{"@type":"Person","@id":"https:\/\/welovecinema.be\/nl\/#\/schema\/person\/4b9b1d857f0943453a38a7c2859ef756","name":"Philippe.Pierquin","url":"https:\/\/welovecinema.be\/fr\/author\/philippe-pierquin\/"}]}},"_links":{"self":[{"href":"https:\/\/welovecinema.be\/fr\/wp-json\/wp\/v2\/posts\/13696","targetHints":{"allow":["GET"]}}],"collection":[{"href":"https:\/\/welovecinema.be\/fr\/wp-json\/wp\/v2\/posts"}],"about":[{"href":"https:\/\/welovecinema.be\/fr\/wp-json\/wp\/v2\/types\/post"}],"author":[{"embeddable":true,"href":"https:\/\/welovecinema.be\/fr\/wp-json\/wp\/v2\/users\/7"}],"replies":[{"embeddable":true,"href":"https:\/\/welovecinema.be\/fr\/wp-json\/wp\/v2\/comments?post=13696"}],"version-history":[{"count":0,"href":"https:\/\/welovecinema.be\/fr\/wp-json\/wp\/v2\/posts\/13696\/revisions"}],"wp:featuredmedia":[{"embeddable":true,"href":"https:\/\/welovecinema.be\/fr\/wp-json\/wp\/v2\/media\/13701"}],"wp:attachment":[{"href":"https:\/\/welovecinema.be\/fr\/wp-json\/wp\/v2\/media?parent=13696"}],"wp:term":[{"taxonomy":"category","embeddable":true,"href":"https:\/\/welovecinema.be\/fr\/wp-json\/wp\/v2\/categories?post=13696"},{"taxonomy":"post_tag","embeddable":true,"href":"https:\/\/welovecinema.be\/fr\/wp-json\/wp\/v2\/tags?post=13696"}],"curies":[{"name":"wp","href":"https:\/\/api.w.org\/{rel}","templated":true}]}}