{"id":13652,"date":"2012-01-16T10:13:28","date_gmt":"2012-01-16T10:13:28","guid":{"rendered":"http:\/\/www.cinevox.be\/?p=13652"},"modified":"2012-01-16T10:54:35","modified_gmt":"2012-01-16T10:54:35","slug":"ramdam-ca-va-faire-du-bruit","status":"publish","type":"post","link":"https:\/\/welovecinema.be\/fr\/ramdam-ca-va-faire-du-bruit\/","title":{"rendered":"Ramdam, \u00e7a va faire du bruit"},"content":{"rendered":"<p>\u00a0\u00bb Une des fonctions de l&rsquo;artiste est de montrer le monde tel qu&rsquo;on n&rsquo;a pas encore su le regarder. Godard, Bunuel, Ferreri, Pasolini, Boisset, Kubrick, Stone, Autant-Lara&#8230; : certains \u00eatres sont n\u00e9s avec du scandale dans les veines. Le moindre de leur geste laisse de grandes traces sanglantes sur les palissades virtuelles qui repoussent nos interdits&#8230; Ces films qui d\u00e9rangent ont une vertu. En critiquant, en attaquant, en choquant, en blessant, en ridiculisant, en touchant o\u00f9 \u00e7a fait mal, ils ouvrent un d\u00e9bat sur des probl\u00e8mes souvent fondamentaux, ils remettent en cause des certitudes tenues par certains comme in\u00e9branlables ou intangibles. \u00a0\u00bb<\/p>\n<p>Cet extrait de \u00a0\u00bb 50 films qui ont fait scandale \u00ab\u00a0, de Alain Riou et G\u00e9rard Camy, Cin\u00e9m&rsquo;action, repris sur leur site internet par les organisateurs RAMDAM, le festival du film qui d\u00e9range, d\u00e9finit clairement les lignes de force de leur manifestation. Pendant une semaine, dans la cit\u00e9 aux cinq clochers, le cin\u00e9ma va vous faire Tournai la t\u00eate. Du 17 au 24 janvier. \u00c0 Imagix, Tournai.<\/p>\n<p><!--more--><\/p>\n<p>&nbsp;<\/p>\n<p><a rel=\"attachment wp-att-13656\" href=\"http:\/\/www.cinevox.be\/ramdam-ca-va-faire-du-bruit\/lubna-azabal-incendies\/\"><img loading=\"lazy\" decoding=\"async\" class=\"alignright size-large wp-image-13656\" title=\"lubna azabal incendies\" src=\"http:\/\/www.cinevox.be\/wp-content\/uploads\/sites\/2\/2012\/01\/lubna-azabal-incendies-800x451.jpg\" alt=\"\" width=\"512\" height=\"288\" srcset=\"https:\/\/welovecinema.be\/wp-content\/uploads\/sites\/2\/2012\/01\/lubna-azabal-incendies-800x451.jpg 800w, https:\/\/welovecinema.be\/wp-content\/uploads\/sites\/2\/2012\/01\/lubna-azabal-incendies-200x113.jpg 200w, https:\/\/welovecinema.be\/wp-content\/uploads\/sites\/2\/2012\/01\/lubna-azabal-incendies-478x270.jpg 478w, https:\/\/welovecinema.be\/wp-content\/uploads\/sites\/2\/2012\/01\/lubna-azabal-incendies-480x270.jpg 480w, https:\/\/welovecinema.be\/wp-content\/uploads\/sites\/2\/2012\/01\/lubna-azabal-incendies-300x169.jpg 300w, https:\/\/welovecinema.be\/wp-content\/uploads\/sites\/2\/2012\/01\/lubna-azabal-incendies-620x350.jpg 620w, https:\/\/welovecinema.be\/wp-content\/uploads\/sites\/2\/2012\/01\/lubna-azabal-incendies.jpg 1771w\" sizes=\"auto, (max-width: 512px) 100vw, 512px\" \/><\/a>Lanc\u00e9 en janvier 2011, RAMDAM, le festival du film qui d\u00e9range, a \u00e9t\u00e9 plac\u00e9 sous la bonne \u00e9toile de sa premi\u00e8re marraine, l&rsquo;actrice belge <strong>Lubna Azabal<\/strong>, venue y pr\u00e9senter \u00ab\u00a0Incendies\u00a0\u00bb, de Gilles\u00a0 Villeneuve (prix Lumi\u00e8res du meilleur film francophone ce vendredi \u00e0 Paris). L&rsquo;id\u00e9e de cr\u00e9er un rendez-vous cin\u00e9matographique majeur \u00e0 Tournai, n\u00e9e d&rsquo;une r\u00e9flexion collective entre divers moteurs culturels de la ville, venait de se concr\u00e9tiser.<\/p>\n<p>&nbsp;<\/p>\n<p>Comme l&rsquo;an dernier, la deuxi\u00e8me \u00e9dition de cette manifestation propose une programmation r\u00e9partie en trois cat\u00e9gories : fiction, documentaire et r\u00e9trospective. Dans <a rel=\"attachment wp-att-13657\" href=\"http:\/\/www.cinevox.be\/ramdam-ca-va-faire-du-bruit\/tot-altijd-3\/\"><img loading=\"lazy\" decoding=\"async\" class=\"alignleft size-medium wp-image-13657\" title=\"tot altijd\" src=\"http:\/\/www.cinevox.be\/wp-content\/uploads\/sites\/2\/2012\/01\/tot-altijd-480x270.jpg\" alt=\"\" width=\"480\" height=\"270\" srcset=\"https:\/\/welovecinema.be\/wp-content\/uploads\/sites\/2\/2012\/01\/tot-altijd-480x270.jpg 480w, https:\/\/welovecinema.be\/wp-content\/uploads\/sites\/2\/2012\/01\/tot-altijd-200x113.jpg 200w, https:\/\/welovecinema.be\/wp-content\/uploads\/sites\/2\/2012\/01\/tot-altijd-800x450.jpg 800w, https:\/\/welovecinema.be\/wp-content\/uploads\/sites\/2\/2012\/01\/tot-altijd-300x169.jpg 300w, https:\/\/welovecinema.be\/wp-content\/uploads\/sites\/2\/2012\/01\/tot-altijd-620x350.jpg 620w, https:\/\/welovecinema.be\/wp-content\/uploads\/sites\/2\/2012\/01\/tot-altijd.jpg 1920w\" sizes=\"auto, (max-width: 480px) 100vw, 480px\" \/><\/a>chaque section, le public r\u00e9compense les films les plus d\u00e9rangeants. Des avant-premi\u00e8res figurent au menu du RAMDAM mais uniquement des films qui m\u00e9ritent le label RAMDAM. En 2011, <em>Incendies, Biutiful, Die Fremde<\/em> et <strong><em>Hasta la Vista <\/em><\/strong>en \u00e9taient. Cette ann\u00e9e, on y verra notamment le tr\u00e8s attendu <em>Sleeping Beauty, Detachment, Tyrannosaur<\/em> et le belge <em>Tot Altijd <\/em>dont nous vous parlerons assez longuement demain. Nous offrirons d&rsquo;ailleurs des tickets pour cet \u00e9lectrochoc que beaucoup pointent comme l&rsquo;\u00e9v\u00e8nement 2012 du cin\u00e9ma flamand. On est \u00e9videmment 100% d&rsquo;accord avec eux. La soir\u00e9e est d&rsquo;autant plus int\u00e9ressante qu&rsquo;il sera ensuite assez difficile de voir le film en Wallonie et que <strong>Nic Balthazar<\/strong>, son formidable r\u00e9alisateur sera pr\u00e9sent \u00e0 Tournai, lundi 23 \u00e0 20h15.<\/p>\n<p>&nbsp;<\/p>\n<p>En 2012, un jury remettra le prix de la presse dans la cat\u00e9gorie documentaire. <em>Armadillo<\/em>, <a rel=\"attachment wp-att-13658\" href=\"http:\/\/www.cinevox.be\/ramdam-ca-va-faire-du-bruit\/chebeya\/\"><img loading=\"lazy\" decoding=\"async\" class=\"alignright size-medium wp-image-13658\" title=\"chebeya\" src=\"http:\/\/www.cinevox.be\/wp-content\/uploads\/sites\/2\/2012\/01\/chebeya-351x270.png\" alt=\"\" width=\"351\" height=\"270\" srcset=\"https:\/\/welovecinema.be\/wp-content\/uploads\/sites\/2\/2012\/01\/chebeya-351x270.png 351w, https:\/\/welovecinema.be\/wp-content\/uploads\/sites\/2\/2012\/01\/chebeya.png 550w\" sizes=\"auto, (max-width: 351px) 100vw, 351px\" \/><\/a>un documentaire-choc de l&rsquo;arm\u00e9e danoise en Afghanistan, a profond\u00e9ment secou\u00e9 les festivaliers. La semaine prochaine, on y d\u00e9couvrira <em>Nobody&rsquo;s Perfect<\/em>, couronn\u00e9 au Eop Festival de Namur et <em>L&rsquo;Affaire Chebeya, un Crime d&rsquo;\u00c9tat<\/em>, sulfureuse enqu\u00eate du Belge Thierry Michel sur le meurtre d&rsquo;un activiste congolais.<\/p>\n<p>Les organisateurs mettent aussi en avant une cat\u00e9gorie r\u00e9trospective dans laquelle ils programment des films qui ont marqu\u00e9 l&rsquo;histoire du Cin\u00e9ma en d\u00e9frayant la chronique par leur caract\u00e8re RAMDAM. Cette ann\u00e9e, on y verra notamment <em>De Bruit et de Fureur, Portier de Nuit<\/em> et deux films belges : <em>Rundskop<\/em> (in\u00e9dit \u00e0 Tournai, quatre projections du 18 au 23 janvier, d\u00e9tails <a href=\"http:\/\/www.ramdamfestival.be\/fr\/retrospectives\/rundskop\/\">ici<\/a>) et <em>D\u00e9j\u00e0 s&rsquo;envole la fleur Maigre<\/em>, un long m\u00e9trage de <strong>Paul Meyer<\/strong> sur l&rsquo;immigration italienne en Wallonie qui servit de propagande au minist\u00e8re de l&rsquo;\u00e9poque pour expliquer le bien-fond\u00e9 de la politique d&rsquo;immigration. Les temps changent\u2026 (horaires <a href=\"http:\/\/www.ramdamfestival.be\/fr\/retrospectives\/et-deja-s-envole-la-fleur-maigre\/\">ici<\/a>)<\/p>\n<p>&nbsp;<\/p>\n<p>Dimanche 22 \u00e0 20h30, on aura droit \u00e0 une soir\u00e9e hot pr\u00e9sent\u00e9e par <strong>Jean-Louis Lahaye<\/strong> qui aborde de front la sexualit\u00e9, par d\u00e9finition pr\u00e9texte \u00e0 un cin\u00e9ma qui d\u00e9range.<\/p>\n<p>&nbsp;<\/p>\n<p>Cerise sur le g\u00e2teau, l&rsquo;acteur am\u00e9ricain <strong>Adrien Brody<\/strong> sera pr\u00e9sent au RAMDAM festival le mardi 24 janvier pour la cl\u00f4ture du festival. Il fut le plus jeune acteur oscaris\u00e9, pour son r\u00f4le <em>Le pianiste<\/em> de <strong>Roman Polanski<\/strong>, Palme d&rsquo;or \u00e0 Cannes en 2002. Il a \u00e9galement jou\u00e9 dans des oeuvres tr\u00e8s diverses telles que King Kong, Predator, The Exp\u00e9rimentent, The Jacket, Midnight in Paris,&#8230; Une s\u00e9ance du film Detachment s&rsquo;ajoute donc le mardi 24 janvier \u00e0 20h15.<\/p>\n<p>&nbsp;<\/p>\n<p>&nbsp;<\/p>\n<p>&nbsp;<\/p>\n<p>&nbsp;<\/p>\n","protected":false},"excerpt":{"rendered":"<p>\u00a0\u00bb Une des fonctions de l&rsquo;artiste est de montrer le monde tel qu&rsquo;on n&rsquo;a pas encore su le regarder. Godard, Bunuel, Ferreri, Pasolini, Boisset, Kubrick, Stone, Autant-Lara&#8230; : certains \u00eatres sont n\u00e9s avec du scandale dans les veines. Le moindre de leur geste laisse de grandes traces sanglantes sur les palissades virtuelles qui repoussent nos &hellip;<\/p>\n","protected":false},"author":7,"featured_media":13669,"comment_status":"closed","ping_status":"closed","sticky":false,"template":"","format":"standard","meta":{"ngg_post_thumbnail":0,"footnotes":""},"categories":[10,7],"tags":[],"class_list":["post-13652","post","type-post","status-publish","format-standard","has-post-thumbnail","","category-a-l-affiche","category-actualites"],"yoast_head":"<!-- This site is optimized with the Yoast SEO plugin v20.4 - https:\/\/yoast.com\/wordpress\/plugins\/seo\/ -->\n<title>Ramdam, \u00e7a va faire du bruit - We Love Cinema<\/title>\n<meta name=\"robots\" content=\"index, follow, max-snippet:-1, max-image-preview:large, max-video-preview:-1\" \/>\n<link rel=\"canonical\" href=\"https:\/\/welovecinema.be\/fr\/ramdam-ca-va-faire-du-bruit\/\" \/>\n<meta property=\"og:locale\" content=\"fr_FR\" \/>\n<meta property=\"og:type\" content=\"article\" \/>\n<meta property=\"og:title\" content=\"Ramdam, \u00e7a va faire du bruit - We Love Cinema\" \/>\n<meta property=\"og:description\" content=\"\u00a0\u00bb Une des fonctions de l&rsquo;artiste est de montrer le monde tel qu&rsquo;on n&rsquo;a pas encore su le regarder. Godard, Bunuel, Ferreri, Pasolini, Boisset, Kubrick, Stone, Autant-Lara&#8230; : certains \u00eatres sont n\u00e9s avec du scandale dans les veines. Le moindre de leur geste laisse de grandes traces sanglantes sur les palissades virtuelles qui repoussent nos &hellip;\" \/>\n<meta property=\"og:url\" content=\"https:\/\/welovecinema.be\/fr\/ramdam-ca-va-faire-du-bruit\/\" \/>\n<meta property=\"og:site_name\" content=\"We Love Cinema\" \/>\n<meta property=\"article:publisher\" content=\"https:\/\/www.facebook.com\/welovecinema.be\" \/>\n<meta property=\"article:published_time\" content=\"2012-01-16T10:13:28+00:00\" \/>\n<meta property=\"article:modified_time\" content=\"2012-01-16T10:54:35+00:00\" \/>\n<meta property=\"og:image\" content=\"https:\/\/welovecinema.be\/wp-content\/uploads\/sites\/2\/2012\/01\/ramdam.png\" \/>\n\t<meta property=\"og:image:width\" content=\"964\" \/>\n\t<meta property=\"og:image:height\" content=\"482\" \/>\n\t<meta property=\"og:image:type\" content=\"image\/png\" \/>\n<meta name=\"author\" content=\"Philippe.Pierquin\" \/>\n<meta name=\"twitter:card\" content=\"summary_large_image\" \/>\n<meta name=\"twitter:label1\" content=\"\u00c9crit par\" \/>\n\t<meta name=\"twitter:data1\" content=\"Philippe.Pierquin\" \/>\n\t<meta name=\"twitter:label2\" content=\"Dur\u00e9e de lecture estim\u00e9e\" \/>\n\t<meta name=\"twitter:data2\" content=\"3 minutes\" \/>\n<script type=\"application\/ld+json\" class=\"yoast-schema-graph\">{\"@context\":\"https:\/\/schema.org\",\"@graph\":[{\"@type\":\"Article\",\"@id\":\"https:\/\/welovecinema.be\/fr\/ramdam-ca-va-faire-du-bruit\/#article\",\"isPartOf\":{\"@id\":\"https:\/\/welovecinema.be\/fr\/ramdam-ca-va-faire-du-bruit\/\"},\"author\":{\"name\":\"Philippe.Pierquin\",\"@id\":\"https:\/\/welovecinema.be\/nl\/#\/schema\/person\/4b9b1d857f0943453a38a7c2859ef756\"},\"headline\":\"Ramdam, \u00e7a va faire du bruit\",\"datePublished\":\"2012-01-16T10:13:28+00:00\",\"dateModified\":\"2012-01-16T10:54:35+00:00\",\"mainEntityOfPage\":{\"@id\":\"https:\/\/welovecinema.be\/fr\/ramdam-ca-va-faire-du-bruit\/\"},\"wordCount\":717,\"publisher\":{\"@id\":\"https:\/\/welovecinema.be\/nl\/#organization\"},\"articleSection\":[\"A l'affiche\",\"News\"],\"inLanguage\":\"fr-FR\"},{\"@type\":\"WebPage\",\"@id\":\"https:\/\/welovecinema.be\/fr\/ramdam-ca-va-faire-du-bruit\/\",\"url\":\"https:\/\/welovecinema.be\/fr\/ramdam-ca-va-faire-du-bruit\/\",\"name\":\"Ramdam, \u00e7a va faire du bruit - We Love Cinema\",\"isPartOf\":{\"@id\":\"https:\/\/welovecinema.be\/nl\/#website\"},\"datePublished\":\"2012-01-16T10:13:28+00:00\",\"dateModified\":\"2012-01-16T10:54:35+00:00\",\"breadcrumb\":{\"@id\":\"https:\/\/welovecinema.be\/fr\/ramdam-ca-va-faire-du-bruit\/#breadcrumb\"},\"inLanguage\":\"fr-FR\",\"potentialAction\":[{\"@type\":\"ReadAction\",\"target\":[\"https:\/\/welovecinema.be\/fr\/ramdam-ca-va-faire-du-bruit\/\"]}]},{\"@type\":\"BreadcrumbList\",\"@id\":\"https:\/\/welovecinema.be\/fr\/ramdam-ca-va-faire-du-bruit\/#breadcrumb\",\"itemListElement\":[{\"@type\":\"ListItem\",\"position\":1,\"name\":\"Accueil\",\"item\":\"https:\/\/welovecinema.be\/fr\/\"},{\"@type\":\"ListItem\",\"position\":2,\"name\":\"Ramdam, \u00e7a va faire du bruit\"}]},{\"@type\":\"WebSite\",\"@id\":\"https:\/\/welovecinema.be\/nl\/#website\",\"url\":\"https:\/\/welovecinema.be\/nl\/\",\"name\":\"We Love Cinema\",\"description\":\"Toute l\u2019information du cin\u00e9ma en Belgique\",\"publisher\":{\"@id\":\"https:\/\/welovecinema.be\/nl\/#organization\"},\"potentialAction\":[{\"@type\":\"SearchAction\",\"target\":{\"@type\":\"EntryPoint\",\"urlTemplate\":\"https:\/\/welovecinema.be\/nl\/?s={search_term_string}\"},\"query-input\":\"required name=search_term_string\"}],\"inLanguage\":\"fr-FR\"},{\"@type\":\"Organization\",\"@id\":\"https:\/\/welovecinema.be\/nl\/#organization\",\"name\":\"We Love Cinema\",\"url\":\"https:\/\/welovecinema.be\/nl\/\",\"logo\":{\"@type\":\"ImageObject\",\"inLanguage\":\"fr-FR\",\"@id\":\"https:\/\/welovecinema.be\/nl\/#\/schema\/logo\/image\/\",\"url\":\"https:\/\/welovecinema.be\/wp-content\/uploads\/sites\/2\/2023\/03\/Logo-We-Love-Cinema305x128.jpg\",\"contentUrl\":\"https:\/\/welovecinema.be\/wp-content\/uploads\/sites\/2\/2023\/03\/Logo-We-Love-Cinema305x128.jpg\",\"width\":305,\"height\":128,\"caption\":\"We Love Cinema\"},\"image\":{\"@id\":\"https:\/\/welovecinema.be\/nl\/#\/schema\/logo\/image\/\"},\"sameAs\":[\"https:\/\/www.facebook.com\/welovecinema.be\",\"https:\/\/www.youtube.com\/channel\/UCX5LYGVhnKvYauW4Nta4HJA\",\"https:\/\/www.instagram.com\/welovecinema.be\/\"]},{\"@type\":\"Person\",\"@id\":\"https:\/\/welovecinema.be\/nl\/#\/schema\/person\/4b9b1d857f0943453a38a7c2859ef756\",\"name\":\"Philippe.Pierquin\",\"url\":\"https:\/\/welovecinema.be\/fr\/author\/philippe-pierquin\/\"}]}<\/script>\n<!-- \/ Yoast SEO plugin. -->","yoast_head_json":{"title":"Ramdam, \u00e7a va faire du bruit - We Love Cinema","robots":{"index":"index","follow":"follow","max-snippet":"max-snippet:-1","max-image-preview":"max-image-preview:large","max-video-preview":"max-video-preview:-1"},"canonical":"https:\/\/welovecinema.be\/fr\/ramdam-ca-va-faire-du-bruit\/","og_locale":"fr_FR","og_type":"article","og_title":"Ramdam, \u00e7a va faire du bruit - We Love Cinema","og_description":"\u00a0\u00bb Une des fonctions de l&rsquo;artiste est de montrer le monde tel qu&rsquo;on n&rsquo;a pas encore su le regarder. Godard, Bunuel, Ferreri, Pasolini, Boisset, Kubrick, Stone, Autant-Lara&#8230; : certains \u00eatres sont n\u00e9s avec du scandale dans les veines. Le moindre de leur geste laisse de grandes traces sanglantes sur les palissades virtuelles qui repoussent nos &hellip;","og_url":"https:\/\/welovecinema.be\/fr\/ramdam-ca-va-faire-du-bruit\/","og_site_name":"We Love Cinema","article_publisher":"https:\/\/www.facebook.com\/welovecinema.be","article_published_time":"2012-01-16T10:13:28+00:00","article_modified_time":"2012-01-16T10:54:35+00:00","og_image":[{"width":"964","height":"482","url":"https:\/\/welovecinema.be\/wp-content\/uploads\/sites\/2\/2012\/01\/ramdam.png","type":"image\/png"}],"author":"Philippe.Pierquin","twitter_card":"summary_large_image","twitter_misc":{"\u00c9crit par":"Philippe.Pierquin","Dur\u00e9e de lecture estim\u00e9e":"3 minutes"},"schema":{"@context":"https:\/\/schema.org","@graph":[{"@type":"Article","@id":"https:\/\/welovecinema.be\/fr\/ramdam-ca-va-faire-du-bruit\/#article","isPartOf":{"@id":"https:\/\/welovecinema.be\/fr\/ramdam-ca-va-faire-du-bruit\/"},"author":{"name":"Philippe.Pierquin","@id":"https:\/\/welovecinema.be\/nl\/#\/schema\/person\/4b9b1d857f0943453a38a7c2859ef756"},"headline":"Ramdam, \u00e7a va faire du bruit","datePublished":"2012-01-16T10:13:28+00:00","dateModified":"2012-01-16T10:54:35+00:00","mainEntityOfPage":{"@id":"https:\/\/welovecinema.be\/fr\/ramdam-ca-va-faire-du-bruit\/"},"wordCount":717,"publisher":{"@id":"https:\/\/welovecinema.be\/nl\/#organization"},"articleSection":["A l'affiche","News"],"inLanguage":"fr-FR"},{"@type":"WebPage","@id":"https:\/\/welovecinema.be\/fr\/ramdam-ca-va-faire-du-bruit\/","url":"https:\/\/welovecinema.be\/fr\/ramdam-ca-va-faire-du-bruit\/","name":"Ramdam, \u00e7a va faire du bruit - We Love Cinema","isPartOf":{"@id":"https:\/\/welovecinema.be\/nl\/#website"},"datePublished":"2012-01-16T10:13:28+00:00","dateModified":"2012-01-16T10:54:35+00:00","breadcrumb":{"@id":"https:\/\/welovecinema.be\/fr\/ramdam-ca-va-faire-du-bruit\/#breadcrumb"},"inLanguage":"fr-FR","potentialAction":[{"@type":"ReadAction","target":["https:\/\/welovecinema.be\/fr\/ramdam-ca-va-faire-du-bruit\/"]}]},{"@type":"BreadcrumbList","@id":"https:\/\/welovecinema.be\/fr\/ramdam-ca-va-faire-du-bruit\/#breadcrumb","itemListElement":[{"@type":"ListItem","position":1,"name":"Accueil","item":"https:\/\/welovecinema.be\/fr\/"},{"@type":"ListItem","position":2,"name":"Ramdam, \u00e7a va faire du bruit"}]},{"@type":"WebSite","@id":"https:\/\/welovecinema.be\/nl\/#website","url":"https:\/\/welovecinema.be\/nl\/","name":"We Love Cinema","description":"Toute l\u2019information du cin\u00e9ma en Belgique","publisher":{"@id":"https:\/\/welovecinema.be\/nl\/#organization"},"potentialAction":[{"@type":"SearchAction","target":{"@type":"EntryPoint","urlTemplate":"https:\/\/welovecinema.be\/nl\/?s={search_term_string}"},"query-input":"required name=search_term_string"}],"inLanguage":"fr-FR"},{"@type":"Organization","@id":"https:\/\/welovecinema.be\/nl\/#organization","name":"We Love Cinema","url":"https:\/\/welovecinema.be\/nl\/","logo":{"@type":"ImageObject","inLanguage":"fr-FR","@id":"https:\/\/welovecinema.be\/nl\/#\/schema\/logo\/image\/","url":"https:\/\/welovecinema.be\/wp-content\/uploads\/sites\/2\/2023\/03\/Logo-We-Love-Cinema305x128.jpg","contentUrl":"https:\/\/welovecinema.be\/wp-content\/uploads\/sites\/2\/2023\/03\/Logo-We-Love-Cinema305x128.jpg","width":305,"height":128,"caption":"We Love Cinema"},"image":{"@id":"https:\/\/welovecinema.be\/nl\/#\/schema\/logo\/image\/"},"sameAs":["https:\/\/www.facebook.com\/welovecinema.be","https:\/\/www.youtube.com\/channel\/UCX5LYGVhnKvYauW4Nta4HJA","https:\/\/www.instagram.com\/welovecinema.be\/"]},{"@type":"Person","@id":"https:\/\/welovecinema.be\/nl\/#\/schema\/person\/4b9b1d857f0943453a38a7c2859ef756","name":"Philippe.Pierquin","url":"https:\/\/welovecinema.be\/fr\/author\/philippe-pierquin\/"}]}},"_links":{"self":[{"href":"https:\/\/welovecinema.be\/fr\/wp-json\/wp\/v2\/posts\/13652","targetHints":{"allow":["GET"]}}],"collection":[{"href":"https:\/\/welovecinema.be\/fr\/wp-json\/wp\/v2\/posts"}],"about":[{"href":"https:\/\/welovecinema.be\/fr\/wp-json\/wp\/v2\/types\/post"}],"author":[{"embeddable":true,"href":"https:\/\/welovecinema.be\/fr\/wp-json\/wp\/v2\/users\/7"}],"replies":[{"embeddable":true,"href":"https:\/\/welovecinema.be\/fr\/wp-json\/wp\/v2\/comments?post=13652"}],"version-history":[{"count":0,"href":"https:\/\/welovecinema.be\/fr\/wp-json\/wp\/v2\/posts\/13652\/revisions"}],"wp:featuredmedia":[{"embeddable":true,"href":"https:\/\/welovecinema.be\/fr\/wp-json\/wp\/v2\/media\/13669"}],"wp:attachment":[{"href":"https:\/\/welovecinema.be\/fr\/wp-json\/wp\/v2\/media?parent=13652"}],"wp:term":[{"taxonomy":"category","embeddable":true,"href":"https:\/\/welovecinema.be\/fr\/wp-json\/wp\/v2\/categories?post=13652"},{"taxonomy":"post_tag","embeddable":true,"href":"https:\/\/welovecinema.be\/fr\/wp-json\/wp\/v2\/tags?post=13652"}],"curies":[{"name":"wp","href":"https:\/\/api.w.org\/{rel}","templated":true}]}}