{"id":12658,"date":"2012-02-16T11:40:10","date_gmt":"2012-02-16T11:40:10","guid":{"rendered":"http:\/\/www.cinevox.be\/?p=12658"},"modified":"2012-02-19T15:23:48","modified_gmt":"2012-02-19T15:23:48","slug":"il-etait-une-fois-une-fois-cinevox-vous-invite-a-la-premiere-mondiale","status":"publish","type":"post","link":"https:\/\/welovecinema.be\/fr\/il-etait-une-fois-une-fois-cinevox-vous-invite-a-la-premiere-mondiale\/","title":{"rendered":"Fini de rire ! <br> Il \u00e9tait une fois une fois fait le buzz"},"content":{"rendered":"<p>Un film belge? Pas vraiment. Mais une coproduction et un exercice de style tr\u00e8s tr\u00e8s belge. Un tsunami d\u00e9lirant provoqu\u00e9 par deux de nos acteurs les plus dr\u00f4les:\u00a0<strong>Jean-Luc Couchard<\/strong> (<em>Dikkenek)<\/em> et\u00a0<strong>Charlie Dupont<\/strong> (les capsules <em><a href=\"http:\/\/www.cinevox.be\/pom-pom-pom-qui-est-la\/\">Qui est l\u00e0?).<\/a><\/em> Le tout\u00a0r\u00e9alis\u00e9\u00a0par <strong>Christian Merret-Palmair,<\/strong> un Fran\u00e7ais \u00e0 qui on doit quelques-uns des meilleurs moments de Benoit Poelvoorde puisqu&rsquo;il r\u00e9alisa notamment <em>Les Portes de la Gloire<\/em> et les l\u00e9gendaires capsules, <em>Monsieur Manatane.<!--more--><\/em><\/p>\n<p>&nbsp;<\/p>\n<p>Si vous \u00eates depuis longtemps fid\u00e8les \u00e0 Cinevox, vous savez que nous avons suivi le film depuis ses tout d\u00e9buts. D\u00e8s le mois de juin, nous avons consacr\u00e9 un premier article \u00e0 <a href=\"http:\/\/www.cinevox.be\/les-belges-a-paris-eclats-de-rire-garantis\/\" target=\"_blank\">Il \u00c9tait une Fois une Fois<\/a>, puis un\u00a0<a href=\"http:\/\/www.cinevox.be\/videos\/grand-ecran-3\/\" target=\"_blank\">Grand Ecran<\/a> diffus\u00e9 dans toutes les salles num\u00e9riques, dans lequel\u00a0<strong>Charlie Dupont<\/strong> (qui n&rsquo;a pas une formation d&rsquo;avocat pour rien) pr\u00e9sentait ce projet fumant avec une convaincante \u00e9loquence. Il y expliquait les fondements du film, et ses limites. Ses limites? Pas de limites ! Et si ce n&rsquo;est pas assez clair, il d\u00e9veloppe sa pens\u00e9e <a href=\"http:\/\/www.cinevox.be\/videos\/charlie-dupont-parle-dil-etait-une-fois-une-fois\/\">ici<\/a>.<\/p>\n<p>&nbsp;<\/p>\n<p><a rel=\"attachment wp-att-16021\" href=\"http:\/\/www.cinevox.be\/il-etait-une-fois-une-fois-cinevox-vous-invite-a-la-premiere-mondiale\/ieufuf-11\/\"><img loading=\"lazy\" decoding=\"async\" class=\"aligncenter size-full wp-image-16021\" title=\"IEUFUF 11\" src=\"http:\/\/www.cinevox.be\/wp-content\/uploads\/sites\/2\/2012\/02\/IEUFUF-11.jpg\" alt=\"\" width=\"640\" height=\"427\" srcset=\"https:\/\/welovecinema.be\/wp-content\/uploads\/sites\/2\/2012\/02\/IEUFUF-11.jpg 640w, https:\/\/welovecinema.be\/wp-content\/uploads\/sites\/2\/2012\/02\/IEUFUF-11-404x270.jpg 404w\" sizes=\"auto, (max-width: 640px) 100vw, 640px\" \/><\/a><\/p>\n<p>&nbsp;<\/p>\n<p>\u00c0 ses c\u00f4t\u00e9s,\u00a0<a href=\"http:\/\/www.cinevox.be\/il-etait-un-fois%E2%80%A6-jean-luc-couchard\/\"><strong>Jean-Luc Couchard<\/strong><\/a><strong>,<\/strong> costume strict et sourire de hy\u00e8ne, se r\u00e9galait d\u00e9j\u00e0 de <a href=\"http:\/\/www.cinevox.be\/videos\/il-etait-une-fois-couchard-frank-vrut\/\">son r\u00f4le en or<\/a> : Frank Vrut, un doux dingue wallingant, obs\u00e9d\u00e9 par Les Lions noirs, des terroristes flamands sans foi ni loi. Et grand fan de\u00a0<strong>Kevin Costner<\/strong> dans\u00a0<em>Bodyguard<\/em>aussi<em>.<\/em> Frank Vrut, donc, fournisseur officiel de belgitude d\u00e9jant\u00e9e. Tel qu&rsquo;en lui-m\u00eame\u2026<\/p>\n<p><a rel=\"attachment wp-att-16025\" href=\"http:\/\/www.cinevox.be\/il-etait-une-fois-une-fois-cinevox-vous-invite-a-la-premiere-mondiale\/ieufuf-7\/\"><img loading=\"lazy\" decoding=\"async\" class=\"alignleft size-full wp-image-16025\" title=\"IEUFUF 7\" src=\"http:\/\/www.cinevox.be\/wp-content\/uploads\/sites\/2\/2012\/02\/IEUFUF-7.jpg\" alt=\"\" width=\"448\" height=\"299\" srcset=\"https:\/\/welovecinema.be\/wp-content\/uploads\/sites\/2\/2012\/02\/IEUFUF-7.jpg 640w, https:\/\/welovecinema.be\/wp-content\/uploads\/sites\/2\/2012\/02\/IEUFUF-7-404x270.jpg 404w\" sizes=\"auto, (max-width: 448px) 100vw, 448px\" \/><\/a>Frank et Serge (Charlie Dupont) habitent \u00e0 Paris. Ou plut\u00f4t Frank squatte une chambre dans au-dessus du caf\u00e9 de son pote. D\u00e9barque Cassoulet, un sang m\u00eal\u00e9 belgo-toulousain, gentil limite na\u00eff, camp\u00e9 par\u00a0<strong>Fran\u00e7ois-Xavier Demaison.<\/strong><strong> <\/strong>Il vient dans la capitale pour postuler dans un prestigieux h\u00f4tel. Son pedigree professionnel est parfait, mais pas son nom\u2026 Pas question de laisser m\u00f4ssieur Vanderbrook s&rsquo;occuper des clients d&rsquo;un Palace parisien.<\/p>\n<p>Alors que le trio, flanqu\u00e9 de quelques joyeux drilles, exerce son royal droit de repr\u00e9sailles, il rencontre Jessica\u00a0<strong>(Anne Marivin<\/strong>) qui a des projets d&rsquo;escroquerie autrement plus ambitieux. Mais qui, pour r\u00e9ussir l&rsquo;arnaque de l&rsquo;ann\u00e9e, va devoir subir une formation acc\u00e9l\u00e9r\u00e9e et d\u00e9lirante qui doit faire d&rsquo;elle\u2026 une vraie Belge. Ce n&rsquo;est pas gagn\u00e9. Mais Frank Vrut s&rsquo;en charge et c&rsquo;est un obstin\u00e9.<\/p>\n<p>&nbsp;<\/p>\n<p><a rel=\"attachment wp-att-16022\" href=\"http:\/\/www.cinevox.be\/il-etait-une-fois-une-fois-cinevox-vous-invite-a-la-premiere-mondiale\/ieufuf-6\/\"><img loading=\"lazy\" decoding=\"async\" class=\"aligncenter size-full wp-image-16022\" title=\"IEUFUF 6\" src=\"http:\/\/www.cinevox.be\/wp-content\/uploads\/sites\/2\/2012\/02\/IEUFUF-6.jpg\" alt=\"\" width=\"640\" height=\"427\" srcset=\"https:\/\/welovecinema.be\/wp-content\/uploads\/sites\/2\/2012\/02\/IEUFUF-6.jpg 640w, https:\/\/welovecinema.be\/wp-content\/uploads\/sites\/2\/2012\/02\/IEUFUF-6-404x270.jpg 404w\" sizes=\"auto, (max-width: 640px) 100vw, 640px\" \/><\/a><\/p>\n<p>&nbsp;<\/p>\n<p>Sign\u00e9 par\u00a0<strong>Matthieu Delaporte<\/strong> et\u00a0<strong>Alexandre de la Patelli\u00e8re,<\/strong> remarqu\u00e9s au th\u00e9\u00e2tre avec\u00a0<em>Le Pr\u00e9nom<\/em> (nomin\u00e9 aux Moli\u00e8res l&rsquo;an dernier), le sc\u00e9nario ne r\u00e9siste \u00e0 aucune tentation. Et c&rsquo;est bon ! D&rsquo;autant qu&rsquo;avec le metteur en sc\u00e8ne\u00a0<strong>Christian Merret-Palmair, Charlie<\/strong><strong> <\/strong>et<strong> <\/strong><strong>Jean-Luc<\/strong><strong> <\/strong>en ont rajout\u00e9 quelques couches avant et pendant le tournage. Et quand ces deux-l\u00e0 se l\u00e2chent, on peut leur faire confiance pour exploser les limites de la connerie. Les deux teasers (<a href=\"http:\/\/www.cinevox.be\/videos\/il-etait-une-fois-une-fois-teaser-1\/\">ici<\/a> et\u00a0<a href=\"http:\/\/www.cinevox.be\/videos\/il-etait-une-fois-une-fois-teaser-2\/\">ici<\/a>) sont l\u00e0 pour le prouver, comme la bande-annonce (<a href=\"http:\/\/www.cinevox.be\/videos\/il-etait-une-fois-une-fois-bande-annonce-n%C2%B02\/\">ici<\/a>) : la dentelle c&rsquo;est \u00e0 Bruges, la finesse, on la trouve dans les rayons cr\u00e8merie. Ici, c&rsquo;est Sois Belge ou tais-toi ! Pas de blabla, bonjour les d\u00e9g\u00e2ts \u00a0!<\/p>\n<p>&nbsp;<\/p>\n<p><a rel=\"attachment wp-att-16023\" href=\"http:\/\/www.cinevox.be\/il-etait-une-fois-une-fois-cinevox-vous-invite-a-la-premiere-mondiale\/ieufuf-5\/\"><img loading=\"lazy\" decoding=\"async\" class=\"alignright size-full wp-image-16023\" title=\"IEUFUF 5\" src=\"http:\/\/www.cinevox.be\/wp-content\/uploads\/sites\/2\/2012\/02\/IEUFUF-5.jpg\" alt=\"\" width=\"448\" height=\"299\" srcset=\"https:\/\/welovecinema.be\/wp-content\/uploads\/sites\/2\/2012\/02\/IEUFUF-5.jpg 640w, https:\/\/welovecinema.be\/wp-content\/uploads\/sites\/2\/2012\/02\/IEUFUF-5-404x270.jpg 404w\" sizes=\"auto, (max-width: 448px) 100vw, 448px\" \/><\/a>Personne n&rsquo;en doute : quelques critiques risquent de d\u00e9tester cette attaque frontale de panzers rouges jaunes noirs. Certains se gargarisaient m\u00eame r\u00e9cemment de n&rsquo;avoir pas encore vu le film. Et alors? On le dit? Allez, on le dit\u2026 Un des running gags du tournage entre Charlie Dupont et Jean-Luc Couchard consistait apr\u00e8s un d\u00e9rapage particuli\u00e8rement loufoque \u00e0 terminer par un tonitruant : \u00ab\u00a0Encore une sc\u00e8ne que Biiiiip va d\u00e9tester !\u00a0\u00bb Biiiip a un nom, bien s\u00fbr, mais c&rsquo;est une histoire qui ne concerne que nos deux amis. Et nous ne ferons pas de d\u00e9lation. \u00c0 vous d&rsquo;imaginer \u00e0 qui ils pouvaient bien penser\u2026<\/p>\n<p>L&rsquo;important quand on se lance dans un projet comme celui-ci est d&rsquo;assumer ses intentions de d\u00e9part, ses d\u00e9lires. Il y a toujours un public pour \u00e7a. Et si les autres vous d\u00e9testent, c&rsquo;est sans doute que vous avez mis en plein dans le mille, non? Car s&rsquo;il y a une chose qu&rsquo;<em>Il \u00c9tait une Fois une Fois<\/em><em> <\/em>ne cherche pas, c&rsquo;est \u00eatre consensuel. Que ses auteurs en soient remerci\u00e9s\u2026 Cela dit, ce n&rsquo;est pas m\u00e9chant non plus, ni vraiment caustique. Juste dr\u00f4le. Tr\u00e8s.<\/p>\n<p>&nbsp;<\/p>\n<p><a rel=\"attachment wp-att-16024\" href=\"http:\/\/www.cinevox.be\/il-etait-une-fois-une-fois-cinevox-vous-invite-a-la-premiere-mondiale\/ieufuf-9\/\"><img loading=\"lazy\" decoding=\"async\" class=\"aligncenter size-full wp-image-16024\" title=\"IEUFUF 9\" src=\"http:\/\/www.cinevox.be\/wp-content\/uploads\/sites\/2\/2012\/02\/IEUFUF-9.jpg\" alt=\"\" width=\"640\" height=\"427\" srcset=\"https:\/\/welovecinema.be\/wp-content\/uploads\/sites\/2\/2012\/02\/IEUFUF-9.jpg 640w, https:\/\/welovecinema.be\/wp-content\/uploads\/sites\/2\/2012\/02\/IEUFUF-9-404x270.jpg 404w\" sizes=\"auto, (max-width: 640px) 100vw, 640px\" \/><\/a><\/p>\n<p>&nbsp;<\/p>\n<p>Jusqu&rsquo;ici cette franco-belge com\u00e9die a \u00e9t\u00e9 pr\u00e9sent\u00e9e \u00e0 Bruxelles lors d&rsquo;une premi\u00e8re mondiale VIP tr\u00e8s priv\u00e9e et pris\u00e9e (<a href=\"http:\/\/www.cinevox.be\/13744\/\">photos<\/a>) et \u00e0 l&rsquo;UGC Toison d&rsquo;Or en pr\u00e9sence du Prince Laurent et de son \u00e9pouse Claire qui a ri aux larmes (<a href=\"http:\/\/www.cinevox.be\/il-etait-une-fois-un-prince\/\">photos<\/a>). Dans le Nord de la France les avant-premi\u00e8res ont tourn\u00e9 au d\u00e9lire (<a href=\"http:\/\/www.cinevox.be\/videos\/il-etait-une-fois-une-fois-avant-premiere-dans-le-nord-de-la-france\/\">vid\u00e9o<\/a>) et au festival de l&rsquo;Alpe d&rsquo;Huez (<a href=\"http:\/\/www.cinevox.be\/dans-les-coulisses-de-lalpe-dhuez\/\">ici<\/a> et <a href=\"http:\/\/www.cinevox.be\/il-etait-une-fois-lalpe-dhuez\/\">ici<\/a>), tout le monde a fredonn\u00e9 les tubes du Grand Jojo en d\u00e9valant les pistes.<\/p>\n<p>Aujourd&rsquo;hui, <em>Il \u00e9tait une fois une fois<\/em> sort enfin en salles en France et en Belgique. Massivement. Ses producteurs y croient tr\u00e8s fort. Nous aussi. Car si vous aimez d\u00e9lirer sans arri\u00e8re-pens\u00e9e, la meilleure chose \u00e0 faire cette semaine est de vous laisser entra\u00eener dans ce grand moment de folie douce.<\/p>\n<p>&nbsp;<\/p>\n<p>&nbsp;<\/p>\n<p>&nbsp;<\/p>\n","protected":false},"excerpt":{"rendered":"<p>Un film belge? Pas vraiment. Mais une coproduction et un exercice de style tr\u00e8s tr\u00e8s belge. Un tsunami d\u00e9lirant provoqu\u00e9 par deux de nos acteurs les plus dr\u00f4les:\u00a0Jean-Luc Couchard (Dikkenek) et\u00a0Charlie Dupont (les capsules Qui est l\u00e0?). Le tout\u00a0r\u00e9alis\u00e9\u00a0par Christian Merret-Palmair, un Fran\u00e7ais \u00e0 qui on doit quelques-uns des meilleurs moments de Benoit Poelvoorde puisqu&rsquo;il &hellip;<\/p>\n","protected":false},"author":7,"featured_media":16027,"comment_status":"closed","ping_status":"closed","sticky":false,"template":"","format":"standard","meta":{"ngg_post_thumbnail":0,"footnotes":""},"categories":[10,7],"tags":[],"class_list":["post-12658","post","type-post","status-publish","format-standard","has-post-thumbnail","","category-a-l-affiche","category-actualites"],"yoast_head":"<!-- This site is optimized with the Yoast SEO plugin v20.4 - https:\/\/yoast.com\/wordpress\/plugins\/seo\/ -->\n<title>Fini de rire !  Il \u00e9tait une fois une fois fait le buzz - We Love Cinema<\/title>\n<meta name=\"robots\" content=\"index, follow, max-snippet:-1, max-image-preview:large, max-video-preview:-1\" \/>\n<link rel=\"canonical\" href=\"https:\/\/welovecinema.be\/fr\/il-etait-une-fois-une-fois-cinevox-vous-invite-a-la-premiere-mondiale\/\" \/>\n<meta property=\"og:locale\" content=\"fr_FR\" \/>\n<meta property=\"og:type\" content=\"article\" \/>\n<meta property=\"og:title\" content=\"Fini de rire !  Il \u00e9tait une fois une fois fait le buzz - We Love Cinema\" \/>\n<meta property=\"og:description\" content=\"Un film belge? Pas vraiment. Mais une coproduction et un exercice de style tr\u00e8s tr\u00e8s belge. Un tsunami d\u00e9lirant provoqu\u00e9 par deux de nos acteurs les plus dr\u00f4les:\u00a0Jean-Luc Couchard (Dikkenek) et\u00a0Charlie Dupont (les capsules Qui est l\u00e0?). Le tout\u00a0r\u00e9alis\u00e9\u00a0par Christian Merret-Palmair, un Fran\u00e7ais \u00e0 qui on doit quelques-uns des meilleurs moments de Benoit Poelvoorde puisqu&rsquo;il &hellip;\" \/>\n<meta property=\"og:url\" content=\"https:\/\/welovecinema.be\/fr\/il-etait-une-fois-une-fois-cinevox-vous-invite-a-la-premiere-mondiale\/\" \/>\n<meta property=\"og:site_name\" content=\"We Love Cinema\" \/>\n<meta property=\"article:publisher\" content=\"https:\/\/www.facebook.com\/welovecinema.be\" \/>\n<meta property=\"article:published_time\" content=\"2012-02-16T11:40:10+00:00\" \/>\n<meta property=\"article:modified_time\" content=\"2012-02-19T15:23:48+00:00\" \/>\n<meta property=\"og:image\" content=\"https:\/\/welovecinema.be\/wp-content\/uploads\/sites\/2\/2012\/02\/IEUFUF-4.jpg\" \/>\n\t<meta property=\"og:image:width\" content=\"640\" \/>\n\t<meta property=\"og:image:height\" content=\"427\" \/>\n\t<meta property=\"og:image:type\" content=\"image\/jpeg\" \/>\n<meta name=\"author\" content=\"Philippe.Pierquin\" \/>\n<meta name=\"twitter:card\" content=\"summary_large_image\" \/>\n<meta name=\"twitter:label1\" content=\"\u00c9crit par\" \/>\n\t<meta name=\"twitter:data1\" content=\"Philippe.Pierquin\" \/>\n\t<meta name=\"twitter:label2\" content=\"Dur\u00e9e de lecture estim\u00e9e\" \/>\n\t<meta name=\"twitter:data2\" content=\"4 minutes\" \/>\n<script type=\"application\/ld+json\" class=\"yoast-schema-graph\">{\"@context\":\"https:\/\/schema.org\",\"@graph\":[{\"@type\":\"Article\",\"@id\":\"https:\/\/welovecinema.be\/fr\/il-etait-une-fois-une-fois-cinevox-vous-invite-a-la-premiere-mondiale\/#article\",\"isPartOf\":{\"@id\":\"https:\/\/welovecinema.be\/fr\/il-etait-une-fois-une-fois-cinevox-vous-invite-a-la-premiere-mondiale\/\"},\"author\":{\"name\":\"Philippe.Pierquin\",\"@id\":\"https:\/\/welovecinema.be\/nl\/#\/schema\/person\/4b9b1d857f0943453a38a7c2859ef756\"},\"headline\":\"Fini de rire ! Il \u00e9tait une fois une fois fait le buzz\",\"datePublished\":\"2012-02-16T11:40:10+00:00\",\"dateModified\":\"2012-02-19T15:23:48+00:00\",\"mainEntityOfPage\":{\"@id\":\"https:\/\/welovecinema.be\/fr\/il-etait-une-fois-une-fois-cinevox-vous-invite-a-la-premiere-mondiale\/\"},\"wordCount\":905,\"publisher\":{\"@id\":\"https:\/\/welovecinema.be\/nl\/#organization\"},\"articleSection\":[\"A l'affiche\",\"News\"],\"inLanguage\":\"fr-FR\"},{\"@type\":\"WebPage\",\"@id\":\"https:\/\/welovecinema.be\/fr\/il-etait-une-fois-une-fois-cinevox-vous-invite-a-la-premiere-mondiale\/\",\"url\":\"https:\/\/welovecinema.be\/fr\/il-etait-une-fois-une-fois-cinevox-vous-invite-a-la-premiere-mondiale\/\",\"name\":\"Fini de rire ! Il \u00e9tait une fois une fois fait le buzz - We Love Cinema\",\"isPartOf\":{\"@id\":\"https:\/\/welovecinema.be\/nl\/#website\"},\"datePublished\":\"2012-02-16T11:40:10+00:00\",\"dateModified\":\"2012-02-19T15:23:48+00:00\",\"breadcrumb\":{\"@id\":\"https:\/\/welovecinema.be\/fr\/il-etait-une-fois-une-fois-cinevox-vous-invite-a-la-premiere-mondiale\/#breadcrumb\"},\"inLanguage\":\"fr-FR\",\"potentialAction\":[{\"@type\":\"ReadAction\",\"target\":[\"https:\/\/welovecinema.be\/fr\/il-etait-une-fois-une-fois-cinevox-vous-invite-a-la-premiere-mondiale\/\"]}]},{\"@type\":\"BreadcrumbList\",\"@id\":\"https:\/\/welovecinema.be\/fr\/il-etait-une-fois-une-fois-cinevox-vous-invite-a-la-premiere-mondiale\/#breadcrumb\",\"itemListElement\":[{\"@type\":\"ListItem\",\"position\":1,\"name\":\"Accueil\",\"item\":\"https:\/\/welovecinema.be\/fr\/\"},{\"@type\":\"ListItem\",\"position\":2,\"name\":\"Fini de rire ! Il \u00e9tait une fois une fois fait le buzz\"}]},{\"@type\":\"WebSite\",\"@id\":\"https:\/\/welovecinema.be\/nl\/#website\",\"url\":\"https:\/\/welovecinema.be\/nl\/\",\"name\":\"We Love Cinema\",\"description\":\"Toute l\u2019information du cin\u00e9ma en Belgique\",\"publisher\":{\"@id\":\"https:\/\/welovecinema.be\/nl\/#organization\"},\"potentialAction\":[{\"@type\":\"SearchAction\",\"target\":{\"@type\":\"EntryPoint\",\"urlTemplate\":\"https:\/\/welovecinema.be\/nl\/?s={search_term_string}\"},\"query-input\":\"required name=search_term_string\"}],\"inLanguage\":\"fr-FR\"},{\"@type\":\"Organization\",\"@id\":\"https:\/\/welovecinema.be\/nl\/#organization\",\"name\":\"We Love Cinema\",\"url\":\"https:\/\/welovecinema.be\/nl\/\",\"logo\":{\"@type\":\"ImageObject\",\"inLanguage\":\"fr-FR\",\"@id\":\"https:\/\/welovecinema.be\/nl\/#\/schema\/logo\/image\/\",\"url\":\"https:\/\/welovecinema.be\/wp-content\/uploads\/sites\/2\/2023\/03\/Logo-We-Love-Cinema305x128.jpg\",\"contentUrl\":\"https:\/\/welovecinema.be\/wp-content\/uploads\/sites\/2\/2023\/03\/Logo-We-Love-Cinema305x128.jpg\",\"width\":305,\"height\":128,\"caption\":\"We Love Cinema\"},\"image\":{\"@id\":\"https:\/\/welovecinema.be\/nl\/#\/schema\/logo\/image\/\"},\"sameAs\":[\"https:\/\/www.facebook.com\/welovecinema.be\",\"https:\/\/www.youtube.com\/channel\/UCX5LYGVhnKvYauW4Nta4HJA\",\"https:\/\/www.instagram.com\/welovecinema.be\/\"]},{\"@type\":\"Person\",\"@id\":\"https:\/\/welovecinema.be\/nl\/#\/schema\/person\/4b9b1d857f0943453a38a7c2859ef756\",\"name\":\"Philippe.Pierquin\",\"url\":\"https:\/\/welovecinema.be\/fr\/author\/philippe-pierquin\/\"}]}<\/script>\n<!-- \/ Yoast SEO plugin. -->","yoast_head_json":{"title":"Fini de rire !  Il \u00e9tait une fois une fois fait le buzz - We Love Cinema","robots":{"index":"index","follow":"follow","max-snippet":"max-snippet:-1","max-image-preview":"max-image-preview:large","max-video-preview":"max-video-preview:-1"},"canonical":"https:\/\/welovecinema.be\/fr\/il-etait-une-fois-une-fois-cinevox-vous-invite-a-la-premiere-mondiale\/","og_locale":"fr_FR","og_type":"article","og_title":"Fini de rire !  Il \u00e9tait une fois une fois fait le buzz - We Love Cinema","og_description":"Un film belge? Pas vraiment. Mais une coproduction et un exercice de style tr\u00e8s tr\u00e8s belge. Un tsunami d\u00e9lirant provoqu\u00e9 par deux de nos acteurs les plus dr\u00f4les:\u00a0Jean-Luc Couchard (Dikkenek) et\u00a0Charlie Dupont (les capsules Qui est l\u00e0?). Le tout\u00a0r\u00e9alis\u00e9\u00a0par Christian Merret-Palmair, un Fran\u00e7ais \u00e0 qui on doit quelques-uns des meilleurs moments de Benoit Poelvoorde puisqu&rsquo;il &hellip;","og_url":"https:\/\/welovecinema.be\/fr\/il-etait-une-fois-une-fois-cinevox-vous-invite-a-la-premiere-mondiale\/","og_site_name":"We Love Cinema","article_publisher":"https:\/\/www.facebook.com\/welovecinema.be","article_published_time":"2012-02-16T11:40:10+00:00","article_modified_time":"2012-02-19T15:23:48+00:00","og_image":[{"width":"640","height":"427","url":"https:\/\/welovecinema.be\/wp-content\/uploads\/sites\/2\/2012\/02\/IEUFUF-4.jpg","type":"image\/jpeg"}],"author":"Philippe.Pierquin","twitter_card":"summary_large_image","twitter_misc":{"\u00c9crit par":"Philippe.Pierquin","Dur\u00e9e de lecture estim\u00e9e":"4 minutes"},"schema":{"@context":"https:\/\/schema.org","@graph":[{"@type":"Article","@id":"https:\/\/welovecinema.be\/fr\/il-etait-une-fois-une-fois-cinevox-vous-invite-a-la-premiere-mondiale\/#article","isPartOf":{"@id":"https:\/\/welovecinema.be\/fr\/il-etait-une-fois-une-fois-cinevox-vous-invite-a-la-premiere-mondiale\/"},"author":{"name":"Philippe.Pierquin","@id":"https:\/\/welovecinema.be\/nl\/#\/schema\/person\/4b9b1d857f0943453a38a7c2859ef756"},"headline":"Fini de rire ! Il \u00e9tait une fois une fois fait le buzz","datePublished":"2012-02-16T11:40:10+00:00","dateModified":"2012-02-19T15:23:48+00:00","mainEntityOfPage":{"@id":"https:\/\/welovecinema.be\/fr\/il-etait-une-fois-une-fois-cinevox-vous-invite-a-la-premiere-mondiale\/"},"wordCount":905,"publisher":{"@id":"https:\/\/welovecinema.be\/nl\/#organization"},"articleSection":["A l'affiche","News"],"inLanguage":"fr-FR"},{"@type":"WebPage","@id":"https:\/\/welovecinema.be\/fr\/il-etait-une-fois-une-fois-cinevox-vous-invite-a-la-premiere-mondiale\/","url":"https:\/\/welovecinema.be\/fr\/il-etait-une-fois-une-fois-cinevox-vous-invite-a-la-premiere-mondiale\/","name":"Fini de rire ! Il \u00e9tait une fois une fois fait le buzz - We Love Cinema","isPartOf":{"@id":"https:\/\/welovecinema.be\/nl\/#website"},"datePublished":"2012-02-16T11:40:10+00:00","dateModified":"2012-02-19T15:23:48+00:00","breadcrumb":{"@id":"https:\/\/welovecinema.be\/fr\/il-etait-une-fois-une-fois-cinevox-vous-invite-a-la-premiere-mondiale\/#breadcrumb"},"inLanguage":"fr-FR","potentialAction":[{"@type":"ReadAction","target":["https:\/\/welovecinema.be\/fr\/il-etait-une-fois-une-fois-cinevox-vous-invite-a-la-premiere-mondiale\/"]}]},{"@type":"BreadcrumbList","@id":"https:\/\/welovecinema.be\/fr\/il-etait-une-fois-une-fois-cinevox-vous-invite-a-la-premiere-mondiale\/#breadcrumb","itemListElement":[{"@type":"ListItem","position":1,"name":"Accueil","item":"https:\/\/welovecinema.be\/fr\/"},{"@type":"ListItem","position":2,"name":"Fini de rire ! Il \u00e9tait une fois une fois fait le buzz"}]},{"@type":"WebSite","@id":"https:\/\/welovecinema.be\/nl\/#website","url":"https:\/\/welovecinema.be\/nl\/","name":"We Love Cinema","description":"Toute l\u2019information du cin\u00e9ma en Belgique","publisher":{"@id":"https:\/\/welovecinema.be\/nl\/#organization"},"potentialAction":[{"@type":"SearchAction","target":{"@type":"EntryPoint","urlTemplate":"https:\/\/welovecinema.be\/nl\/?s={search_term_string}"},"query-input":"required name=search_term_string"}],"inLanguage":"fr-FR"},{"@type":"Organization","@id":"https:\/\/welovecinema.be\/nl\/#organization","name":"We Love Cinema","url":"https:\/\/welovecinema.be\/nl\/","logo":{"@type":"ImageObject","inLanguage":"fr-FR","@id":"https:\/\/welovecinema.be\/nl\/#\/schema\/logo\/image\/","url":"https:\/\/welovecinema.be\/wp-content\/uploads\/sites\/2\/2023\/03\/Logo-We-Love-Cinema305x128.jpg","contentUrl":"https:\/\/welovecinema.be\/wp-content\/uploads\/sites\/2\/2023\/03\/Logo-We-Love-Cinema305x128.jpg","width":305,"height":128,"caption":"We Love Cinema"},"image":{"@id":"https:\/\/welovecinema.be\/nl\/#\/schema\/logo\/image\/"},"sameAs":["https:\/\/www.facebook.com\/welovecinema.be","https:\/\/www.youtube.com\/channel\/UCX5LYGVhnKvYauW4Nta4HJA","https:\/\/www.instagram.com\/welovecinema.be\/"]},{"@type":"Person","@id":"https:\/\/welovecinema.be\/nl\/#\/schema\/person\/4b9b1d857f0943453a38a7c2859ef756","name":"Philippe.Pierquin","url":"https:\/\/welovecinema.be\/fr\/author\/philippe-pierquin\/"}]}},"_links":{"self":[{"href":"https:\/\/welovecinema.be\/fr\/wp-json\/wp\/v2\/posts\/12658","targetHints":{"allow":["GET"]}}],"collection":[{"href":"https:\/\/welovecinema.be\/fr\/wp-json\/wp\/v2\/posts"}],"about":[{"href":"https:\/\/welovecinema.be\/fr\/wp-json\/wp\/v2\/types\/post"}],"author":[{"embeddable":true,"href":"https:\/\/welovecinema.be\/fr\/wp-json\/wp\/v2\/users\/7"}],"replies":[{"embeddable":true,"href":"https:\/\/welovecinema.be\/fr\/wp-json\/wp\/v2\/comments?post=12658"}],"version-history":[{"count":0,"href":"https:\/\/welovecinema.be\/fr\/wp-json\/wp\/v2\/posts\/12658\/revisions"}],"wp:featuredmedia":[{"embeddable":true,"href":"https:\/\/welovecinema.be\/fr\/wp-json\/wp\/v2\/media\/16027"}],"wp:attachment":[{"href":"https:\/\/welovecinema.be\/fr\/wp-json\/wp\/v2\/media?parent=12658"}],"wp:term":[{"taxonomy":"category","embeddable":true,"href":"https:\/\/welovecinema.be\/fr\/wp-json\/wp\/v2\/categories?post=12658"},{"taxonomy":"post_tag","embeddable":true,"href":"https:\/\/welovecinema.be\/fr\/wp-json\/wp\/v2\/tags?post=12658"}],"curies":[{"name":"wp","href":"https:\/\/api.w.org\/{rel}","templated":true}]}}