{"id":12005,"date":"2015-08-13T07:26:36","date_gmt":"2015-08-13T05:26:36","guid":{"rendered":"http:\/\/www.cinevox.be\/?p=12005"},"modified":"2015-08-08T12:48:32","modified_gmt":"2015-08-08T10:48:32","slug":"quartier-lointain-si-loin-si-proche","status":"publish","type":"post","link":"https:\/\/welovecinema.be\/fr\/quartier-lointain-si-loin-si-proche\/","title":{"rendered":"Quartier Lointain : Si loin, si proche"},"content":{"rendered":"<p>Par un curieux caprice du destin, Thomas, la cinquantaine, p\u00e8re de famille, \u00e9choue dans la ville de son enfance. Pris d\u2019un malaise dans le petit cimeti\u00e8re local, il se r\u00e9veille quarante ans plus t\u00f4t, dans son corps d\u2019adolescent. Dans ce pass\u00e9 qu&rsquo;il vit avec la conscience de sa vie \u00e9coul\u00e9e, il va non seulement retrouver son premier amour, mais aussi chercher \u00e0 comprendre les raisons du myst\u00e9rieux d\u00e9part de son p\u00e8re. Mais peut-on modifier son pass\u00e9 en le revivant\u00a0?<\/p>\n<p>&nbsp;<\/p>\n<p>Le pitch de <em>Quartier Lointain <\/em>est superbe.<br \/>\nVous l&rsquo;avez loup\u00e9? \u00a0Pas de probl\u00e8me : le film repasse \u00e0 la t\u00e9l\u00e9 ce samedi soir sur la Trois.<\/p>\n<p>&nbsp;<\/p>\n<p><!--more--><\/p>\n<p>&nbsp;<\/p>\n<p><a href=\"http:\/\/www.cinevox.be\/quartier-lointain-si-loin-si-proche\/qlo-9\/\" rel=\"attachment wp-att-12006\"><img loading=\"lazy\" decoding=\"async\" class=\"alignright size-medium wp-image-12006\" title=\"Qlo 9\" src=\"http:\/\/www.cinevox.be\/wp-content\/uploads\/sites\/2\/2011\/12\/Qlo-9-480x259.jpg\" alt=\"\" width=\"480\" height=\"259\" srcset=\"https:\/\/welovecinema.be\/wp-content\/uploads\/sites\/2\/2011\/12\/Qlo-9-480x259.jpg 480w, https:\/\/welovecinema.be\/wp-content\/uploads\/sites\/2\/2011\/12\/Qlo-9-800x432.jpg 800w, https:\/\/welovecinema.be\/wp-content\/uploads\/sites\/2\/2011\/12\/Qlo-9.jpg 1280w\" sizes=\"auto, (max-width: 480px) 100vw, 480px\" \/><\/a>L&rsquo;id\u00e9e d&rsquo;adapter au cin\u00e9ma, et (qui plus est) en Europe, ce manga totalement culte chez les amateurs de bande dessin\u00e9e pouvait sembler risqu\u00e9e, mais, depuis le d\u00e9but, elle a \u00e9t\u00e9 soutenue avec beaucoup d&rsquo;enthousiasme par l&rsquo;auteur de l&rsquo;\u0153uvre originale, <strong>Jiro Taniguchi<\/strong>, couronn\u00e9 pour son sc\u00e9nario \u00e0 Angoul\u00eame en 2003 et qui a d&rsquo;ailleurs assur\u00e9 la tourn\u00e9e de promotion du film avec son nouveau copain, Sam Garbarski.<\/p>\n<p>&nbsp;<\/p>\n<p>\u00ab\u00a0Lorsque j&rsquo;ai vu le film pour la premi\u00e8re fois sur grand \u00e9cran, j&rsquo;ai \u00e9t\u00e9 tr\u00e8s \u00e9mu,\u00a0\u00bb d\u00e9clara-t-il au site <em>Evene <\/em>\u00ab\u00a0Et je crois que m\u00eame les lecteurs du manga seront touch\u00e9s par la version de Sam Garbarski. J&rsquo;ai \u00e9t\u00e9 frapp\u00e9 par certaines sc\u00e8nes ajout\u00e9es que je n&rsquo;aurais jamais pu dessiner, mais qui fonctionnent tr\u00e8s bien au cin\u00e9ma. Par exemple, la sc\u00e8ne o\u00f9 Thomas danse avec sa m\u00e8re et sa petite s\u0153ur est tr\u00e8s belle, gr\u00e2ce \u00e0 la musique notamment. Aucun dessin ne pourrait rendre la m\u00eame \u00e9motion.\u00a0\u00bb<\/p>\n<p>&nbsp;<\/p>\n<p>Pour l&rsquo;anecdote, on notera que le mangaka appara\u00eet \u00e0 l&rsquo;\u00e9cran, \u00e0 la mani\u00e8re d&rsquo;un Alfred Hitchcock, dans une sc\u00e8ne de train. Ouvrez d&rsquo;ailleurs les yeux, car on fait ici et l\u00e0 dans ce film de curieuses rencontres inattendues : un contr\u00f4leur de la SNCF a les traits d&rsquo;un acteur bien connu des fid\u00e8les de Cinevox. Et la dame derri\u00e8re le bar ne devrait pas vous \u00eatre \u00e9trang\u00e8re non plus si vous fr\u00e9quentez ce site\u2026<\/p>\n<p>&nbsp;<\/p>\n<p><a href=\"http:\/\/www.cinevox.be\/quartier-lointain-si-loin-si-proche\/qlo-8\/\" rel=\"attachment wp-att-12007\"><img loading=\"lazy\" decoding=\"async\" class=\"aligncenter size-full wp-image-12007\" title=\"Qlo 8\" src=\"http:\/\/www.cinevox.be\/wp-content\/uploads\/sites\/2\/2011\/12\/Qlo-8.jpg\" alt=\"\" width=\"760\" height=\"411\" srcset=\"https:\/\/welovecinema.be\/wp-content\/uploads\/sites\/2\/2011\/12\/Qlo-8.jpg 760w, https:\/\/welovecinema.be\/wp-content\/uploads\/sites\/2\/2011\/12\/Qlo-8-480x259.jpg 480w\" sizes=\"auto, (max-width: 760px) 100vw, 760px\" \/><\/a><\/p>\n<p>&nbsp;<\/p>\n<p>Lors de sa sortie en salle, <em>Quartier Lointain<\/em> n&rsquo;a pas rencontr\u00e9 le succ\u00e8s qu&rsquo;il m\u00e9ritait. L&rsquo;accueil critique fut pourtant favorable.\u00a0 <strong>Alain Lorf\u00e8vre<\/strong> grand sp\u00e9cialiste du cin\u00e9ma, mais aussi de la BD insistait dans <a href=\"http:\/\/www.lalibre.be\/culture\/cinema\/article\/625123\/memoire-de-mon-pere.html\">La Libre Belgique<\/a> sur le travail d&rsquo;adaptation :<\/p>\n<p>\u00ab\u00a0Transposant l\u2019action du\u00a0<a title=\"Plus d'infos sur Japon\" href=\"http:\/\/www.lalibre.be\/search\/?query=Japon&amp;topic=Japon&amp;type=GL\">Japon<\/a> \u00e0 la France,\u00a0<a title=\"Plus d'infos sur Garbarski\" href=\"http:\/\/www.lalibre.be\/search\/?query=Garbarski&amp;topic=Sam+Garbarski&amp;type=PN\">Garbarski<\/a> et ses deux cosc\u00e9naristes, Philippe Blasband et J\u00e9r\u00f4me Tonnerre, soulignent combien le th\u00e8me du chef-d\u2019\u0153uvre de Taniguchi est universel. Qui n\u2019a pas un jour r\u00eav\u00e9 de pouvoir exprimer ce qu\u2019il n\u2019a pas eu le temps de dire \u00e0 ses proches, disparus ? Ce fantasme, au c\u0153ur de \u00ab\u00a0Quartier Lointain\u00a0\u00bb, est trait\u00e9 avec simplicit\u00e9 et m\u00eame une petite touche d\u2019humour (Thomas ne peut parfois s\u2019emp\u00eacher de parler comme l\u2019adulte qu\u2019il est ou d\u2019\u00e9voquer le futur avec un aplomb confondant).\u00a0\u00bb Il mettait \u00e9galement l&rsquo;accent sur les performances de com\u00e9diens, sobres, mais terriblement convaincants: \u00ab\u00a0\u2026 Il est l\u2019occasion de belles sc\u00e8nes entre L\u00e9o Legrand et une\u00a0<a title=\"Plus d'infos sur Alexandra Maria Lara\" href=\"http:\/\/www.lalibre.be\/search\/?query=Alexandra+Maria+Lara&amp;topic=Alexandra+Maria+Lara&amp;type=PN\">Alexandra Maria Lara<\/a> (<em>La chute, Control)<\/em> dont la palette du registre dramatique comme le multilinguisme ne cesse d\u2019\u00e9tonner. Jonathan Zacca\u00ef se tire plut\u00f4t bien du r\u00f4le difficile d\u2019un p\u00e8re qui n\u2019est d\u00e9j\u00e0 plus l\u00e0. \u2026 Mais on est surtout convaincu par l\u2019interpr\u00e9tation des jeunes acteurs : L\u00e9o Legrand, plut\u00f4t touchant et cr\u00e9dible, et Laura Martin (l\u2019amour de jeunesse de Thomas), d\u2019une remarquable maturit\u00e9 d\u2019actrice.\u00a0\u00bb<\/p>\n<p>&nbsp;<\/p>\n<p><a href=\"http:\/\/www.cinevox.be\/quartier-lointain-si-loin-si-proche\/qlo-1-2\/\" rel=\"attachment wp-att-12009\"><img loading=\"lazy\" decoding=\"async\" class=\"aligncenter size-full wp-image-12009\" title=\"Qlo 1\" src=\"http:\/\/www.cinevox.be\/wp-content\/uploads\/sites\/2\/2011\/12\/Qlo-1.jpg\" alt=\"\" width=\"760\" height=\"411\" srcset=\"https:\/\/welovecinema.be\/wp-content\/uploads\/sites\/2\/2011\/12\/Qlo-1.jpg 760w, https:\/\/welovecinema.be\/wp-content\/uploads\/sites\/2\/2011\/12\/Qlo-1-480x259.jpg 480w\" sizes=\"auto, (max-width: 760px) 100vw, 760px\" \/><\/a><\/p>\n<p>&nbsp;<\/p>\n<p>Une impression confirm\u00e9e aussi dans <a href=\"http:\/\/www.telerama.fr\/cinema\/films\/quartier-lointain,424022,photo.php\">Telerama<\/a> o\u00f9 <strong>C\u00e9cile Mury, apr\u00e8s avoir pass\u00e9 en revue les qualit\u00e9s des com\u00e9diens, ponctuait sur une comparaison originale : <\/strong>\u00ab\u00a0Comme dans\u00a0<em>Peggy Sue s&rsquo;est mari\u00e9e,<\/em> de Coppola, remonter le temps pour comprendre et accepter veut dire aussi savourer une derni\u00e8re fois la s\u00e8ve de la jeunesse, de tous les commencements. Dans un r\u00f4le d\u00e9licat &#8211; un adulte dans un corps de m\u00f4me -, le jeune L\u00e9o Legrand trouve le parfait \u00e9quilibre. Lors d&rsquo;une br\u00e8ve apparition clin d&rsquo;oeil, Jir\u00f4 Taniguchi sourit. Il a raison : la greffe a r\u00e9ussi.\u00a0\u00bb<\/p>\n<p>&nbsp;<\/p>\n<p>H\u00e9las, le soutien de la presse, en Belgique ou \u00e0 l&rsquo;\u00e9tranger, ainsi qu&rsquo;un reportage dans le JT de 20h de TF1, le dimanche pr\u00e9c\u00e9dent la sortie fran\u00e7aise, ne suffit pas \u00e0 donner envie aux spectateurs de se ruer dans les salles; m\u00eames les nombreux fans de la bande dessin\u00e9e ne firent pas \u00e0 cette adaptation la f\u00eate escompt\u00e9e.<\/p>\n<p>&nbsp;<\/p>\n<p><a href=\"http:\/\/www.cinevox.be\/quartier-lointain-si-loin-si-proche\/qlo-2-2\/\" rel=\"attachment wp-att-12014\"><img loading=\"lazy\" decoding=\"async\" class=\"aligncenter size-full wp-image-12014\" title=\"Qlo 2\" src=\"http:\/\/www.cinevox.be\/wp-content\/uploads\/sites\/2\/2011\/12\/Qlo-2.jpg\" alt=\"\" width=\"760\" height=\"411\" srcset=\"https:\/\/welovecinema.be\/wp-content\/uploads\/sites\/2\/2011\/12\/Qlo-2.jpg 760w, https:\/\/welovecinema.be\/wp-content\/uploads\/sites\/2\/2011\/12\/Qlo-2-480x259.jpg 480w\" sizes=\"auto, (max-width: 760px) 100vw, 760px\" \/><\/a><\/p>\n<p>&nbsp;<\/p>\n<p>Malgr\u00e9 (ou gr\u00e2ce) \u00e0 cet \u00e9chec commercial, <em>Quartier Lointain<\/em> a depuis lors acc\u00e9d\u00e9 au statut de film culte : une petite perle que les initi\u00e9s se refilent entre eux. Une vraie r\u00e9ussite m\u00e9connue, un long m\u00e9trage tr\u00e8s touchant, irradi\u00e9 par la superbe prestation d&rsquo;un <strong>Jonathan Zacca\u00ef<\/strong> d\u00e9concertant de naturel dans un r\u00f4le o\u00f9 il est tenaill\u00e9 entre le besoin de tout recommencer et celui d&rsquo;assurer, contre vents et mar\u00e9es, ses obligations de mari et de p\u00e8re.<\/p>\n<p>&nbsp;<\/p>\n<p>Il serait tr\u00e8s dommage de passer \u00e0 c\u00f4t\u00e9 de ce drame intimiste, troublant, subtil, plein d&rsquo;atmosph\u00e8re. \u00c9mouvant, surtout. D&rsquo;autant que vous pouvez donc le (re)d\u00e9couvrir\u00a0\u00e0 la t\u00e9l\u00e9 ce samedi (21h sur la Trois).<\/p>\n<p>Ne vous privez pas !<\/p>\n<p>&nbsp;<\/p>\n","protected":false},"excerpt":{"rendered":"<p>Par un curieux caprice du destin, Thomas, la cinquantaine, p\u00e8re de famille, \u00e9choue dans la ville de son enfance. Pris d\u2019un malaise dans le petit cimeti\u00e8re local, il se r\u00e9veille quarante ans plus t\u00f4t, dans son corps d\u2019adolescent. Dans ce pass\u00e9 qu&rsquo;il vit avec la conscience de sa vie \u00e9coul\u00e9e, il va non seulement retrouver &hellip;<\/p>\n","protected":false},"author":7,"featured_media":12011,"comment_status":"closed","ping_status":"closed","sticky":false,"template":"","format":"standard","meta":{"ngg_post_thumbnail":0,"footnotes":""},"categories":[53,7],"tags":[],"class_list":["post-12005","post","type-post","status-publish","format-standard","has-post-thumbnail","","category-coming-soon","category-actualites"],"yoast_head":"<!-- This site is optimized with the Yoast SEO plugin v20.4 - https:\/\/yoast.com\/wordpress\/plugins\/seo\/ -->\n<title>Quartier Lointain : Si loin, si proche - We Love Cinema<\/title>\n<meta name=\"robots\" content=\"index, follow, max-snippet:-1, max-image-preview:large, max-video-preview:-1\" \/>\n<link rel=\"canonical\" href=\"https:\/\/welovecinema.be\/fr\/quartier-lointain-si-loin-si-proche\/\" \/>\n<meta property=\"og:locale\" content=\"fr_FR\" \/>\n<meta property=\"og:type\" content=\"article\" \/>\n<meta property=\"og:title\" content=\"Quartier Lointain : Si loin, si proche - We Love Cinema\" \/>\n<meta property=\"og:description\" content=\"Par un curieux caprice du destin, Thomas, la cinquantaine, p\u00e8re de famille, \u00e9choue dans la ville de son enfance. Pris d\u2019un malaise dans le petit cimeti\u00e8re local, il se r\u00e9veille quarante ans plus t\u00f4t, dans son corps d\u2019adolescent. Dans ce pass\u00e9 qu&rsquo;il vit avec la conscience de sa vie \u00e9coul\u00e9e, il va non seulement retrouver &hellip;\" \/>\n<meta property=\"og:url\" content=\"https:\/\/welovecinema.be\/fr\/quartier-lointain-si-loin-si-proche\/\" \/>\n<meta property=\"og:site_name\" content=\"We Love Cinema\" \/>\n<meta property=\"article:publisher\" content=\"https:\/\/www.facebook.com\/welovecinema.be\" \/>\n<meta property=\"article:published_time\" content=\"2015-08-13T05:26:36+00:00\" \/>\n<meta property=\"article:modified_time\" content=\"2015-08-08T10:48:32+00:00\" \/>\n<meta property=\"og:image\" content=\"https:\/\/welovecinema.be\/wp-content\/uploads\/sites\/2\/2011\/12\/qlo-51.jpg\" \/>\n\t<meta property=\"og:image:width\" content=\"1200\" \/>\n\t<meta property=\"og:image:height\" content=\"687\" \/>\n\t<meta property=\"og:image:type\" content=\"image\/jpeg\" \/>\n<meta name=\"author\" content=\"Philippe.Pierquin\" \/>\n<meta name=\"twitter:card\" content=\"summary_large_image\" \/>\n<meta name=\"twitter:label1\" content=\"\u00c9crit par\" \/>\n\t<meta name=\"twitter:data1\" content=\"Philippe.Pierquin\" \/>\n\t<meta name=\"twitter:label2\" content=\"Dur\u00e9e de lecture estim\u00e9e\" \/>\n\t<meta name=\"twitter:data2\" content=\"5 minutes\" \/>\n<script type=\"application\/ld+json\" class=\"yoast-schema-graph\">{\"@context\":\"https:\/\/schema.org\",\"@graph\":[{\"@type\":\"Article\",\"@id\":\"https:\/\/welovecinema.be\/fr\/quartier-lointain-si-loin-si-proche\/#article\",\"isPartOf\":{\"@id\":\"https:\/\/welovecinema.be\/fr\/quartier-lointain-si-loin-si-proche\/\"},\"author\":{\"name\":\"Philippe.Pierquin\",\"@id\":\"https:\/\/welovecinema.be\/nl\/#\/schema\/person\/4b9b1d857f0943453a38a7c2859ef756\"},\"headline\":\"Quartier Lointain : Si loin, si proche\",\"datePublished\":\"2015-08-13T05:26:36+00:00\",\"dateModified\":\"2015-08-08T10:48:32+00:00\",\"mainEntityOfPage\":{\"@id\":\"https:\/\/welovecinema.be\/fr\/quartier-lointain-si-loin-si-proche\/\"},\"wordCount\":963,\"publisher\":{\"@id\":\"https:\/\/welovecinema.be\/nl\/#organization\"},\"articleSection\":[\"Coming soon\",\"News\"],\"inLanguage\":\"fr-FR\"},{\"@type\":\"WebPage\",\"@id\":\"https:\/\/welovecinema.be\/fr\/quartier-lointain-si-loin-si-proche\/\",\"url\":\"https:\/\/welovecinema.be\/fr\/quartier-lointain-si-loin-si-proche\/\",\"name\":\"Quartier Lointain : Si loin, si proche - We Love Cinema\",\"isPartOf\":{\"@id\":\"https:\/\/welovecinema.be\/nl\/#website\"},\"datePublished\":\"2015-08-13T05:26:36+00:00\",\"dateModified\":\"2015-08-08T10:48:32+00:00\",\"breadcrumb\":{\"@id\":\"https:\/\/welovecinema.be\/fr\/quartier-lointain-si-loin-si-proche\/#breadcrumb\"},\"inLanguage\":\"fr-FR\",\"potentialAction\":[{\"@type\":\"ReadAction\",\"target\":[\"https:\/\/welovecinema.be\/fr\/quartier-lointain-si-loin-si-proche\/\"]}]},{\"@type\":\"BreadcrumbList\",\"@id\":\"https:\/\/welovecinema.be\/fr\/quartier-lointain-si-loin-si-proche\/#breadcrumb\",\"itemListElement\":[{\"@type\":\"ListItem\",\"position\":1,\"name\":\"Accueil\",\"item\":\"https:\/\/welovecinema.be\/fr\/\"},{\"@type\":\"ListItem\",\"position\":2,\"name\":\"Quartier Lointain : Si loin, si proche\"}]},{\"@type\":\"WebSite\",\"@id\":\"https:\/\/welovecinema.be\/nl\/#website\",\"url\":\"https:\/\/welovecinema.be\/nl\/\",\"name\":\"We Love Cinema\",\"description\":\"Toute l\u2019information du cin\u00e9ma en Belgique\",\"publisher\":{\"@id\":\"https:\/\/welovecinema.be\/nl\/#organization\"},\"potentialAction\":[{\"@type\":\"SearchAction\",\"target\":{\"@type\":\"EntryPoint\",\"urlTemplate\":\"https:\/\/welovecinema.be\/nl\/?s={search_term_string}\"},\"query-input\":\"required name=search_term_string\"}],\"inLanguage\":\"fr-FR\"},{\"@type\":\"Organization\",\"@id\":\"https:\/\/welovecinema.be\/nl\/#organization\",\"name\":\"We Love Cinema\",\"url\":\"https:\/\/welovecinema.be\/nl\/\",\"logo\":{\"@type\":\"ImageObject\",\"inLanguage\":\"fr-FR\",\"@id\":\"https:\/\/welovecinema.be\/nl\/#\/schema\/logo\/image\/\",\"url\":\"https:\/\/welovecinema.be\/wp-content\/uploads\/sites\/2\/2023\/03\/Logo-We-Love-Cinema305x128.jpg\",\"contentUrl\":\"https:\/\/welovecinema.be\/wp-content\/uploads\/sites\/2\/2023\/03\/Logo-We-Love-Cinema305x128.jpg\",\"width\":305,\"height\":128,\"caption\":\"We Love Cinema\"},\"image\":{\"@id\":\"https:\/\/welovecinema.be\/nl\/#\/schema\/logo\/image\/\"},\"sameAs\":[\"https:\/\/www.facebook.com\/welovecinema.be\",\"https:\/\/www.youtube.com\/channel\/UCX5LYGVhnKvYauW4Nta4HJA\",\"https:\/\/www.instagram.com\/welovecinema.be\/\"]},{\"@type\":\"Person\",\"@id\":\"https:\/\/welovecinema.be\/nl\/#\/schema\/person\/4b9b1d857f0943453a38a7c2859ef756\",\"name\":\"Philippe.Pierquin\",\"url\":\"https:\/\/welovecinema.be\/fr\/author\/philippe-pierquin\/\"}]}<\/script>\n<!-- \/ Yoast SEO plugin. -->","yoast_head_json":{"title":"Quartier Lointain : Si loin, si proche - We Love Cinema","robots":{"index":"index","follow":"follow","max-snippet":"max-snippet:-1","max-image-preview":"max-image-preview:large","max-video-preview":"max-video-preview:-1"},"canonical":"https:\/\/welovecinema.be\/fr\/quartier-lointain-si-loin-si-proche\/","og_locale":"fr_FR","og_type":"article","og_title":"Quartier Lointain : Si loin, si proche - We Love Cinema","og_description":"Par un curieux caprice du destin, Thomas, la cinquantaine, p\u00e8re de famille, \u00e9choue dans la ville de son enfance. Pris d\u2019un malaise dans le petit cimeti\u00e8re local, il se r\u00e9veille quarante ans plus t\u00f4t, dans son corps d\u2019adolescent. Dans ce pass\u00e9 qu&rsquo;il vit avec la conscience de sa vie \u00e9coul\u00e9e, il va non seulement retrouver &hellip;","og_url":"https:\/\/welovecinema.be\/fr\/quartier-lointain-si-loin-si-proche\/","og_site_name":"We Love Cinema","article_publisher":"https:\/\/www.facebook.com\/welovecinema.be","article_published_time":"2015-08-13T05:26:36+00:00","article_modified_time":"2015-08-08T10:48:32+00:00","og_image":[{"width":"1200","height":"687","url":"https:\/\/welovecinema.be\/wp-content\/uploads\/sites\/2\/2011\/12\/qlo-51.jpg","type":"image\/jpeg"}],"author":"Philippe.Pierquin","twitter_card":"summary_large_image","twitter_misc":{"\u00c9crit par":"Philippe.Pierquin","Dur\u00e9e de lecture estim\u00e9e":"5 minutes"},"schema":{"@context":"https:\/\/schema.org","@graph":[{"@type":"Article","@id":"https:\/\/welovecinema.be\/fr\/quartier-lointain-si-loin-si-proche\/#article","isPartOf":{"@id":"https:\/\/welovecinema.be\/fr\/quartier-lointain-si-loin-si-proche\/"},"author":{"name":"Philippe.Pierquin","@id":"https:\/\/welovecinema.be\/nl\/#\/schema\/person\/4b9b1d857f0943453a38a7c2859ef756"},"headline":"Quartier Lointain : Si loin, si proche","datePublished":"2015-08-13T05:26:36+00:00","dateModified":"2015-08-08T10:48:32+00:00","mainEntityOfPage":{"@id":"https:\/\/welovecinema.be\/fr\/quartier-lointain-si-loin-si-proche\/"},"wordCount":963,"publisher":{"@id":"https:\/\/welovecinema.be\/nl\/#organization"},"articleSection":["Coming soon","News"],"inLanguage":"fr-FR"},{"@type":"WebPage","@id":"https:\/\/welovecinema.be\/fr\/quartier-lointain-si-loin-si-proche\/","url":"https:\/\/welovecinema.be\/fr\/quartier-lointain-si-loin-si-proche\/","name":"Quartier Lointain : Si loin, si proche - We Love Cinema","isPartOf":{"@id":"https:\/\/welovecinema.be\/nl\/#website"},"datePublished":"2015-08-13T05:26:36+00:00","dateModified":"2015-08-08T10:48:32+00:00","breadcrumb":{"@id":"https:\/\/welovecinema.be\/fr\/quartier-lointain-si-loin-si-proche\/#breadcrumb"},"inLanguage":"fr-FR","potentialAction":[{"@type":"ReadAction","target":["https:\/\/welovecinema.be\/fr\/quartier-lointain-si-loin-si-proche\/"]}]},{"@type":"BreadcrumbList","@id":"https:\/\/welovecinema.be\/fr\/quartier-lointain-si-loin-si-proche\/#breadcrumb","itemListElement":[{"@type":"ListItem","position":1,"name":"Accueil","item":"https:\/\/welovecinema.be\/fr\/"},{"@type":"ListItem","position":2,"name":"Quartier Lointain : Si loin, si proche"}]},{"@type":"WebSite","@id":"https:\/\/welovecinema.be\/nl\/#website","url":"https:\/\/welovecinema.be\/nl\/","name":"We Love Cinema","description":"Toute l\u2019information du cin\u00e9ma en Belgique","publisher":{"@id":"https:\/\/welovecinema.be\/nl\/#organization"},"potentialAction":[{"@type":"SearchAction","target":{"@type":"EntryPoint","urlTemplate":"https:\/\/welovecinema.be\/nl\/?s={search_term_string}"},"query-input":"required name=search_term_string"}],"inLanguage":"fr-FR"},{"@type":"Organization","@id":"https:\/\/welovecinema.be\/nl\/#organization","name":"We Love Cinema","url":"https:\/\/welovecinema.be\/nl\/","logo":{"@type":"ImageObject","inLanguage":"fr-FR","@id":"https:\/\/welovecinema.be\/nl\/#\/schema\/logo\/image\/","url":"https:\/\/welovecinema.be\/wp-content\/uploads\/sites\/2\/2023\/03\/Logo-We-Love-Cinema305x128.jpg","contentUrl":"https:\/\/welovecinema.be\/wp-content\/uploads\/sites\/2\/2023\/03\/Logo-We-Love-Cinema305x128.jpg","width":305,"height":128,"caption":"We Love Cinema"},"image":{"@id":"https:\/\/welovecinema.be\/nl\/#\/schema\/logo\/image\/"},"sameAs":["https:\/\/www.facebook.com\/welovecinema.be","https:\/\/www.youtube.com\/channel\/UCX5LYGVhnKvYauW4Nta4HJA","https:\/\/www.instagram.com\/welovecinema.be\/"]},{"@type":"Person","@id":"https:\/\/welovecinema.be\/nl\/#\/schema\/person\/4b9b1d857f0943453a38a7c2859ef756","name":"Philippe.Pierquin","url":"https:\/\/welovecinema.be\/fr\/author\/philippe-pierquin\/"}]}},"_links":{"self":[{"href":"https:\/\/welovecinema.be\/fr\/wp-json\/wp\/v2\/posts\/12005","targetHints":{"allow":["GET"]}}],"collection":[{"href":"https:\/\/welovecinema.be\/fr\/wp-json\/wp\/v2\/posts"}],"about":[{"href":"https:\/\/welovecinema.be\/fr\/wp-json\/wp\/v2\/types\/post"}],"author":[{"embeddable":true,"href":"https:\/\/welovecinema.be\/fr\/wp-json\/wp\/v2\/users\/7"}],"replies":[{"embeddable":true,"href":"https:\/\/welovecinema.be\/fr\/wp-json\/wp\/v2\/comments?post=12005"}],"version-history":[{"count":0,"href":"https:\/\/welovecinema.be\/fr\/wp-json\/wp\/v2\/posts\/12005\/revisions"}],"wp:featuredmedia":[{"embeddable":true,"href":"https:\/\/welovecinema.be\/fr\/wp-json\/wp\/v2\/media\/12011"}],"wp:attachment":[{"href":"https:\/\/welovecinema.be\/fr\/wp-json\/wp\/v2\/media?parent=12005"}],"wp:term":[{"taxonomy":"category","embeddable":true,"href":"https:\/\/welovecinema.be\/fr\/wp-json\/wp\/v2\/categories?post=12005"},{"taxonomy":"post_tag","embeddable":true,"href":"https:\/\/welovecinema.be\/fr\/wp-json\/wp\/v2\/tags?post=12005"}],"curies":[{"name":"wp","href":"https:\/\/api.w.org\/{rel}","templated":true}]}}