{"id":11784,"date":"2011-12-06T11:44:03","date_gmt":"2011-12-06T11:44:03","guid":{"rendered":"http:\/\/www.cinevox.be\/?p=11784"},"modified":"2011-12-06T11:51:05","modified_gmt":"2011-12-06T11:51:05","slug":"eop-festival-le-triomphe-de-la-difference%e2%80%a6-et-du-cinema","status":"publish","type":"post","link":"https:\/\/welovecinema.be\/fr\/eop-festival-le-triomphe-de-la-difference%e2%80%a6-et-du-cinema\/","title":{"rendered":"eop ! festival <br> Le triomphe de la diff\u00e9rence\u2026 et du cin\u00e9ma"},"content":{"rendered":"<p>Le <em>eop! Festival <\/em>ne pouvait tomber \u00e0 un meilleur moment. Alors que <em>Les Intouchables<\/em> s\u00e8ment la panique dans les box offices belges et fran\u00e7ais et qu&rsquo;<em>Hasta La Vista <\/em>bouscule le cin\u00e9ma flamand, le week-end m\u00eame o\u00f9 <em>Adem<\/em> remporte le <em>Discovery Award<\/em> lors des European Film Awards, une manifestation consacr\u00e9e aux gens diff\u00e9rents, extra et ordinaires, allait de soi. Mais cela fait deux ans que les organisateurs travaillent \u00e0 ce projet, \u00e9labor\u00e9 comme dirait Hughes Dayez <em>In Tempore non suspecto<\/em>.<\/p>\n<p><!--more--><\/p>\n<p>&nbsp;<\/p>\n<p><a rel=\"attachment wp-att-11785\" href=\"http:\/\/www.cinevox.be\/eop-festival-le-triomphe-de-la-difference%e2%80%a6-et-du-cinema\/_ant0049-2\/\"><img loading=\"lazy\" decoding=\"async\" class=\"alignright size-large wp-image-11785\" title=\"_ANT0049\" src=\"http:\/\/www.cinevox.be\/wp-content\/uploads\/sites\/2\/2011\/12\/ANT0049-800x532.jpg\" alt=\"\" width=\"448\" height=\"298\" srcset=\"https:\/\/welovecinema.be\/wp-content\/uploads\/sites\/2\/2011\/12\/ANT0049-800x532.jpg 800w, https:\/\/welovecinema.be\/wp-content\/uploads\/sites\/2\/2011\/12\/ANT0049-406x270.jpg 406w, https:\/\/welovecinema.be\/wp-content\/uploads\/sites\/2\/2011\/12\/ANT0049.jpg 1200w\" sizes=\"auto, (max-width: 448px) 100vw, 448px\" \/><\/a>Imaginer <a href=\"http:\/\/www.cinevox.be\/?p=11600\" target=\"_blank\">un festival de cin\u00e9ma<\/a> autour d&rsquo;un th\u00e8me aussi sensible, avec la volont\u00e9 de modifier durablement l&rsquo;image du handicap aupr\u00e8s du grand public, est naturellement fort g\u00e9n\u00e9reux. Encore faut-il que le succ\u00e8s soit au rendez-vous et qu&rsquo;on ne se cantonne pas \u00e0 une simple note d&rsquo;intention. Encore faut-il que le message passe au-del\u00e0 des cercles habituellement concern\u00e9s.<\/p>\n<p>&nbsp;<\/p>\n<p>La faramineuse r\u00e9ussite qu&rsquo;a connue la manifestation ce week-end tend \u00e0 prouver que quelque chose est en train de changer radicalement. Qu&rsquo;une prise de conscience est en marche et qu&rsquo;une forme d&rsquo;altruisme (humanisme?) semble prendre le pas sur des consid\u00e9rations individualistes totalement \u00e9go\u00efstes. Que des tas de spectateurs se retrouvent au eop! Festival pour d\u00e9couvrir les horizons diff\u00e9rents des gens qui nous c\u00f4toient et qui ne peuvent pas faire aussi facilement tout ce que nous faisons est un signe tr\u00e8s positif.<\/p>\n<p>&nbsp;<\/p>\n<p><a rel=\"attachment wp-att-11789\" href=\"http:\/\/www.cinevox.be\/eop-festival-le-triomphe-de-la-difference%e2%80%a6-et-du-cinema\/_man9567\/\"><img loading=\"lazy\" decoding=\"async\" class=\"aligncenter size-full wp-image-11789\" title=\"_MAN9567\" src=\"http:\/\/www.cinevox.be\/wp-content\/uploads\/sites\/2\/2011\/12\/MAN9567.jpg\" alt=\"\" width=\"1200\" height=\"798\" srcset=\"https:\/\/welovecinema.be\/wp-content\/uploads\/sites\/2\/2011\/12\/MAN9567.jpg 1200w, https:\/\/welovecinema.be\/wp-content\/uploads\/sites\/2\/2011\/12\/MAN9567-406x270.jpg 406w, https:\/\/welovecinema.be\/wp-content\/uploads\/sites\/2\/2011\/12\/MAN9567-800x532.jpg 800w\" sizes=\"auto, (max-width: 1200px) 100vw, 1200px\" \/><\/a><\/p>\n<p>&nbsp;<\/p>\n<p>Que cette manifestation, au-del\u00e0 de sa port\u00e9e philosophique, permette \u00e9galement de visionner de formidables films in\u00e9dits chez nous est une autre \u00e9norme satisfaction. \u00c0 l&rsquo;issue des trois jours de projections, des r\u00e9compenses purement cin\u00e9matographiques ont donc \u00e9t\u00e9 l\u00e9gitimement attribu\u00e9es.<\/p>\n<p>&nbsp;<\/p>\n<p style=\"text-align: right;\"><a rel=\"attachment wp-att-11804\" href=\"http:\/\/www.cinevox.be\/eop-festival-le-triomphe-de-la-difference%e2%80%a6-et-du-cinema\/_man9548-2\/\"><img loading=\"lazy\" decoding=\"async\" class=\"aligncenter size-full wp-image-11804\" title=\"_MAN9548\" src=\"http:\/\/www.cinevox.be\/wp-content\/uploads\/sites\/2\/2011\/12\/MAN95481.jpg\" alt=\"\" width=\"1200\" height=\"798\" srcset=\"https:\/\/welovecinema.be\/wp-content\/uploads\/sites\/2\/2011\/12\/MAN95481.jpg 1200w, https:\/\/welovecinema.be\/wp-content\/uploads\/sites\/2\/2011\/12\/MAN95481-406x270.jpg 406w, https:\/\/welovecinema.be\/wp-content\/uploads\/sites\/2\/2011\/12\/MAN95481-800x532.jpg 800w\" sizes=\"auto, (max-width: 1200px) 100vw, 1200px\" \/><\/a><em>Luc Boland, l&rsquo;organisateurde l&rsquo;eop! Festival<\/em><\/p>\n<p>&nbsp;<\/p>\n<p><a rel=\"attachment wp-att-11790\" href=\"http:\/\/www.cinevox.be\/eop-festival-le-triomphe-de-la-difference%e2%80%a6-et-du-cinema\/_man0024-2\/\"><img loading=\"lazy\" decoding=\"async\" class=\"aligncenter size-full wp-image-11790\" title=\"_MAN0024\" src=\"http:\/\/www.cinevox.be\/wp-content\/uploads\/sites\/2\/2011\/12\/MAN00241.jpg\" alt=\"\" width=\"1200\" height=\"798\" srcset=\"https:\/\/welovecinema.be\/wp-content\/uploads\/sites\/2\/2011\/12\/MAN00241.jpg 1200w, https:\/\/welovecinema.be\/wp-content\/uploads\/sites\/2\/2011\/12\/MAN00241-406x270.jpg 406w, https:\/\/welovecinema.be\/wp-content\/uploads\/sites\/2\/2011\/12\/MAN00241-800x532.jpg 800w\" sizes=\"auto, (max-width: 1200px) 100vw, 1200px\" \/><\/a><\/p>\n<p>&nbsp;<\/p>\n<p>Le Prix SACD-Scam est revenu \u00e0\u00a0 <em>Nobody&rsquo;s perfect<\/em> de <strong>Niko Von Glasow<\/strong>, le prix du public court-m\u00e9trage est all\u00e9\u00a0 \u00e0 <em>Mon petit fr\u00e8re de la lune<\/em> de <strong>Fr\u00e9d\u00e9ric Philibert<\/strong>, le Prix court-m\u00e9trage RTBF : \u00e0 <em>Luneville<\/em> de <strong>S\u00e9bastien Petit<\/strong> et le Grand Prix RTBF-EOP! \u00e0 <em>The cost of living<\/em> de <strong>Lloyd Newson<\/strong>.<\/p>\n<p>&nbsp;<\/p>\n<p>Et puis, sans grande surprise, le film belge ph\u00e9nom\u00e8ne du moment, <em>Hasta la Vista<\/em> a remport\u00e9 deux troph\u00e9es : le Prix Cap48 et prix du public. L&rsquo;occasion pour <strong>Geoffrey Enthoven<\/strong> le r\u00e9alisateur et <strong>Isabelle de Hertogh<\/strong>, l&rsquo;actrice principale de monter sur sc\u00e8ne pour r\u00e9colter ces nouvelles distinctions qui s&rsquo;ajoutent une liste impressionnante de satisfaction en tout genre.<\/p>\n<p>Omnipr\u00e9sente pendant la manifestation, <strong>Marianne Grimont<\/strong> nous livre quelques clich\u00e9s-souvenirs. En attendant une deuxi\u00e8me \u00e9dition confirm\u00e9e en 2012<\/p>\n<p>&nbsp;<\/p>\n<p style=\"text-align: right;\"><a rel=\"attachment wp-att-11791\" href=\"http:\/\/www.cinevox.be\/eop-festival-le-triomphe-de-la-difference%e2%80%a6-et-du-cinema\/_man9792\/\"><img loading=\"lazy\" decoding=\"async\" class=\"aligncenter size-full wp-image-11791\" title=\"_MAN9792\" src=\"http:\/\/www.cinevox.be\/wp-content\/uploads\/sites\/2\/2011\/12\/MAN9792.jpg\" alt=\"\" width=\"1200\" height=\"798\" srcset=\"https:\/\/welovecinema.be\/wp-content\/uploads\/sites\/2\/2011\/12\/MAN9792.jpg 1200w, https:\/\/welovecinema.be\/wp-content\/uploads\/sites\/2\/2011\/12\/MAN9792-406x270.jpg 406w, https:\/\/welovecinema.be\/wp-content\/uploads\/sites\/2\/2011\/12\/MAN9792-800x532.jpg 800w\" sizes=\"auto, (max-width: 1200px) 100vw, 1200px\" \/><\/a><em>Isabelle de Hertogh, la r\u00e9v\u00e9lation de l&rsquo;ann\u00e9e\u00a0pour\u00a0le grand public?<\/em><\/p>\n<p>&nbsp;<\/p>\n<p style=\"text-align: right;\"><a rel=\"attachment wp-att-11792\" href=\"http:\/\/www.cinevox.be\/eop-festival-le-triomphe-de-la-difference%e2%80%a6-et-du-cinema\/_man9799\/\"><img loading=\"lazy\" decoding=\"async\" class=\"aligncenter size-full wp-image-11792\" title=\"_MAN9799\" src=\"http:\/\/www.cinevox.be\/wp-content\/uploads\/sites\/2\/2011\/12\/MAN9799.jpg\" alt=\"\" width=\"1200\" height=\"798\" srcset=\"https:\/\/welovecinema.be\/wp-content\/uploads\/sites\/2\/2011\/12\/MAN9799.jpg 1200w, https:\/\/welovecinema.be\/wp-content\/uploads\/sites\/2\/2011\/12\/MAN9799-406x270.jpg 406w, https:\/\/welovecinema.be\/wp-content\/uploads\/sites\/2\/2011\/12\/MAN9799-800x532.jpg 800w\" sizes=\"auto, (max-width: 1200px) 100vw, 1200px\" \/><\/a><em>eop! Un festival triste? Pas vraiment !<\/em><\/p>\n<p>&nbsp;<\/p>\n<p><a rel=\"attachment wp-att-11793\" href=\"http:\/\/www.cinevox.be\/eop-festival-le-triomphe-de-la-difference%e2%80%a6-et-du-cinema\/_man9787\/\"><img loading=\"lazy\" decoding=\"async\" class=\"aligncenter size-full wp-image-11793\" title=\"_MAN9787\" src=\"http:\/\/www.cinevox.be\/wp-content\/uploads\/sites\/2\/2011\/12\/MAN9787.jpg\" alt=\"\" width=\"1200\" height=\"798\" srcset=\"https:\/\/welovecinema.be\/wp-content\/uploads\/sites\/2\/2011\/12\/MAN9787.jpg 1200w, https:\/\/welovecinema.be\/wp-content\/uploads\/sites\/2\/2011\/12\/MAN9787-406x270.jpg 406w, https:\/\/welovecinema.be\/wp-content\/uploads\/sites\/2\/2011\/12\/MAN9787-800x532.jpg 800w\" sizes=\"auto, (max-width: 1200px) 100vw, 1200px\" \/><\/a><\/p>\n<p style=\"text-align: right;\"><em>Geoffrey Enthoven, un r\u00e9alisateur combl\u00e9 <\/em><\/p>\n<p>&nbsp;<\/p>\n<p><a rel=\"attachment wp-att-11805\" href=\"http:\/\/www.cinevox.be\/eop-festival-le-triomphe-de-la-difference%e2%80%a6-et-du-cinema\/_man9479-1\/\"><img loading=\"lazy\" decoding=\"async\" class=\"aligncenter size-full wp-image-11805\" title=\"_MAN9479 (1)\" src=\"http:\/\/www.cinevox.be\/wp-content\/uploads\/sites\/2\/2011\/12\/MAN9479-1.jpg\" alt=\"\" width=\"1200\" height=\"798\" srcset=\"https:\/\/welovecinema.be\/wp-content\/uploads\/sites\/2\/2011\/12\/MAN9479-1.jpg 1200w, https:\/\/welovecinema.be\/wp-content\/uploads\/sites\/2\/2011\/12\/MAN9479-1-406x270.jpg 406w, https:\/\/welovecinema.be\/wp-content\/uploads\/sites\/2\/2011\/12\/MAN9479-1-800x532.jpg 800w\" sizes=\"auto, (max-width: 1200px) 100vw, 1200px\" \/><\/a><\/p>\n<p>&nbsp;<\/p>\n<p><a rel=\"attachment wp-att-11806\" href=\"http:\/\/www.cinevox.be\/eop-festival-le-triomphe-de-la-difference%e2%80%a6-et-du-cinema\/_man9622-1\/\"><img loading=\"lazy\" decoding=\"async\" class=\"aligncenter size-full wp-image-11806\" title=\"_MAN9622 (1)\" src=\"http:\/\/www.cinevox.be\/wp-content\/uploads\/sites\/2\/2011\/12\/MAN9622-1.jpg\" alt=\"\" width=\"1200\" height=\"798\" srcset=\"https:\/\/welovecinema.be\/wp-content\/uploads\/sites\/2\/2011\/12\/MAN9622-1.jpg 1200w, https:\/\/welovecinema.be\/wp-content\/uploads\/sites\/2\/2011\/12\/MAN9622-1-406x270.jpg 406w, https:\/\/welovecinema.be\/wp-content\/uploads\/sites\/2\/2011\/12\/MAN9622-1-800x532.jpg 800w\" sizes=\"auto, (max-width: 1200px) 100vw, 1200px\" \/><\/a><\/p>\n<p>&nbsp;<\/p>\n<p style=\"text-align: center;\"><a rel=\"attachment wp-att-11807\" href=\"http:\/\/www.cinevox.be\/eop-festival-le-triomphe-de-la-difference%e2%80%a6-et-du-cinema\/_man9959\/\"><img loading=\"lazy\" decoding=\"async\" class=\"aligncenter size-full wp-image-11807\" title=\"_MAN9959\" src=\"http:\/\/www.cinevox.be\/wp-content\/uploads\/sites\/2\/2011\/12\/MAN9959.jpg\" alt=\"\" width=\"479\" height=\"720\" srcset=\"https:\/\/welovecinema.be\/wp-content\/uploads\/sites\/2\/2011\/12\/MAN9959.jpg 798w, https:\/\/welovecinema.be\/wp-content\/uploads\/sites\/2\/2011\/12\/MAN9959-179x270.jpg 179w, https:\/\/welovecinema.be\/wp-content\/uploads\/sites\/2\/2011\/12\/MAN9959-399x600.jpg 399w\" sizes=\"auto, (max-width: 479px) 100vw, 479px\" \/><\/a><\/p>\n<p style=\"text-align: right;\">Le prix du public\u00a0pour\u00a0couronner<em> Hasta La Vista <\/em>: la plus belle conclusion d&rsquo;un festival extra-ordinaire !<\/p>\n","protected":false},"excerpt":{"rendered":"<p>Le eop! Festival ne pouvait tomber \u00e0 un meilleur moment. Alors que Les Intouchables s\u00e8ment la panique dans les box offices belges et fran\u00e7ais et qu&rsquo;Hasta La Vista bouscule le cin\u00e9ma flamand, le week-end m\u00eame o\u00f9 Adem remporte le Discovery Award lors des European Film Awards, une manifestation consacr\u00e9e aux gens diff\u00e9rents, extra et ordinaires, &hellip;<\/p>\n","protected":false},"author":7,"featured_media":11798,"comment_status":"closed","ping_status":"closed","sticky":false,"template":"","format":"standard","meta":{"ngg_post_thumbnail":0,"footnotes":""},"categories":[1923,7],"tags":[],"class_list":["post-11784","post","type-post","status-publish","format-standard","has-post-thumbnail","","category-en-bref","category-actualites"],"yoast_head":"<!-- This site is optimized with the Yoast SEO plugin v20.4 - https:\/\/yoast.com\/wordpress\/plugins\/seo\/ -->\n<title>eop ! festival  Le triomphe de la diff\u00e9rence\u2026 et du cin\u00e9ma - We Love Cinema<\/title>\n<meta name=\"robots\" content=\"index, follow, max-snippet:-1, max-image-preview:large, max-video-preview:-1\" \/>\n<link rel=\"canonical\" href=\"https:\/\/welovecinema.be\/fr\/eop-festival-le-triomphe-de-la-difference\u2026-et-du-cinema\/\" \/>\n<meta property=\"og:locale\" content=\"fr_FR\" \/>\n<meta property=\"og:type\" content=\"article\" \/>\n<meta property=\"og:title\" content=\"eop ! festival  Le triomphe de la diff\u00e9rence\u2026 et du cin\u00e9ma - We Love Cinema\" \/>\n<meta property=\"og:description\" content=\"Le eop! Festival ne pouvait tomber \u00e0 un meilleur moment. Alors que Les Intouchables s\u00e8ment la panique dans les box offices belges et fran\u00e7ais et qu&rsquo;Hasta La Vista bouscule le cin\u00e9ma flamand, le week-end m\u00eame o\u00f9 Adem remporte le Discovery Award lors des European Film Awards, une manifestation consacr\u00e9e aux gens diff\u00e9rents, extra et ordinaires, &hellip;\" \/>\n<meta property=\"og:url\" content=\"https:\/\/welovecinema.be\/fr\/eop-festival-le-triomphe-de-la-difference\u2026-et-du-cinema\/\" \/>\n<meta property=\"og:site_name\" content=\"We Love Cinema\" \/>\n<meta property=\"article:publisher\" content=\"https:\/\/www.facebook.com\/welovecinema.be\" \/>\n<meta property=\"article:published_time\" content=\"2011-12-06T11:44:03+00:00\" \/>\n<meta property=\"article:modified_time\" content=\"2011-12-06T11:51:05+00:00\" \/>\n<meta property=\"og:image\" content=\"https:\/\/welovecinema.be\/wp-content\/uploads\/sites\/2\/2011\/12\/MAN9552.jpg\" \/>\n\t<meta property=\"og:image:width\" content=\"1200\" \/>\n\t<meta property=\"og:image:height\" content=\"798\" \/>\n\t<meta property=\"og:image:type\" content=\"image\/jpeg\" \/>\n<meta name=\"author\" content=\"Philippe.Pierquin\" \/>\n<meta name=\"twitter:card\" content=\"summary_large_image\" \/>\n<meta name=\"twitter:label1\" content=\"\u00c9crit par\" \/>\n\t<meta name=\"twitter:data1\" content=\"Philippe.Pierquin\" \/>\n\t<meta name=\"twitter:label2\" content=\"Dur\u00e9e de lecture estim\u00e9e\" \/>\n\t<meta name=\"twitter:data2\" content=\"2 minutes\" \/>\n<script type=\"application\/ld+json\" class=\"yoast-schema-graph\">{\"@context\":\"https:\/\/schema.org\",\"@graph\":[{\"@type\":\"Article\",\"@id\":\"https:\/\/welovecinema.be\/fr\/eop-festival-le-triomphe-de-la-difference%e2%80%a6-et-du-cinema\/#article\",\"isPartOf\":{\"@id\":\"https:\/\/welovecinema.be\/fr\/eop-festival-le-triomphe-de-la-difference%e2%80%a6-et-du-cinema\/\"},\"author\":{\"name\":\"Philippe.Pierquin\",\"@id\":\"https:\/\/welovecinema.be\/nl\/#\/schema\/person\/4b9b1d857f0943453a38a7c2859ef756\"},\"headline\":\"eop ! festival Le triomphe de la diff\u00e9rence\u2026 et du cin\u00e9ma\",\"datePublished\":\"2011-12-06T11:44:03+00:00\",\"dateModified\":\"2011-12-06T11:51:05+00:00\",\"mainEntityOfPage\":{\"@id\":\"https:\/\/welovecinema.be\/fr\/eop-festival-le-triomphe-de-la-difference%e2%80%a6-et-du-cinema\/\"},\"wordCount\":504,\"publisher\":{\"@id\":\"https:\/\/welovecinema.be\/nl\/#organization\"},\"articleSection\":[\"En bref\",\"News\"],\"inLanguage\":\"fr-FR\"},{\"@type\":\"WebPage\",\"@id\":\"https:\/\/welovecinema.be\/fr\/eop-festival-le-triomphe-de-la-difference%e2%80%a6-et-du-cinema\/\",\"url\":\"https:\/\/welovecinema.be\/fr\/eop-festival-le-triomphe-de-la-difference%e2%80%a6-et-du-cinema\/\",\"name\":\"eop ! festival Le triomphe de la diff\u00e9rence\u2026 et du cin\u00e9ma - We Love Cinema\",\"isPartOf\":{\"@id\":\"https:\/\/welovecinema.be\/nl\/#website\"},\"datePublished\":\"2011-12-06T11:44:03+00:00\",\"dateModified\":\"2011-12-06T11:51:05+00:00\",\"breadcrumb\":{\"@id\":\"https:\/\/welovecinema.be\/fr\/eop-festival-le-triomphe-de-la-difference%e2%80%a6-et-du-cinema\/#breadcrumb\"},\"inLanguage\":\"fr-FR\",\"potentialAction\":[{\"@type\":\"ReadAction\",\"target\":[\"https:\/\/welovecinema.be\/fr\/eop-festival-le-triomphe-de-la-difference%e2%80%a6-et-du-cinema\/\"]}]},{\"@type\":\"BreadcrumbList\",\"@id\":\"https:\/\/welovecinema.be\/fr\/eop-festival-le-triomphe-de-la-difference%e2%80%a6-et-du-cinema\/#breadcrumb\",\"itemListElement\":[{\"@type\":\"ListItem\",\"position\":1,\"name\":\"Accueil\",\"item\":\"https:\/\/welovecinema.be\/fr\/\"},{\"@type\":\"ListItem\",\"position\":2,\"name\":\"eop ! festival Le triomphe de la diff\u00e9rence\u2026 et du cin\u00e9ma\"}]},{\"@type\":\"WebSite\",\"@id\":\"https:\/\/welovecinema.be\/nl\/#website\",\"url\":\"https:\/\/welovecinema.be\/nl\/\",\"name\":\"We Love Cinema\",\"description\":\"Toute l\u2019information du cin\u00e9ma en Belgique\",\"publisher\":{\"@id\":\"https:\/\/welovecinema.be\/nl\/#organization\"},\"potentialAction\":[{\"@type\":\"SearchAction\",\"target\":{\"@type\":\"EntryPoint\",\"urlTemplate\":\"https:\/\/welovecinema.be\/nl\/?s={search_term_string}\"},\"query-input\":\"required name=search_term_string\"}],\"inLanguage\":\"fr-FR\"},{\"@type\":\"Organization\",\"@id\":\"https:\/\/welovecinema.be\/nl\/#organization\",\"name\":\"We Love Cinema\",\"url\":\"https:\/\/welovecinema.be\/nl\/\",\"logo\":{\"@type\":\"ImageObject\",\"inLanguage\":\"fr-FR\",\"@id\":\"https:\/\/welovecinema.be\/nl\/#\/schema\/logo\/image\/\",\"url\":\"https:\/\/welovecinema.be\/wp-content\/uploads\/sites\/2\/2023\/03\/Logo-We-Love-Cinema305x128.jpg\",\"contentUrl\":\"https:\/\/welovecinema.be\/wp-content\/uploads\/sites\/2\/2023\/03\/Logo-We-Love-Cinema305x128.jpg\",\"width\":305,\"height\":128,\"caption\":\"We Love Cinema\"},\"image\":{\"@id\":\"https:\/\/welovecinema.be\/nl\/#\/schema\/logo\/image\/\"},\"sameAs\":[\"https:\/\/www.facebook.com\/welovecinema.be\",\"https:\/\/www.youtube.com\/channel\/UCX5LYGVhnKvYauW4Nta4HJA\",\"https:\/\/www.instagram.com\/welovecinema.be\/\"]},{\"@type\":\"Person\",\"@id\":\"https:\/\/welovecinema.be\/nl\/#\/schema\/person\/4b9b1d857f0943453a38a7c2859ef756\",\"name\":\"Philippe.Pierquin\",\"url\":\"https:\/\/welovecinema.be\/fr\/author\/philippe-pierquin\/\"}]}<\/script>\n<!-- \/ Yoast SEO plugin. -->","yoast_head_json":{"title":"eop ! festival  Le triomphe de la diff\u00e9rence\u2026 et du cin\u00e9ma - We Love Cinema","robots":{"index":"index","follow":"follow","max-snippet":"max-snippet:-1","max-image-preview":"max-image-preview:large","max-video-preview":"max-video-preview:-1"},"canonical":"https:\/\/welovecinema.be\/fr\/eop-festival-le-triomphe-de-la-difference\u2026-et-du-cinema\/","og_locale":"fr_FR","og_type":"article","og_title":"eop ! festival  Le triomphe de la diff\u00e9rence\u2026 et du cin\u00e9ma - We Love Cinema","og_description":"Le eop! Festival ne pouvait tomber \u00e0 un meilleur moment. Alors que Les Intouchables s\u00e8ment la panique dans les box offices belges et fran\u00e7ais et qu&rsquo;Hasta La Vista bouscule le cin\u00e9ma flamand, le week-end m\u00eame o\u00f9 Adem remporte le Discovery Award lors des European Film Awards, une manifestation consacr\u00e9e aux gens diff\u00e9rents, extra et ordinaires, &hellip;","og_url":"https:\/\/welovecinema.be\/fr\/eop-festival-le-triomphe-de-la-difference\u2026-et-du-cinema\/","og_site_name":"We Love Cinema","article_publisher":"https:\/\/www.facebook.com\/welovecinema.be","article_published_time":"2011-12-06T11:44:03+00:00","article_modified_time":"2011-12-06T11:51:05+00:00","og_image":[{"width":"1200","height":"798","url":"https:\/\/welovecinema.be\/wp-content\/uploads\/sites\/2\/2011\/12\/MAN9552.jpg","type":"image\/jpeg"}],"author":"Philippe.Pierquin","twitter_card":"summary_large_image","twitter_misc":{"\u00c9crit par":"Philippe.Pierquin","Dur\u00e9e de lecture estim\u00e9e":"2 minutes"},"schema":{"@context":"https:\/\/schema.org","@graph":[{"@type":"Article","@id":"https:\/\/welovecinema.be\/fr\/eop-festival-le-triomphe-de-la-difference%e2%80%a6-et-du-cinema\/#article","isPartOf":{"@id":"https:\/\/welovecinema.be\/fr\/eop-festival-le-triomphe-de-la-difference%e2%80%a6-et-du-cinema\/"},"author":{"name":"Philippe.Pierquin","@id":"https:\/\/welovecinema.be\/nl\/#\/schema\/person\/4b9b1d857f0943453a38a7c2859ef756"},"headline":"eop ! festival Le triomphe de la diff\u00e9rence\u2026 et du cin\u00e9ma","datePublished":"2011-12-06T11:44:03+00:00","dateModified":"2011-12-06T11:51:05+00:00","mainEntityOfPage":{"@id":"https:\/\/welovecinema.be\/fr\/eop-festival-le-triomphe-de-la-difference%e2%80%a6-et-du-cinema\/"},"wordCount":504,"publisher":{"@id":"https:\/\/welovecinema.be\/nl\/#organization"},"articleSection":["En bref","News"],"inLanguage":"fr-FR"},{"@type":"WebPage","@id":"https:\/\/welovecinema.be\/fr\/eop-festival-le-triomphe-de-la-difference%e2%80%a6-et-du-cinema\/","url":"https:\/\/welovecinema.be\/fr\/eop-festival-le-triomphe-de-la-difference%e2%80%a6-et-du-cinema\/","name":"eop ! festival Le triomphe de la diff\u00e9rence\u2026 et du cin\u00e9ma - We Love Cinema","isPartOf":{"@id":"https:\/\/welovecinema.be\/nl\/#website"},"datePublished":"2011-12-06T11:44:03+00:00","dateModified":"2011-12-06T11:51:05+00:00","breadcrumb":{"@id":"https:\/\/welovecinema.be\/fr\/eop-festival-le-triomphe-de-la-difference%e2%80%a6-et-du-cinema\/#breadcrumb"},"inLanguage":"fr-FR","potentialAction":[{"@type":"ReadAction","target":["https:\/\/welovecinema.be\/fr\/eop-festival-le-triomphe-de-la-difference%e2%80%a6-et-du-cinema\/"]}]},{"@type":"BreadcrumbList","@id":"https:\/\/welovecinema.be\/fr\/eop-festival-le-triomphe-de-la-difference%e2%80%a6-et-du-cinema\/#breadcrumb","itemListElement":[{"@type":"ListItem","position":1,"name":"Accueil","item":"https:\/\/welovecinema.be\/fr\/"},{"@type":"ListItem","position":2,"name":"eop ! festival Le triomphe de la diff\u00e9rence\u2026 et du cin\u00e9ma"}]},{"@type":"WebSite","@id":"https:\/\/welovecinema.be\/nl\/#website","url":"https:\/\/welovecinema.be\/nl\/","name":"We Love Cinema","description":"Toute l\u2019information du cin\u00e9ma en Belgique","publisher":{"@id":"https:\/\/welovecinema.be\/nl\/#organization"},"potentialAction":[{"@type":"SearchAction","target":{"@type":"EntryPoint","urlTemplate":"https:\/\/welovecinema.be\/nl\/?s={search_term_string}"},"query-input":"required name=search_term_string"}],"inLanguage":"fr-FR"},{"@type":"Organization","@id":"https:\/\/welovecinema.be\/nl\/#organization","name":"We Love Cinema","url":"https:\/\/welovecinema.be\/nl\/","logo":{"@type":"ImageObject","inLanguage":"fr-FR","@id":"https:\/\/welovecinema.be\/nl\/#\/schema\/logo\/image\/","url":"https:\/\/welovecinema.be\/wp-content\/uploads\/sites\/2\/2023\/03\/Logo-We-Love-Cinema305x128.jpg","contentUrl":"https:\/\/welovecinema.be\/wp-content\/uploads\/sites\/2\/2023\/03\/Logo-We-Love-Cinema305x128.jpg","width":305,"height":128,"caption":"We Love Cinema"},"image":{"@id":"https:\/\/welovecinema.be\/nl\/#\/schema\/logo\/image\/"},"sameAs":["https:\/\/www.facebook.com\/welovecinema.be","https:\/\/www.youtube.com\/channel\/UCX5LYGVhnKvYauW4Nta4HJA","https:\/\/www.instagram.com\/welovecinema.be\/"]},{"@type":"Person","@id":"https:\/\/welovecinema.be\/nl\/#\/schema\/person\/4b9b1d857f0943453a38a7c2859ef756","name":"Philippe.Pierquin","url":"https:\/\/welovecinema.be\/fr\/author\/philippe-pierquin\/"}]}},"_links":{"self":[{"href":"https:\/\/welovecinema.be\/fr\/wp-json\/wp\/v2\/posts\/11784","targetHints":{"allow":["GET"]}}],"collection":[{"href":"https:\/\/welovecinema.be\/fr\/wp-json\/wp\/v2\/posts"}],"about":[{"href":"https:\/\/welovecinema.be\/fr\/wp-json\/wp\/v2\/types\/post"}],"author":[{"embeddable":true,"href":"https:\/\/welovecinema.be\/fr\/wp-json\/wp\/v2\/users\/7"}],"replies":[{"embeddable":true,"href":"https:\/\/welovecinema.be\/fr\/wp-json\/wp\/v2\/comments?post=11784"}],"version-history":[{"count":0,"href":"https:\/\/welovecinema.be\/fr\/wp-json\/wp\/v2\/posts\/11784\/revisions"}],"wp:featuredmedia":[{"embeddable":true,"href":"https:\/\/welovecinema.be\/fr\/wp-json\/wp\/v2\/media\/11798"}],"wp:attachment":[{"href":"https:\/\/welovecinema.be\/fr\/wp-json\/wp\/v2\/media?parent=11784"}],"wp:term":[{"taxonomy":"category","embeddable":true,"href":"https:\/\/welovecinema.be\/fr\/wp-json\/wp\/v2\/categories?post=11784"},{"taxonomy":"post_tag","embeddable":true,"href":"https:\/\/welovecinema.be\/fr\/wp-json\/wp\/v2\/tags?post=11784"}],"curies":[{"name":"wp","href":"https:\/\/api.w.org\/{rel}","templated":true}]}}