{"id":11704,"date":"2011-12-07T07:44:37","date_gmt":"2011-12-07T07:44:37","guid":{"rendered":"http:\/\/www.cinevox.be\/?p=11704"},"modified":"2011-12-06T11:07:25","modified_gmt":"2011-12-06T11:07:25","slug":"les-magritte-2012-plus-de-flandre-et-une-presidence-francaise-2","status":"publish","type":"post","link":"https:\/\/welovecinema.be\/fr\/les-magritte-2012-plus-de-flandre-et-une-presidence-francaise-2\/","title":{"rendered":"Les Magritte 2012 <br> Plus de Flandre et une pr\u00e9sidence fran\u00e7aise"},"content":{"rendered":"<p>Vous le savez maintenant: c&rsquo;est le 4 f\u00e9vrier prochain que seront remis les 2<sup>e<\/sup> Magritte du cin\u00e9ma belge. Et m\u00eame si les professionnels flamands participent en septembre \u00e0 Ostende aux <em>Vlaamse Film Prijzen<\/em>, ils auront cette ann\u00e9e beaucoup de raisons d&rsquo;assister aux Magritte qui s&rsquo;ouvrent un peu plus encore au cin\u00e9ma du Nord du pays. Autre nouveaut\u00e9 : la c\u00e9r\u00e9monie sera plac\u00e9e sous la pr\u00e9sidence d&rsquo;une star du cin\u00e9ma fran\u00e7ais.<\/p>\n<p><!--more--><\/p>\n<p>&nbsp;<\/p>\n<p>\u00ab\u00a0Notre envie a toujours \u00e9t\u00e9 de collaborer avec l\u2019autre communaut\u00e9 du pays, explique <strong>Fr\u00e9d\u00e9ric Delcor<\/strong>, secr\u00e9taire g\u00e9n\u00e9ral de la F\u00e9d\u00e9ration Wallonie-Bruxelles. \u00ab\u00a0On note d&rsquo;ailleurs un grand nombre de personnes \u00e9ligibles qui appartiennent \u00e0 la communaut\u00e9 flamande. Si le film dans lequel ils apparaissent est coproduit dans la r\u00e9gion francophone, tous les acteurs, r\u00e9alisateurs et techniciens sont \u00e9ligibles dans leur cat\u00e9gorie. Il n&rsquo;y a par ailleurs aucune distinction linguistique par rapport aux inscriptions des membres de l\u2019Acad\u00e9mie Delvaux.\u00a0\u00bb<\/p>\n<p>&nbsp;<\/p>\n<p><a rel=\"attachment wp-att-11724\" href=\"http:\/\/www.cinevox.be\/les-magritte-2012-plus-de-flandre-et-une-presidence-francaise-2\/2011-02-05-les-magritte-du-cinema-0061\/\"><img loading=\"lazy\" decoding=\"async\" class=\"aligncenter size-full wp-image-11724\" title=\"2011-02-05 - Les magritte du cinema - 0061\" src=\"http:\/\/www.cinevox.be\/wp-content\/uploads\/sites\/2\/2011\/12\/2011-02-05-Les-magritte-du-cinema-0061.jpg\" alt=\"\" width=\"1500\" height=\"998\" srcset=\"https:\/\/welovecinema.be\/wp-content\/uploads\/sites\/2\/2011\/12\/2011-02-05-Les-magritte-du-cinema-0061.jpg 1500w, https:\/\/welovecinema.be\/wp-content\/uploads\/sites\/2\/2011\/12\/2011-02-05-Les-magritte-du-cinema-0061-405x270.jpg 405w, https:\/\/welovecinema.be\/wp-content\/uploads\/sites\/2\/2011\/12\/2011-02-05-Les-magritte-du-cinema-0061-800x532.jpg 800w\" sizes=\"auto, (max-width: 1500px) 100vw, 1500px\" \/><\/a><\/p>\n<p style=\"text-align: right;\"><em>[Fr\u00e9d\u00e9ric Delcor avant la c\u00e9r\u00e9monie des Magritte du cin\u00e9ma &#8211; par Fran\u00e7ois de Ribaucourt]<\/em><\/p>\n<p>&nbsp;<\/p>\n<p>L&rsquo;ann\u00e9e 2011 a \u00e9t\u00e9, il faut le dire, particuli\u00e8rement spectaculaire en termes de coproductions Nord\/Sud avec les triomphes d&rsquo;<em>Hasta La Vista <\/em>et de\u00a0<em>Rundskop<\/em> tant sur la sc\u00e8ne internationale que dans les salles belges. Rien d&rsquo;\u00e9tonnant \u00e0 voir\u00a0<strong>l&rsquo;Acad\u00e9mie Delvaux<\/strong> cr\u00e9er une nouvelle section sp\u00e9cifique : les professionnels inscrits pourront donc d\u00e9signer leur favori, parmi cinq films flamands coproduits en F\u00e9d\u00e9ration Wallonie-Bruxelles. C&rsquo;est une occasion id\u00e9ale de montrer que les \u00e9changes et les m\u00e9langes avec l\u2019autre communaut\u00e9 sont une vraie richesse. Ce que tout le monde a compris sur le terrain.<\/p>\n<p>&nbsp;<\/p>\n<p><a rel=\"attachment wp-att-11723\" href=\"http:\/\/www.cinevox.be\/les-magritte-2012-plus-de-flandre-et-une-presidence-francaise-2\/180598_10150101050883544_843448543_6112831_888906_n-2\/\"><img loading=\"lazy\" decoding=\"async\" class=\"aligncenter size-full wp-image-11723\" title=\"180598_10150101050883544_843448543_6112831_888906_n\" src=\"http:\/\/www.cinevox.be\/wp-content\/uploads\/sites\/2\/2011\/12\/180598_10150101050883544_843448543_6112831_888906_n.jpg\" alt=\"\" width=\"720\" height=\"479\" srcset=\"https:\/\/welovecinema.be\/wp-content\/uploads\/sites\/2\/2011\/12\/180598_10150101050883544_843448543_6112831_888906_n.jpg 720w, https:\/\/welovecinema.be\/wp-content\/uploads\/sites\/2\/2011\/12\/180598_10150101050883544_843448543_6112831_888906_n-405x270.jpg 405w\" sizes=\"auto, (max-width: 720px) 100vw, 720px\" \/><\/a><\/p>\n<p style=\"text-align: right;\"><em>[Matthias Schoenaerts (ici avec Christelle Cornil) sera un des favoris pour d\u00e9crocher le\u00a0Magritte\u00a0du meilleur acteur &#8211; par Marianne Grimont]<\/em><\/p>\n<p>&nbsp;<\/p>\n<p>Imagin\u00e9 en partenariat avec les associations professionnelles et institutions flamandes, ce prix risque d&rsquo;ailleurs de donner lieu \u00e0 une empoignade hom\u00e9rique puisque sur la ligne de d\u00e9part on trouve <em>Rundskop<\/em> et <em>Hasta La Vista<\/em>, donc, mais aussi <em>Smoordverliefd, 22 Mei<\/em> et <em>Pulsar <\/em>qui ont leurs fans.<em> <\/em>Autant dire que le vainqueur moral est d&rsquo;ores et d\u00e9j\u00e0 <strong>Matthias Schoenaerts<\/strong>, acteur principal de deux de ces films. Matthias pourrait d&rsquo;ailleurs tr\u00e8s bien recevoir le Magritte du meilleur acteur. Il est \u00e9ligible dans cette cat\u00e9gorie, comme <strong>Hande Kodja<\/strong> pour <em>Marieke Marieke<\/em> ou <strong>Vandja d&rsquo;Alcantara<\/strong> pour Beyond The Steppes dans la rubrique \u00ab\u00a0meilleur(e) r\u00e9alisateur(trice)\u00a0\u00bb.<\/p>\n<p>&nbsp;<\/p>\n<p style=\"text-align: right;\"><a rel=\"attachment wp-att-11715\" href=\"http:\/\/www.cinevox.be\/les-magritte-2012-plus-de-flandre-et-une-presidence-francaise-2\/steppes-16\/\"><img loading=\"lazy\" decoding=\"async\" class=\"aligncenter size-full wp-image-11715\" title=\"steppes-16\" src=\"http:\/\/www.cinevox.be\/wp-content\/uploads\/sites\/2\/2011\/12\/steppes-16.jpg\" alt=\"\" width=\"720\" height=\"405\" srcset=\"https:\/\/welovecinema.be\/wp-content\/uploads\/sites\/2\/2011\/12\/steppes-16.jpg 720w, https:\/\/welovecinema.be\/wp-content\/uploads\/sites\/2\/2011\/12\/steppes-16-200x113.jpg 200w, https:\/\/welovecinema.be\/wp-content\/uploads\/sites\/2\/2011\/12\/steppes-16-480x270.jpg 480w, https:\/\/welovecinema.be\/wp-content\/uploads\/sites\/2\/2011\/12\/steppes-16-300x169.jpg 300w, https:\/\/welovecinema.be\/wp-content\/uploads\/sites\/2\/2011\/12\/steppes-16-620x350.jpg 620w\" sizes=\"auto, (max-width: 720px) 100vw, 720px\" \/><\/a><em>[Beyond the Steppes &#8211; le sens de l&rsquo;image de Vanja d&rsquo;Alcantara]<\/em><\/p>\n<p>&nbsp;<\/p>\n<p>En 2011, le pr\u00e9sident d&rsquo;honneur des Magritte du cin\u00e9ma \u00e9tait <strong>Jaco van Dormael<\/strong>. Le fait qu&rsquo;il ait remport\u00e9 6 r\u00e9compenses avec son formidable <em>Mr Nobody<\/em> n&rsquo;a pas manqu\u00e9 d&rsquo;attiser le cynisme de quelques observateurs assez mal inform\u00e9s. Tous ceux qui ont suivi les discussions et le processus de vote savent naturellement que le sympathique r\u00e9alisateur n&rsquo;aurait pas pu avoir la moindre influence sur des votes enregistr\u00e9s individuellement sur Internet, mais une fois que la rumeur est lanc\u00e9e, il est difficile d&rsquo;y r\u00e9pondre.<\/p>\n<p>&nbsp;<\/p>\n<p><a rel=\"attachment wp-att-11708\" href=\"http:\/\/www.cinevox.be\/les-magritte-2012-plus-de-flandre-et-une-presidence-francaise-2\/tavernier-coup-de-torchon\/\"><img loading=\"lazy\" decoding=\"async\" class=\"alignright size-large wp-image-11708\" title=\"Tavernier coup de torchon\" src=\"http:\/\/www.cinevox.be\/wp-content\/uploads\/sites\/2\/2011\/12\/Tavernier-coup-de-torchon-800x552.png\" alt=\"\" width=\"512\" height=\"353\" srcset=\"https:\/\/welovecinema.be\/wp-content\/uploads\/sites\/2\/2011\/12\/Tavernier-coup-de-torchon-800x552.png 800w, https:\/\/welovecinema.be\/wp-content\/uploads\/sites\/2\/2011\/12\/Tavernier-coup-de-torchon-391x270.png 391w, https:\/\/welovecinema.be\/wp-content\/uploads\/sites\/2\/2011\/12\/Tavernier-coup-de-torchon.png 1124w\" sizes=\"auto, (max-width: 512px) 100vw, 512px\" \/><\/a>Cette ann\u00e9e, ce genre de controverse n&rsquo;aura forc\u00e9ment plus cours puisque <strong>l&rsquo;Acad\u00e9mie Andr\u00e9 Delvaux<\/strong> a d\u00e9cid\u00e9 de faire appel \u00e0 un pr\u00e9sident d&rsquo;honneur \u00e9tranger : <strong>Bertrand Tavernier<\/strong>, un des plus grands r\u00e9alisateurs contemporains honorera de sa pr\u00e9sence cette c\u00e9r\u00e9monie belge. Consid\u00e9r\u00e9 comme un des cin\u00e9philes les plus \u00e9rudits de la plan\u00e8te, Bertrand Tavernier aime le cin\u00e9ma belge. On notera, m\u00eame si c&rsquo;est plus anecdotique, qu&rsquo;il donna \u00e0 la jeune <strong>Marie Gillain<\/strong> un r\u00f4le d\u00e9cisif pour sa carri\u00e8re dans <em>L&rsquo;App\u00e2t<\/em>. Sur la photo ci-contre, on le voit \u00e0 c\u00f4t\u00e9 de Philippe Noiret durant le tournage du mythique <em>Coup de Torchon<\/em> en 1980.<\/p>\n<p>&nbsp;<\/p>\n<p>Si aucun nom n&rsquo;a encore \u00e9t\u00e9 divulgu\u00e9 (il est beaucoup trop t\u00f4t pour connaitre d\u00e9j\u00e0 les agendas de chacun), il est presque certains que des personnalit\u00e9s \u00e9trang\u00e8res et notamment fran\u00e7aises viendront animer la soir\u00e9e. Soir\u00e9e qui sera \u00e0 nouveau pr\u00e9sent\u00e9e par la p\u00e9tillante <strong>H\u00e9l\u00e9na Noguerra<\/strong> qui avait maintenu la tension et distill\u00e9 pendant toute la dur\u00e9e du spectacle un humour tr\u00e8s p\u00e9tillant.<\/p>\n<p>&nbsp;<\/p>\n<p><a rel=\"attachment wp-att-11718\" href=\"http:\/\/www.cinevox.be\/les-magritte-2012-plus-de-flandre-et-une-presidence-francaise-2\/2011-02-05-les-magritte-du-cinema-0101\/\"><img loading=\"lazy\" decoding=\"async\" class=\"aligncenter size-full wp-image-11718\" title=\"2011-02-05 - Les magritte du cinema - 0101\" src=\"http:\/\/www.cinevox.be\/wp-content\/uploads\/sites\/2\/2011\/12\/2011-02-05-Les-magritte-du-cinema-0101.jpg\" alt=\"\" width=\"1500\" height=\"998\" srcset=\"https:\/\/welovecinema.be\/wp-content\/uploads\/sites\/2\/2011\/12\/2011-02-05-Les-magritte-du-cinema-0101.jpg 1500w, https:\/\/welovecinema.be\/wp-content\/uploads\/sites\/2\/2011\/12\/2011-02-05-Les-magritte-du-cinema-0101-405x270.jpg 405w, https:\/\/welovecinema.be\/wp-content\/uploads\/sites\/2\/2011\/12\/2011-02-05-Les-magritte-du-cinema-0101-800x532.jpg 800w\" sizes=\"auto, (max-width: 1500px) 100vw, 1500px\" \/><\/a><\/p>\n<p style=\"text-align: right;\"><em>[H\u00e9l\u00e9na moustachue\u00a0par Fran\u00e7ois de Ribaucourt]<\/em><\/p>\n<p>&nbsp;<\/p>\n<p>\u00ab\u00a0L\u2019an dernier\u00a0\u00bb, explique <strong>Philippe Logie<\/strong>, directeur des acquisitions de BeTV, \u00ab\u00a0nous avions une obsession et nous l&rsquo;avons peut-\u00eatre pouss\u00e9e un peu loin\u00a0: \u00eatre court et rapide \u00e0 tout prix. \u00c0 certains moments, nous avons donn\u00e9 l&rsquo;impression de nous pr\u00e9cipiter. Cette ann\u00e9e, on s\u2019installera dans un rythme plus naturel.\u00a0\u00bb<\/p>\n<p>&nbsp;<\/p>\n<p>Le monde bien s\u00fbr, ne s&rsquo;est pas fait en un jour et pour une premi\u00e8re \u00e9dition que beaucoup attendaient au tournant, les Magritte du cin\u00e9ma ont atteint la plupart de leurs objectifs. S&rsquo;inscrire dans la grande tradition des c\u00e9r\u00e9monies les plus r\u00e9ussies et y apporter sa petite touche personnelle, voil\u00e0 ce \u00e0 quoi aspire aujourd&rsquo;hui les organisateurs de la manifestation. Dont on d\u00e9couvrira donc une nouvelle \u00e9dition le 4 f\u00e9vrier 2012 au Square \u00e0 Bruxelles et sur les \u00e9crans de t\u00e9l\u00e9vision de BeTV.<\/p>\n<p>&nbsp;<\/p>\n<p><em><br \/>\n<\/em><\/p>\n","protected":false},"excerpt":{"rendered":"<p>Vous le savez maintenant: c&rsquo;est le 4 f\u00e9vrier prochain que seront remis les 2e Magritte du cin\u00e9ma belge. Et m\u00eame si les professionnels flamands participent en septembre \u00e0 Ostende aux Vlaamse Film Prijzen, ils auront cette ann\u00e9e beaucoup de raisons d&rsquo;assister aux Magritte qui s&rsquo;ouvrent un peu plus encore au cin\u00e9ma du Nord du pays. &hellip;<\/p>\n","protected":false},"author":7,"featured_media":11726,"comment_status":"closed","ping_status":"closed","sticky":false,"template":"","format":"standard","meta":{"ngg_post_thumbnail":0,"footnotes":""},"categories":[53,7],"tags":[],"class_list":["post-11704","post","type-post","status-publish","format-standard","has-post-thumbnail","","category-coming-soon","category-actualites"],"yoast_head":"<!-- This site is optimized with the Yoast SEO plugin v20.4 - https:\/\/yoast.com\/wordpress\/plugins\/seo\/ -->\n<title>Les Magritte 2012  Plus de Flandre et une pr\u00e9sidence fran\u00e7aise - We Love Cinema<\/title>\n<meta name=\"robots\" content=\"index, follow, max-snippet:-1, max-image-preview:large, max-video-preview:-1\" \/>\n<link rel=\"canonical\" href=\"https:\/\/welovecinema.be\/fr\/les-magritte-2012-plus-de-flandre-et-une-presidence-francaise-2\/\" \/>\n<meta property=\"og:locale\" content=\"fr_FR\" \/>\n<meta property=\"og:type\" content=\"article\" \/>\n<meta property=\"og:title\" content=\"Les Magritte 2012  Plus de Flandre et une pr\u00e9sidence fran\u00e7aise - We Love Cinema\" \/>\n<meta property=\"og:description\" content=\"Vous le savez maintenant: c&rsquo;est le 4 f\u00e9vrier prochain que seront remis les 2e Magritte du cin\u00e9ma belge. Et m\u00eame si les professionnels flamands participent en septembre \u00e0 Ostende aux Vlaamse Film Prijzen, ils auront cette ann\u00e9e beaucoup de raisons d&rsquo;assister aux Magritte qui s&rsquo;ouvrent un peu plus encore au cin\u00e9ma du Nord du pays. &hellip;\" \/>\n<meta property=\"og:url\" content=\"https:\/\/welovecinema.be\/fr\/les-magritte-2012-plus-de-flandre-et-une-presidence-francaise-2\/\" \/>\n<meta property=\"og:site_name\" content=\"We Love Cinema\" \/>\n<meta property=\"article:publisher\" content=\"https:\/\/www.facebook.com\/welovecinema.be\" \/>\n<meta property=\"article:published_time\" content=\"2011-12-07T07:44:37+00:00\" \/>\n<meta property=\"article:modified_time\" content=\"2011-12-06T11:07:25+00:00\" \/>\n<meta property=\"og:image\" content=\"https:\/\/welovecinema.be\/wp-content\/uploads\/sites\/2\/2011\/12\/169010_10150101050568544_843448543_6112826_806557_n.jpg\" \/>\n\t<meta property=\"og:image:width\" content=\"720\" \/>\n\t<meta property=\"og:image:height\" content=\"479\" \/>\n\t<meta property=\"og:image:type\" content=\"image\/jpeg\" \/>\n<meta name=\"author\" content=\"Philippe.Pierquin\" \/>\n<meta name=\"twitter:card\" content=\"summary_large_image\" \/>\n<meta name=\"twitter:label1\" content=\"\u00c9crit par\" \/>\n\t<meta name=\"twitter:data1\" content=\"Philippe.Pierquin\" \/>\n\t<meta name=\"twitter:label2\" content=\"Dur\u00e9e de lecture estim\u00e9e\" \/>\n\t<meta name=\"twitter:data2\" content=\"4 minutes\" \/>\n<script type=\"application\/ld+json\" class=\"yoast-schema-graph\">{\"@context\":\"https:\/\/schema.org\",\"@graph\":[{\"@type\":\"Article\",\"@id\":\"https:\/\/welovecinema.be\/fr\/les-magritte-2012-plus-de-flandre-et-une-presidence-francaise-2\/#article\",\"isPartOf\":{\"@id\":\"https:\/\/welovecinema.be\/fr\/les-magritte-2012-plus-de-flandre-et-une-presidence-francaise-2\/\"},\"author\":{\"name\":\"Philippe.Pierquin\",\"@id\":\"https:\/\/welovecinema.be\/nl\/#\/schema\/person\/4b9b1d857f0943453a38a7c2859ef756\"},\"headline\":\"Les Magritte 2012 Plus de Flandre et une pr\u00e9sidence fran\u00e7aise\",\"datePublished\":\"2011-12-07T07:44:37+00:00\",\"dateModified\":\"2011-12-06T11:07:25+00:00\",\"mainEntityOfPage\":{\"@id\":\"https:\/\/welovecinema.be\/fr\/les-magritte-2012-plus-de-flandre-et-une-presidence-francaise-2\/\"},\"wordCount\":915,\"publisher\":{\"@id\":\"https:\/\/welovecinema.be\/nl\/#organization\"},\"articleSection\":[\"Coming soon\",\"News\"],\"inLanguage\":\"fr-FR\"},{\"@type\":\"WebPage\",\"@id\":\"https:\/\/welovecinema.be\/fr\/les-magritte-2012-plus-de-flandre-et-une-presidence-francaise-2\/\",\"url\":\"https:\/\/welovecinema.be\/fr\/les-magritte-2012-plus-de-flandre-et-une-presidence-francaise-2\/\",\"name\":\"Les Magritte 2012 Plus de Flandre et une pr\u00e9sidence fran\u00e7aise - We Love Cinema\",\"isPartOf\":{\"@id\":\"https:\/\/welovecinema.be\/nl\/#website\"},\"datePublished\":\"2011-12-07T07:44:37+00:00\",\"dateModified\":\"2011-12-06T11:07:25+00:00\",\"breadcrumb\":{\"@id\":\"https:\/\/welovecinema.be\/fr\/les-magritte-2012-plus-de-flandre-et-une-presidence-francaise-2\/#breadcrumb\"},\"inLanguage\":\"fr-FR\",\"potentialAction\":[{\"@type\":\"ReadAction\",\"target\":[\"https:\/\/welovecinema.be\/fr\/les-magritte-2012-plus-de-flandre-et-une-presidence-francaise-2\/\"]}]},{\"@type\":\"BreadcrumbList\",\"@id\":\"https:\/\/welovecinema.be\/fr\/les-magritte-2012-plus-de-flandre-et-une-presidence-francaise-2\/#breadcrumb\",\"itemListElement\":[{\"@type\":\"ListItem\",\"position\":1,\"name\":\"Accueil\",\"item\":\"https:\/\/welovecinema.be\/fr\/\"},{\"@type\":\"ListItem\",\"position\":2,\"name\":\"Les Magritte 2012 Plus de Flandre et une pr\u00e9sidence fran\u00e7aise\"}]},{\"@type\":\"WebSite\",\"@id\":\"https:\/\/welovecinema.be\/nl\/#website\",\"url\":\"https:\/\/welovecinema.be\/nl\/\",\"name\":\"We Love Cinema\",\"description\":\"Toute l\u2019information du cin\u00e9ma en Belgique\",\"publisher\":{\"@id\":\"https:\/\/welovecinema.be\/nl\/#organization\"},\"potentialAction\":[{\"@type\":\"SearchAction\",\"target\":{\"@type\":\"EntryPoint\",\"urlTemplate\":\"https:\/\/welovecinema.be\/nl\/?s={search_term_string}\"},\"query-input\":\"required name=search_term_string\"}],\"inLanguage\":\"fr-FR\"},{\"@type\":\"Organization\",\"@id\":\"https:\/\/welovecinema.be\/nl\/#organization\",\"name\":\"We Love Cinema\",\"url\":\"https:\/\/welovecinema.be\/nl\/\",\"logo\":{\"@type\":\"ImageObject\",\"inLanguage\":\"fr-FR\",\"@id\":\"https:\/\/welovecinema.be\/nl\/#\/schema\/logo\/image\/\",\"url\":\"https:\/\/welovecinema.be\/wp-content\/uploads\/sites\/2\/2023\/03\/Logo-We-Love-Cinema305x128.jpg\",\"contentUrl\":\"https:\/\/welovecinema.be\/wp-content\/uploads\/sites\/2\/2023\/03\/Logo-We-Love-Cinema305x128.jpg\",\"width\":305,\"height\":128,\"caption\":\"We Love Cinema\"},\"image\":{\"@id\":\"https:\/\/welovecinema.be\/nl\/#\/schema\/logo\/image\/\"},\"sameAs\":[\"https:\/\/www.facebook.com\/welovecinema.be\",\"https:\/\/www.youtube.com\/channel\/UCX5LYGVhnKvYauW4Nta4HJA\",\"https:\/\/www.instagram.com\/welovecinema.be\/\"]},{\"@type\":\"Person\",\"@id\":\"https:\/\/welovecinema.be\/nl\/#\/schema\/person\/4b9b1d857f0943453a38a7c2859ef756\",\"name\":\"Philippe.Pierquin\",\"url\":\"https:\/\/welovecinema.be\/fr\/author\/philippe-pierquin\/\"}]}<\/script>\n<!-- \/ Yoast SEO plugin. -->","yoast_head_json":{"title":"Les Magritte 2012  Plus de Flandre et une pr\u00e9sidence fran\u00e7aise - We Love Cinema","robots":{"index":"index","follow":"follow","max-snippet":"max-snippet:-1","max-image-preview":"max-image-preview:large","max-video-preview":"max-video-preview:-1"},"canonical":"https:\/\/welovecinema.be\/fr\/les-magritte-2012-plus-de-flandre-et-une-presidence-francaise-2\/","og_locale":"fr_FR","og_type":"article","og_title":"Les Magritte 2012  Plus de Flandre et une pr\u00e9sidence fran\u00e7aise - We Love Cinema","og_description":"Vous le savez maintenant: c&rsquo;est le 4 f\u00e9vrier prochain que seront remis les 2e Magritte du cin\u00e9ma belge. Et m\u00eame si les professionnels flamands participent en septembre \u00e0 Ostende aux Vlaamse Film Prijzen, ils auront cette ann\u00e9e beaucoup de raisons d&rsquo;assister aux Magritte qui s&rsquo;ouvrent un peu plus encore au cin\u00e9ma du Nord du pays. &hellip;","og_url":"https:\/\/welovecinema.be\/fr\/les-magritte-2012-plus-de-flandre-et-une-presidence-francaise-2\/","og_site_name":"We Love Cinema","article_publisher":"https:\/\/www.facebook.com\/welovecinema.be","article_published_time":"2011-12-07T07:44:37+00:00","article_modified_time":"2011-12-06T11:07:25+00:00","og_image":[{"width":"720","height":"479","url":"https:\/\/welovecinema.be\/wp-content\/uploads\/sites\/2\/2011\/12\/169010_10150101050568544_843448543_6112826_806557_n.jpg","type":"image\/jpeg"}],"author":"Philippe.Pierquin","twitter_card":"summary_large_image","twitter_misc":{"\u00c9crit par":"Philippe.Pierquin","Dur\u00e9e de lecture estim\u00e9e":"4 minutes"},"schema":{"@context":"https:\/\/schema.org","@graph":[{"@type":"Article","@id":"https:\/\/welovecinema.be\/fr\/les-magritte-2012-plus-de-flandre-et-une-presidence-francaise-2\/#article","isPartOf":{"@id":"https:\/\/welovecinema.be\/fr\/les-magritte-2012-plus-de-flandre-et-une-presidence-francaise-2\/"},"author":{"name":"Philippe.Pierquin","@id":"https:\/\/welovecinema.be\/nl\/#\/schema\/person\/4b9b1d857f0943453a38a7c2859ef756"},"headline":"Les Magritte 2012 Plus de Flandre et une pr\u00e9sidence fran\u00e7aise","datePublished":"2011-12-07T07:44:37+00:00","dateModified":"2011-12-06T11:07:25+00:00","mainEntityOfPage":{"@id":"https:\/\/welovecinema.be\/fr\/les-magritte-2012-plus-de-flandre-et-une-presidence-francaise-2\/"},"wordCount":915,"publisher":{"@id":"https:\/\/welovecinema.be\/nl\/#organization"},"articleSection":["Coming soon","News"],"inLanguage":"fr-FR"},{"@type":"WebPage","@id":"https:\/\/welovecinema.be\/fr\/les-magritte-2012-plus-de-flandre-et-une-presidence-francaise-2\/","url":"https:\/\/welovecinema.be\/fr\/les-magritte-2012-plus-de-flandre-et-une-presidence-francaise-2\/","name":"Les Magritte 2012 Plus de Flandre et une pr\u00e9sidence fran\u00e7aise - We Love Cinema","isPartOf":{"@id":"https:\/\/welovecinema.be\/nl\/#website"},"datePublished":"2011-12-07T07:44:37+00:00","dateModified":"2011-12-06T11:07:25+00:00","breadcrumb":{"@id":"https:\/\/welovecinema.be\/fr\/les-magritte-2012-plus-de-flandre-et-une-presidence-francaise-2\/#breadcrumb"},"inLanguage":"fr-FR","potentialAction":[{"@type":"ReadAction","target":["https:\/\/welovecinema.be\/fr\/les-magritte-2012-plus-de-flandre-et-une-presidence-francaise-2\/"]}]},{"@type":"BreadcrumbList","@id":"https:\/\/welovecinema.be\/fr\/les-magritte-2012-plus-de-flandre-et-une-presidence-francaise-2\/#breadcrumb","itemListElement":[{"@type":"ListItem","position":1,"name":"Accueil","item":"https:\/\/welovecinema.be\/fr\/"},{"@type":"ListItem","position":2,"name":"Les Magritte 2012 Plus de Flandre et une pr\u00e9sidence fran\u00e7aise"}]},{"@type":"WebSite","@id":"https:\/\/welovecinema.be\/nl\/#website","url":"https:\/\/welovecinema.be\/nl\/","name":"We Love Cinema","description":"Toute l\u2019information du cin\u00e9ma en Belgique","publisher":{"@id":"https:\/\/welovecinema.be\/nl\/#organization"},"potentialAction":[{"@type":"SearchAction","target":{"@type":"EntryPoint","urlTemplate":"https:\/\/welovecinema.be\/nl\/?s={search_term_string}"},"query-input":"required name=search_term_string"}],"inLanguage":"fr-FR"},{"@type":"Organization","@id":"https:\/\/welovecinema.be\/nl\/#organization","name":"We Love Cinema","url":"https:\/\/welovecinema.be\/nl\/","logo":{"@type":"ImageObject","inLanguage":"fr-FR","@id":"https:\/\/welovecinema.be\/nl\/#\/schema\/logo\/image\/","url":"https:\/\/welovecinema.be\/wp-content\/uploads\/sites\/2\/2023\/03\/Logo-We-Love-Cinema305x128.jpg","contentUrl":"https:\/\/welovecinema.be\/wp-content\/uploads\/sites\/2\/2023\/03\/Logo-We-Love-Cinema305x128.jpg","width":305,"height":128,"caption":"We Love Cinema"},"image":{"@id":"https:\/\/welovecinema.be\/nl\/#\/schema\/logo\/image\/"},"sameAs":["https:\/\/www.facebook.com\/welovecinema.be","https:\/\/www.youtube.com\/channel\/UCX5LYGVhnKvYauW4Nta4HJA","https:\/\/www.instagram.com\/welovecinema.be\/"]},{"@type":"Person","@id":"https:\/\/welovecinema.be\/nl\/#\/schema\/person\/4b9b1d857f0943453a38a7c2859ef756","name":"Philippe.Pierquin","url":"https:\/\/welovecinema.be\/fr\/author\/philippe-pierquin\/"}]}},"_links":{"self":[{"href":"https:\/\/welovecinema.be\/fr\/wp-json\/wp\/v2\/posts\/11704","targetHints":{"allow":["GET"]}}],"collection":[{"href":"https:\/\/welovecinema.be\/fr\/wp-json\/wp\/v2\/posts"}],"about":[{"href":"https:\/\/welovecinema.be\/fr\/wp-json\/wp\/v2\/types\/post"}],"author":[{"embeddable":true,"href":"https:\/\/welovecinema.be\/fr\/wp-json\/wp\/v2\/users\/7"}],"replies":[{"embeddable":true,"href":"https:\/\/welovecinema.be\/fr\/wp-json\/wp\/v2\/comments?post=11704"}],"version-history":[{"count":0,"href":"https:\/\/welovecinema.be\/fr\/wp-json\/wp\/v2\/posts\/11704\/revisions"}],"wp:featuredmedia":[{"embeddable":true,"href":"https:\/\/welovecinema.be\/fr\/wp-json\/wp\/v2\/media\/11726"}],"wp:attachment":[{"href":"https:\/\/welovecinema.be\/fr\/wp-json\/wp\/v2\/media?parent=11704"}],"wp:term":[{"taxonomy":"category","embeddable":true,"href":"https:\/\/welovecinema.be\/fr\/wp-json\/wp\/v2\/categories?post=11704"},{"taxonomy":"post_tag","embeddable":true,"href":"https:\/\/welovecinema.be\/fr\/wp-json\/wp\/v2\/tags?post=11704"}],"curies":[{"name":"wp","href":"https:\/\/api.w.org\/{rel}","templated":true}]}}