{"id":11690,"date":"2011-12-08T07:33:06","date_gmt":"2011-12-08T07:33:06","guid":{"rendered":"http:\/\/www.cinevox.be\/?p=11690"},"modified":"2011-12-20T22:45:32","modified_gmt":"2011-12-20T22:45:32","slug":"be-film-festival-le-cinema-belge-trendy","status":"publish","type":"post","link":"https:\/\/welovecinema.be\/fr\/be-film-festival-le-cinema-belge-trendy\/","title":{"rendered":"Be Film Festival  <br> Le cin\u00e9ma belge trendy !"},"content":{"rendered":"<p>Depuis quelques ann\u00e9es, la fin du mois de d\u00e9cembre est l&rsquo;occasion d&rsquo;un festival fort int\u00e9ressant en parfaite ad\u00e9quation avec les objectifs de <strong>Cinevox<\/strong>. V\u00e9ritable r\u00e9trospective des films belges sortis au cours de l&rsquo;ann\u00e9e, le <em><a href=\"http:\/\/www.youtube.com\/watch?v=cButKlSl4nk&amp;feature=player_embedded\" target=\"_blank\">Be Film Festival<\/a><\/em> se d\u00e9roule cette ann\u00e9e du 19 au 23 d\u00e9cembre 2011 et est h\u00e9berg\u00e9 par deux lieux embl\u00e9matiques : les Bozar et la Cinematek. Cette ann\u00e9e, le BFF nous permettra aussi de d\u00e9couvrir trois avant-premi\u00e8res tr\u00e8s attendues (c&rsquo;est presque un euph\u00e9misme). Un tr\u00e8s joli coup de filet !<!--more--><\/p>\n<p>&nbsp;<\/p>\n<p>Le BFF est une organisation d&rsquo;<em>Un Soir \u2026 Un Grain <\/em>qui, depuis 1998, a pour vocation de promouvoir l\u2019Art (et le cin\u00e9ma en particulier) en favorisant au maximum les rencontres entre le public et les professionnels. La premi\u00e8re activit\u00e9 de l&rsquo;asbl a \u00e9t\u00e9 le <em>Brussels Short Film Festival<\/em>. La derni\u00e8re \u00e9dition en date, \u00e0 la charni\u00e8re des mois d&rsquo;avril et mai, proposait plus de 230 films. Au fil des ans, de nombreuses manifestations additionnelles ont vu le jour : <em>Un Soir \u2026 Un Grain<\/em> a organis\u00e9 des concerts de Jeanne Cherhal et\u2026 <strong>Natacha R\u00e9gnier<\/strong>, mais aussi distribu\u00e9 <em>O\u00f9 est la main de l\u2019homme sans t\u00eate<\/em> de St\u00e9phane et Guillaume Malandrin avec C\u00e9cile de France et Bouli Lanners.<\/p>\n<p>&nbsp;<\/p>\n<p style=\"text-align: right;\"><a rel=\"attachment wp-att-11692\" href=\"http:\/\/www.cinevox.be\/be-film-festival-le-cinema-belge-trendy\/rk11-small\/\"><img loading=\"lazy\" decoding=\"async\" class=\"aligncenter size-full wp-image-11692\" title=\"rk11 small\" src=\"http:\/\/www.cinevox.be\/wp-content\/uploads\/sites\/2\/2011\/12\/rk11-small.jpg\" alt=\"\" width=\"640\" height=\"272\" srcset=\"https:\/\/welovecinema.be\/wp-content\/uploads\/sites\/2\/2011\/12\/rk11-small.jpg 640w, https:\/\/welovecinema.be\/wp-content\/uploads\/sites\/2\/2011\/12\/rk11-small-480x204.jpg 480w\" sizes=\"auto, (max-width: 640px) 100vw, 640px\" \/><\/a><em>[Rundskop]<\/em><\/p>\n<p>D\u00e8s le lundi 19 d\u00e9cembre, 20 films qui ont fait ou feront les beaux jours de notre belge cin\u00e9ma seront projet\u00e9s au Bozar et \u00e0 la Cinematek. Du <em>Gamin au V\u00e9lo<\/em> aux <em>G\u00e9ants<\/em> en passant par <em>La F\u00e9e, Rundskop <\/em>ou <em>Pulsar,<\/em> presque tous les grands films de l&rsquo;ann\u00e9e (et donc la plupart des favoris aux prochains <em>Magritte du cin\u00e9ma<\/em>) seront \u00e0 nouveau visibles en s\u00e9ances de rattrapage exceptionnelles.<\/p>\n<p>La programmation compl\u00e8te est \u00e0 d\u00e9couvrir <a href=\"http:\/\/www.befilmfestival.be\/index.php?option=com_content&amp;view=article&amp;id=218&amp;Itemid=68&amp;lang=fr\">ici<\/a>.<\/p>\n<p>&nbsp;<\/p>\n<p>Depuis 2005, le BFF a accueilli pas mal de personnalit\u00e9s comme <strong>Natacha R\u00e9gnier, Bouli Lanners, Miel Van Hoogenbemt, Fr\u00e9d\u00e9ric Fonteyne, Arno, Pierre-Paul Renders, Lucas Belvaux, Ina Geerts, Jannin et Liberski, J\u00e9r\u00e9mie R\u00e9nier, Koen Mortier, Norman Baert, Fran\u00e7ois Vincentelli, Claude Semal, Kris Cuppens, Jean-Paul Rouve, Yolande Moreau, Beno\u00eet Del\u00e9pine, Nabil Ben Yadir<\/strong> ou <strong>Sam Louwyck,<\/strong> &#8230; Une impressionnante liste qui sera compl\u00e9t\u00e9e cette ann\u00e9e de fort nombreux noms. Notamment <strong>Abel <\/strong>et <strong>Gordon, Marion Hansel, Fabrizio Rongione<\/strong> et des artistes qui viendront pr\u00e9senter des oeuvres non encore sorties et pour certains d&rsquo;entre elles, totalement in\u00e9dites.<\/p>\n<p>&nbsp;<\/p>\n<p style=\"text-align: right;\"><a rel=\"attachment wp-att-11693\" href=\"http:\/\/www.cinevox.be\/be-film-festival-le-cinema-belge-trendy\/acd3\/\"><img loading=\"lazy\" decoding=\"async\" class=\"aligncenter size-full wp-image-11693\" title=\"acd3\" src=\"http:\/\/www.cinevox.be\/wp-content\/uploads\/sites\/2\/2011\/12\/acd3.jpg\" alt=\"\" width=\"1029\" height=\"425\" srcset=\"https:\/\/welovecinema.be\/wp-content\/uploads\/sites\/2\/2011\/12\/acd3.jpg 1029w, https:\/\/welovecinema.be\/wp-content\/uploads\/sites\/2\/2011\/12\/acd3-480x198.jpg 480w, https:\/\/welovecinema.be\/wp-content\/uploads\/sites\/2\/2011\/12\/acd3-800x330.jpg 800w\" sizes=\"auto, (max-width: 1029px) 100vw, 1029px\" \/><\/a><em>[Au Cul du Loup]<\/em><\/p>\n<p>&nbsp;<\/p>\n<p>Le 22 \u00e0 19h au Bozar, on pourra ainsi voir <em>Au Cul du loup <\/em>de <strong>Pierre Duculot<\/strong> qui arrivera le 25janvier dans les salles belges, mais qu&rsquo;on a d\u00e9j\u00e0 d\u00e9couvert \u00e0 Bruxelles, Charleroi, Virton ou Namur dans le cadre de diverses manifestations. Rappelons <a href=\"http:\/\/www.cinevox.be\/?p=11201\">qu&rsquo;<em>Au Cul du Loup <\/em>fut le grand triomphateur du dernier festival d&rsquo;Amiens. <\/a><\/p>\n<p>&nbsp;<\/p>\n<p style=\"text-align: right;\"><a rel=\"attachment wp-att-11694\" href=\"http:\/\/www.cinevox.be\/be-film-festival-le-cinema-belge-trendy\/torpedo\/\"><img loading=\"lazy\" decoding=\"async\" class=\"aligncenter size-full wp-image-11694\" title=\"torpedo\" src=\"http:\/\/www.cinevox.be\/wp-content\/uploads\/sites\/2\/2011\/12\/torpedo.jpg\" alt=\"\" width=\"1906\" height=\"978\" srcset=\"https:\/\/welovecinema.be\/wp-content\/uploads\/sites\/2\/2011\/12\/torpedo.jpg 1906w, https:\/\/welovecinema.be\/wp-content\/uploads\/sites\/2\/2011\/12\/torpedo-480x246.jpg 480w, https:\/\/welovecinema.be\/wp-content\/uploads\/sites\/2\/2011\/12\/torpedo-800x410.jpg 800w\" sizes=\"auto, (max-width: 1906px) 100vw, 1906px\" \/><\/a><em>[Torpedo]<\/em><\/p>\n<p>&nbsp;<\/p>\n<p>L&rsquo;ouverture du festival, le 19 \u00e0 19h30 au Bozar est d&rsquo;ores et d\u00e9j\u00e0 un \u00e9v\u00e9nement phare puisque ce sera l&rsquo;occasion de d\u00e9couvrir en premi\u00e8re mondiale un film tr\u00e8s attendu: le premier long m\u00e9trage de <strong>Matthieu Donck<\/strong>, produit par <strong>Dominique Jeanne<\/strong> avec <strong>Fran\u00e7ois Damiens<\/strong> et <strong>Audrey Dana<\/strong> : <em>Torpedo <\/em>! L&rsquo;histoire d&rsquo;un brave gars qui, croyant gagner un repas avec Eddy Merckx, se trouve oblig\u00e9 d&rsquo;amener sa famille dans un magasin de meubles pour y acheter un canap\u00e9. Or, il n&rsquo;a pas besoin de canap\u00e9 et n&rsquo;a pas de famille. Mais un Millet rouge, destin\u00e9 devenir culte.<\/p>\n<p>&nbsp;<\/p>\n<p><a rel=\"attachment wp-att-11697\" href=\"http:\/\/www.cinevox.be\/be-film-festival-le-cinema-belge-trendy\/little-glory-2510-116-3\/\"><img loading=\"lazy\" decoding=\"async\" class=\"alignright size-medium wp-image-11697\" title=\"Little-Glory-2510-116\" src=\"http:\/\/www.cinevox.be\/wp-content\/uploads\/sites\/2\/2011\/12\/Little-Glory-2510-1162-405x270.jpg\" alt=\"\" width=\"405\" height=\"270\" srcset=\"https:\/\/welovecinema.be\/wp-content\/uploads\/sites\/2\/2011\/12\/Little-Glory-2510-1162-405x270.jpg 405w, https:\/\/welovecinema.be\/wp-content\/uploads\/sites\/2\/2011\/12\/Little-Glory-2510-1162-800x532.jpg 800w\" sizes=\"auto, (max-width: 405px) 100vw, 405px\" \/><\/a>Deuxi\u00e8me exclusivit\u00e9 du BFF, le lendemain, m\u00eame endroit, m\u00eame heure. <a href=\"http:\/\/www.cinevox.be\/?p=7725\"><strong>Vincent Lannoo<\/strong><\/a><strong>,<\/strong> flanqu\u00e9 de deux de ses acteurs <strong>Hannah Murray<\/strong> et <strong>Isabella Blake Thomas<\/strong> pr\u00e9sentera <em>Little Glory<\/em>, son nouveau long m\u00e9trage (enfin, son avant-dernier, puisqu&rsquo;il a d\u00e9j\u00e0 tourn\u00e9 autre chose depuis). Propos\u00e9 au festival de Rome, ce drame film\u00e9 en anglais dans le Michigan est emmen\u00e9 par un certain <strong>Cameron Bright<\/strong> qui, pour ceux (ou celles, mais c&rsquo;est peu probable) qui l&rsquo;ignorent encore, est Alec dans la saga <em>Twilight <\/em>depuis l&rsquo;\u00e9pisode 2.<\/p>\n<p>&nbsp;<\/p>\n<p>Troisi\u00e8me in\u00e9dit phare fort intrigant, <em>On the Road Again<\/em>, un docu consacr\u00e9 \u00e0 <strong><a href=\"http:\/\/www.cinevox.be\/?p=9891\">Bouli Lanners<\/a><\/strong> et r\u00e9alis\u00e9 par une des idoles de Bouli, sans doute son metteur en sc\u00e8ne belge pr\u00e9f\u00e9r\u00e9 (et c&rsquo;est lui qui le dit, <a href=\"http:\/\/www.youtube.com\/watch?v=y5k4HUKZ6_g\">ici<\/a> \u00e0 55&Prime;), <strong><a href=\"http:\/\/www.cinevox.be\/?p=11290\">Benoit Mariage<\/a><\/strong>. Une toute belle rencontre qui ressemble un peu \u00e0 un pied de nez de l&rsquo;histoire, car il y a six ans, on aurait plut\u00f4t imagin\u00e9 l&rsquo;inverse: un film de Bouli sur Benoit\u2026 qui viendra peut-\u00eatre un jour, sait-on jamais. Toujours est-il que la sensibilit\u00e9 du regard de Benoit Mariage sur l&rsquo;univers formidable de Bouli devrait nous valoir un grand moment. Il va de soi que les deux amis seront pr\u00e9sents dans la salle des Bozar le 21 \u00e0 19h45. Nous aussi.<\/p>\n<p>&nbsp;<\/p>\n<p>\u00c0 c\u00f4t\u00e9s de ces nouveaut\u00e9s, une foule d&rsquo;autres films seront aussi propos\u00e9s et d\u00e8s demain, nous vous offrirons des tickets duo pour quatre s\u00e9ances. Restez branch\u00e9: le jeu en vaut la chandelle !<\/p>\n<p>&nbsp;<\/p>\n<p>Plus que jamais le <em>Be Film festival<\/em> est donc cette ann\u00e9e un rendez-vous \u00e0 marquer d&rsquo;une pierre blanche (ou d&rsquo;une boule de No\u00ebl rouge si vous voulez): cet ultime \u00e9v\u00e8nement m\u00e9diatique de 2011 couronne dignement une fort excitante ann\u00e9e pour notre cin\u00e9ma et annonce douze prochains mois explosifs.\u00a0 On croit r\u00eaver\u2026<\/p>\n<p>&nbsp;<\/p>\n","protected":false},"excerpt":{"rendered":"<p>Depuis quelques ann\u00e9es, la fin du mois de d\u00e9cembre est l&rsquo;occasion d&rsquo;un festival fort int\u00e9ressant en parfaite ad\u00e9quation avec les objectifs de Cinevox. V\u00e9ritable r\u00e9trospective des films belges sortis au cours de l&rsquo;ann\u00e9e, le Be Film Festival se d\u00e9roule cette ann\u00e9e du 19 au 23 d\u00e9cembre 2011 et est h\u00e9berg\u00e9 par deux lieux embl\u00e9matiques : &hellip;<\/p>\n","protected":false},"author":7,"featured_media":11699,"comment_status":"closed","ping_status":"closed","sticky":false,"template":"","format":"standard","meta":{"ngg_post_thumbnail":0,"footnotes":""},"categories":[1923],"tags":[],"class_list":["post-11690","post","type-post","status-publish","format-standard","has-post-thumbnail","","category-en-bref"],"yoast_head":"<!-- This site is optimized with the Yoast SEO plugin v20.4 - https:\/\/yoast.com\/wordpress\/plugins\/seo\/ -->\n<title>Be Film Festival  Le cin\u00e9ma belge trendy ! - We Love Cinema<\/title>\n<meta name=\"robots\" content=\"index, follow, max-snippet:-1, max-image-preview:large, max-video-preview:-1\" \/>\n<link rel=\"canonical\" href=\"https:\/\/welovecinema.be\/fr\/be-film-festival-le-cinema-belge-trendy\/\" \/>\n<meta property=\"og:locale\" content=\"fr_FR\" \/>\n<meta property=\"og:type\" content=\"article\" \/>\n<meta property=\"og:title\" content=\"Be Film Festival  Le cin\u00e9ma belge trendy ! - We Love Cinema\" \/>\n<meta property=\"og:description\" content=\"Depuis quelques ann\u00e9es, la fin du mois de d\u00e9cembre est l&rsquo;occasion d&rsquo;un festival fort int\u00e9ressant en parfaite ad\u00e9quation avec les objectifs de Cinevox. V\u00e9ritable r\u00e9trospective des films belges sortis au cours de l&rsquo;ann\u00e9e, le Be Film Festival se d\u00e9roule cette ann\u00e9e du 19 au 23 d\u00e9cembre 2011 et est h\u00e9berg\u00e9 par deux lieux embl\u00e9matiques : &hellip;\" \/>\n<meta property=\"og:url\" content=\"https:\/\/welovecinema.be\/fr\/be-film-festival-le-cinema-belge-trendy\/\" \/>\n<meta property=\"og:site_name\" content=\"We Love Cinema\" \/>\n<meta property=\"article:publisher\" content=\"https:\/\/www.facebook.com\/welovecinema.be\" \/>\n<meta property=\"article:published_time\" content=\"2011-12-08T07:33:06+00:00\" \/>\n<meta property=\"article:modified_time\" content=\"2011-12-20T22:45:32+00:00\" \/>\n<meta property=\"og:image\" content=\"https:\/\/welovecinema.be\/wp-content\/uploads\/sites\/2\/2011\/12\/bff.png\" \/>\n\t<meta property=\"og:image:width\" content=\"469\" \/>\n\t<meta property=\"og:image:height\" content=\"237\" \/>\n\t<meta property=\"og:image:type\" content=\"image\/png\" \/>\n<meta name=\"author\" content=\"Philippe.Pierquin\" \/>\n<meta name=\"twitter:card\" content=\"summary_large_image\" \/>\n<meta name=\"twitter:label1\" content=\"\u00c9crit par\" \/>\n\t<meta name=\"twitter:data1\" content=\"Philippe.Pierquin\" \/>\n\t<meta name=\"twitter:label2\" content=\"Dur\u00e9e de lecture estim\u00e9e\" \/>\n\t<meta name=\"twitter:data2\" content=\"4 minutes\" \/>\n<script type=\"application\/ld+json\" class=\"yoast-schema-graph\">{\"@context\":\"https:\/\/schema.org\",\"@graph\":[{\"@type\":\"Article\",\"@id\":\"https:\/\/welovecinema.be\/fr\/be-film-festival-le-cinema-belge-trendy\/#article\",\"isPartOf\":{\"@id\":\"https:\/\/welovecinema.be\/fr\/be-film-festival-le-cinema-belge-trendy\/\"},\"author\":{\"name\":\"Philippe.Pierquin\",\"@id\":\"https:\/\/welovecinema.be\/nl\/#\/schema\/person\/4b9b1d857f0943453a38a7c2859ef756\"},\"headline\":\"Be Film Festival Le cin\u00e9ma belge trendy !\",\"datePublished\":\"2011-12-08T07:33:06+00:00\",\"dateModified\":\"2011-12-20T22:45:32+00:00\",\"mainEntityOfPage\":{\"@id\":\"https:\/\/welovecinema.be\/fr\/be-film-festival-le-cinema-belge-trendy\/\"},\"wordCount\":922,\"publisher\":{\"@id\":\"https:\/\/welovecinema.be\/nl\/#organization\"},\"articleSection\":[\"En bref\"],\"inLanguage\":\"fr-FR\"},{\"@type\":\"WebPage\",\"@id\":\"https:\/\/welovecinema.be\/fr\/be-film-festival-le-cinema-belge-trendy\/\",\"url\":\"https:\/\/welovecinema.be\/fr\/be-film-festival-le-cinema-belge-trendy\/\",\"name\":\"Be Film Festival Le cin\u00e9ma belge trendy ! - We Love Cinema\",\"isPartOf\":{\"@id\":\"https:\/\/welovecinema.be\/nl\/#website\"},\"datePublished\":\"2011-12-08T07:33:06+00:00\",\"dateModified\":\"2011-12-20T22:45:32+00:00\",\"breadcrumb\":{\"@id\":\"https:\/\/welovecinema.be\/fr\/be-film-festival-le-cinema-belge-trendy\/#breadcrumb\"},\"inLanguage\":\"fr-FR\",\"potentialAction\":[{\"@type\":\"ReadAction\",\"target\":[\"https:\/\/welovecinema.be\/fr\/be-film-festival-le-cinema-belge-trendy\/\"]}]},{\"@type\":\"BreadcrumbList\",\"@id\":\"https:\/\/welovecinema.be\/fr\/be-film-festival-le-cinema-belge-trendy\/#breadcrumb\",\"itemListElement\":[{\"@type\":\"ListItem\",\"position\":1,\"name\":\"Accueil\",\"item\":\"https:\/\/welovecinema.be\/fr\/\"},{\"@type\":\"ListItem\",\"position\":2,\"name\":\"Be Film Festival Le cin\u00e9ma belge trendy !\"}]},{\"@type\":\"WebSite\",\"@id\":\"https:\/\/welovecinema.be\/nl\/#website\",\"url\":\"https:\/\/welovecinema.be\/nl\/\",\"name\":\"We Love Cinema\",\"description\":\"Toute l\u2019information du cin\u00e9ma en Belgique\",\"publisher\":{\"@id\":\"https:\/\/welovecinema.be\/nl\/#organization\"},\"potentialAction\":[{\"@type\":\"SearchAction\",\"target\":{\"@type\":\"EntryPoint\",\"urlTemplate\":\"https:\/\/welovecinema.be\/nl\/?s={search_term_string}\"},\"query-input\":\"required name=search_term_string\"}],\"inLanguage\":\"fr-FR\"},{\"@type\":\"Organization\",\"@id\":\"https:\/\/welovecinema.be\/nl\/#organization\",\"name\":\"We Love Cinema\",\"url\":\"https:\/\/welovecinema.be\/nl\/\",\"logo\":{\"@type\":\"ImageObject\",\"inLanguage\":\"fr-FR\",\"@id\":\"https:\/\/welovecinema.be\/nl\/#\/schema\/logo\/image\/\",\"url\":\"https:\/\/welovecinema.be\/wp-content\/uploads\/sites\/2\/2023\/03\/Logo-We-Love-Cinema305x128.jpg\",\"contentUrl\":\"https:\/\/welovecinema.be\/wp-content\/uploads\/sites\/2\/2023\/03\/Logo-We-Love-Cinema305x128.jpg\",\"width\":305,\"height\":128,\"caption\":\"We Love Cinema\"},\"image\":{\"@id\":\"https:\/\/welovecinema.be\/nl\/#\/schema\/logo\/image\/\"},\"sameAs\":[\"https:\/\/www.facebook.com\/welovecinema.be\",\"https:\/\/www.youtube.com\/channel\/UCX5LYGVhnKvYauW4Nta4HJA\",\"https:\/\/www.instagram.com\/welovecinema.be\/\"]},{\"@type\":\"Person\",\"@id\":\"https:\/\/welovecinema.be\/nl\/#\/schema\/person\/4b9b1d857f0943453a38a7c2859ef756\",\"name\":\"Philippe.Pierquin\",\"url\":\"https:\/\/welovecinema.be\/fr\/author\/philippe-pierquin\/\"}]}<\/script>\n<!-- \/ Yoast SEO plugin. -->","yoast_head_json":{"title":"Be Film Festival  Le cin\u00e9ma belge trendy ! - We Love Cinema","robots":{"index":"index","follow":"follow","max-snippet":"max-snippet:-1","max-image-preview":"max-image-preview:large","max-video-preview":"max-video-preview:-1"},"canonical":"https:\/\/welovecinema.be\/fr\/be-film-festival-le-cinema-belge-trendy\/","og_locale":"fr_FR","og_type":"article","og_title":"Be Film Festival  Le cin\u00e9ma belge trendy ! - We Love Cinema","og_description":"Depuis quelques ann\u00e9es, la fin du mois de d\u00e9cembre est l&rsquo;occasion d&rsquo;un festival fort int\u00e9ressant en parfaite ad\u00e9quation avec les objectifs de Cinevox. V\u00e9ritable r\u00e9trospective des films belges sortis au cours de l&rsquo;ann\u00e9e, le Be Film Festival se d\u00e9roule cette ann\u00e9e du 19 au 23 d\u00e9cembre 2011 et est h\u00e9berg\u00e9 par deux lieux embl\u00e9matiques : &hellip;","og_url":"https:\/\/welovecinema.be\/fr\/be-film-festival-le-cinema-belge-trendy\/","og_site_name":"We Love Cinema","article_publisher":"https:\/\/www.facebook.com\/welovecinema.be","article_published_time":"2011-12-08T07:33:06+00:00","article_modified_time":"2011-12-20T22:45:32+00:00","og_image":[{"width":"469","height":"237","url":"https:\/\/welovecinema.be\/wp-content\/uploads\/sites\/2\/2011\/12\/bff.png","type":"image\/png"}],"author":"Philippe.Pierquin","twitter_card":"summary_large_image","twitter_misc":{"\u00c9crit par":"Philippe.Pierquin","Dur\u00e9e de lecture estim\u00e9e":"4 minutes"},"schema":{"@context":"https:\/\/schema.org","@graph":[{"@type":"Article","@id":"https:\/\/welovecinema.be\/fr\/be-film-festival-le-cinema-belge-trendy\/#article","isPartOf":{"@id":"https:\/\/welovecinema.be\/fr\/be-film-festival-le-cinema-belge-trendy\/"},"author":{"name":"Philippe.Pierquin","@id":"https:\/\/welovecinema.be\/nl\/#\/schema\/person\/4b9b1d857f0943453a38a7c2859ef756"},"headline":"Be Film Festival Le cin\u00e9ma belge trendy !","datePublished":"2011-12-08T07:33:06+00:00","dateModified":"2011-12-20T22:45:32+00:00","mainEntityOfPage":{"@id":"https:\/\/welovecinema.be\/fr\/be-film-festival-le-cinema-belge-trendy\/"},"wordCount":922,"publisher":{"@id":"https:\/\/welovecinema.be\/nl\/#organization"},"articleSection":["En bref"],"inLanguage":"fr-FR"},{"@type":"WebPage","@id":"https:\/\/welovecinema.be\/fr\/be-film-festival-le-cinema-belge-trendy\/","url":"https:\/\/welovecinema.be\/fr\/be-film-festival-le-cinema-belge-trendy\/","name":"Be Film Festival Le cin\u00e9ma belge trendy ! - We Love Cinema","isPartOf":{"@id":"https:\/\/welovecinema.be\/nl\/#website"},"datePublished":"2011-12-08T07:33:06+00:00","dateModified":"2011-12-20T22:45:32+00:00","breadcrumb":{"@id":"https:\/\/welovecinema.be\/fr\/be-film-festival-le-cinema-belge-trendy\/#breadcrumb"},"inLanguage":"fr-FR","potentialAction":[{"@type":"ReadAction","target":["https:\/\/welovecinema.be\/fr\/be-film-festival-le-cinema-belge-trendy\/"]}]},{"@type":"BreadcrumbList","@id":"https:\/\/welovecinema.be\/fr\/be-film-festival-le-cinema-belge-trendy\/#breadcrumb","itemListElement":[{"@type":"ListItem","position":1,"name":"Accueil","item":"https:\/\/welovecinema.be\/fr\/"},{"@type":"ListItem","position":2,"name":"Be Film Festival Le cin\u00e9ma belge trendy !"}]},{"@type":"WebSite","@id":"https:\/\/welovecinema.be\/nl\/#website","url":"https:\/\/welovecinema.be\/nl\/","name":"We Love Cinema","description":"Toute l\u2019information du cin\u00e9ma en Belgique","publisher":{"@id":"https:\/\/welovecinema.be\/nl\/#organization"},"potentialAction":[{"@type":"SearchAction","target":{"@type":"EntryPoint","urlTemplate":"https:\/\/welovecinema.be\/nl\/?s={search_term_string}"},"query-input":"required name=search_term_string"}],"inLanguage":"fr-FR"},{"@type":"Organization","@id":"https:\/\/welovecinema.be\/nl\/#organization","name":"We Love Cinema","url":"https:\/\/welovecinema.be\/nl\/","logo":{"@type":"ImageObject","inLanguage":"fr-FR","@id":"https:\/\/welovecinema.be\/nl\/#\/schema\/logo\/image\/","url":"https:\/\/welovecinema.be\/wp-content\/uploads\/sites\/2\/2023\/03\/Logo-We-Love-Cinema305x128.jpg","contentUrl":"https:\/\/welovecinema.be\/wp-content\/uploads\/sites\/2\/2023\/03\/Logo-We-Love-Cinema305x128.jpg","width":305,"height":128,"caption":"We Love Cinema"},"image":{"@id":"https:\/\/welovecinema.be\/nl\/#\/schema\/logo\/image\/"},"sameAs":["https:\/\/www.facebook.com\/welovecinema.be","https:\/\/www.youtube.com\/channel\/UCX5LYGVhnKvYauW4Nta4HJA","https:\/\/www.instagram.com\/welovecinema.be\/"]},{"@type":"Person","@id":"https:\/\/welovecinema.be\/nl\/#\/schema\/person\/4b9b1d857f0943453a38a7c2859ef756","name":"Philippe.Pierquin","url":"https:\/\/welovecinema.be\/fr\/author\/philippe-pierquin\/"}]}},"_links":{"self":[{"href":"https:\/\/welovecinema.be\/fr\/wp-json\/wp\/v2\/posts\/11690","targetHints":{"allow":["GET"]}}],"collection":[{"href":"https:\/\/welovecinema.be\/fr\/wp-json\/wp\/v2\/posts"}],"about":[{"href":"https:\/\/welovecinema.be\/fr\/wp-json\/wp\/v2\/types\/post"}],"author":[{"embeddable":true,"href":"https:\/\/welovecinema.be\/fr\/wp-json\/wp\/v2\/users\/7"}],"replies":[{"embeddable":true,"href":"https:\/\/welovecinema.be\/fr\/wp-json\/wp\/v2\/comments?post=11690"}],"version-history":[{"count":0,"href":"https:\/\/welovecinema.be\/fr\/wp-json\/wp\/v2\/posts\/11690\/revisions"}],"wp:featuredmedia":[{"embeddable":true,"href":"https:\/\/welovecinema.be\/fr\/wp-json\/wp\/v2\/media\/11699"}],"wp:attachment":[{"href":"https:\/\/welovecinema.be\/fr\/wp-json\/wp\/v2\/media?parent=11690"}],"wp:term":[{"taxonomy":"category","embeddable":true,"href":"https:\/\/welovecinema.be\/fr\/wp-json\/wp\/v2\/categories?post=11690"},{"taxonomy":"post_tag","embeddable":true,"href":"https:\/\/welovecinema.be\/fr\/wp-json\/wp\/v2\/tags?post=11690"}],"curies":[{"name":"wp","href":"https:\/\/api.w.org\/{rel}","templated":true}]}}