{"id":11317,"date":"2011-11-21T07:20:22","date_gmt":"2011-11-21T07:20:22","guid":{"rendered":"http:\/\/www.cinevox.be\/?p=11317"},"modified":"2011-11-21T11:09:26","modified_gmt":"2011-11-21T11:09:26","slug":"virginie-efira-revient-sur-le-petit-ecran-noel-en-novembre","status":"publish","type":"post","link":"https:\/\/welovecinema.be\/fr\/virginie-efira-revient-sur-le-petit-ecran-noel-en-novembre\/","title":{"rendered":"Virginie Efira revient sur le petit \u00e9cran <br>  C&rsquo;est No\u00ebl en novembre"},"content":{"rendered":"<p>Mardi 22 Novembre \u00e0\u00a020h20, la Une f\u00eatera No\u00ebl. Ce n&rsquo;est pas un peu t\u00f4t? Bah, pensez-vous\u2026 Les magasins d\u00e9corent d\u00e9j\u00e0 leur vitrine, les boulangeries proposent des cougnolles (ou cougnous selon la r\u00e9gion) et dans quelques jours on verra appara\u00eetre les premi\u00e8res illuminations. En m\u00eame temps, on d\u00eene encore aux terrasses des brasseries. Y&rsquo;a plus de saison, madame !<\/p>\n<p>&nbsp;<\/p>\n<p><!--more--><\/p>\n<p>&nbsp;<\/p>\n<p><a rel=\"attachment wp-att-11320\" href=\"http:\/\/www.cinevox.be\/virginie-efira-revient-sur-le-petit-ecran-noel-en-novembre\/noel-5\/\"><img loading=\"lazy\" decoding=\"async\" class=\"alignright size-medium wp-image-11320\" title=\"Noel 5\" src=\"http:\/\/www.cinevox.be\/wp-content\/uploads\/sites\/2\/2011\/11\/Noel-5-358x270.jpg\" alt=\"\" width=\"358\" height=\"270\" srcset=\"https:\/\/welovecinema.be\/wp-content\/uploads\/sites\/2\/2011\/11\/Noel-5-358x270.jpg 358w, https:\/\/welovecinema.be\/wp-content\/uploads\/sites\/2\/2011\/11\/Noel-5-300x225.jpg 300w, https:\/\/welovecinema.be\/wp-content\/uploads\/sites\/2\/2011\/11\/Noel-5.jpg 560w\" sizes=\"auto, (max-width: 358px) 100vw, 358px\" \/><\/a>Mardi, sur la RTBF, ce sera No\u00ebl donc. Carr\u00e9ment un t\u00e9l\u00e9film festif de r\u00e9veillon, emmen\u00e9 par une des com\u00e9diennes belges les plus en vues du moment, la belle <strong>Virginie Efira <\/strong>qui n&rsquo;en finit pas de franchir les unes apr\u00e8s les autres les portes de la gloire (on y reviendra). Port\u00e9e par les grands succ\u00e8s publics de <em>L&rsquo;Amour c&rsquo;est mieux \u00e0 Deux<\/em> (1.123.061 spectateurs en France),<em> <\/em>et de<em> <a href=\"http:\/\/www.cinevox.be\/la-chance-de-ma-vie-br-une-comedie-euphorisante\/\" target=\"_blank\">la Chance de ma Vie<\/a> (<\/em>1.047.705), boost\u00e9e par une prestation convaincante dans la com\u00e9die de l&rsquo;automne (<em><a href=\"http:\/\/www.cinevox.be\/mon-pire-cauchemar-entre-les-mains-danne-fontaine\/\" target=\"_blank\">Mon Pire Cauchemar<\/a> <\/em>d&rsquo;<strong>Anne Fontaine<\/strong>), Virginie n&rsquo;\u00e9tait plus sp\u00e9cialement attendue sur le petit \u00e9cran. D&rsquo;autant que la belle comique se double aussi d&rsquo;un autre visage, plus sombre, plus d\u00e9routant: celui qu&rsquo;elle affiche dans <a href=\"http:\/\/www.cinevox.be\/kill-me-please-on-ne-badine-pas-avec-la-mort-quoique\/\" target=\"_blank\"><em>Kill Me Please<\/em>,<\/a> un film d\u00e9cal\u00e9, anthracite, d&rsquo;un incroyable cynisme jubilatoire. Une personnalit\u00e9 trouble qu&rsquo;elle affirmera bient\u00f4t un peu plus dans <em>Alleluia <\/em>de <strong>Fabrice du Welz<\/strong> o\u00f9 elle incarne un personnage lumineux, certes, mais dans un drame criminel d&rsquo;une terrible noirceur.<\/p>\n<p>&nbsp;<\/p>\n<p>Bref, Virginie est devenue une actrice bankable sur laquelle les producteurs peuvent se reposer pour esp\u00e9rer attirer les spectateurs. Son joli minois et sa renomm\u00e9e t\u00e9l\u00e9visuelle ont amorc\u00e9 la pompe, mais c&rsquo;est son talent, son enthousiasme et sa personnalit\u00e9 tonique qui ont emport\u00e9 l&rsquo;adh\u00e9sion.<\/p>\n<p><a rel=\"attachment wp-att-11324\" href=\"http:\/\/www.cinevox.be\/virginie-efira-revient-sur-le-petit-ecran-noel-en-novembre\/noel-3\/\"><img loading=\"lazy\" decoding=\"async\" class=\"alignleft size-medium wp-image-11324\" title=\"Noel 3\" src=\"http:\/\/www.cinevox.be\/wp-content\/uploads\/sites\/2\/2011\/11\/Noel-3-405x270.jpg\" alt=\"\" width=\"405\" height=\"270\" srcset=\"https:\/\/welovecinema.be\/wp-content\/uploads\/sites\/2\/2011\/11\/Noel-3-405x270.jpg 405w, https:\/\/welovecinema.be\/wp-content\/uploads\/sites\/2\/2011\/11\/Noel-3.jpg 560w\" sizes=\"auto, (max-width: 405px) 100vw, 405px\" \/><\/a>Sur le plateau de <em><a href=\"http:\/\/www.cinevox.be\/il-ne-meurt-pas-il-parle\/\" target=\"_blank\">Dead Man Talking<\/a><\/em> o\u00f9 nous l&rsquo;avons crois\u00e9e cet \u00e9t\u00e9, Virginie nous avait expliqu\u00e9 son choix apparemment surprenant de retourner faire un crochet sur le petit \u00e9cran.<\/p>\n<p>\u00a0\u00bb Un acteur de t\u00e9l\u00e9 n&rsquo;est pas forc\u00e9ment un acteur de cin\u00e9ma recal\u00e9. La t\u00e9l\u00e9vision n&rsquo;est plus ce qu&rsquo;elle \u00e9tait. On y produit des tas de films enthousiasmants aujourd&rsquo;hui, avec une libert\u00e9 de ton qui n&rsquo;a rien \u00e0 envier au cin\u00e9ma. On va vite, on est toujours dans l&rsquo;action. Ce qui m&rsquo;a plu dans ce r\u00f4le? Le sc\u00e9nario d&rsquo;abord et surtout la possibilit\u00e9 de travailler avec <strong>Christian Merret-Palmair<\/strong>\u00ab\u00a0.<\/p>\n<p>&nbsp;<\/p>\n<p><strong><a rel=\"attachment wp-att-11325\" href=\"http:\/\/www.cinevox.be\/virginie-efira-revient-sur-le-petit-ecran-noel-en-novembre\/_mg09179\/\"><img loading=\"lazy\" decoding=\"async\" class=\"alignleft size-medium wp-image-11325\" title=\"_MG09179\" src=\"http:\/\/www.cinevox.be\/wp-content\/uploads\/sites\/2\/2011\/11\/MG09179-405x270.jpg\" alt=\"\" width=\"405\" height=\"270\" srcset=\"https:\/\/welovecinema.be\/wp-content\/uploads\/sites\/2\/2011\/11\/MG09179-405x270.jpg 405w, https:\/\/welovecinema.be\/wp-content\/uploads\/sites\/2\/2011\/11\/MG09179-800x532.jpg 800w\" sizes=\"auto, (max-width: 405px) 100vw, 405px\" \/><\/a>Christian Merret-Palmair<\/strong> ! Le revenant ! Le r\u00e9alisateur fran\u00e7ais connut son heure de gloire au d\u00e9but des ann\u00e9es 2000 en s&rsquo;associant au bin\u00f4me <strong>Poelvoorde \u2013 Le Brun<\/strong>. Ces trois-l\u00e0 mirent sur pied les incroyables carnets de <em><a href=\"http:\/\/www.youtube.com\/watch?v=V-CrXxCp1R4\" target=\"_blank\">Monsieur Manatane<\/a><\/em> sur <em>Canal Plus<\/em> (\u00e0 voir en DVD si ce n&rsquo;est d\u00e9j\u00e0 fait, en attendant cliquez sur le lien vous ne le regretterez pas!) et <a href=\"http:\/\/www.youtube.com\/watch?v=0eVlNeWZKkI\" target=\"_blank\">Les <em>Portes de la Gloire<\/em>,<\/a> une des plus belles com\u00e9dies douces-am\u00e8res que nous ait r\u00e9cemment offert le cin\u00e9ma francophone. Les 446.000 spectateurs fran\u00e7ais attir\u00e9s par le film, trop profond pour n&rsquo;\u00eatre que dr\u00f4le, frein\u00e8rent la carri\u00e8re et la notori\u00e9t\u00e9 naissante du cin\u00e9aste. Le chiffre n&rsquo;est pas mauvais en soi, mais \u00e0 l&rsquo;\u00e9poque les producteurs esp\u00e9raient surench\u00e9rir sur le carton des <em>Randonneurs <\/em>(1.5 million) pour imposer rapidement <strong>Benoit Poelvoorde<\/strong> aupr\u00e8s du (tr\u00e8s) grand public.<\/p>\n<p>&nbsp;<\/p>\n<p>Heureusement, rien n&rsquo;est d\u00e9finitif en ce monde et apr\u00e8s une travers\u00e9e du d\u00e9sert de pr\u00e8s de 10 ans (en terme de visibilit\u00e9), le r\u00e9alisateur revient cette ann\u00e9e avec deux projets marquants : <em>A la maison pour No\u00ebl<\/em>, plus un long m\u00e9trage de cin\u00e9ma qui nous arrivera en 2012, l&rsquo;explosif <em><a href=\"http:\/\/www.cinevox.be\/les-belges-a-paris-eclats-de-rire-garantis\/\" target=\"_blank\">Il \u00c9tait une Fois une Fois<\/a> <\/em>avec<strong> Fran\u00e7ois-Xavier Demaison <\/strong>et les belges comp\u00e8res\u00a0<strong>Jean-Luc Couchard<\/strong> et <strong>Charlie Dupont.<\/strong> Ce retour aux sources pourrait se transformer en un retour en gr\u00e2ce si l&rsquo;audimat de l&rsquo;un et l&rsquo;audience de l&rsquo;autre d\u00e9montrent un int\u00e9r\u00eat du public pour ce type de com\u00e9dies d\u00e9capantes et p\u00e9tillantes qui, \u00e0 la fa\u00e7on des \u00a0com\u00e9dies ricaines estampill\u00e9es Ben Stiller (par exemple), n&rsquo;h\u00e9sitent jamais \u00e0 d\u00e9raper dans le loufoque et l&rsquo;excessif.<\/p>\n<p>&nbsp;<\/p>\n<p><a rel=\"attachment wp-att-11328\" href=\"http:\/\/www.cinevox.be\/virginie-efira-revient-sur-le-petit-ecran-noel-en-novembre\/noel-4\/\"><img loading=\"lazy\" decoding=\"async\" class=\"alignright size-medium wp-image-11328\" title=\"Noel 4\" src=\"http:\/\/www.cinevox.be\/wp-content\/uploads\/sites\/2\/2011\/11\/Noel-4-358x270.jpg\" alt=\"\" width=\"358\" height=\"270\" srcset=\"https:\/\/welovecinema.be\/wp-content\/uploads\/sites\/2\/2011\/11\/Noel-4-358x270.jpg 358w, https:\/\/welovecinema.be\/wp-content\/uploads\/sites\/2\/2011\/11\/Noel-4-300x225.jpg 300w, https:\/\/welovecinema.be\/wp-content\/uploads\/sites\/2\/2011\/11\/Noel-4.jpg 560w\" sizes=\"auto, (max-width: 358px) 100vw, 358px\" \/><\/a>\u00ab\u00a0J&rsquo;avais ador\u00e9 Les <em>Portes de la Gloire\u00a0\u00bb<\/em>, confirme Virginie. \u00ab\u00a0Du coup, j&rsquo;ai accept\u00e9 de coproduire ce t\u00e9l\u00e9film. J&rsquo;y crois tr\u00e8s fort.\u00a0\u00bb<\/p>\n<p><em>\u00c0 la maison pour No\u00ebl <\/em>est une collaboration entre France T\u00e9l\u00e9visions et la RTBF. Ce qui donne \u00e0 la cha\u00eene belge le droit (l&rsquo;obligation, en fait) de diffuser le t\u00e9l\u00e9film avant sa cons\u0153ur fran\u00e7aise. Le tournage a dur\u00e9 quatre semaines, du 6 janvier au 3 f\u00e9vrier 2011. \u00c0 Paris et dans sa proche banlieue.<\/p>\n<p>&nbsp;<\/p>\n<p>&nbsp;<\/p>\n<p>&nbsp;<\/p>\n<p>&nbsp;<\/p>\n<p>Virginie incarne ici Sarah Moreau, brillante avocate qui contr\u00f4le tout dans sa vie. Son emploi du temps de femme d&rsquo;affaires ne lui permet pas de laisser quoi que ce soit au hasard. M\u00eame les jours de f\u00eate. Surtout les jours de f\u00eate. Et aujourd&rsquo;hui c&rsquo;est No\u00ebl. Dans sa <a rel=\"attachment wp-att-11327\" href=\"http:\/\/www.cinevox.be\/virginie-efira-revient-sur-le-petit-ecran-noel-en-novembre\/noel-6-2\/\"><img loading=\"lazy\" decoding=\"async\" class=\"alignleft size-medium wp-image-11327\" title=\"Noel 6\" src=\"http:\/\/www.cinevox.be\/wp-content\/uploads\/sites\/2\/2011\/11\/Noel-61-405x270.jpg\" alt=\"\" width=\"405\" height=\"270\" srcset=\"https:\/\/welovecinema.be\/wp-content\/uploads\/sites\/2\/2011\/11\/Noel-61-405x270.jpg 405w, https:\/\/welovecinema.be\/wp-content\/uploads\/sites\/2\/2011\/11\/Noel-61.jpg 560w\" sizes=\"auto, (max-width: 405px) 100vw, 405px\" \/><\/a>journ\u00e9e r\u00e9gl\u00e9e comme du papier \u00e0 musique, rien n&rsquo;a \u00e9t\u00e9 n\u00e9glig\u00e9. De la dinde bio au cadeau de son fils Eylias, en passant par le sapin achet\u00e9, bien s\u00fbr, dans un commerce \u00e9quitable, tout sera parfait. Au pire, Sarah compte sur l&rsquo;aide de Hedi, son compagnon. Certes, il a une f\u00e2cheuse tendance \u00e0 dormir un peu trop tard le matin. Mais on peut raisonnablement esp\u00e9rer qu&rsquo;il fera, ce jour-l\u00e0, un r\u00e9el effort pour que tout se d\u00e9roule \u00e0 merveille. Ou pas&#8230;<\/p>\n<p>Le r\u00e9veillon approche et tout semble \u00eatre sous contr\u00f4le. Tout sauf le destin. Aurait-elle imagin\u00e9 \u00eatre accus\u00e9e d&rsquo;adult\u00e8re, oblig\u00e9e de n\u00e9gocier avec un clochard, coinc\u00e9e dans un train sans argent, jet\u00e9e d&rsquo;un taxi par un chauffeur jama\u00efcain raciste&#8230;pour finir par \u00eatre impliqu\u00e9e dans un accident de voiture, sous un arbre de No\u00ebl, avec un ex-petit ami maniaco-d\u00e9pressif et obsessionnel?<\/p>\n<p>&nbsp;<\/p>\n<p>De quoi, effectivement nous r\u00e9server 90 minutes assez d\u00e9lirantes, comme un avant-go\u00fbt bienvenu de r\u00e9veillon. Alors, pourquoi ne pas allumer un feu de bois dans la chemin\u00e9e et ouvrir une bouteille de champagne (ou de mousseux, ne soyons snobs) pour savourer une excellente soir\u00e9e de pure d\u00e9tente? C&rsquo;est No\u00ebl avant l&rsquo;heure, certes. Mais ce qui est pris n&rsquo;est plus \u00e0 prendre. Et (surtout!) il n&rsquo;y a pas de mal \u00e0 se faire du bien.<\/p>\n<p>&nbsp;<\/p>\n","protected":false},"excerpt":{"rendered":"<p>Mardi 22 Novembre \u00e0\u00a020h20, la Une f\u00eatera No\u00ebl. Ce n&rsquo;est pas un peu t\u00f4t? Bah, pensez-vous\u2026 Les magasins d\u00e9corent d\u00e9j\u00e0 leur vitrine, les boulangeries proposent des cougnolles (ou cougnous selon la r\u00e9gion) et dans quelques jours on verra appara\u00eetre les premi\u00e8res illuminations. En m\u00eame temps, on d\u00eene encore aux terrasses des brasseries. Y&rsquo;a plus de &hellip;<\/p>\n","protected":false},"author":7,"featured_media":11322,"comment_status":"closed","ping_status":"closed","sticky":false,"template":"","format":"standard","meta":{"ngg_post_thumbnail":0,"footnotes":""},"categories":[7,14],"tags":[],"class_list":["post-11317","post","type-post","status-publish","format-standard","has-post-thumbnail","","category-actualites","category-home-cinema"],"yoast_head":"<!-- This site is optimized with the Yoast SEO plugin v20.4 - https:\/\/yoast.com\/wordpress\/plugins\/seo\/ -->\n<title>Virginie Efira revient sur le petit \u00e9cran  C&#039;est No\u00ebl en novembre - We Love Cinema<\/title>\n<meta name=\"robots\" content=\"index, follow, max-snippet:-1, max-image-preview:large, max-video-preview:-1\" \/>\n<link rel=\"canonical\" href=\"https:\/\/welovecinema.be\/fr\/virginie-efira-revient-sur-le-petit-ecran-noel-en-novembre\/\" \/>\n<meta property=\"og:locale\" content=\"fr_FR\" \/>\n<meta property=\"og:type\" content=\"article\" \/>\n<meta property=\"og:title\" content=\"Virginie Efira revient sur le petit \u00e9cran  C&#039;est No\u00ebl en novembre - We Love Cinema\" \/>\n<meta property=\"og:description\" content=\"Mardi 22 Novembre \u00e0\u00a020h20, la Une f\u00eatera No\u00ebl. Ce n&rsquo;est pas un peu t\u00f4t? Bah, pensez-vous\u2026 Les magasins d\u00e9corent d\u00e9j\u00e0 leur vitrine, les boulangeries proposent des cougnolles (ou cougnous selon la r\u00e9gion) et dans quelques jours on verra appara\u00eetre les premi\u00e8res illuminations. En m\u00eame temps, on d\u00eene encore aux terrasses des brasseries. Y&rsquo;a plus de &hellip;\" \/>\n<meta property=\"og:url\" content=\"https:\/\/welovecinema.be\/fr\/virginie-efira-revient-sur-le-petit-ecran-noel-en-novembre\/\" \/>\n<meta property=\"og:site_name\" content=\"We Love Cinema\" \/>\n<meta property=\"article:publisher\" content=\"https:\/\/www.facebook.com\/welovecinema.be\" \/>\n<meta property=\"article:published_time\" content=\"2011-11-21T07:20:22+00:00\" \/>\n<meta property=\"article:modified_time\" content=\"2011-11-21T11:09:26+00:00\" \/>\n<meta property=\"og:image\" content=\"https:\/\/welovecinema.be\/wp-content\/uploads\/sites\/2\/2011\/11\/Noel-2.jpg\" \/>\n\t<meta property=\"og:image:width\" content=\"580\" \/>\n\t<meta property=\"og:image:height\" content=\"380\" \/>\n\t<meta property=\"og:image:type\" content=\"image\/jpeg\" \/>\n<meta name=\"author\" content=\"Philippe.Pierquin\" \/>\n<meta name=\"twitter:card\" content=\"summary_large_image\" \/>\n<meta name=\"twitter:label1\" content=\"\u00c9crit par\" \/>\n\t<meta name=\"twitter:data1\" content=\"Philippe.Pierquin\" \/>\n\t<meta name=\"twitter:label2\" content=\"Dur\u00e9e de lecture estim\u00e9e\" \/>\n\t<meta name=\"twitter:data2\" content=\"5 minutes\" \/>\n<script type=\"application\/ld+json\" class=\"yoast-schema-graph\">{\"@context\":\"https:\/\/schema.org\",\"@graph\":[{\"@type\":\"Article\",\"@id\":\"https:\/\/welovecinema.be\/fr\/virginie-efira-revient-sur-le-petit-ecran-noel-en-novembre\/#article\",\"isPartOf\":{\"@id\":\"https:\/\/welovecinema.be\/fr\/virginie-efira-revient-sur-le-petit-ecran-noel-en-novembre\/\"},\"author\":{\"name\":\"Philippe.Pierquin\",\"@id\":\"https:\/\/welovecinema.be\/nl\/#\/schema\/person\/4b9b1d857f0943453a38a7c2859ef756\"},\"headline\":\"Virginie Efira revient sur le petit \u00e9cran C&rsquo;est No\u00ebl en novembre\",\"datePublished\":\"2011-11-21T07:20:22+00:00\",\"dateModified\":\"2011-11-21T11:09:26+00:00\",\"mainEntityOfPage\":{\"@id\":\"https:\/\/welovecinema.be\/fr\/virginie-efira-revient-sur-le-petit-ecran-noel-en-novembre\/\"},\"wordCount\":1128,\"publisher\":{\"@id\":\"https:\/\/welovecinema.be\/nl\/#organization\"},\"articleSection\":[\"News\",\"Plateau t\u00e9l\u00e9\"],\"inLanguage\":\"fr-FR\"},{\"@type\":\"WebPage\",\"@id\":\"https:\/\/welovecinema.be\/fr\/virginie-efira-revient-sur-le-petit-ecran-noel-en-novembre\/\",\"url\":\"https:\/\/welovecinema.be\/fr\/virginie-efira-revient-sur-le-petit-ecran-noel-en-novembre\/\",\"name\":\"Virginie Efira revient sur le petit \u00e9cran C'est No\u00ebl en novembre - We Love Cinema\",\"isPartOf\":{\"@id\":\"https:\/\/welovecinema.be\/nl\/#website\"},\"datePublished\":\"2011-11-21T07:20:22+00:00\",\"dateModified\":\"2011-11-21T11:09:26+00:00\",\"breadcrumb\":{\"@id\":\"https:\/\/welovecinema.be\/fr\/virginie-efira-revient-sur-le-petit-ecran-noel-en-novembre\/#breadcrumb\"},\"inLanguage\":\"fr-FR\",\"potentialAction\":[{\"@type\":\"ReadAction\",\"target\":[\"https:\/\/welovecinema.be\/fr\/virginie-efira-revient-sur-le-petit-ecran-noel-en-novembre\/\"]}]},{\"@type\":\"BreadcrumbList\",\"@id\":\"https:\/\/welovecinema.be\/fr\/virginie-efira-revient-sur-le-petit-ecran-noel-en-novembre\/#breadcrumb\",\"itemListElement\":[{\"@type\":\"ListItem\",\"position\":1,\"name\":\"Accueil\",\"item\":\"https:\/\/welovecinema.be\/fr\/\"},{\"@type\":\"ListItem\",\"position\":2,\"name\":\"Virginie Efira revient sur le petit \u00e9cran C&rsquo;est No\u00ebl en novembre\"}]},{\"@type\":\"WebSite\",\"@id\":\"https:\/\/welovecinema.be\/nl\/#website\",\"url\":\"https:\/\/welovecinema.be\/nl\/\",\"name\":\"We Love Cinema\",\"description\":\"Toute l\u2019information du cin\u00e9ma en Belgique\",\"publisher\":{\"@id\":\"https:\/\/welovecinema.be\/nl\/#organization\"},\"potentialAction\":[{\"@type\":\"SearchAction\",\"target\":{\"@type\":\"EntryPoint\",\"urlTemplate\":\"https:\/\/welovecinema.be\/nl\/?s={search_term_string}\"},\"query-input\":\"required name=search_term_string\"}],\"inLanguage\":\"fr-FR\"},{\"@type\":\"Organization\",\"@id\":\"https:\/\/welovecinema.be\/nl\/#organization\",\"name\":\"We Love Cinema\",\"url\":\"https:\/\/welovecinema.be\/nl\/\",\"logo\":{\"@type\":\"ImageObject\",\"inLanguage\":\"fr-FR\",\"@id\":\"https:\/\/welovecinema.be\/nl\/#\/schema\/logo\/image\/\",\"url\":\"https:\/\/welovecinema.be\/wp-content\/uploads\/sites\/2\/2023\/03\/Logo-We-Love-Cinema305x128.jpg\",\"contentUrl\":\"https:\/\/welovecinema.be\/wp-content\/uploads\/sites\/2\/2023\/03\/Logo-We-Love-Cinema305x128.jpg\",\"width\":305,\"height\":128,\"caption\":\"We Love Cinema\"},\"image\":{\"@id\":\"https:\/\/welovecinema.be\/nl\/#\/schema\/logo\/image\/\"},\"sameAs\":[\"https:\/\/www.facebook.com\/welovecinema.be\",\"https:\/\/www.youtube.com\/channel\/UCX5LYGVhnKvYauW4Nta4HJA\",\"https:\/\/www.instagram.com\/welovecinema.be\/\"]},{\"@type\":\"Person\",\"@id\":\"https:\/\/welovecinema.be\/nl\/#\/schema\/person\/4b9b1d857f0943453a38a7c2859ef756\",\"name\":\"Philippe.Pierquin\",\"url\":\"https:\/\/welovecinema.be\/fr\/author\/philippe-pierquin\/\"}]}<\/script>\n<!-- \/ Yoast SEO plugin. -->","yoast_head_json":{"title":"Virginie Efira revient sur le petit \u00e9cran  C'est No\u00ebl en novembre - We Love Cinema","robots":{"index":"index","follow":"follow","max-snippet":"max-snippet:-1","max-image-preview":"max-image-preview:large","max-video-preview":"max-video-preview:-1"},"canonical":"https:\/\/welovecinema.be\/fr\/virginie-efira-revient-sur-le-petit-ecran-noel-en-novembre\/","og_locale":"fr_FR","og_type":"article","og_title":"Virginie Efira revient sur le petit \u00e9cran  C'est No\u00ebl en novembre - We Love Cinema","og_description":"Mardi 22 Novembre \u00e0\u00a020h20, la Une f\u00eatera No\u00ebl. Ce n&rsquo;est pas un peu t\u00f4t? Bah, pensez-vous\u2026 Les magasins d\u00e9corent d\u00e9j\u00e0 leur vitrine, les boulangeries proposent des cougnolles (ou cougnous selon la r\u00e9gion) et dans quelques jours on verra appara\u00eetre les premi\u00e8res illuminations. En m\u00eame temps, on d\u00eene encore aux terrasses des brasseries. Y&rsquo;a plus de &hellip;","og_url":"https:\/\/welovecinema.be\/fr\/virginie-efira-revient-sur-le-petit-ecran-noel-en-novembre\/","og_site_name":"We Love Cinema","article_publisher":"https:\/\/www.facebook.com\/welovecinema.be","article_published_time":"2011-11-21T07:20:22+00:00","article_modified_time":"2011-11-21T11:09:26+00:00","og_image":[{"width":"580","height":"380","url":"https:\/\/welovecinema.be\/wp-content\/uploads\/sites\/2\/2011\/11\/Noel-2.jpg","type":"image\/jpeg"}],"author":"Philippe.Pierquin","twitter_card":"summary_large_image","twitter_misc":{"\u00c9crit par":"Philippe.Pierquin","Dur\u00e9e de lecture estim\u00e9e":"5 minutes"},"schema":{"@context":"https:\/\/schema.org","@graph":[{"@type":"Article","@id":"https:\/\/welovecinema.be\/fr\/virginie-efira-revient-sur-le-petit-ecran-noel-en-novembre\/#article","isPartOf":{"@id":"https:\/\/welovecinema.be\/fr\/virginie-efira-revient-sur-le-petit-ecran-noel-en-novembre\/"},"author":{"name":"Philippe.Pierquin","@id":"https:\/\/welovecinema.be\/nl\/#\/schema\/person\/4b9b1d857f0943453a38a7c2859ef756"},"headline":"Virginie Efira revient sur le petit \u00e9cran C&rsquo;est No\u00ebl en novembre","datePublished":"2011-11-21T07:20:22+00:00","dateModified":"2011-11-21T11:09:26+00:00","mainEntityOfPage":{"@id":"https:\/\/welovecinema.be\/fr\/virginie-efira-revient-sur-le-petit-ecran-noel-en-novembre\/"},"wordCount":1128,"publisher":{"@id":"https:\/\/welovecinema.be\/nl\/#organization"},"articleSection":["News","Plateau t\u00e9l\u00e9"],"inLanguage":"fr-FR"},{"@type":"WebPage","@id":"https:\/\/welovecinema.be\/fr\/virginie-efira-revient-sur-le-petit-ecran-noel-en-novembre\/","url":"https:\/\/welovecinema.be\/fr\/virginie-efira-revient-sur-le-petit-ecran-noel-en-novembre\/","name":"Virginie Efira revient sur le petit \u00e9cran C'est No\u00ebl en novembre - We Love Cinema","isPartOf":{"@id":"https:\/\/welovecinema.be\/nl\/#website"},"datePublished":"2011-11-21T07:20:22+00:00","dateModified":"2011-11-21T11:09:26+00:00","breadcrumb":{"@id":"https:\/\/welovecinema.be\/fr\/virginie-efira-revient-sur-le-petit-ecran-noel-en-novembre\/#breadcrumb"},"inLanguage":"fr-FR","potentialAction":[{"@type":"ReadAction","target":["https:\/\/welovecinema.be\/fr\/virginie-efira-revient-sur-le-petit-ecran-noel-en-novembre\/"]}]},{"@type":"BreadcrumbList","@id":"https:\/\/welovecinema.be\/fr\/virginie-efira-revient-sur-le-petit-ecran-noel-en-novembre\/#breadcrumb","itemListElement":[{"@type":"ListItem","position":1,"name":"Accueil","item":"https:\/\/welovecinema.be\/fr\/"},{"@type":"ListItem","position":2,"name":"Virginie Efira revient sur le petit \u00e9cran C&rsquo;est No\u00ebl en novembre"}]},{"@type":"WebSite","@id":"https:\/\/welovecinema.be\/nl\/#website","url":"https:\/\/welovecinema.be\/nl\/","name":"We Love Cinema","description":"Toute l\u2019information du cin\u00e9ma en Belgique","publisher":{"@id":"https:\/\/welovecinema.be\/nl\/#organization"},"potentialAction":[{"@type":"SearchAction","target":{"@type":"EntryPoint","urlTemplate":"https:\/\/welovecinema.be\/nl\/?s={search_term_string}"},"query-input":"required name=search_term_string"}],"inLanguage":"fr-FR"},{"@type":"Organization","@id":"https:\/\/welovecinema.be\/nl\/#organization","name":"We Love Cinema","url":"https:\/\/welovecinema.be\/nl\/","logo":{"@type":"ImageObject","inLanguage":"fr-FR","@id":"https:\/\/welovecinema.be\/nl\/#\/schema\/logo\/image\/","url":"https:\/\/welovecinema.be\/wp-content\/uploads\/sites\/2\/2023\/03\/Logo-We-Love-Cinema305x128.jpg","contentUrl":"https:\/\/welovecinema.be\/wp-content\/uploads\/sites\/2\/2023\/03\/Logo-We-Love-Cinema305x128.jpg","width":305,"height":128,"caption":"We Love Cinema"},"image":{"@id":"https:\/\/welovecinema.be\/nl\/#\/schema\/logo\/image\/"},"sameAs":["https:\/\/www.facebook.com\/welovecinema.be","https:\/\/www.youtube.com\/channel\/UCX5LYGVhnKvYauW4Nta4HJA","https:\/\/www.instagram.com\/welovecinema.be\/"]},{"@type":"Person","@id":"https:\/\/welovecinema.be\/nl\/#\/schema\/person\/4b9b1d857f0943453a38a7c2859ef756","name":"Philippe.Pierquin","url":"https:\/\/welovecinema.be\/fr\/author\/philippe-pierquin\/"}]}},"_links":{"self":[{"href":"https:\/\/welovecinema.be\/fr\/wp-json\/wp\/v2\/posts\/11317","targetHints":{"allow":["GET"]}}],"collection":[{"href":"https:\/\/welovecinema.be\/fr\/wp-json\/wp\/v2\/posts"}],"about":[{"href":"https:\/\/welovecinema.be\/fr\/wp-json\/wp\/v2\/types\/post"}],"author":[{"embeddable":true,"href":"https:\/\/welovecinema.be\/fr\/wp-json\/wp\/v2\/users\/7"}],"replies":[{"embeddable":true,"href":"https:\/\/welovecinema.be\/fr\/wp-json\/wp\/v2\/comments?post=11317"}],"version-history":[{"count":0,"href":"https:\/\/welovecinema.be\/fr\/wp-json\/wp\/v2\/posts\/11317\/revisions"}],"wp:featuredmedia":[{"embeddable":true,"href":"https:\/\/welovecinema.be\/fr\/wp-json\/wp\/v2\/media\/11322"}],"wp:attachment":[{"href":"https:\/\/welovecinema.be\/fr\/wp-json\/wp\/v2\/media?parent=11317"}],"wp:term":[{"taxonomy":"category","embeddable":true,"href":"https:\/\/welovecinema.be\/fr\/wp-json\/wp\/v2\/categories?post=11317"},{"taxonomy":"post_tag","embeddable":true,"href":"https:\/\/welovecinema.be\/fr\/wp-json\/wp\/v2\/tags?post=11317"}],"curies":[{"name":"wp","href":"https:\/\/api.w.org\/{rel}","templated":true}]}}