{"id":11201,"date":"2011-11-19T10:15:49","date_gmt":"2011-11-19T10:15:49","guid":{"rendered":"http:\/\/www.cinevox.be\/?p=11201"},"modified":"2011-11-22T21:45:46","modified_gmt":"2011-11-22T21:45:46","slug":"au-cul-du-loup-a-amiens-le-triomphe","status":"publish","type":"post","link":"https:\/\/welovecinema.be\/fr\/au-cul-du-loup-a-amiens-le-triomphe\/","title":{"rendered":"Au Cul du Loup <br> \u00c0 Amiens, le triomphe"},"content":{"rendered":"<p><em>Au Cul du Loup<\/em> s&rsquo;est impos\u00e9 hier soir au festival d&rsquo;Amiens. Le long m\u00e9trage de <strong>Pierre Duculot<\/strong> avec <strong>Christelle Cornil<\/strong> (notamment) a re\u00e7u deux prix majeurs qui couronnent une tourn\u00e9e en festival assez impressionnante.<!--more--><\/p>\n<p>&nbsp;<\/p>\n<p>&nbsp;<\/p>\n<p>&nbsp;<\/p>\n<p>Le parcours d&rsquo;<em>Au Cul du Loup<\/em>, c&rsquo;est aussi le triomphe de l&rsquo;opini\u00e2tret\u00e9. Nous reviendrons en d\u00e9cembre sur la volont\u00e9 exceptionnelle du r\u00e9alisateur qui a concr\u00e9tis\u00e9 son r\u00eave de long m\u00e9trage pour ne retenir aujourd&rsquo;hui que l&rsquo;incroyable itin\u00e9raire du film dans les salles du monde entier. Dans les salles, et au-dehors, puisqu&rsquo;<em>Au Cul du Loup <\/em>qui se d\u00e9roule en partie \u00e0 Charleroi fut choisi en juin dernier pour l&rsquo;inauguration de la nouvelle gare carolo. Une projection gratuite sur l&rsquo;esplanade g\u00e2ch\u00e9e par des conditions m\u00e9t\u00e9o plus que moyennes malgr\u00e9 la saison. Un d\u00e9part en demi-teinte, mais qu&rsquo;importe, il en faut plus pour d\u00e9courager l&rsquo;\u00e9quipe et <em>Need Productions<\/em> qui a financ\u00e9 le projet.<\/p>\n<p>&nbsp;<\/p>\n<p><a rel=\"attachment wp-att-11203\" href=\"http:\/\/www.cinevox.be\/au-cul-du-loup-a-amiens-le-triomphe\/_mg04780-2\/\"><img loading=\"lazy\" decoding=\"async\" class=\"aligncenter size-full wp-image-11203\" title=\"_MG04780\" src=\"http:\/\/www.cinevox.be\/wp-content\/uploads\/sites\/2\/2011\/11\/MG04780.jpg\" alt=\"\" width=\"1000\" height=\"392\" srcset=\"https:\/\/welovecinema.be\/wp-content\/uploads\/sites\/2\/2011\/11\/MG04780.jpg 1000w, https:\/\/welovecinema.be\/wp-content\/uploads\/sites\/2\/2011\/11\/MG04780-480x188.jpg 480w, https:\/\/welovecinema.be\/wp-content\/uploads\/sites\/2\/2011\/11\/MG04780-800x313.jpg 800w\" sizes=\"auto, (max-width: 1000px) 100vw, 1000px\" \/><\/a><\/p>\n<p style=\"text-align: right;\"><em>[L\u2019\u00e9quipe d&rsquo;Au Cul du Loup :<\/em><em>de gauche \u00e0 droite: Pierre Duculot, Christelle Cornil, Pierre Nisse, Marijke Pinoy, Jean-Jacques Rausin, Marie Kremer, Fran\u00e7ois Sikivie, Djemel Barek et B\u00e9atrice Thiriet (la compositrice)]<\/em><\/p>\n<p>&nbsp;<\/p>\n<p>C&rsquo;est \u00e0 Flagey, au Brussels Film festival (<a href=\"http:\/\/www.cinevox.be\/?p=4049\" target=\"_blank\">nous y \u00e9tions<\/a>) qu&rsquo;<em>Au Cul du Loup <\/em>entame un long p\u00e8lerinage en festivals qui le m\u00e8nera pendant des mois \u00e0 un peu partout \u00e0 travers l&rsquo;Europe, voire \u00e0 S\u00e3o Paulo (35<sup>e<\/sup> Mostra du cin\u00e9ma international) ou au Canada pour le festival Cinemania o\u00f9 le film r\u00e9colte de tr\u00e8s bonnes critiques (voir <a href=\"http:\/\/www.journalmetro.com\/blogue\/post\/1021331\">ici<\/a>). On le voit aussi \u00e0 l&rsquo;affiche du festival du film europ\u00e9en de Virton, \u00e0 celui celle du <em>Film festival Oostende,<\/em> et en Corse, bien s\u00fbr, o\u00f9 se d\u00e9roule la partie majeure de l&rsquo;histoire. \u00a0Pendant cette p\u00e9riode, la route de <strong>P\u00eferre Duculot<\/strong> croise souvent celle de Miel Van Hoogenbemt engag\u00e9 dans une d\u00e9marche identique avec son <em>Fils Unique<\/em>. C&rsquo;est le cas \u00e0 Mannheim-Heidelberg par exemple, ou au Fiff namurois. Entre autres\u2026<\/p>\n<p>&nbsp;<\/p>\n<p><a rel=\"attachment wp-att-11204\" href=\"http:\/\/www.cinevox.be\/au-cul-du-loup-a-amiens-le-triomphe\/amiens-pierre\/\"><img loading=\"lazy\" decoding=\"async\" class=\"alignright size-large wp-image-11204\" title=\"amiens pierre\" src=\"http:\/\/www.cinevox.be\/wp-content\/uploads\/sites\/2\/2011\/11\/amiens-pierre-393x600.png\" alt=\"\" width=\"393\" height=\"600\" srcset=\"https:\/\/welovecinema.be\/wp-content\/uploads\/sites\/2\/2011\/11\/amiens-pierre-393x600.png 393w, https:\/\/welovecinema.be\/wp-content\/uploads\/sites\/2\/2011\/11\/amiens-pierre-177x270.png 177w, https:\/\/welovecinema.be\/wp-content\/uploads\/sites\/2\/2011\/11\/amiens-pierre.png 406w\" sizes=\"auto, (max-width: 393px) 100vw, 393px\" \/><\/a>Cette semaine, <em>Au Cul du Loup<\/em> faisait donc halte au <a href=\"http:\/\/www.filmfestamiens.org\/\">31e Festival d&rsquo;Amiens<\/a>. Lors de la c\u00e9r\u00e9monie de cl\u00f4ture, pr\u00e9sid\u00e9e par Joe Dante (<em>Gremlins<\/em>) et Bertrand Tavernier (<em>Coup de Torchon<\/em>), le film a re\u00e7u le Grand Prix du Festival et le Prix du Public !\u00a0Un tr\u00e8s joli coup double, non seulement au Palmar\u00e8s, mais \u00e9galement dans l&rsquo;esprit. S\u00e9duire le jury et le public, ce n&rsquo;est pas toujours chose ais\u00e9e.<br \/>\nRemarque importante : ce Grand Prix a d&rsquo;ailleurs \u00e9t\u00e9 attribu\u00e9 \u00e0 l&rsquo;unanimit\u00e9. Le Jury \u00e9tait compos\u00e9 de Pierre-William Glenn (Chef Op\u00e9rateur), Adela\u00efde Leroux (com\u00e9dienne), Fejria Deliba (com\u00e9dienne), Mima Fleurent (Distributrice), Aline Pailler (Programmatrice, France Culture) et \u00c9douard Waintrop (d\u00e9l\u00e9gu\u00e9 g\u00e9n\u00e9ral de la Quinzaine des r\u00e9alisateurs). \u00c0 la cl\u00e9, plus de 30.000 euros d&rsquo;aide \u00e0 la distribution et \u00e0 la promotion! Un adjuvant tr\u00e8s utile en ces temps \u00e9tranges o\u00f9 il devient de plus en plus difficile de se frayer un chemin jusque sur les \u00e9crans commerciaux.<\/p>\n<p>&nbsp;<\/p>\n<p>En Belgique, cette sortie nationale aura lieu le 25 janvier 2012. Avant cela, <em>Au Cul du Loup<\/em> sera encore visible au <em>Be Film Festival<\/em>, le lundi 19 d\u00e9cembre \u00e0 19h au Bozar. Et sur <strong>Cinevox<\/strong> puisque nous rencontrerons l&rsquo;\u00e9quipe d\u00e9but d\u00e9cembre pour faire le point sur cette belle aventure.<\/p>\n<p>&nbsp;<\/p>\n<p><em>[La photo en noir et blanc vient du site du festival d&rsquo;Amiens, sign\u00e9e Myl\u00e8ne Kokel]<\/em><\/p>\n","protected":false},"excerpt":{"rendered":"<p>Au Cul du Loup s&rsquo;est impos\u00e9 hier soir au festival d&rsquo;Amiens. Le long m\u00e9trage de Pierre Duculot avec Christelle Cornil (notamment) a re\u00e7u deux prix majeurs qui couronnent une tourn\u00e9e en festival assez impressionnante.<\/p>\n","protected":false},"author":7,"featured_media":11206,"comment_status":"closed","ping_status":"closed","sticky":false,"template":"","format":"standard","meta":{"ngg_post_thumbnail":0,"footnotes":""},"categories":[12,7],"tags":[],"class_list":["post-11201","post","type-post","status-publish","format-standard","has-post-thumbnail","","category-awards","category-actualites"],"yoast_head":"<!-- This site is optimized with the Yoast SEO plugin v20.4 - https:\/\/yoast.com\/wordpress\/plugins\/seo\/ -->\n<title>Au Cul du Loup  \u00c0 Amiens, le triomphe - We Love Cinema<\/title>\n<meta name=\"robots\" content=\"index, follow, max-snippet:-1, max-image-preview:large, max-video-preview:-1\" \/>\n<link rel=\"canonical\" href=\"https:\/\/welovecinema.be\/fr\/au-cul-du-loup-a-amiens-le-triomphe\/\" \/>\n<meta property=\"og:locale\" content=\"fr_FR\" \/>\n<meta property=\"og:type\" content=\"article\" \/>\n<meta property=\"og:title\" content=\"Au Cul du Loup  \u00c0 Amiens, le triomphe - We Love Cinema\" \/>\n<meta property=\"og:description\" content=\"Au Cul du Loup s&rsquo;est impos\u00e9 hier soir au festival d&rsquo;Amiens. Le long m\u00e9trage de Pierre Duculot avec Christelle Cornil (notamment) a re\u00e7u deux prix majeurs qui couronnent une tourn\u00e9e en festival assez impressionnante.\" \/>\n<meta property=\"og:url\" content=\"https:\/\/welovecinema.be\/fr\/au-cul-du-loup-a-amiens-le-triomphe\/\" \/>\n<meta property=\"og:site_name\" content=\"We Love Cinema\" \/>\n<meta property=\"article:publisher\" content=\"https:\/\/www.facebook.com\/welovecinema.be\" \/>\n<meta property=\"article:published_time\" content=\"2011-11-19T10:15:49+00:00\" \/>\n<meta property=\"article:modified_time\" content=\"2011-11-22T21:45:46+00:00\" \/>\n<meta property=\"og:image\" content=\"https:\/\/welovecinema.be\/wp-content\/uploads\/sites\/2\/2011\/11\/acdl.jpg\" \/>\n\t<meta property=\"og:image:width\" content=\"1021\" \/>\n\t<meta property=\"og:image:height\" content=\"424\" \/>\n\t<meta property=\"og:image:type\" content=\"image\/jpeg\" \/>\n<meta name=\"author\" content=\"Philippe.Pierquin\" \/>\n<meta name=\"twitter:card\" content=\"summary_large_image\" \/>\n<meta name=\"twitter:label1\" content=\"\u00c9crit par\" \/>\n\t<meta name=\"twitter:data1\" content=\"Philippe.Pierquin\" \/>\n\t<meta name=\"twitter:label2\" content=\"Dur\u00e9e de lecture estim\u00e9e\" \/>\n\t<meta name=\"twitter:data2\" content=\"3 minutes\" \/>\n<script type=\"application\/ld+json\" class=\"yoast-schema-graph\">{\"@context\":\"https:\/\/schema.org\",\"@graph\":[{\"@type\":\"Article\",\"@id\":\"https:\/\/welovecinema.be\/fr\/au-cul-du-loup-a-amiens-le-triomphe\/#article\",\"isPartOf\":{\"@id\":\"https:\/\/welovecinema.be\/fr\/au-cul-du-loup-a-amiens-le-triomphe\/\"},\"author\":{\"name\":\"Philippe.Pierquin\",\"@id\":\"https:\/\/welovecinema.be\/nl\/#\/schema\/person\/4b9b1d857f0943453a38a7c2859ef756\"},\"headline\":\"Au Cul du Loup \u00c0 Amiens, le triomphe\",\"datePublished\":\"2011-11-19T10:15:49+00:00\",\"dateModified\":\"2011-11-22T21:45:46+00:00\",\"mainEntityOfPage\":{\"@id\":\"https:\/\/welovecinema.be\/fr\/au-cul-du-loup-a-amiens-le-triomphe\/\"},\"wordCount\":602,\"publisher\":{\"@id\":\"https:\/\/welovecinema.be\/nl\/#organization\"},\"articleSection\":[\"Evenements\",\"News\"],\"inLanguage\":\"fr-FR\"},{\"@type\":\"WebPage\",\"@id\":\"https:\/\/welovecinema.be\/fr\/au-cul-du-loup-a-amiens-le-triomphe\/\",\"url\":\"https:\/\/welovecinema.be\/fr\/au-cul-du-loup-a-amiens-le-triomphe\/\",\"name\":\"Au Cul du Loup \u00c0 Amiens, le triomphe - We Love Cinema\",\"isPartOf\":{\"@id\":\"https:\/\/welovecinema.be\/nl\/#website\"},\"datePublished\":\"2011-11-19T10:15:49+00:00\",\"dateModified\":\"2011-11-22T21:45:46+00:00\",\"breadcrumb\":{\"@id\":\"https:\/\/welovecinema.be\/fr\/au-cul-du-loup-a-amiens-le-triomphe\/#breadcrumb\"},\"inLanguage\":\"fr-FR\",\"potentialAction\":[{\"@type\":\"ReadAction\",\"target\":[\"https:\/\/welovecinema.be\/fr\/au-cul-du-loup-a-amiens-le-triomphe\/\"]}]},{\"@type\":\"BreadcrumbList\",\"@id\":\"https:\/\/welovecinema.be\/fr\/au-cul-du-loup-a-amiens-le-triomphe\/#breadcrumb\",\"itemListElement\":[{\"@type\":\"ListItem\",\"position\":1,\"name\":\"Accueil\",\"item\":\"https:\/\/welovecinema.be\/fr\/\"},{\"@type\":\"ListItem\",\"position\":2,\"name\":\"Au Cul du Loup \u00c0 Amiens, le triomphe\"}]},{\"@type\":\"WebSite\",\"@id\":\"https:\/\/welovecinema.be\/nl\/#website\",\"url\":\"https:\/\/welovecinema.be\/nl\/\",\"name\":\"We Love Cinema\",\"description\":\"Toute l\u2019information du cin\u00e9ma en Belgique\",\"publisher\":{\"@id\":\"https:\/\/welovecinema.be\/nl\/#organization\"},\"potentialAction\":[{\"@type\":\"SearchAction\",\"target\":{\"@type\":\"EntryPoint\",\"urlTemplate\":\"https:\/\/welovecinema.be\/nl\/?s={search_term_string}\"},\"query-input\":\"required name=search_term_string\"}],\"inLanguage\":\"fr-FR\"},{\"@type\":\"Organization\",\"@id\":\"https:\/\/welovecinema.be\/nl\/#organization\",\"name\":\"We Love Cinema\",\"url\":\"https:\/\/welovecinema.be\/nl\/\",\"logo\":{\"@type\":\"ImageObject\",\"inLanguage\":\"fr-FR\",\"@id\":\"https:\/\/welovecinema.be\/nl\/#\/schema\/logo\/image\/\",\"url\":\"https:\/\/welovecinema.be\/wp-content\/uploads\/sites\/2\/2023\/03\/Logo-We-Love-Cinema305x128.jpg\",\"contentUrl\":\"https:\/\/welovecinema.be\/wp-content\/uploads\/sites\/2\/2023\/03\/Logo-We-Love-Cinema305x128.jpg\",\"width\":305,\"height\":128,\"caption\":\"We Love Cinema\"},\"image\":{\"@id\":\"https:\/\/welovecinema.be\/nl\/#\/schema\/logo\/image\/\"},\"sameAs\":[\"https:\/\/www.facebook.com\/welovecinema.be\",\"https:\/\/www.youtube.com\/channel\/UCX5LYGVhnKvYauW4Nta4HJA\",\"https:\/\/www.instagram.com\/welovecinema.be\/\"]},{\"@type\":\"Person\",\"@id\":\"https:\/\/welovecinema.be\/nl\/#\/schema\/person\/4b9b1d857f0943453a38a7c2859ef756\",\"name\":\"Philippe.Pierquin\",\"url\":\"https:\/\/welovecinema.be\/fr\/author\/philippe-pierquin\/\"}]}<\/script>\n<!-- \/ Yoast SEO plugin. -->","yoast_head_json":{"title":"Au Cul du Loup  \u00c0 Amiens, le triomphe - We Love Cinema","robots":{"index":"index","follow":"follow","max-snippet":"max-snippet:-1","max-image-preview":"max-image-preview:large","max-video-preview":"max-video-preview:-1"},"canonical":"https:\/\/welovecinema.be\/fr\/au-cul-du-loup-a-amiens-le-triomphe\/","og_locale":"fr_FR","og_type":"article","og_title":"Au Cul du Loup  \u00c0 Amiens, le triomphe - We Love Cinema","og_description":"Au Cul du Loup s&rsquo;est impos\u00e9 hier soir au festival d&rsquo;Amiens. Le long m\u00e9trage de Pierre Duculot avec Christelle Cornil (notamment) a re\u00e7u deux prix majeurs qui couronnent une tourn\u00e9e en festival assez impressionnante.","og_url":"https:\/\/welovecinema.be\/fr\/au-cul-du-loup-a-amiens-le-triomphe\/","og_site_name":"We Love Cinema","article_publisher":"https:\/\/www.facebook.com\/welovecinema.be","article_published_time":"2011-11-19T10:15:49+00:00","article_modified_time":"2011-11-22T21:45:46+00:00","og_image":[{"width":"1021","height":"424","url":"https:\/\/welovecinema.be\/wp-content\/uploads\/sites\/2\/2011\/11\/acdl.jpg","type":"image\/jpeg"}],"author":"Philippe.Pierquin","twitter_card":"summary_large_image","twitter_misc":{"\u00c9crit par":"Philippe.Pierquin","Dur\u00e9e de lecture estim\u00e9e":"3 minutes"},"schema":{"@context":"https:\/\/schema.org","@graph":[{"@type":"Article","@id":"https:\/\/welovecinema.be\/fr\/au-cul-du-loup-a-amiens-le-triomphe\/#article","isPartOf":{"@id":"https:\/\/welovecinema.be\/fr\/au-cul-du-loup-a-amiens-le-triomphe\/"},"author":{"name":"Philippe.Pierquin","@id":"https:\/\/welovecinema.be\/nl\/#\/schema\/person\/4b9b1d857f0943453a38a7c2859ef756"},"headline":"Au Cul du Loup \u00c0 Amiens, le triomphe","datePublished":"2011-11-19T10:15:49+00:00","dateModified":"2011-11-22T21:45:46+00:00","mainEntityOfPage":{"@id":"https:\/\/welovecinema.be\/fr\/au-cul-du-loup-a-amiens-le-triomphe\/"},"wordCount":602,"publisher":{"@id":"https:\/\/welovecinema.be\/nl\/#organization"},"articleSection":["Evenements","News"],"inLanguage":"fr-FR"},{"@type":"WebPage","@id":"https:\/\/welovecinema.be\/fr\/au-cul-du-loup-a-amiens-le-triomphe\/","url":"https:\/\/welovecinema.be\/fr\/au-cul-du-loup-a-amiens-le-triomphe\/","name":"Au Cul du Loup \u00c0 Amiens, le triomphe - We Love Cinema","isPartOf":{"@id":"https:\/\/welovecinema.be\/nl\/#website"},"datePublished":"2011-11-19T10:15:49+00:00","dateModified":"2011-11-22T21:45:46+00:00","breadcrumb":{"@id":"https:\/\/welovecinema.be\/fr\/au-cul-du-loup-a-amiens-le-triomphe\/#breadcrumb"},"inLanguage":"fr-FR","potentialAction":[{"@type":"ReadAction","target":["https:\/\/welovecinema.be\/fr\/au-cul-du-loup-a-amiens-le-triomphe\/"]}]},{"@type":"BreadcrumbList","@id":"https:\/\/welovecinema.be\/fr\/au-cul-du-loup-a-amiens-le-triomphe\/#breadcrumb","itemListElement":[{"@type":"ListItem","position":1,"name":"Accueil","item":"https:\/\/welovecinema.be\/fr\/"},{"@type":"ListItem","position":2,"name":"Au Cul du Loup \u00c0 Amiens, le triomphe"}]},{"@type":"WebSite","@id":"https:\/\/welovecinema.be\/nl\/#website","url":"https:\/\/welovecinema.be\/nl\/","name":"We Love Cinema","description":"Toute l\u2019information du cin\u00e9ma en Belgique","publisher":{"@id":"https:\/\/welovecinema.be\/nl\/#organization"},"potentialAction":[{"@type":"SearchAction","target":{"@type":"EntryPoint","urlTemplate":"https:\/\/welovecinema.be\/nl\/?s={search_term_string}"},"query-input":"required name=search_term_string"}],"inLanguage":"fr-FR"},{"@type":"Organization","@id":"https:\/\/welovecinema.be\/nl\/#organization","name":"We Love Cinema","url":"https:\/\/welovecinema.be\/nl\/","logo":{"@type":"ImageObject","inLanguage":"fr-FR","@id":"https:\/\/welovecinema.be\/nl\/#\/schema\/logo\/image\/","url":"https:\/\/welovecinema.be\/wp-content\/uploads\/sites\/2\/2023\/03\/Logo-We-Love-Cinema305x128.jpg","contentUrl":"https:\/\/welovecinema.be\/wp-content\/uploads\/sites\/2\/2023\/03\/Logo-We-Love-Cinema305x128.jpg","width":305,"height":128,"caption":"We Love Cinema"},"image":{"@id":"https:\/\/welovecinema.be\/nl\/#\/schema\/logo\/image\/"},"sameAs":["https:\/\/www.facebook.com\/welovecinema.be","https:\/\/www.youtube.com\/channel\/UCX5LYGVhnKvYauW4Nta4HJA","https:\/\/www.instagram.com\/welovecinema.be\/"]},{"@type":"Person","@id":"https:\/\/welovecinema.be\/nl\/#\/schema\/person\/4b9b1d857f0943453a38a7c2859ef756","name":"Philippe.Pierquin","url":"https:\/\/welovecinema.be\/fr\/author\/philippe-pierquin\/"}]}},"_links":{"self":[{"href":"https:\/\/welovecinema.be\/fr\/wp-json\/wp\/v2\/posts\/11201","targetHints":{"allow":["GET"]}}],"collection":[{"href":"https:\/\/welovecinema.be\/fr\/wp-json\/wp\/v2\/posts"}],"about":[{"href":"https:\/\/welovecinema.be\/fr\/wp-json\/wp\/v2\/types\/post"}],"author":[{"embeddable":true,"href":"https:\/\/welovecinema.be\/fr\/wp-json\/wp\/v2\/users\/7"}],"replies":[{"embeddable":true,"href":"https:\/\/welovecinema.be\/fr\/wp-json\/wp\/v2\/comments?post=11201"}],"version-history":[{"count":0,"href":"https:\/\/welovecinema.be\/fr\/wp-json\/wp\/v2\/posts\/11201\/revisions"}],"wp:featuredmedia":[{"embeddable":true,"href":"https:\/\/welovecinema.be\/fr\/wp-json\/wp\/v2\/media\/11206"}],"wp:attachment":[{"href":"https:\/\/welovecinema.be\/fr\/wp-json\/wp\/v2\/media?parent=11201"}],"wp:term":[{"taxonomy":"category","embeddable":true,"href":"https:\/\/welovecinema.be\/fr\/wp-json\/wp\/v2\/categories?post=11201"},{"taxonomy":"post_tag","embeddable":true,"href":"https:\/\/welovecinema.be\/fr\/wp-json\/wp\/v2\/tags?post=11201"}],"curies":[{"name":"wp","href":"https:\/\/api.w.org\/{rel}","templated":true}]}}