{"id":11116,"date":"2012-05-07T07:27:55","date_gmt":"2012-05-07T07:27:55","guid":{"rendered":"http:\/\/www.cinevox.be\/?p=11116"},"modified":"2012-05-08T21:24:23","modified_gmt":"2012-05-08T21:24:23","slug":"la-sieste-sous-le-figuier-bruxelles-ma-belle","status":"publish","type":"post","link":"https:\/\/welovecinema.be\/fr\/la-sieste-sous-le-figuier-bruxelles-ma-belle\/","title":{"rendered":"Sous le figuier : Bruxelles, ma belle&#8230;"},"content":{"rendered":"<p><em>Dead Man Talking, Hors Les Murs, Mobile Home, La Vie d&rsquo;une Autre, Un Plan Parfait, Les Ador\u00e9s, <\/em>actuellement\u00a0<em>Une Place sur Terre, La Tendresse <\/em>et<em> Une Chanson pour ma m\u00e8re \u2026 <\/em>On a beaucoup tourn\u00e9 \u00e0 Bruxelles et en Wallonie ces derniers mois. Notamment aussi <em>Sous le Figuier<\/em>, une (co)production belge qui est au menu de notre grand \u00e9cran de ce mois d&rsquo;avril dans toutes les\u00a0salles\u00a0num\u00e9riques. Si vous avez rat\u00e9 le premier article que nous avons consacr\u00e9 \u00e0 ce nouveau long m\u00e9trage de la Belge Anne-Marie \u00c9tienne, n&rsquo;h\u00e9sitez pas \u00e0 le d\u00e9couvrir <a href=\"http:\/\/www.cinevox.be\/la-sieste-sous-le-figuier-la-vie-cest-mieux-a-quatre\/\">ici<\/a> avant d&rsquo;aller plus loin.<br \/>\nLe film est \u00e9galement en vedette dans <a href=\"http:\/\/www.cinevox.be\/videos\/grand-ecran-10\/\" target=\"_blank\">notre Grand Ecran<\/a> actuellement visible dans les salles de cin\u00e9ma.<\/p>\n<p>&nbsp;<\/p>\n<p><!--more--> <a rel=\"attachment wp-att-11119\" href=\"http:\/\/www.cinevox.be\/la-sieste-sous-le-figuier-bruxelles-ma-belle\/_mg00763\/\"><img loading=\"lazy\" decoding=\"async\" class=\"alignright size-medium wp-image-11119\" title=\"_MG00763\" src=\"http:\/\/www.cinevox.be\/wp-content\/uploads\/sites\/2\/2011\/12\/MG00763-406x270.jpg\" alt=\"\" width=\"406\" height=\"270\" srcset=\"https:\/\/welovecinema.be\/wp-content\/uploads\/sites\/2\/2011\/12\/MG00763-406x270.jpg 406w, https:\/\/welovecinema.be\/wp-content\/uploads\/sites\/2\/2011\/12\/MG00763-800x532.jpg 800w, https:\/\/welovecinema.be\/wp-content\/uploads\/sites\/2\/2011\/12\/MG00763.jpg 1000w\" sizes=\"auto, (max-width: 406px) 100vw, 406px\" \/><\/a>Attir\u00e9 par le casting all\u00e9chant de cette com\u00e9die dramatique coproduite ici par <em>Tarantula et <\/em>film\u00e9e entre la Belgique et le Luxembourg, nous avons naturellement squatt\u00e9 le plateau \u00a0lors de son passage \u00e0 Bruxelles.  En attendant de visionner enfin le film sur grand \u00e9cran, nous vous proposons un coup d&rsquo;oeil indiscret en coulisse pour d\u00e9couvrir\u00a0\u00a0l&rsquo;envers du d\u00e9cor, la r\u00e9alisatrice au travail, les acteurs concentr\u00e9s et les techniciens affair\u00e9s&#8230;<\/p>\n<p>&nbsp;<\/p>\n<p>Ce jour-l\u00e0, sur le set, \u00a0deux des quatre com\u00e9diens principaux \u00e9taient pr\u00e9sents : <strong>Anne Consigny<\/strong> et <strong>Jonathan Zacca\u00ef <\/strong>qu&rsquo;on voit beaucoup sur <em>Cinevox <\/em>ces temps-ci. Parce que nous aimons particuli\u00e8rement les acteurs de talent, surtout s&rsquo;ils sont tr\u00e8s sympathiques. Ce qui est indubitablement le cas ici.<\/p>\n<p>&nbsp;<\/p>\n<p><a rel=\"attachment wp-att-11133\" href=\"http:\/\/www.cinevox.be\/la-sieste-sous-le-figuier-bruxelles-ma-belle\/_mg00834\/\"><img loading=\"lazy\" decoding=\"async\" class=\"alignleft size-medium wp-image-11133\" title=\"_MG00834\" src=\"http:\/\/www.cinevox.be\/wp-content\/uploads\/sites\/2\/2011\/12\/MG00834-406x270.jpg\" alt=\"\" width=\"406\" height=\"270\" srcset=\"https:\/\/welovecinema.be\/wp-content\/uploads\/sites\/2\/2011\/12\/MG00834-406x270.jpg 406w, https:\/\/welovecinema.be\/wp-content\/uploads\/sites\/2\/2011\/12\/MG00834-800x532.jpg 800w, https:\/\/welovecinema.be\/wp-content\/uploads\/sites\/2\/2011\/12\/MG00834.jpg 1000w\" sizes=\"auto, (max-width: 406px) 100vw, 406px\" \/><\/a><\/p>\n<p>Beau, souvent dr\u00f4le et terriblement t\u00e9n\u00e9breux \u00e0 l&rsquo;occasion, Jonathan peut tout jouer. 2012 sera pour lui une ann\u00e9e capitale : \u00a0<em><a href=\"http:\/\/www.cinevox.be\/vu-du-fiff-putain-zaccai\/\">JC comme J\u00e9sus-Christ,<\/a><\/em> son premier long m\u00e9trage mini budget maxi id\u00e9es est sorti en salle.<\/p>\n<p>&nbsp;<\/p>\n<p>Ici, il h\u00e9rite d&rsquo;un grand r\u00f4le masculin au milieu de femmes adorables: <strong>Anne-Marie \u00c9tienne <\/strong>(la r\u00e9alisatrice, T-shirt blanc sur les photos)<strong>,<\/strong> <strong>Anne Consigny <\/strong>(avec son joli bonnet), <strong>Marie Kr\u00e9mer<\/strong>,<strong> Gis\u00e8le Casadesus <\/strong>et aussi une partie de l&rsquo;\u00e9quipe technique ou de production (nos amiti\u00e9s \u00e0 <strong>Val\u00e9rie B.)<\/strong><\/p>\n<p>&nbsp;<\/p>\n<p>Le genre de compagnie qui fait r\u00eaver la confr\u00e9rie. Gageons que Jonathan a ador\u00e9 se faire dorloter sur ce tournage\u2026<\/p>\n<p>&nbsp;<\/p>\n<p><a rel=\"attachment wp-att-11122\" href=\"http:\/\/www.cinevox.be\/la-sieste-sous-le-figuier-bruxelles-ma-belle\/_mg00747\/\"><img loading=\"lazy\" decoding=\"async\" class=\"aligncenter size-full wp-image-11122\" title=\"_MG00747\" src=\"http:\/\/www.cinevox.be\/wp-content\/uploads\/sites\/2\/2011\/12\/MG00747.jpg\" alt=\"\" width=\"1000\" height=\"665\" srcset=\"https:\/\/welovecinema.be\/wp-content\/uploads\/sites\/2\/2011\/12\/MG00747.jpg 1000w, https:\/\/welovecinema.be\/wp-content\/uploads\/sites\/2\/2011\/12\/MG00747-406x270.jpg 406w, https:\/\/welovecinema.be\/wp-content\/uploads\/sites\/2\/2011\/12\/MG00747-800x532.jpg 800w\" sizes=\"auto, (max-width: 1000px) 100vw, 1000px\" \/><\/a><\/p>\n<p>&nbsp;<\/p>\n<p><a rel=\"attachment wp-att-11124\" href=\"http:\/\/www.cinevox.be\/la-sieste-sous-le-figuier-bruxelles-ma-belle\/_mg00740\/\"><img loading=\"lazy\" decoding=\"async\" class=\"aligncenter size-full wp-image-11124\" title=\"_MG00740\" src=\"http:\/\/www.cinevox.be\/wp-content\/uploads\/sites\/2\/2011\/12\/MG00740.jpg\" alt=\"\" width=\"1000\" height=\"665\" srcset=\"https:\/\/welovecinema.be\/wp-content\/uploads\/sites\/2\/2011\/12\/MG00740.jpg 1000w, https:\/\/welovecinema.be\/wp-content\/uploads\/sites\/2\/2011\/12\/MG00740-406x270.jpg 406w, https:\/\/welovecinema.be\/wp-content\/uploads\/sites\/2\/2011\/12\/MG00740-800x532.jpg 800w\" sizes=\"auto, (max-width: 1000px) 100vw, 1000px\" \/><\/a> <a rel=\"attachment wp-att-11123\" href=\"http:\/\/www.cinevox.be\/la-sieste-sous-le-figuier-bruxelles-ma-belle\/_mg00750\/\"><\/a><\/p>\n<p>&nbsp;<\/p>\n<p><a rel=\"attachment wp-att-11123\" href=\"http:\/\/www.cinevox.be\/la-sieste-sous-le-figuier-bruxelles-ma-belle\/_mg00750\/\"><img loading=\"lazy\" decoding=\"async\" class=\"aligncenter size-full wp-image-11123\" title=\"_MG00750\" src=\"http:\/\/www.cinevox.be\/wp-content\/uploads\/sites\/2\/2011\/12\/MG00750.jpg\" alt=\"\" width=\"1000\" height=\"665\" srcset=\"https:\/\/welovecinema.be\/wp-content\/uploads\/sites\/2\/2011\/12\/MG00750.jpg 1000w, https:\/\/welovecinema.be\/wp-content\/uploads\/sites\/2\/2011\/12\/MG00750-406x270.jpg 406w, https:\/\/welovecinema.be\/wp-content\/uploads\/sites\/2\/2011\/12\/MG00750-800x532.jpg 800w\" sizes=\"auto, (max-width: 1000px) 100vw, 1000px\" \/><\/a> <a rel=\"attachment wp-att-11125\" href=\"http:\/\/www.cinevox.be\/la-sieste-sous-le-figuier-bruxelles-ma-belle\/_mg00900\/\"><\/a><\/p>\n<p>&nbsp;<\/p>\n<p><a rel=\"attachment wp-att-11125\" href=\"http:\/\/www.cinevox.be\/la-sieste-sous-le-figuier-bruxelles-ma-belle\/_mg00900\/\"><img loading=\"lazy\" decoding=\"async\" class=\"aligncenter size-full wp-image-11125\" title=\"_MG00900\" src=\"http:\/\/www.cinevox.be\/wp-content\/uploads\/sites\/2\/2011\/12\/MG00900.jpg\" alt=\"\" width=\"1000\" height=\"665\" srcset=\"https:\/\/welovecinema.be\/wp-content\/uploads\/sites\/2\/2011\/12\/MG00900.jpg 1000w, https:\/\/welovecinema.be\/wp-content\/uploads\/sites\/2\/2011\/12\/MG00900-406x270.jpg 406w, https:\/\/welovecinema.be\/wp-content\/uploads\/sites\/2\/2011\/12\/MG00900-800x532.jpg 800w\" sizes=\"auto, (max-width: 1000px) 100vw, 1000px\" \/><\/a> <a rel=\"attachment wp-att-11129\" href=\"http:\/\/www.cinevox.be\/la-sieste-sous-le-figuier-bruxelles-ma-belle\/_mg00913\/\"><\/a><\/p>\n<p>&nbsp;<\/p>\n<p><a rel=\"attachment wp-att-11129\" href=\"http:\/\/www.cinevox.be\/la-sieste-sous-le-figuier-bruxelles-ma-belle\/_mg00913\/\"><img loading=\"lazy\" decoding=\"async\" class=\"aligncenter size-full wp-image-11129\" title=\"_MG00913\" src=\"http:\/\/www.cinevox.be\/wp-content\/uploads\/sites\/2\/2011\/12\/MG00913.jpg\" alt=\"\" width=\"1000\" height=\"665\" srcset=\"https:\/\/welovecinema.be\/wp-content\/uploads\/sites\/2\/2011\/12\/MG00913.jpg 1000w, https:\/\/welovecinema.be\/wp-content\/uploads\/sites\/2\/2011\/12\/MG00913-406x270.jpg 406w, https:\/\/welovecinema.be\/wp-content\/uploads\/sites\/2\/2011\/12\/MG00913-800x532.jpg 800w\" sizes=\"auto, (max-width: 1000px) 100vw, 1000px\" \/><\/a> <a rel=\"attachment wp-att-11130\" href=\"http:\/\/www.cinevox.be\/la-sieste-sous-le-figuier-bruxelles-ma-belle\/_mg00866\/\"><\/a><\/p>\n<p>&nbsp;<\/p>\n<p><a rel=\"attachment wp-att-11130\" href=\"http:\/\/www.cinevox.be\/la-sieste-sous-le-figuier-bruxelles-ma-belle\/_mg00866\/\"><img loading=\"lazy\" decoding=\"async\" class=\"aligncenter size-full wp-image-11130\" title=\"_MG00866\" src=\"http:\/\/www.cinevox.be\/wp-content\/uploads\/sites\/2\/2011\/12\/MG00866.jpg\" alt=\"\" width=\"1000\" height=\"665\" srcset=\"https:\/\/welovecinema.be\/wp-content\/uploads\/sites\/2\/2011\/12\/MG00866.jpg 1000w, https:\/\/welovecinema.be\/wp-content\/uploads\/sites\/2\/2011\/12\/MG00866-406x270.jpg 406w, https:\/\/welovecinema.be\/wp-content\/uploads\/sites\/2\/2011\/12\/MG00866-800x532.jpg 800w\" sizes=\"auto, (max-width: 1000px) 100vw, 1000px\" \/><\/a> <a rel=\"attachment wp-att-11131\" href=\"http:\/\/www.cinevox.be\/la-sieste-sous-le-figuier-bruxelles-ma-belle\/_mg00885\/\"><\/a><\/p>\n<p>&nbsp;<\/p>\n<p><a rel=\"attachment wp-att-11131\" href=\"http:\/\/www.cinevox.be\/la-sieste-sous-le-figuier-bruxelles-ma-belle\/_mg00885\/\"><img loading=\"lazy\" decoding=\"async\" class=\"aligncenter size-full wp-image-11131\" title=\"_MG00885\" src=\"http:\/\/www.cinevox.be\/wp-content\/uploads\/sites\/2\/2011\/12\/MG00885.jpg\" alt=\"\" width=\"1000\" height=\"665\" srcset=\"https:\/\/welovecinema.be\/wp-content\/uploads\/sites\/2\/2011\/12\/MG00885.jpg 1000w, https:\/\/welovecinema.be\/wp-content\/uploads\/sites\/2\/2011\/12\/MG00885-406x270.jpg 406w, https:\/\/welovecinema.be\/wp-content\/uploads\/sites\/2\/2011\/12\/MG00885-800x532.jpg 800w\" sizes=\"auto, (max-width: 1000px) 100vw, 1000px\" \/><\/a> <a rel=\"attachment wp-att-11132\" href=\"http:\/\/www.cinevox.be\/la-sieste-sous-le-figuier-bruxelles-ma-belle\/_mg00778\/\"><\/a><\/p>\n<p>&nbsp;<\/p>\n<p><a rel=\"attachment wp-att-11132\" href=\"http:\/\/www.cinevox.be\/la-sieste-sous-le-figuier-bruxelles-ma-belle\/_mg00778\/\"><img loading=\"lazy\" decoding=\"async\" class=\"aligncenter size-full wp-image-11132\" title=\"_MG00778\" src=\"http:\/\/www.cinevox.be\/wp-content\/uploads\/sites\/2\/2011\/12\/MG00778.jpg\" alt=\"\" width=\"1000\" height=\"665\" srcset=\"https:\/\/welovecinema.be\/wp-content\/uploads\/sites\/2\/2011\/12\/MG00778.jpg 1000w, https:\/\/welovecinema.be\/wp-content\/uploads\/sites\/2\/2011\/12\/MG00778-406x270.jpg 406w, https:\/\/welovecinema.be\/wp-content\/uploads\/sites\/2\/2011\/12\/MG00778-800x532.jpg 800w\" sizes=\"auto, (max-width: 1000px) 100vw, 1000px\" \/><\/a><\/p>\n<p style=\"text-align: right;\">&nbsp;<\/p>\n<p style=\"text-align: right;\"><em>[Toutes les photos par <strong>Marianne Grimont<\/strong>]<\/em><\/p>\n","protected":false},"excerpt":{"rendered":"<p>Dead Man Talking, Hors Les Murs, Mobile Home, La Vie d&rsquo;une Autre, Un Plan Parfait, Les Ador\u00e9s, actuellement\u00a0Une Place sur Terre, La Tendresse et Une Chanson pour ma m\u00e8re \u2026 On a beaucoup tourn\u00e9 \u00e0 Bruxelles et en Wallonie ces derniers mois. Notamment aussi Sous le Figuier, une (co)production belge qui est au menu de &hellip;<\/p>\n","protected":false},"author":7,"featured_media":11127,"comment_status":"closed","ping_status":"closed","sticky":false,"template":"","format":"standard","meta":{"ngg_post_thumbnail":0,"footnotes":""},"categories":[7,11],"tags":[],"class_list":["post-11116","post","type-post","status-publish","format-standard","has-post-thumbnail","","category-actualites","category-tournages"],"yoast_head":"<!-- This site is optimized with the Yoast SEO plugin v20.4 - https:\/\/yoast.com\/wordpress\/plugins\/seo\/ -->\n<title>Sous le figuier : Bruxelles, ma belle... - We Love Cinema<\/title>\n<meta name=\"robots\" content=\"index, follow, max-snippet:-1, max-image-preview:large, max-video-preview:-1\" \/>\n<link rel=\"canonical\" href=\"https:\/\/welovecinema.be\/fr\/la-sieste-sous-le-figuier-bruxelles-ma-belle\/\" \/>\n<meta property=\"og:locale\" content=\"fr_FR\" \/>\n<meta property=\"og:type\" content=\"article\" \/>\n<meta property=\"og:title\" content=\"Sous le figuier : Bruxelles, ma belle... - We Love Cinema\" \/>\n<meta property=\"og:description\" content=\"Dead Man Talking, Hors Les Murs, Mobile Home, La Vie d&rsquo;une Autre, Un Plan Parfait, Les Ador\u00e9s, actuellement\u00a0Une Place sur Terre, La Tendresse et Une Chanson pour ma m\u00e8re \u2026 On a beaucoup tourn\u00e9 \u00e0 Bruxelles et en Wallonie ces derniers mois. Notamment aussi Sous le Figuier, une (co)production belge qui est au menu de &hellip;\" \/>\n<meta property=\"og:url\" content=\"https:\/\/welovecinema.be\/fr\/la-sieste-sous-le-figuier-bruxelles-ma-belle\/\" \/>\n<meta property=\"og:site_name\" content=\"We Love Cinema\" \/>\n<meta property=\"article:publisher\" content=\"https:\/\/www.facebook.com\/welovecinema.be\" \/>\n<meta property=\"article:published_time\" content=\"2012-05-07T07:27:55+00:00\" \/>\n<meta property=\"article:modified_time\" content=\"2012-05-08T21:24:23+00:00\" \/>\n<meta property=\"og:image\" content=\"https:\/\/welovecinema.be\/wp-content\/uploads\/sites\/2\/2011\/12\/MG00742.jpg\" \/>\n\t<meta property=\"og:image:width\" content=\"1000\" \/>\n\t<meta property=\"og:image:height\" content=\"665\" \/>\n\t<meta property=\"og:image:type\" content=\"image\/jpeg\" \/>\n<meta name=\"author\" content=\"Philippe.Pierquin\" \/>\n<meta name=\"twitter:card\" content=\"summary_large_image\" \/>\n<meta name=\"twitter:label1\" content=\"\u00c9crit par\" \/>\n\t<meta name=\"twitter:data1\" content=\"Philippe.Pierquin\" \/>\n\t<meta name=\"twitter:label2\" content=\"Dur\u00e9e de lecture estim\u00e9e\" \/>\n\t<meta name=\"twitter:data2\" content=\"2 minutes\" \/>\n<script type=\"application\/ld+json\" class=\"yoast-schema-graph\">{\"@context\":\"https:\/\/schema.org\",\"@graph\":[{\"@type\":\"Article\",\"@id\":\"https:\/\/welovecinema.be\/fr\/la-sieste-sous-le-figuier-bruxelles-ma-belle\/#article\",\"isPartOf\":{\"@id\":\"https:\/\/welovecinema.be\/fr\/la-sieste-sous-le-figuier-bruxelles-ma-belle\/\"},\"author\":{\"name\":\"Philippe.Pierquin\",\"@id\":\"https:\/\/welovecinema.be\/nl\/#\/schema\/person\/4b9b1d857f0943453a38a7c2859ef756\"},\"headline\":\"Sous le figuier : Bruxelles, ma belle&#8230;\",\"datePublished\":\"2012-05-07T07:27:55+00:00\",\"dateModified\":\"2012-05-08T21:24:23+00:00\",\"mainEntityOfPage\":{\"@id\":\"https:\/\/welovecinema.be\/fr\/la-sieste-sous-le-figuier-bruxelles-ma-belle\/\"},\"wordCount\":394,\"publisher\":{\"@id\":\"https:\/\/welovecinema.be\/nl\/#organization\"},\"articleSection\":[\"News\",\"Tournages\"],\"inLanguage\":\"fr-FR\"},{\"@type\":\"WebPage\",\"@id\":\"https:\/\/welovecinema.be\/fr\/la-sieste-sous-le-figuier-bruxelles-ma-belle\/\",\"url\":\"https:\/\/welovecinema.be\/fr\/la-sieste-sous-le-figuier-bruxelles-ma-belle\/\",\"name\":\"Sous le figuier : Bruxelles, ma belle... - We Love Cinema\",\"isPartOf\":{\"@id\":\"https:\/\/welovecinema.be\/nl\/#website\"},\"datePublished\":\"2012-05-07T07:27:55+00:00\",\"dateModified\":\"2012-05-08T21:24:23+00:00\",\"breadcrumb\":{\"@id\":\"https:\/\/welovecinema.be\/fr\/la-sieste-sous-le-figuier-bruxelles-ma-belle\/#breadcrumb\"},\"inLanguage\":\"fr-FR\",\"potentialAction\":[{\"@type\":\"ReadAction\",\"target\":[\"https:\/\/welovecinema.be\/fr\/la-sieste-sous-le-figuier-bruxelles-ma-belle\/\"]}]},{\"@type\":\"BreadcrumbList\",\"@id\":\"https:\/\/welovecinema.be\/fr\/la-sieste-sous-le-figuier-bruxelles-ma-belle\/#breadcrumb\",\"itemListElement\":[{\"@type\":\"ListItem\",\"position\":1,\"name\":\"Accueil\",\"item\":\"https:\/\/welovecinema.be\/fr\/\"},{\"@type\":\"ListItem\",\"position\":2,\"name\":\"Sous le figuier : Bruxelles, ma belle&#8230;\"}]},{\"@type\":\"WebSite\",\"@id\":\"https:\/\/welovecinema.be\/nl\/#website\",\"url\":\"https:\/\/welovecinema.be\/nl\/\",\"name\":\"We Love Cinema\",\"description\":\"Toute l\u2019information du cin\u00e9ma en Belgique\",\"publisher\":{\"@id\":\"https:\/\/welovecinema.be\/nl\/#organization\"},\"potentialAction\":[{\"@type\":\"SearchAction\",\"target\":{\"@type\":\"EntryPoint\",\"urlTemplate\":\"https:\/\/welovecinema.be\/nl\/?s={search_term_string}\"},\"query-input\":\"required name=search_term_string\"}],\"inLanguage\":\"fr-FR\"},{\"@type\":\"Organization\",\"@id\":\"https:\/\/welovecinema.be\/nl\/#organization\",\"name\":\"We Love Cinema\",\"url\":\"https:\/\/welovecinema.be\/nl\/\",\"logo\":{\"@type\":\"ImageObject\",\"inLanguage\":\"fr-FR\",\"@id\":\"https:\/\/welovecinema.be\/nl\/#\/schema\/logo\/image\/\",\"url\":\"https:\/\/welovecinema.be\/wp-content\/uploads\/sites\/2\/2023\/03\/Logo-We-Love-Cinema305x128.jpg\",\"contentUrl\":\"https:\/\/welovecinema.be\/wp-content\/uploads\/sites\/2\/2023\/03\/Logo-We-Love-Cinema305x128.jpg\",\"width\":305,\"height\":128,\"caption\":\"We Love Cinema\"},\"image\":{\"@id\":\"https:\/\/welovecinema.be\/nl\/#\/schema\/logo\/image\/\"},\"sameAs\":[\"https:\/\/www.facebook.com\/welovecinema.be\",\"https:\/\/www.youtube.com\/channel\/UCX5LYGVhnKvYauW4Nta4HJA\",\"https:\/\/www.instagram.com\/welovecinema.be\/\"]},{\"@type\":\"Person\",\"@id\":\"https:\/\/welovecinema.be\/nl\/#\/schema\/person\/4b9b1d857f0943453a38a7c2859ef756\",\"name\":\"Philippe.Pierquin\",\"url\":\"https:\/\/welovecinema.be\/fr\/author\/philippe-pierquin\/\"}]}<\/script>\n<!-- \/ Yoast SEO plugin. -->","yoast_head_json":{"title":"Sous le figuier : Bruxelles, ma belle... - We Love Cinema","robots":{"index":"index","follow":"follow","max-snippet":"max-snippet:-1","max-image-preview":"max-image-preview:large","max-video-preview":"max-video-preview:-1"},"canonical":"https:\/\/welovecinema.be\/fr\/la-sieste-sous-le-figuier-bruxelles-ma-belle\/","og_locale":"fr_FR","og_type":"article","og_title":"Sous le figuier : Bruxelles, ma belle... - We Love Cinema","og_description":"Dead Man Talking, Hors Les Murs, Mobile Home, La Vie d&rsquo;une Autre, Un Plan Parfait, Les Ador\u00e9s, actuellement\u00a0Une Place sur Terre, La Tendresse et Une Chanson pour ma m\u00e8re \u2026 On a beaucoup tourn\u00e9 \u00e0 Bruxelles et en Wallonie ces derniers mois. Notamment aussi Sous le Figuier, une (co)production belge qui est au menu de &hellip;","og_url":"https:\/\/welovecinema.be\/fr\/la-sieste-sous-le-figuier-bruxelles-ma-belle\/","og_site_name":"We Love Cinema","article_publisher":"https:\/\/www.facebook.com\/welovecinema.be","article_published_time":"2012-05-07T07:27:55+00:00","article_modified_time":"2012-05-08T21:24:23+00:00","og_image":[{"width":"1000","height":"665","url":"https:\/\/welovecinema.be\/wp-content\/uploads\/sites\/2\/2011\/12\/MG00742.jpg","type":"image\/jpeg"}],"author":"Philippe.Pierquin","twitter_card":"summary_large_image","twitter_misc":{"\u00c9crit par":"Philippe.Pierquin","Dur\u00e9e de lecture estim\u00e9e":"2 minutes"},"schema":{"@context":"https:\/\/schema.org","@graph":[{"@type":"Article","@id":"https:\/\/welovecinema.be\/fr\/la-sieste-sous-le-figuier-bruxelles-ma-belle\/#article","isPartOf":{"@id":"https:\/\/welovecinema.be\/fr\/la-sieste-sous-le-figuier-bruxelles-ma-belle\/"},"author":{"name":"Philippe.Pierquin","@id":"https:\/\/welovecinema.be\/nl\/#\/schema\/person\/4b9b1d857f0943453a38a7c2859ef756"},"headline":"Sous le figuier : Bruxelles, ma belle&#8230;","datePublished":"2012-05-07T07:27:55+00:00","dateModified":"2012-05-08T21:24:23+00:00","mainEntityOfPage":{"@id":"https:\/\/welovecinema.be\/fr\/la-sieste-sous-le-figuier-bruxelles-ma-belle\/"},"wordCount":394,"publisher":{"@id":"https:\/\/welovecinema.be\/nl\/#organization"},"articleSection":["News","Tournages"],"inLanguage":"fr-FR"},{"@type":"WebPage","@id":"https:\/\/welovecinema.be\/fr\/la-sieste-sous-le-figuier-bruxelles-ma-belle\/","url":"https:\/\/welovecinema.be\/fr\/la-sieste-sous-le-figuier-bruxelles-ma-belle\/","name":"Sous le figuier : Bruxelles, ma belle... - We Love Cinema","isPartOf":{"@id":"https:\/\/welovecinema.be\/nl\/#website"},"datePublished":"2012-05-07T07:27:55+00:00","dateModified":"2012-05-08T21:24:23+00:00","breadcrumb":{"@id":"https:\/\/welovecinema.be\/fr\/la-sieste-sous-le-figuier-bruxelles-ma-belle\/#breadcrumb"},"inLanguage":"fr-FR","potentialAction":[{"@type":"ReadAction","target":["https:\/\/welovecinema.be\/fr\/la-sieste-sous-le-figuier-bruxelles-ma-belle\/"]}]},{"@type":"BreadcrumbList","@id":"https:\/\/welovecinema.be\/fr\/la-sieste-sous-le-figuier-bruxelles-ma-belle\/#breadcrumb","itemListElement":[{"@type":"ListItem","position":1,"name":"Accueil","item":"https:\/\/welovecinema.be\/fr\/"},{"@type":"ListItem","position":2,"name":"Sous le figuier : Bruxelles, ma belle&#8230;"}]},{"@type":"WebSite","@id":"https:\/\/welovecinema.be\/nl\/#website","url":"https:\/\/welovecinema.be\/nl\/","name":"We Love Cinema","description":"Toute l\u2019information du cin\u00e9ma en Belgique","publisher":{"@id":"https:\/\/welovecinema.be\/nl\/#organization"},"potentialAction":[{"@type":"SearchAction","target":{"@type":"EntryPoint","urlTemplate":"https:\/\/welovecinema.be\/nl\/?s={search_term_string}"},"query-input":"required name=search_term_string"}],"inLanguage":"fr-FR"},{"@type":"Organization","@id":"https:\/\/welovecinema.be\/nl\/#organization","name":"We Love Cinema","url":"https:\/\/welovecinema.be\/nl\/","logo":{"@type":"ImageObject","inLanguage":"fr-FR","@id":"https:\/\/welovecinema.be\/nl\/#\/schema\/logo\/image\/","url":"https:\/\/welovecinema.be\/wp-content\/uploads\/sites\/2\/2023\/03\/Logo-We-Love-Cinema305x128.jpg","contentUrl":"https:\/\/welovecinema.be\/wp-content\/uploads\/sites\/2\/2023\/03\/Logo-We-Love-Cinema305x128.jpg","width":305,"height":128,"caption":"We Love Cinema"},"image":{"@id":"https:\/\/welovecinema.be\/nl\/#\/schema\/logo\/image\/"},"sameAs":["https:\/\/www.facebook.com\/welovecinema.be","https:\/\/www.youtube.com\/channel\/UCX5LYGVhnKvYauW4Nta4HJA","https:\/\/www.instagram.com\/welovecinema.be\/"]},{"@type":"Person","@id":"https:\/\/welovecinema.be\/nl\/#\/schema\/person\/4b9b1d857f0943453a38a7c2859ef756","name":"Philippe.Pierquin","url":"https:\/\/welovecinema.be\/fr\/author\/philippe-pierquin\/"}]}},"_links":{"self":[{"href":"https:\/\/welovecinema.be\/fr\/wp-json\/wp\/v2\/posts\/11116","targetHints":{"allow":["GET"]}}],"collection":[{"href":"https:\/\/welovecinema.be\/fr\/wp-json\/wp\/v2\/posts"}],"about":[{"href":"https:\/\/welovecinema.be\/fr\/wp-json\/wp\/v2\/types\/post"}],"author":[{"embeddable":true,"href":"https:\/\/welovecinema.be\/fr\/wp-json\/wp\/v2\/users\/7"}],"replies":[{"embeddable":true,"href":"https:\/\/welovecinema.be\/fr\/wp-json\/wp\/v2\/comments?post=11116"}],"version-history":[{"count":0,"href":"https:\/\/welovecinema.be\/fr\/wp-json\/wp\/v2\/posts\/11116\/revisions"}],"wp:featuredmedia":[{"embeddable":true,"href":"https:\/\/welovecinema.be\/fr\/wp-json\/wp\/v2\/media\/11127"}],"wp:attachment":[{"href":"https:\/\/welovecinema.be\/fr\/wp-json\/wp\/v2\/media?parent=11116"}],"wp:term":[{"taxonomy":"category","embeddable":true,"href":"https:\/\/welovecinema.be\/fr\/wp-json\/wp\/v2\/categories?post=11116"},{"taxonomy":"post_tag","embeddable":true,"href":"https:\/\/welovecinema.be\/fr\/wp-json\/wp\/v2\/tags?post=11116"}],"curies":[{"name":"wp","href":"https:\/\/api.w.org\/{rel}","templated":true}]}}