{"id":10368,"date":"2011-09-30T22:45:25","date_gmt":"2011-09-30T22:45:25","guid":{"rendered":"http:\/\/www.cinevox.be\/?p=10368"},"modified":"2012-02-24T22:01:45","modified_gmt":"2012-02-24T22:01:45","slug":"lexercice-de-letat-thriller-politique-pour-gourmets-cinephiles","status":"publish","type":"post","link":"https:\/\/welovecinema.be\/fr\/lexercice-de-letat-thriller-politique-pour-gourmets-cinephiles\/","title":{"rendered":"L&rsquo;Exercice de l&rsquo;Etat <br> Thriller politique pour gourmets cin\u00e9philes"},"content":{"rendered":"<div>\n<p><strong>Olivier Gourmet<\/strong>, ministre des Transports\u00a0de la R\u00e9publique fran\u00e7aise, il fallait l&rsquo;imaginer. Pourtant, cette id\u00e9e de casting plut\u00f4t surprenante sur papier est d&rsquo;une totale \u00e9vidence lorsqu&rsquo;on d\u00e9couvre <em>L&rsquo;Exercice de l&rsquo;\u00c9tat<\/em>; troisi\u00e8me long m\u00e9trage de Pierre Schoeller, coproduit en Belgique par les <em>Films du Fleuve<\/em> des Fr\u00e8res <strong>Dardenne<\/strong>.<\/p>\n<p>La prestation superlative d&rsquo;Olivier est m\u00eame un des grands atouts du film. Mais pas le seul! Sec et nerveux, vif, terriblement humain, <em>L&rsquo;Exercice de l&rsquo;\u00c9tat<\/em> est un\u00a0thriller\u00a0politique \u00e0 couper le souffle qui nous d\u00e9voile le vrai visage des hommes\u00a0derri\u00e8re les masques. Dans leur fragilit\u00e9 et leur grandeur, avec leurs doutes et leur opini\u00e2tret\u00e9, leurs faiblesses, leurs \u00e9checs et leurs combats.<!--more--><\/p>\n<p>&nbsp;<\/p>\n<p><a rel=\"attachment wp-att-10392\" href=\"http:\/\/www.cinevox.be\/lexercice-de-letat-thriller-politique-pour-gourmets-cinephiles\/_ant0156-2\/\"><img loading=\"lazy\" decoding=\"async\" class=\"alignright size-medium wp-image-10392\" title=\"_ANT0156\" src=\"http:\/\/www.cinevox.be\/wp-content\/uploads\/sites\/2\/2011\/11\/ANT0156-406x270.jpg\" alt=\"\" width=\"406\" height=\"270\" srcset=\"https:\/\/welovecinema.be\/wp-content\/uploads\/sites\/2\/2011\/11\/ANT0156-406x270.jpg 406w, https:\/\/welovecinema.be\/wp-content\/uploads\/sites\/2\/2011\/11\/ANT0156-800x532.jpg 800w, https:\/\/welovecinema.be\/wp-content\/uploads\/sites\/2\/2011\/11\/ANT0156.jpg 1000w\" sizes=\"auto, (max-width: 406px) 100vw, 406px\" \/><\/a>Au Festival de Cannes,<em> <\/em>vous vous en souvenez sans doute, <em>L&rsquo;Exercice de l&rsquo;\u00c9tat<\/em><em> <\/em>fut pr\u00e9sent\u00e9 dans la section\u00a0<em>Un Certain Regard<\/em>, raflant au passage le prix Fipresci de la critique internationale. Quelques mois plus tard, au festival du film francophone d&rsquo;Angoul\u00eame, <strong>Pierre Schoeller <\/strong>d\u00e9crocha le troph\u00e9e de la mise en sc\u00e8ne. Une r\u00e9compense doubl\u00e9e en octobre du Bayard du\u00a0meilleur\u00a0sc\u00e9nario au Festival\u00a0international\u00a0du film francophone de Namur. Preuve que l&rsquo;homme est un artiste\u00a0complet, aussi \u00e0 l&rsquo;aise derri\u00e8re\u00a0un clavier que sur un plateau.<\/p>\n<p>&nbsp;<\/p>\n<p>\u0152uvre d&rsquo;une maestria \u00e9poustouflante<em>,<\/em><em> L&rsquo;Exercice de l&rsquo;\u00c9tat<\/em><em> <\/em>nous offre de partager (au plus pr\u00e8s) un moment de la vie d&rsquo;un ministre, face aux cruciales r\u00e9formes \u00e0 entreprendre (qu&rsquo;il ne souhaite pas forc\u00e9ment), et aux drames \u00e0 r\u00e9soudre dans l&rsquo;urgence. C&rsquo;est donc le portrait d&rsquo;un politicien, tiraill\u00e9 entre \u00e9thique et devoir, constamment \u00e0 la recherche de la solution id\u00e9ale pour le pays\u2026 et pour sa carri\u00e8re. Le dilemme est pos\u00e9 sans malice et Pierre Schoeller le d\u00e9veloppe \u00e0 la perfection.<\/p>\n<p>&nbsp;<\/p>\n<p><a rel=\"attachment wp-att-10382\" href=\"http:\/\/www.cinevox.be\/lexercice-de-letat-thriller-politique-pour-gourmets-cinephiles\/lexercice-de-letat-2011-3\/\"><img loading=\"lazy\" decoding=\"async\" class=\"aligncenter size-full wp-image-10382\" title=\"L'EXERCICE DE L'ETAT (2011)\" src=\"http:\/\/www.cinevox.be\/wp-content\/uploads\/sites\/2\/2011\/11\/exer-new-12.jpg\" alt=\"\" width=\"1000\" height=\"581\" srcset=\"https:\/\/welovecinema.be\/wp-content\/uploads\/sites\/2\/2011\/11\/exer-new-12.jpg 1000w, https:\/\/welovecinema.be\/wp-content\/uploads\/sites\/2\/2011\/11\/exer-new-12-464x270.jpg 464w, https:\/\/welovecinema.be\/wp-content\/uploads\/sites\/2\/2011\/11\/exer-new-12-800x464.jpg 800w\" sizes=\"auto, (max-width: 1000px) 100vw, 1000px\" \/><\/a><\/p>\n<p>&nbsp;<\/p>\n<p>Taill\u00e9 au cordeau, le sc\u00e9nario encha\u00eene les \u00e9v\u00e9nements \u00e0 un rythme haletant, confronte l&rsquo;homme \u00e0 la ligne stricte d&rsquo;un gouvernement tenu de r\u00e9sorber la trop fameuse dette, mais \u00e9galement \u00e0 ses convictions, \u00e0 ses obligations, \u00e0 son cabinet et aux petites attaques vicieuses des ennemis politiques (souvent venus du m\u00eame parti). Ici, l&rsquo;ellipse a droit de cit\u00e9 et le r\u00e9alisateur ne s&rsquo;appesantit jamais sur les d\u00e9tails. A charge pour le spectateur de rester concentr\u00e9, l&rsquo;esprit vif et en \u00e9veil pour capter chaque rebondissement dans l&rsquo;instant.<\/p>\n<p>&nbsp;<\/p>\n<p>Le texte est dense, le verbe soutenu. Pas \u00e0 la port\u00e9e de n&rsquo;importe quel acteur. Mais, c&rsquo;est l&rsquo;autre face du g\u00e9nie de Schoeller: son casting est formidable. Aux c\u00f4t\u00e9s d&rsquo;un\u00a0<strong>Olivier Gourmet<\/strong> qui touche au sublime et offre une prestation qui fera date dans sa carri\u00e8re,\u00a0<strong>Michel Blanc<\/strong> d&rsquo;une glaciale sobri\u00e9t\u00e9 en chef de cabinet,\u00a0<strong>Zabou Breitman, <\/strong>virevoltante en attach\u00e9e de com et une constellation de seconds r\u00f4les consistants emportent l&rsquo;adh\u00e9sion. Sur le papier, la liste des noms \u00e9tait all\u00e9chante, mais pouvait susciter quelques interrogations. \u00c0 l&rsquo;\u00e9cran, on nage dans le bonheur. Tout est \u00e9vident.<\/p>\n<p>&nbsp;<\/p>\n<p><a rel=\"attachment wp-att-10383\" href=\"http:\/\/www.cinevox.be\/lexercice-de-letat-thriller-politique-pour-gourmets-cinephiles\/exercice-4-5\/\"><img loading=\"lazy\" decoding=\"async\" class=\"alignleft size-full wp-image-10383\" title=\"exercice 4\" src=\"http:\/\/www.cinevox.be\/wp-content\/uploads\/sites\/2\/2011\/11\/exercice-4.jpg\" alt=\"\" width=\"319\" height=\"212\" srcset=\"https:\/\/welovecinema.be\/wp-content\/uploads\/sites\/2\/2011\/11\/exercice-4.jpg 760w, https:\/\/welovecinema.be\/wp-content\/uploads\/sites\/2\/2011\/11\/exercice-4-405x270.jpg 405w\" sizes=\"auto, (max-width: 319px) 100vw, 319px\" \/><\/a>Le troisi\u00e8me pilier de cette r\u00e9ussite est la mise en sc\u00e8ne inventive (et risqu\u00e9e) qui marie hyperr\u00e9alisme et paraboles kubrickiennes (voir la photo ci-contre).\u00a0Schoeller varie le rythme comme personne, donnant des coups d&rsquo;acc\u00e9l\u00e9rateur quand on ne les attend pas, ralentissant la marche des personnages lorsqu&rsquo;on pense que tout va s&#8217;emballer et m\u00e9nageant des surprises colossales, des chocs sc\u00e9naristiques. Et visuels aussi. Parce que la vie est ainsi: soudaine, incontr\u00f4lable, triste et exaltante;\u00a0 injuste, terriblement injuste. Parce que pour \u00eatre ministre il faut jongler avec les impond\u00e9rables et toujours \u00eatre capable de relativiser.<\/p>\n<p>&nbsp;<\/p>\n<p>La fonction politique, tant d\u00e9cri\u00e9e ces temps-ci,en sort-elle grandie? Pas vraiment. Mais il n&rsquo;y a pas non plus d&rsquo;acharnement dans le chef de Schoeller qui tend \u00e0 montrer ce qui est sans embellir, sans d\u00e9praver.<\/p>\n<p>&nbsp;<\/p>\n<p>Au bout du compte, <em>L&rsquo;Exercice de l&rsquo;\u00c9tat<\/em> est une formidable r\u00e9ussite, salu\u00e9e en France par une critique dithyrambique et un public qui a eu la curiosit\u00e9 de se d\u00e9placer pour le d\u00e9couvrir d\u00e8s sa premi\u00e8re semaine en salles. Le public belge viendra-t-il \u00e0 son tour c\u00e9l\u00e9brer l&rsquo;\u00e9blouissante prestation d&rsquo;un de ses com\u00e9diens phares?<\/p>\n<p><span style=\"color: #000000;\"><strong><br \/>\n<\/strong><\/span><\/p>\n<\/div>\n","protected":false},"excerpt":{"rendered":"<p>Olivier Gourmet, ministre des Transports\u00a0de la R\u00e9publique fran\u00e7aise, il fallait l&rsquo;imaginer. Pourtant, cette id\u00e9e de casting plut\u00f4t surprenante sur papier est d&rsquo;une totale \u00e9vidence lorsqu&rsquo;on d\u00e9couvre L&rsquo;Exercice de l&rsquo;\u00c9tat; troisi\u00e8me long m\u00e9trage de Pierre Schoeller, coproduit en Belgique par les Films du Fleuve des Fr\u00e8res Dardenne. La prestation superlative d&rsquo;Olivier est m\u00eame un des grands &hellip;<\/p>\n","protected":false},"author":7,"featured_media":10385,"comment_status":"closed","ping_status":"closed","sticky":false,"template":"","format":"standard","meta":{"ngg_post_thumbnail":0,"footnotes":""},"categories":[10,7],"tags":[],"class_list":["post-10368","post","type-post","status-publish","format-standard","has-post-thumbnail","","category-a-l-affiche","category-actualites"],"yoast_head":"<!-- This site is optimized with the Yoast SEO plugin v20.4 - https:\/\/yoast.com\/wordpress\/plugins\/seo\/ -->\n<title>L&#039;Exercice de l&#039;Etat  Thriller politique pour gourmets cin\u00e9philes - We Love Cinema<\/title>\n<meta name=\"robots\" content=\"index, follow, max-snippet:-1, max-image-preview:large, max-video-preview:-1\" \/>\n<link rel=\"canonical\" href=\"https:\/\/welovecinema.be\/fr\/lexercice-de-letat-thriller-politique-pour-gourmets-cinephiles\/\" \/>\n<meta property=\"og:locale\" content=\"fr_FR\" \/>\n<meta property=\"og:type\" content=\"article\" \/>\n<meta property=\"og:title\" content=\"L&#039;Exercice de l&#039;Etat  Thriller politique pour gourmets cin\u00e9philes - We Love Cinema\" \/>\n<meta property=\"og:description\" content=\"Olivier Gourmet, ministre des Transports\u00a0de la R\u00e9publique fran\u00e7aise, il fallait l&rsquo;imaginer. Pourtant, cette id\u00e9e de casting plut\u00f4t surprenante sur papier est d&rsquo;une totale \u00e9vidence lorsqu&rsquo;on d\u00e9couvre L&rsquo;Exercice de l&rsquo;\u00c9tat; troisi\u00e8me long m\u00e9trage de Pierre Schoeller, coproduit en Belgique par les Films du Fleuve des Fr\u00e8res Dardenne. La prestation superlative d&rsquo;Olivier est m\u00eame un des grands &hellip;\" \/>\n<meta property=\"og:url\" content=\"https:\/\/welovecinema.be\/fr\/lexercice-de-letat-thriller-politique-pour-gourmets-cinephiles\/\" \/>\n<meta property=\"og:site_name\" content=\"We Love Cinema\" \/>\n<meta property=\"article:publisher\" content=\"https:\/\/www.facebook.com\/welovecinema.be\" \/>\n<meta property=\"article:published_time\" content=\"2011-09-30T22:45:25+00:00\" \/>\n<meta property=\"article:modified_time\" content=\"2012-02-24T22:01:45+00:00\" \/>\n<meta property=\"og:image\" content=\"https:\/\/welovecinema.be\/wp-content\/uploads\/sites\/2\/2011\/11\/l-exercice-de-l-etat-1.jpg\" \/>\n\t<meta property=\"og:image:width\" content=\"1499\" \/>\n\t<meta property=\"og:image:height\" content=\"1000\" \/>\n\t<meta property=\"og:image:type\" content=\"image\/jpeg\" \/>\n<meta name=\"author\" content=\"Philippe.Pierquin\" \/>\n<meta name=\"twitter:card\" content=\"summary_large_image\" \/>\n<meta name=\"twitter:label1\" content=\"\u00c9crit par\" \/>\n\t<meta name=\"twitter:data1\" content=\"Philippe.Pierquin\" \/>\n\t<meta name=\"twitter:label2\" content=\"Dur\u00e9e de lecture estim\u00e9e\" \/>\n\t<meta name=\"twitter:data2\" content=\"4 minutes\" \/>\n<script type=\"application\/ld+json\" class=\"yoast-schema-graph\">{\"@context\":\"https:\/\/schema.org\",\"@graph\":[{\"@type\":\"Article\",\"@id\":\"https:\/\/welovecinema.be\/fr\/lexercice-de-letat-thriller-politique-pour-gourmets-cinephiles\/#article\",\"isPartOf\":{\"@id\":\"https:\/\/welovecinema.be\/fr\/lexercice-de-letat-thriller-politique-pour-gourmets-cinephiles\/\"},\"author\":{\"name\":\"Philippe.Pierquin\",\"@id\":\"https:\/\/welovecinema.be\/nl\/#\/schema\/person\/4b9b1d857f0943453a38a7c2859ef756\"},\"headline\":\"L&rsquo;Exercice de l&rsquo;Etat Thriller politique pour gourmets cin\u00e9philes\",\"datePublished\":\"2011-09-30T22:45:25+00:00\",\"dateModified\":\"2012-02-24T22:01:45+00:00\",\"mainEntityOfPage\":{\"@id\":\"https:\/\/welovecinema.be\/fr\/lexercice-de-letat-thriller-politique-pour-gourmets-cinephiles\/\"},\"wordCount\":752,\"publisher\":{\"@id\":\"https:\/\/welovecinema.be\/nl\/#organization\"},\"articleSection\":[\"A l'affiche\",\"News\"],\"inLanguage\":\"fr-FR\"},{\"@type\":\"WebPage\",\"@id\":\"https:\/\/welovecinema.be\/fr\/lexercice-de-letat-thriller-politique-pour-gourmets-cinephiles\/\",\"url\":\"https:\/\/welovecinema.be\/fr\/lexercice-de-letat-thriller-politique-pour-gourmets-cinephiles\/\",\"name\":\"L'Exercice de l'Etat Thriller politique pour gourmets cin\u00e9philes - We Love Cinema\",\"isPartOf\":{\"@id\":\"https:\/\/welovecinema.be\/nl\/#website\"},\"datePublished\":\"2011-09-30T22:45:25+00:00\",\"dateModified\":\"2012-02-24T22:01:45+00:00\",\"breadcrumb\":{\"@id\":\"https:\/\/welovecinema.be\/fr\/lexercice-de-letat-thriller-politique-pour-gourmets-cinephiles\/#breadcrumb\"},\"inLanguage\":\"fr-FR\",\"potentialAction\":[{\"@type\":\"ReadAction\",\"target\":[\"https:\/\/welovecinema.be\/fr\/lexercice-de-letat-thriller-politique-pour-gourmets-cinephiles\/\"]}]},{\"@type\":\"BreadcrumbList\",\"@id\":\"https:\/\/welovecinema.be\/fr\/lexercice-de-letat-thriller-politique-pour-gourmets-cinephiles\/#breadcrumb\",\"itemListElement\":[{\"@type\":\"ListItem\",\"position\":1,\"name\":\"Accueil\",\"item\":\"https:\/\/welovecinema.be\/fr\/\"},{\"@type\":\"ListItem\",\"position\":2,\"name\":\"L&rsquo;Exercice de l&rsquo;Etat Thriller politique pour gourmets cin\u00e9philes\"}]},{\"@type\":\"WebSite\",\"@id\":\"https:\/\/welovecinema.be\/nl\/#website\",\"url\":\"https:\/\/welovecinema.be\/nl\/\",\"name\":\"We Love Cinema\",\"description\":\"Toute l\u2019information du cin\u00e9ma en Belgique\",\"publisher\":{\"@id\":\"https:\/\/welovecinema.be\/nl\/#organization\"},\"potentialAction\":[{\"@type\":\"SearchAction\",\"target\":{\"@type\":\"EntryPoint\",\"urlTemplate\":\"https:\/\/welovecinema.be\/nl\/?s={search_term_string}\"},\"query-input\":\"required name=search_term_string\"}],\"inLanguage\":\"fr-FR\"},{\"@type\":\"Organization\",\"@id\":\"https:\/\/welovecinema.be\/nl\/#organization\",\"name\":\"We Love Cinema\",\"url\":\"https:\/\/welovecinema.be\/nl\/\",\"logo\":{\"@type\":\"ImageObject\",\"inLanguage\":\"fr-FR\",\"@id\":\"https:\/\/welovecinema.be\/nl\/#\/schema\/logo\/image\/\",\"url\":\"https:\/\/welovecinema.be\/wp-content\/uploads\/sites\/2\/2023\/03\/Logo-We-Love-Cinema305x128.jpg\",\"contentUrl\":\"https:\/\/welovecinema.be\/wp-content\/uploads\/sites\/2\/2023\/03\/Logo-We-Love-Cinema305x128.jpg\",\"width\":305,\"height\":128,\"caption\":\"We Love Cinema\"},\"image\":{\"@id\":\"https:\/\/welovecinema.be\/nl\/#\/schema\/logo\/image\/\"},\"sameAs\":[\"https:\/\/www.facebook.com\/welovecinema.be\",\"https:\/\/www.youtube.com\/channel\/UCX5LYGVhnKvYauW4Nta4HJA\",\"https:\/\/www.instagram.com\/welovecinema.be\/\"]},{\"@type\":\"Person\",\"@id\":\"https:\/\/welovecinema.be\/nl\/#\/schema\/person\/4b9b1d857f0943453a38a7c2859ef756\",\"name\":\"Philippe.Pierquin\",\"url\":\"https:\/\/welovecinema.be\/fr\/author\/philippe-pierquin\/\"}]}<\/script>\n<!-- \/ Yoast SEO plugin. -->","yoast_head_json":{"title":"L'Exercice de l'Etat  Thriller politique pour gourmets cin\u00e9philes - We Love Cinema","robots":{"index":"index","follow":"follow","max-snippet":"max-snippet:-1","max-image-preview":"max-image-preview:large","max-video-preview":"max-video-preview:-1"},"canonical":"https:\/\/welovecinema.be\/fr\/lexercice-de-letat-thriller-politique-pour-gourmets-cinephiles\/","og_locale":"fr_FR","og_type":"article","og_title":"L'Exercice de l'Etat  Thriller politique pour gourmets cin\u00e9philes - We Love Cinema","og_description":"Olivier Gourmet, ministre des Transports\u00a0de la R\u00e9publique fran\u00e7aise, il fallait l&rsquo;imaginer. Pourtant, cette id\u00e9e de casting plut\u00f4t surprenante sur papier est d&rsquo;une totale \u00e9vidence lorsqu&rsquo;on d\u00e9couvre L&rsquo;Exercice de l&rsquo;\u00c9tat; troisi\u00e8me long m\u00e9trage de Pierre Schoeller, coproduit en Belgique par les Films du Fleuve des Fr\u00e8res Dardenne. La prestation superlative d&rsquo;Olivier est m\u00eame un des grands &hellip;","og_url":"https:\/\/welovecinema.be\/fr\/lexercice-de-letat-thriller-politique-pour-gourmets-cinephiles\/","og_site_name":"We Love Cinema","article_publisher":"https:\/\/www.facebook.com\/welovecinema.be","article_published_time":"2011-09-30T22:45:25+00:00","article_modified_time":"2012-02-24T22:01:45+00:00","og_image":[{"width":"1499","height":"1000","url":"https:\/\/welovecinema.be\/wp-content\/uploads\/sites\/2\/2011\/11\/l-exercice-de-l-etat-1.jpg","type":"image\/jpeg"}],"author":"Philippe.Pierquin","twitter_card":"summary_large_image","twitter_misc":{"\u00c9crit par":"Philippe.Pierquin","Dur\u00e9e de lecture estim\u00e9e":"4 minutes"},"schema":{"@context":"https:\/\/schema.org","@graph":[{"@type":"Article","@id":"https:\/\/welovecinema.be\/fr\/lexercice-de-letat-thriller-politique-pour-gourmets-cinephiles\/#article","isPartOf":{"@id":"https:\/\/welovecinema.be\/fr\/lexercice-de-letat-thriller-politique-pour-gourmets-cinephiles\/"},"author":{"name":"Philippe.Pierquin","@id":"https:\/\/welovecinema.be\/nl\/#\/schema\/person\/4b9b1d857f0943453a38a7c2859ef756"},"headline":"L&rsquo;Exercice de l&rsquo;Etat Thriller politique pour gourmets cin\u00e9philes","datePublished":"2011-09-30T22:45:25+00:00","dateModified":"2012-02-24T22:01:45+00:00","mainEntityOfPage":{"@id":"https:\/\/welovecinema.be\/fr\/lexercice-de-letat-thriller-politique-pour-gourmets-cinephiles\/"},"wordCount":752,"publisher":{"@id":"https:\/\/welovecinema.be\/nl\/#organization"},"articleSection":["A l'affiche","News"],"inLanguage":"fr-FR"},{"@type":"WebPage","@id":"https:\/\/welovecinema.be\/fr\/lexercice-de-letat-thriller-politique-pour-gourmets-cinephiles\/","url":"https:\/\/welovecinema.be\/fr\/lexercice-de-letat-thriller-politique-pour-gourmets-cinephiles\/","name":"L'Exercice de l'Etat Thriller politique pour gourmets cin\u00e9philes - We Love Cinema","isPartOf":{"@id":"https:\/\/welovecinema.be\/nl\/#website"},"datePublished":"2011-09-30T22:45:25+00:00","dateModified":"2012-02-24T22:01:45+00:00","breadcrumb":{"@id":"https:\/\/welovecinema.be\/fr\/lexercice-de-letat-thriller-politique-pour-gourmets-cinephiles\/#breadcrumb"},"inLanguage":"fr-FR","potentialAction":[{"@type":"ReadAction","target":["https:\/\/welovecinema.be\/fr\/lexercice-de-letat-thriller-politique-pour-gourmets-cinephiles\/"]}]},{"@type":"BreadcrumbList","@id":"https:\/\/welovecinema.be\/fr\/lexercice-de-letat-thriller-politique-pour-gourmets-cinephiles\/#breadcrumb","itemListElement":[{"@type":"ListItem","position":1,"name":"Accueil","item":"https:\/\/welovecinema.be\/fr\/"},{"@type":"ListItem","position":2,"name":"L&rsquo;Exercice de l&rsquo;Etat Thriller politique pour gourmets cin\u00e9philes"}]},{"@type":"WebSite","@id":"https:\/\/welovecinema.be\/nl\/#website","url":"https:\/\/welovecinema.be\/nl\/","name":"We Love Cinema","description":"Toute l\u2019information du cin\u00e9ma en Belgique","publisher":{"@id":"https:\/\/welovecinema.be\/nl\/#organization"},"potentialAction":[{"@type":"SearchAction","target":{"@type":"EntryPoint","urlTemplate":"https:\/\/welovecinema.be\/nl\/?s={search_term_string}"},"query-input":"required name=search_term_string"}],"inLanguage":"fr-FR"},{"@type":"Organization","@id":"https:\/\/welovecinema.be\/nl\/#organization","name":"We Love Cinema","url":"https:\/\/welovecinema.be\/nl\/","logo":{"@type":"ImageObject","inLanguage":"fr-FR","@id":"https:\/\/welovecinema.be\/nl\/#\/schema\/logo\/image\/","url":"https:\/\/welovecinema.be\/wp-content\/uploads\/sites\/2\/2023\/03\/Logo-We-Love-Cinema305x128.jpg","contentUrl":"https:\/\/welovecinema.be\/wp-content\/uploads\/sites\/2\/2023\/03\/Logo-We-Love-Cinema305x128.jpg","width":305,"height":128,"caption":"We Love Cinema"},"image":{"@id":"https:\/\/welovecinema.be\/nl\/#\/schema\/logo\/image\/"},"sameAs":["https:\/\/www.facebook.com\/welovecinema.be","https:\/\/www.youtube.com\/channel\/UCX5LYGVhnKvYauW4Nta4HJA","https:\/\/www.instagram.com\/welovecinema.be\/"]},{"@type":"Person","@id":"https:\/\/welovecinema.be\/nl\/#\/schema\/person\/4b9b1d857f0943453a38a7c2859ef756","name":"Philippe.Pierquin","url":"https:\/\/welovecinema.be\/fr\/author\/philippe-pierquin\/"}]}},"_links":{"self":[{"href":"https:\/\/welovecinema.be\/fr\/wp-json\/wp\/v2\/posts\/10368","targetHints":{"allow":["GET"]}}],"collection":[{"href":"https:\/\/welovecinema.be\/fr\/wp-json\/wp\/v2\/posts"}],"about":[{"href":"https:\/\/welovecinema.be\/fr\/wp-json\/wp\/v2\/types\/post"}],"author":[{"embeddable":true,"href":"https:\/\/welovecinema.be\/fr\/wp-json\/wp\/v2\/users\/7"}],"replies":[{"embeddable":true,"href":"https:\/\/welovecinema.be\/fr\/wp-json\/wp\/v2\/comments?post=10368"}],"version-history":[{"count":0,"href":"https:\/\/welovecinema.be\/fr\/wp-json\/wp\/v2\/posts\/10368\/revisions"}],"wp:featuredmedia":[{"embeddable":true,"href":"https:\/\/welovecinema.be\/fr\/wp-json\/wp\/v2\/media\/10385"}],"wp:attachment":[{"href":"https:\/\/welovecinema.be\/fr\/wp-json\/wp\/v2\/media?parent=10368"}],"wp:term":[{"taxonomy":"category","embeddable":true,"href":"https:\/\/welovecinema.be\/fr\/wp-json\/wp\/v2\/categories?post=10368"},{"taxonomy":"post_tag","embeddable":true,"href":"https:\/\/welovecinema.be\/fr\/wp-json\/wp\/v2\/tags?post=10368"}],"curies":[{"name":"wp","href":"https:\/\/api.w.org\/{rel}","templated":true}]}}