{"id":1032,"date":"2011-05-11T09:46:09","date_gmt":"2011-05-11T09:46:09","guid":{"rendered":"http:\/\/www.cinevox.be\/?p=1032"},"modified":"2016-03-24T22:37:54","modified_gmt":"2016-03-24T21:37:54","slug":"cinevox-pour-lamour-du-cine-belge","status":"publish","type":"post","link":"https:\/\/welovecinema.be\/fr\/cinevox-pour-lamour-du-cine-belge\/","title":{"rendered":"CINEVOX : pour l&rsquo;amour du cin\u00e9ma belge!"},"content":{"rendered":"<p>Tous les professionnels vous le diront : le cin\u00e9ma belge (et plus particuli\u00e8rement le cin\u00e9ma belge francophone) souffre de l&rsquo;indiff\u00e9rence du public national. \u00a0Alors, plut\u00f4t que de se lamenter sans rien faire, nous nous sommes demand\u00e9s pourquoi nos films ne faisaient pas plus d&rsquo;entr\u00e9es chez nous.<\/p>\n<p>Sont-ils mauvais ? Loin de l\u00e0. Sans rire, le cin\u00e9ma belge est un des plus passionnants qui soient. Tout le monde le dit et l&rsquo;\u00e9crit, un peu partout \u00e0 travers le globe. Nos acteurs s&rsquo;arrachent en France, certains de nos r\u00e9alisateurs sont consid\u00e9r\u00e9s comme d&rsquo;authentiques r\u00e9f\u00e9rences \u00e0 l&rsquo;\u00e9tranger et, dans le cas des fr\u00e8res Dardenne, on atteint m\u00eame le statut d&rsquo;ic\u00f4nes du cin\u00e9ma mondial (lire notre article<a href=\"http:\/\/www.cinevox.be\/parce-quils-le-valent-bien\/\" target=\"_blank\"> ici<\/a>).<\/p>\n<p><!--more--><\/p>\n<p>Nous avons donc relev\u00e9 deux causes principales \u00e0 ce d\u00e9samour:<\/p>\n<ol>\n<li>L&rsquo;image que le public belge a de son cin\u00e9ma est caricaturale : non, le cin\u00e9ma belge n&rsquo;est pas chiant; non, le cin\u00e9ma belge n&rsquo;est pas un cin\u00e9ma laid ou fauch\u00e9.<\/li>\n<li>Le grand public belge d\u00e9couvre souvent l&rsquo;existence d&rsquo;un long-m\u00e9trage belge au moment de sa sortie. C&rsquo;est trop tard par rapport aux grands films am\u00e9ricains ou fran\u00e7ais qui jouissent de moyens de promotion beaucoup plus importants. Le temps que l&rsquo;envie se construise, les films ne sont plus \u00e0 l&rsquo;affiche. Rideau.<\/li>\n<\/ol>\n<p>Avec l&rsquo;indispensable soutien financier de\u00a0<strong>BNP Paribas Fortis<\/strong>,\u00a0<strong>Brightfish <\/strong>a donc d\u00e9cid\u00e9 de s&rsquo;attaquer \u00e0 ces deux probl\u00e8mes. Et a cr\u00e9\u00e9\u00a0<strong>Cinevox<\/strong>.<\/p>\n<p>La figure de proue de\u00a0<strong>Cinevox <\/strong>est\u00a0<strong>un spot de cin\u00e9ma<\/strong>, compos\u00e9 d&rsquo;un reportage flash sur un grand film belge qui sortira dans les prochaines semaines ou mois, et d&rsquo;informations courtes et percutantes. Cette capsule est propos\u00e9e dans les salles de cin\u00e9ma num\u00e9riques. Elle ne traitera que du cin\u00e9ma belge.<\/p>\n<p>La capsule sera prolong\u00e9e par ce site internet qui propose\u00a0<span style=\"text-decoration: underline;\"><a href=\"http:\/\/www.cinevox.be\/grand-ecran\/\" target=\"_blank\">la version cin\u00e9 de 2&prime;<\/a><\/span>, mais aussi des\u00a0<a href=\"http:\/\/www.cinevox.be\/directors-cut\/\" target=\"_blank\">director&rsquo;s cut <\/a>(interviews th\u00e9matiques, making of \u2026) et tout ce qu&rsquo;on d\u00e9couvre sur une plate-forme de cin\u00e9ma grand public traditionnelle :\u00a0<a href=\"http:\/\/www.cinevox.be\/actu\/\" target=\"_blank\">actus<\/a>,\u00a0<a href=\"http:\/\/www.cinevox.be\/magazine\/\" target=\"_blank\">magazines<\/a>,\u00a0<a href=\"http:\/\/www.cinevox.be\/bande-annonces\/\" target=\"_blank\">bandes-annonces<\/a>\u2026 Plus des concours.<\/p>\n<p>Diff\u00e9rence essentielle par rapport \u00e0 ce qui existe aujourd&rsquo;hui :\u00a0<strong>Cinevox.be<\/strong> est un site (tr\u00e8s) grand public\u00a0<strong>uniquement consacr\u00e9 au cin\u00e9ma belge<\/strong>.<\/p>\n<p>Avec un ton et un regard diff\u00e9rents, Cinevox compl\u00e8tera le travail des critiques qui \u0153uvrent \u00e0 la t\u00e9l\u00e9vision, la radio, dans la presse \u00e9crite et sur quelques webzines.<\/p>\n<p>Comme pour la capsule cin\u00e9ma, on peut trouver \u00e0 c\u00f4t\u00e9 de ce site francophone, un\u00a0site flamand\u00a0r\u00e9alis\u00e9 par des sp\u00e9cialistes flamands avec une vision flamande. Les deux espaces sont r\u00e9dactionnellement ind\u00e9pendants, mais totalement compl\u00e9mentaires pour qui veut avoir une image globale de ce qui se fait en Belgique.<\/p>\n<p>En plus de la capsule et du site, vous pouvez nous suivre gr\u00e2ce \u00e0 <a href=\"http:\/\/www.facebook.com\/pages\/CINEVOX-le-cin%C3%A9ma-vu-par-les-Belges\/167552173303535?sk=wall\" target=\"_blank\">une page Facebook<\/a>, <a href=\"http:\/\/www.youtube.com\/user\/CinevoxFR\" target=\"_blank\">une cha\u00eene Youtube<\/a> et un fil Twitter (par communaut\u00e9 linguistique).<\/p>\n<p>Toute cette communication est aussi l&rsquo;amorce des prochains\u00a0<strong>BNP Paribas Fortis Film Days<\/strong> qui, cette ann\u00e9e, dureront 4 jours, du 21 au 24 septembre. La th\u00e9matique choisie par les exploitants de salles est, bien s\u00fbr, le cin\u00e9ma belge, flamand et francophone\u2026<\/p>\n<p>Notre seul but est de vous rendre accros au cin\u00e9ma belge. \u00c7a prendra le temps que \u00e7a prendra. Mais nous y arriverons. \u00a0Enfin, nous l&rsquo;esp\u00e9rons. Car, au fond, \u00e7a ne d\u00e9pend que de vous\u2026<\/p>\n<p>&nbsp;<\/p>\n<p>&nbsp;<\/p>\n","protected":false},"excerpt":{"rendered":"<p>Tous les professionnels vous le diront : le cin\u00e9ma belge (et plus particuli\u00e8rement le cin\u00e9ma belge francophone) souffre de l&rsquo;indiff\u00e9rence du public national. \u00a0Alors, plut\u00f4t que de se lamenter sans rien faire, nous nous sommes demand\u00e9s pourquoi nos films ne faisaient pas plus d&rsquo;entr\u00e9es chez nous. Sont-ils mauvais ? Loin de l\u00e0. Sans rire, le &hellip;<\/p>\n","protected":false},"author":7,"featured_media":1039,"comment_status":"closed","ping_status":"closed","sticky":false,"template":"","format":"standard","meta":{"ngg_post_thumbnail":0,"footnotes":""},"categories":[1923],"tags":[],"class_list":["post-1032","post","type-post","status-publish","format-standard","has-post-thumbnail","","category-en-bref"],"yoast_head":"<!-- This site is optimized with the Yoast SEO plugin v20.4 - https:\/\/yoast.com\/wordpress\/plugins\/seo\/ -->\n<title>CINEVOX : pour l&#039;amour du cin\u00e9ma belge! - We Love Cinema<\/title>\n<meta name=\"robots\" content=\"index, follow, max-snippet:-1, max-image-preview:large, max-video-preview:-1\" \/>\n<link rel=\"canonical\" href=\"https:\/\/welovecinema.be\/fr\/cinevox-pour-lamour-du-cine-belge\/\" \/>\n<meta property=\"og:locale\" content=\"fr_FR\" \/>\n<meta property=\"og:type\" content=\"article\" \/>\n<meta property=\"og:title\" content=\"CINEVOX : pour l&#039;amour du cin\u00e9ma belge! - We Love Cinema\" \/>\n<meta property=\"og:description\" content=\"Tous les professionnels vous le diront : le cin\u00e9ma belge (et plus particuli\u00e8rement le cin\u00e9ma belge francophone) souffre de l&rsquo;indiff\u00e9rence du public national. \u00a0Alors, plut\u00f4t que de se lamenter sans rien faire, nous nous sommes demand\u00e9s pourquoi nos films ne faisaient pas plus d&rsquo;entr\u00e9es chez nous. Sont-ils mauvais ? Loin de l\u00e0. Sans rire, le &hellip;\" \/>\n<meta property=\"og:url\" content=\"https:\/\/welovecinema.be\/fr\/cinevox-pour-lamour-du-cine-belge\/\" \/>\n<meta property=\"og:site_name\" content=\"We Love Cinema\" \/>\n<meta property=\"article:publisher\" content=\"https:\/\/www.facebook.com\/welovecinema.be\" \/>\n<meta property=\"article:published_time\" content=\"2011-05-11T09:46:09+00:00\" \/>\n<meta property=\"article:modified_time\" content=\"2016-03-24T21:37:54+00:00\" \/>\n<meta property=\"og:image\" content=\"https:\/\/welovecinema.be\/wp-content\/uploads\/sites\/2\/2011\/05\/capture-site.jpg\" \/>\n\t<meta property=\"og:image:width\" content=\"959\" \/>\n\t<meta property=\"og:image:height\" content=\"552\" \/>\n\t<meta property=\"og:image:type\" content=\"image\/jpeg\" \/>\n<meta name=\"author\" content=\"Philippe.Pierquin\" \/>\n<meta name=\"twitter:card\" content=\"summary_large_image\" \/>\n<meta name=\"twitter:label1\" content=\"\u00c9crit par\" \/>\n\t<meta name=\"twitter:data1\" content=\"Philippe.Pierquin\" \/>\n\t<meta name=\"twitter:label2\" content=\"Dur\u00e9e de lecture estim\u00e9e\" \/>\n\t<meta name=\"twitter:data2\" content=\"3 minutes\" \/>\n<script type=\"application\/ld+json\" class=\"yoast-schema-graph\">{\"@context\":\"https:\/\/schema.org\",\"@graph\":[{\"@type\":\"Article\",\"@id\":\"https:\/\/welovecinema.be\/fr\/cinevox-pour-lamour-du-cine-belge\/#article\",\"isPartOf\":{\"@id\":\"https:\/\/welovecinema.be\/fr\/cinevox-pour-lamour-du-cine-belge\/\"},\"author\":{\"name\":\"Philippe.Pierquin\",\"@id\":\"https:\/\/welovecinema.be\/nl\/#\/schema\/person\/4b9b1d857f0943453a38a7c2859ef756\"},\"headline\":\"CINEVOX : pour l&rsquo;amour du cin\u00e9ma belge!\",\"datePublished\":\"2011-05-11T09:46:09+00:00\",\"dateModified\":\"2016-03-24T21:37:54+00:00\",\"mainEntityOfPage\":{\"@id\":\"https:\/\/welovecinema.be\/fr\/cinevox-pour-lamour-du-cine-belge\/\"},\"wordCount\":597,\"publisher\":{\"@id\":\"https:\/\/welovecinema.be\/nl\/#organization\"},\"articleSection\":[\"En bref\"],\"inLanguage\":\"fr-FR\"},{\"@type\":\"WebPage\",\"@id\":\"https:\/\/welovecinema.be\/fr\/cinevox-pour-lamour-du-cine-belge\/\",\"url\":\"https:\/\/welovecinema.be\/fr\/cinevox-pour-lamour-du-cine-belge\/\",\"name\":\"CINEVOX : pour l'amour du cin\u00e9ma belge! - We Love Cinema\",\"isPartOf\":{\"@id\":\"https:\/\/welovecinema.be\/nl\/#website\"},\"datePublished\":\"2011-05-11T09:46:09+00:00\",\"dateModified\":\"2016-03-24T21:37:54+00:00\",\"breadcrumb\":{\"@id\":\"https:\/\/welovecinema.be\/fr\/cinevox-pour-lamour-du-cine-belge\/#breadcrumb\"},\"inLanguage\":\"fr-FR\",\"potentialAction\":[{\"@type\":\"ReadAction\",\"target\":[\"https:\/\/welovecinema.be\/fr\/cinevox-pour-lamour-du-cine-belge\/\"]}]},{\"@type\":\"BreadcrumbList\",\"@id\":\"https:\/\/welovecinema.be\/fr\/cinevox-pour-lamour-du-cine-belge\/#breadcrumb\",\"itemListElement\":[{\"@type\":\"ListItem\",\"position\":1,\"name\":\"Accueil\",\"item\":\"https:\/\/welovecinema.be\/fr\/\"},{\"@type\":\"ListItem\",\"position\":2,\"name\":\"CINEVOX : pour l&rsquo;amour du cin\u00e9ma belge!\"}]},{\"@type\":\"WebSite\",\"@id\":\"https:\/\/welovecinema.be\/nl\/#website\",\"url\":\"https:\/\/welovecinema.be\/nl\/\",\"name\":\"We Love Cinema\",\"description\":\"Toute l\u2019information du cin\u00e9ma en Belgique\",\"publisher\":{\"@id\":\"https:\/\/welovecinema.be\/nl\/#organization\"},\"potentialAction\":[{\"@type\":\"SearchAction\",\"target\":{\"@type\":\"EntryPoint\",\"urlTemplate\":\"https:\/\/welovecinema.be\/nl\/?s={search_term_string}\"},\"query-input\":\"required name=search_term_string\"}],\"inLanguage\":\"fr-FR\"},{\"@type\":\"Organization\",\"@id\":\"https:\/\/welovecinema.be\/nl\/#organization\",\"name\":\"We Love Cinema\",\"url\":\"https:\/\/welovecinema.be\/nl\/\",\"logo\":{\"@type\":\"ImageObject\",\"inLanguage\":\"fr-FR\",\"@id\":\"https:\/\/welovecinema.be\/nl\/#\/schema\/logo\/image\/\",\"url\":\"https:\/\/welovecinema.be\/wp-content\/uploads\/sites\/2\/2023\/03\/Logo-We-Love-Cinema305x128.jpg\",\"contentUrl\":\"https:\/\/welovecinema.be\/wp-content\/uploads\/sites\/2\/2023\/03\/Logo-We-Love-Cinema305x128.jpg\",\"width\":305,\"height\":128,\"caption\":\"We Love Cinema\"},\"image\":{\"@id\":\"https:\/\/welovecinema.be\/nl\/#\/schema\/logo\/image\/\"},\"sameAs\":[\"https:\/\/www.facebook.com\/welovecinema.be\",\"https:\/\/www.youtube.com\/channel\/UCX5LYGVhnKvYauW4Nta4HJA\",\"https:\/\/www.instagram.com\/welovecinema.be\/\"]},{\"@type\":\"Person\",\"@id\":\"https:\/\/welovecinema.be\/nl\/#\/schema\/person\/4b9b1d857f0943453a38a7c2859ef756\",\"name\":\"Philippe.Pierquin\",\"url\":\"https:\/\/welovecinema.be\/fr\/author\/philippe-pierquin\/\"}]}<\/script>\n<!-- \/ Yoast SEO plugin. -->","yoast_head_json":{"title":"CINEVOX : pour l'amour du cin\u00e9ma belge! - We Love Cinema","robots":{"index":"index","follow":"follow","max-snippet":"max-snippet:-1","max-image-preview":"max-image-preview:large","max-video-preview":"max-video-preview:-1"},"canonical":"https:\/\/welovecinema.be\/fr\/cinevox-pour-lamour-du-cine-belge\/","og_locale":"fr_FR","og_type":"article","og_title":"CINEVOX : pour l'amour du cin\u00e9ma belge! - We Love Cinema","og_description":"Tous les professionnels vous le diront : le cin\u00e9ma belge (et plus particuli\u00e8rement le cin\u00e9ma belge francophone) souffre de l&rsquo;indiff\u00e9rence du public national. \u00a0Alors, plut\u00f4t que de se lamenter sans rien faire, nous nous sommes demand\u00e9s pourquoi nos films ne faisaient pas plus d&rsquo;entr\u00e9es chez nous. Sont-ils mauvais ? Loin de l\u00e0. Sans rire, le &hellip;","og_url":"https:\/\/welovecinema.be\/fr\/cinevox-pour-lamour-du-cine-belge\/","og_site_name":"We Love Cinema","article_publisher":"https:\/\/www.facebook.com\/welovecinema.be","article_published_time":"2011-05-11T09:46:09+00:00","article_modified_time":"2016-03-24T21:37:54+00:00","og_image":[{"width":"959","height":"552","url":"https:\/\/welovecinema.be\/wp-content\/uploads\/sites\/2\/2011\/05\/capture-site.jpg","type":"image\/jpeg"}],"author":"Philippe.Pierquin","twitter_card":"summary_large_image","twitter_misc":{"\u00c9crit par":"Philippe.Pierquin","Dur\u00e9e de lecture estim\u00e9e":"3 minutes"},"schema":{"@context":"https:\/\/schema.org","@graph":[{"@type":"Article","@id":"https:\/\/welovecinema.be\/fr\/cinevox-pour-lamour-du-cine-belge\/#article","isPartOf":{"@id":"https:\/\/welovecinema.be\/fr\/cinevox-pour-lamour-du-cine-belge\/"},"author":{"name":"Philippe.Pierquin","@id":"https:\/\/welovecinema.be\/nl\/#\/schema\/person\/4b9b1d857f0943453a38a7c2859ef756"},"headline":"CINEVOX : pour l&rsquo;amour du cin\u00e9ma belge!","datePublished":"2011-05-11T09:46:09+00:00","dateModified":"2016-03-24T21:37:54+00:00","mainEntityOfPage":{"@id":"https:\/\/welovecinema.be\/fr\/cinevox-pour-lamour-du-cine-belge\/"},"wordCount":597,"publisher":{"@id":"https:\/\/welovecinema.be\/nl\/#organization"},"articleSection":["En bref"],"inLanguage":"fr-FR"},{"@type":"WebPage","@id":"https:\/\/welovecinema.be\/fr\/cinevox-pour-lamour-du-cine-belge\/","url":"https:\/\/welovecinema.be\/fr\/cinevox-pour-lamour-du-cine-belge\/","name":"CINEVOX : pour l'amour du cin\u00e9ma belge! - We Love Cinema","isPartOf":{"@id":"https:\/\/welovecinema.be\/nl\/#website"},"datePublished":"2011-05-11T09:46:09+00:00","dateModified":"2016-03-24T21:37:54+00:00","breadcrumb":{"@id":"https:\/\/welovecinema.be\/fr\/cinevox-pour-lamour-du-cine-belge\/#breadcrumb"},"inLanguage":"fr-FR","potentialAction":[{"@type":"ReadAction","target":["https:\/\/welovecinema.be\/fr\/cinevox-pour-lamour-du-cine-belge\/"]}]},{"@type":"BreadcrumbList","@id":"https:\/\/welovecinema.be\/fr\/cinevox-pour-lamour-du-cine-belge\/#breadcrumb","itemListElement":[{"@type":"ListItem","position":1,"name":"Accueil","item":"https:\/\/welovecinema.be\/fr\/"},{"@type":"ListItem","position":2,"name":"CINEVOX : pour l&rsquo;amour du cin\u00e9ma belge!"}]},{"@type":"WebSite","@id":"https:\/\/welovecinema.be\/nl\/#website","url":"https:\/\/welovecinema.be\/nl\/","name":"We Love Cinema","description":"Toute l\u2019information du cin\u00e9ma en Belgique","publisher":{"@id":"https:\/\/welovecinema.be\/nl\/#organization"},"potentialAction":[{"@type":"SearchAction","target":{"@type":"EntryPoint","urlTemplate":"https:\/\/welovecinema.be\/nl\/?s={search_term_string}"},"query-input":"required name=search_term_string"}],"inLanguage":"fr-FR"},{"@type":"Organization","@id":"https:\/\/welovecinema.be\/nl\/#organization","name":"We Love Cinema","url":"https:\/\/welovecinema.be\/nl\/","logo":{"@type":"ImageObject","inLanguage":"fr-FR","@id":"https:\/\/welovecinema.be\/nl\/#\/schema\/logo\/image\/","url":"https:\/\/welovecinema.be\/wp-content\/uploads\/sites\/2\/2023\/03\/Logo-We-Love-Cinema305x128.jpg","contentUrl":"https:\/\/welovecinema.be\/wp-content\/uploads\/sites\/2\/2023\/03\/Logo-We-Love-Cinema305x128.jpg","width":305,"height":128,"caption":"We Love Cinema"},"image":{"@id":"https:\/\/welovecinema.be\/nl\/#\/schema\/logo\/image\/"},"sameAs":["https:\/\/www.facebook.com\/welovecinema.be","https:\/\/www.youtube.com\/channel\/UCX5LYGVhnKvYauW4Nta4HJA","https:\/\/www.instagram.com\/welovecinema.be\/"]},{"@type":"Person","@id":"https:\/\/welovecinema.be\/nl\/#\/schema\/person\/4b9b1d857f0943453a38a7c2859ef756","name":"Philippe.Pierquin","url":"https:\/\/welovecinema.be\/fr\/author\/philippe-pierquin\/"}]}},"_links":{"self":[{"href":"https:\/\/welovecinema.be\/fr\/wp-json\/wp\/v2\/posts\/1032","targetHints":{"allow":["GET"]}}],"collection":[{"href":"https:\/\/welovecinema.be\/fr\/wp-json\/wp\/v2\/posts"}],"about":[{"href":"https:\/\/welovecinema.be\/fr\/wp-json\/wp\/v2\/types\/post"}],"author":[{"embeddable":true,"href":"https:\/\/welovecinema.be\/fr\/wp-json\/wp\/v2\/users\/7"}],"replies":[{"embeddable":true,"href":"https:\/\/welovecinema.be\/fr\/wp-json\/wp\/v2\/comments?post=1032"}],"version-history":[{"count":0,"href":"https:\/\/welovecinema.be\/fr\/wp-json\/wp\/v2\/posts\/1032\/revisions"}],"wp:featuredmedia":[{"embeddable":true,"href":"https:\/\/welovecinema.be\/fr\/wp-json\/wp\/v2\/media\/1039"}],"wp:attachment":[{"href":"https:\/\/welovecinema.be\/fr\/wp-json\/wp\/v2\/media?parent=1032"}],"wp:term":[{"taxonomy":"category","embeddable":true,"href":"https:\/\/welovecinema.be\/fr\/wp-json\/wp\/v2\/categories?post=1032"},{"taxonomy":"post_tag","embeddable":true,"href":"https:\/\/welovecinema.be\/fr\/wp-json\/wp\/v2\/tags?post=1032"}],"curies":[{"name":"wp","href":"https:\/\/api.w.org\/{rel}","templated":true}]}}